{"id":24978,"date":"2023-02-10T15:15:00","date_gmt":"2023-02-10T21:15:00","guid":{"rendered":"https:\/\/cuernavaca.gob.mx\/?p=24978"},"modified":"2025-05-06T12:28:00","modified_gmt":"2025-05-06T18:28:00","slug":"f350-10-02-23-comite-de-ordenamiento-ecologico-de-cuernavaca-recibe-reconocimiento-nacional-por-su-labor-a-favor-del-medio-ambiente","status":"publish","type":"post","link":"https:\/\/cuernavaca.gob.mx\/?p=24978","title":{"rendered":"F350 10\/02\/23 COMIT\u00c9 DE ORDENAMIENTO ECOL\u00d3GICO DE CUERNAVACA RECIBE RECONOCIMIENTO NACIONAL POR SU LABOR A FAVOR DEL MEDIO AMBIENTE"},"content":{"rendered":"\n<p>Para avanzar a una Cuernavaca Sustentable, el Ayuntamiento de Cuernavaca sigue trabajando en acciones que beneficien el cuidado del medio ambiente, por lo cual el Comit\u00e9 de Ordenamiento Ecol\u00f3gico del Territorio del Municipio (COET) se ha posicionado a nivel nacional como uno de los mejores \u00f3rganos, mientras que en el plano estatal es un modelo por su cumplimiento en la creaci\u00f3n y publicaci\u00f3n de la bit\u00e1cora ambiental, registro p\u00fablico de los avances en el proceso de ordenamiento ecol\u00f3gico.<\/p>\n\n\n\n<p>El director general de Desarrollo Sustentable de la Secretar\u00eda de Desarrollo Sustentable y Servicios P\u00fablicos, Jos\u00e9 Alfredo Rodr\u00edguez San Ciprian, se\u00f1al\u00f3 que este \u00f3rgano les ha permitido integrar y coordinar esfuerzos con la sociedad civil, academia, empresarios, as\u00ed como el Gobierno Estatal y Federal, dando como resultado acciones que han incidido en la construcci\u00f3n de una nueva ordenanza que tenga como prioridad la problem\u00e1tica socioambiental en el \u00e1mbito local.<\/p>\n\n\n\n<p>Indic\u00f3 que por parte del Gobierno Estatal se ha reconocido el trabajo desarrollado en el COET de Cuernavaca, considerado como punta de lanza por sesionar de acuerdo a la norma y efectuar los procesos de manera adecuada, lo cual les brinda la confianza que en este ejercicio fiscal podr\u00e1n continuar con el cumplimiento de sus objetivos, entre ellos evaluar y actualizar el Programa de Ordenamiento Ecol\u00f3gico Territorial.<\/p>\n\n\n\n<p>Entre los avances que han tenido, destac\u00f3 la cancelaci\u00f3n de obras en barrancas a trav\u00e9s de un trabajo coordinado con PROFEPA y CONAGUA; adem\u00e1s de ordenar la demolici\u00f3n de obras en cauces; planeando para este a\u00f1o organizar foros institucionales sobre la situaci\u00f3n del bosque de agua y las barrancas de Cuernavaca y de Ordenamiento Ecol\u00f3gico, a fin de que m\u00e1s personas conozcan estos temas tan importantes en la vida diaria.<\/p>\n\n\n\n<figure class=\"wp-container-2 wp-block-gallery-1 wp-block-gallery has-nested-images columns-default is-cropped\">\n<figure class=\"wp-block-image size-large\"><img loading=\"lazy\" width=\"1024\" height=\"768\" data-id=\"24980\"  src=\"https:\/\/cuernavaca.gob.mx\/wp-content\/uploads\/2023\/02\/reconocimiento-comite-ordenamiento-ecologico-cuernavaca-1--1024x768.jpg\" alt=\"\" class=\"wp-image-24980\" srcset=\"https:\/\/cuernavaca.gob.mx\/wp-content\/uploads\/2023\/02\/reconocimiento-comite-ordenamiento-ecologico-cuernavaca-1--1024x768.jpg 1024w, https:\/\/cuernavaca.gob.mx\/wp-content\/uploads\/2023\/02\/reconocimiento-comite-ordenamiento-ecologico-cuernavaca-1--300x225.jpg 300w, https:\/\/cuernavaca.gob.mx\/wp-content\/uploads\/2023\/02\/reconocimiento-comite-ordenamiento-ecologico-cuernavaca-1--768x576.jpg 768w, https:\/\/cuernavaca.gob.mx\/wp-content\/uploads\/2023\/02\/reconocimiento-comite-ordenamiento-ecologico-cuernavaca-1--1536x1152.jpg 1536w, https:\/\/cuernavaca.gob.mx\/wp-content\/uploads\/2023\/02\/reconocimiento-comite-ordenamiento-ecologico-cuernavaca-1--600x450.jpg 600w, https:\/\/cuernavaca.gob.mx\/wp-content\/uploads\/2023\/02\/reconocimiento-comite-ordenamiento-ecologico-cuernavaca-1--560x420.jpg 560w, https:\/\/cuernavaca.gob.mx\/wp-content\/uploads\/2023\/02\/reconocimiento-comite-ordenamiento-ecologico-cuernavaca-1-.jpg 1600w\" sizes=\"(max-width: 1024px) 100vw, 1024px\" \/><\/figure>\n\n\n\n<figure class=\"wp-block-image size-large\"><img loading=\"lazy\" width=\"1024\" height=\"768\" data-id=\"24982\"  src=\"https:\/\/cuernavaca.gob.mx\/wp-content\/uploads\/2023\/02\/reconocimiento-comite-ordenamiento-ecologico-cuernavaca-2-1024x768.jpg\" alt=\"\" class=\"wp-image-24982\" srcset=\"https:\/\/cuernavaca.gob.mx\/wp-content\/uploads\/2023\/02\/reconocimiento-comite-ordenamiento-ecologico-cuernavaca-2-1024x768.jpg 1024w, https:\/\/cuernavaca.gob.mx\/wp-content\/uploads\/2023\/02\/reconocimiento-comite-ordenamiento-ecologico-cuernavaca-2-300x225.jpg 300w, https:\/\/cuernavaca.gob.mx\/wp-content\/uploads\/2023\/02\/reconocimiento-comite-ordenamiento-ecologico-cuernavaca-2-768x576.jpg 768w, https:\/\/cuernavaca.gob.mx\/wp-content\/uploads\/2023\/02\/reconocimiento-comite-ordenamiento-ecologico-cuernavaca-2-1536x1152.jpg 1536w, https:\/\/cuernavaca.gob.mx\/wp-content\/uploads\/2023\/02\/reconocimiento-comite-ordenamiento-ecologico-cuernavaca-2-600x450.jpg 600w, https:\/\/cuernavaca.gob.mx\/wp-content\/uploads\/2023\/02\/reconocimiento-comite-ordenamiento-ecologico-cuernavaca-2-560x420.jpg 560w, https:\/\/cuernavaca.gob.mx\/wp-content\/uploads\/2023\/02\/reconocimiento-comite-ordenamiento-ecologico-cuernavaca-2.jpg 1600w\" sizes=\"(max-width: 1024px) 100vw, 1024px\" \/><\/figure>\n\n\n\n<figure class=\"wp-block-image size-large\"><img loading=\"lazy\" width=\"1024\" height=\"768\" data-id=\"24979\"  src=\"https:\/\/cuernavaca.gob.mx\/wp-content\/uploads\/2023\/02\/reconocimiento-comite-ordenamiento-ecologico-cuernavaca-3-1024x768.jpg\" alt=\"\" class=\"wp-image-24979\" srcset=\"https:\/\/cuernavaca.gob.mx\/wp-content\/uploads\/2023\/02\/reconocimiento-comite-ordenamiento-ecologico-cuernavaca-3-1024x768.jpg 1024w, https:\/\/cuernavaca.gob.mx\/wp-content\/uploads\/2023\/02\/reconocimiento-comite-ordenamiento-ecologico-cuernavaca-3-300x225.jpg 300w, https:\/\/cuernavaca.gob.mx\/wp-content\/uploads\/2023\/02\/reconocimiento-comite-ordenamiento-ecologico-cuernavaca-3-768x576.jpg 768w, https:\/\/cuernavaca.gob.mx\/wp-content\/uploads\/2023\/02\/reconocimiento-comite-ordenamiento-ecologico-cuernavaca-3-1536x1152.jpg 1536w, https:\/\/cuernavaca.gob.mx\/wp-content\/uploads\/2023\/02\/reconocimiento-comite-ordenamiento-ecologico-cuernavaca-3-600x450.jpg 600w, https:\/\/cuernavaca.gob.mx\/wp-content\/uploads\/2023\/02\/reconocimiento-comite-ordenamiento-ecologico-cuernavaca-3-560x420.jpg 560w, https:\/\/cuernavaca.gob.mx\/wp-content\/uploads\/2023\/02\/reconocimiento-comite-ordenamiento-ecologico-cuernavaca-3.jpg 1600w\" sizes=\"(max-width: 1024px) 100vw, 1024px\" \/><\/figure>\n\n\n\n<figure class=\"wp-block-image size-large\"><img loading=\"lazy\" width=\"1024\" height=\"768\" data-id=\"24981\"  src=\"https:\/\/cuernavaca.gob.mx\/wp-content\/uploads\/2023\/02\/reconocimiento-comite-ordenamiento-ecologico-cuernavaca-4-1024x768.jpg\" alt=\"\" class=\"wp-image-24981\" srcset=\"https:\/\/cuernavaca.gob.mx\/wp-content\/uploads\/2023\/02\/reconocimiento-comite-ordenamiento-ecologico-cuernavaca-4-1024x768.jpg 1024w, https:\/\/cuernavaca.gob.mx\/wp-content\/uploads\/2023\/02\/reconocimiento-comite-ordenamiento-ecologico-cuernavaca-4-300x225.jpg 300w, https:\/\/cuernavaca.gob.mx\/wp-content\/uploads\/2023\/02\/reconocimiento-comite-ordenamiento-ecologico-cuernavaca-4-768x576.jpg 768w, https:\/\/cuernavaca.gob.mx\/wp-content\/uploads\/2023\/02\/reconocimiento-comite-ordenamiento-ecologico-cuernavaca-4-1536x1152.jpg 1536w, https:\/\/cuernavaca.gob.mx\/wp-content\/uploads\/2023\/02\/reconocimiento-comite-ordenamiento-ecologico-cuernavaca-4-600x450.jpg 600w, https:\/\/cuernavaca.gob.mx\/wp-content\/uploads\/2023\/02\/reconocimiento-comite-ordenamiento-ecologico-cuernavaca-4-560x420.jpg 560w, https:\/\/cuernavaca.gob.mx\/wp-content\/uploads\/2023\/02\/reconocimiento-comite-ordenamiento-ecologico-cuernavaca-4.jpg 1600w\" sizes=\"(max-width: 1024px) 100vw, 1024px\" \/><\/figure>\n<\/figure>\n","protected":false},"excerpt":{"rendered":"<p>Para avanzar a una Cuernavaca Sustentable, el Ayuntamiento de Cuernavaca sigue trabajando en acciones que beneficien el cuidado del medio ambiente, por lo cual el Comit\u00e9 de Ordenamiento Ecol\u00f3gico del Territorio del Municipio (COET) se ha posicionado a nivel nacional como uno de los mejores \u00f3rganos, mientras que en el plano estatal es un modelo [&hellip;]<\/p>\n","protected":false},"author":1,"featured_media":24980,"comment_status":"closed","ping_status":"open","sticky":false,"template":"","format":"standard","meta":[],"categories":[2271],"tags":[121,2902,302,652,2903,120,206],"aioseo_notices":[],"_links":{"self":[{"href":"https:\/\/cuernavaca.gob.mx\/index.php?rest_route=\/wp\/v2\/posts\/24978"}],"collection":[{"href":"https:\/\/cuernavaca.gob.mx\/index.php?rest_route=\/wp\/v2\/posts"}],"about":[{"href":"https:\/\/cuernavaca.gob.mx\/index.php?rest_route=\/wp\/v2\/types\/post"}],"author":[{"embeddable":true,"href":"https:\/\/cuernavaca.gob.mx\/index.php?rest_route=\/wp\/v2\/users\/1"}],"replies":[{"embeddable":true,"href":"https:\/\/cuernavaca.gob.mx\/index.php?rest_route=%2Fwp%2Fv2%2Fcomments&post=24978"}],"version-history":[{"count":1,"href":"https:\/\/cuernavaca.gob.mx\/index.php?rest_route=\/wp\/v2\/posts\/24978\/revisions"}],"predecessor-version":[{"id":24983,"href":"https:\/\/cuernavaca.gob.mx\/index.php?rest_route=\/wp\/v2\/posts\/24978\/revisions\/24983"}],"wp:featuredmedia":[{"embeddable":true,"href":"https:\/\/cuernavaca.gob.mx\/index.php?rest_route=\/wp\/v2\/media\/24980"}],"wp:attachment":[{"href":"https:\/\/cuernavaca.gob.mx\/index.php?rest_route=%2Fwp%2Fv2%2Fmedia&parent=24978"}],"wp:term":[{"taxonomy":"category","embeddable":true,"href":"https:\/\/cuernavaca.gob.mx\/index.php?rest_route=%2Fwp%2Fv2%2Fcategories&post=24978"},{"taxonomy":"post_tag","embeddable":true,"href":"https:\/\/cuernavaca.gob.mx\/index.php?rest_route=%2Fwp%2Fv2%2Ftags&post=24978"}],"curies":[{"name":"wp","href":"https:\/\/api.w.org\/{rel}","templated":true}]}}