{"id":24984,"date":"2023-02-11T16:30:00","date_gmt":"2023-02-11T22:30:00","guid":{"rendered":"https:\/\/cuernavaca.gob.mx\/?p=24984"},"modified":"2025-05-06T12:27:59","modified_gmt":"2025-05-06T18:27:59","slug":"b732-11-02-23-instituto-de-la-mujer-de-cuernavaca-brinda-herramientas-para-lograr-una-autonomia-economica-y-emocional","status":"publish","type":"post","link":"https:\/\/cuernavaca.gob.mx\/?p=24984","title":{"rendered":"B732 11\/02\/23 INSTITUTO DE LA MUJER DE CUERNAVACA BRINDA HERRAMIENTAS PARA LOGRAR UNA AUTONOM\u00cdA ECON\u00d3MICA Y EMOCIONAL"},"content":{"rendered":"\n<p><strong>\u2022 El IMC reanud\u00f3 este a\u00f1o el Programa Integral para Fortalecer la Autonom\u00eda Econ\u00f3mica de las Mujeres con el taller &#8220;Como crecer en redes sociales&#8221;<\/strong><\/p>\n\n\n\n<p><strong>\u2022 Tiene como objetivo que las mujeres logren una autonom\u00eda econ\u00f3mica y emocional que son fundamentales para tener una vida libre de violencia<\/strong><\/p>\n\n\n\n<p>Como parte del Programa Integral para Fortalecer la Autonom\u00eda Econ\u00f3mica de las Mujeres, el pasado fin de semana el Instituto de la Mujer de Cuernavaca (IMC) inici\u00f3 el taller &#8220;C\u00f3mo crecer en redes sociales&#8221;, impartido por la ingeniera en Gesti\u00f3n Empresarial, Sof\u00eda Guerrero S\u00e1nchez, con el objetivo de que las mujeres usuarias logren una autonom\u00eda econ\u00f3mica y emocional que son fundamentales para tener una vida libre de violencia.<\/p>\n\n\n\n<p>La directora general del IMC, Lorena Castillo Castillo, expres\u00f3 que con este taller retomaron las acciones encaminadas a lograr la autonom\u00eda econ\u00f3mica de las mujeres, que el a\u00f1o pasado arranc\u00f3 con distintos talleres que contemplaban los principios b\u00e1sicos del emprendimiento, desde c\u00f3mo vender sus productos, hasta c\u00f3mo ofrecerlos y crear alianzas estrat\u00e9gicas para comercializarlos, consiguiendo al finalizar el a\u00f1o la venta en espacios presenciales por medio del Mercado Verde y ahora por espacios digitales.<\/p>\n\n\n\n<p>En este taller les brindaron las herramientas necesarias para promocionar los art\u00edculos que tienen en venta o tambi\u00e9n para emprender alg\u00fan negocio a trav\u00e9s de estas nuevas plataformas digitales que son un espacio de venta y de compra en algunos casos muy eficientes y eficaz para alcanzar una mayor cantidad de clientes.<\/p>\n\n\n\n<p>Castillo Castillo precis\u00f3 que este es un programa integral debido a que al fortalecer la autonom\u00eda econ\u00f3mica les brindan tambi\u00e9n los elementos para que puedan identificar cuando est\u00e1n siendo violentadas y salir de estos c\u00edrculos de violencia que no es una decisi\u00f3n sencilla, puesto que en ciertos casos las mujeres permanecen en estas situaciones precisamente por no contar con los recursos econ\u00f3micos para salir, pero otras porque no tienen la decisi\u00f3n, &#8220;es una autonom\u00eda que las lleva a tomar decisiones que les conlleve a tener un estadio mejor&#8221;.<\/p>\n\n\n\n<p>A este primer taller del a\u00f1o acudieron m\u00e1s de 50 mujeres que era el cupo did\u00e1cticamente hablando correcto, aunque se tiene una lista de espera de 40 mujeres, por lo cual la segunda edici\u00f3n del taller se planea que sea en el mes de marzo como un curso de tres momentos metodol\u00f3gicos para que puedan realmente concretar el uso de esta tecnolog\u00eda.<\/p>\n\n\n\n<p>&#8220;Muchas veces tenemos miedo a usar la tecnolog\u00eda y nos cuesta ver el alcance que tiene, pero justamente por eso las invito a que se acerquen para que conozcan este alcance y la proyecci\u00f3n que pueden tener con estas herramientas tecnol\u00f3gicas y digitales que hoy son elementos fundamentales para que las mujeres emprendedoras puedan tener un mayor alcance&#8221;, refiri\u00f3.<\/p>\n\n\n\n<p>La Ingeniera en Gesti\u00f3n Empresarial, Sof\u00eda Guerrero S\u00e1nchez, es mercad\u00f3loga digital, creadora de contenidos y campa\u00f1as publicitarias en redes sociales, egresada de la Universidad Tecnol\u00f3gica Emiliano Zapata (UTEZ) y fue invitada a compartir su experiencia profesional por el \u00e1rea de Primer Contacto del IMC a cargo de Roc\u00edo Sol\u00eds.<\/p>\n\n\n\n<p>Las mujeres interesadas en participar en algunos de los talleres o acceder a los servicios del IMC pueden consultar la cartelera de cada mes del IMC su p\u00e1gina oficial o la del Municipio de Cuernavaca y al WhatsApp 777 144 0467, al tel. 777 367 4447, o al correo imujer@cuernavaca.gob.mx.<\/p>\n\n\n\n<figure class=\"wp-container-2 wp-block-gallery-1 wp-block-gallery has-nested-images columns-default is-cropped\">\n<figure class=\"wp-block-image size-large\"><img loading=\"lazy\" width=\"1024\" height=\"577\" data-id=\"24993\"  src=\"https:\/\/cuernavaca.gob.mx\/wp-content\/uploads\/2023\/02\/talleres-emprendimiento-mujeres-cuernavaca-1-1024x577.jpg\" alt=\"\" class=\"wp-image-24993\" srcset=\"https:\/\/cuernavaca.gob.mx\/wp-content\/uploads\/2023\/02\/talleres-emprendimiento-mujeres-cuernavaca-1-1024x577.jpg 1024w, https:\/\/cuernavaca.gob.mx\/wp-content\/uploads\/2023\/02\/talleres-emprendimiento-mujeres-cuernavaca-1-300x169.jpg 300w, https:\/\/cuernavaca.gob.mx\/wp-content\/uploads\/2023\/02\/talleres-emprendimiento-mujeres-cuernavaca-1-768x432.jpg 768w, https:\/\/cuernavaca.gob.mx\/wp-content\/uploads\/2023\/02\/talleres-emprendimiento-mujeres-cuernavaca-1-1536x865.jpg 1536w, https:\/\/cuernavaca.gob.mx\/wp-content\/uploads\/2023\/02\/talleres-emprendimiento-mujeres-cuernavaca-1-600x338.jpg 600w, https:\/\/cuernavaca.gob.mx\/wp-content\/uploads\/2023\/02\/talleres-emprendimiento-mujeres-cuernavaca-1-560x315.jpg 560w, https:\/\/cuernavaca.gob.mx\/wp-content\/uploads\/2023\/02\/talleres-emprendimiento-mujeres-cuernavaca-1.jpg 1600w\" sizes=\"(max-width: 1024px) 100vw, 1024px\" \/><\/figure>\n\n\n\n<figure class=\"wp-block-image size-large\"><img loading=\"lazy\" width=\"1024\" height=\"577\" data-id=\"24985\"  src=\"https:\/\/cuernavaca.gob.mx\/wp-content\/uploads\/2023\/02\/talleres-emprendimiento-mujeres-cuernavaca-2-1024x577.jpg\" alt=\"\" class=\"wp-image-24985\" srcset=\"https:\/\/cuernavaca.gob.mx\/wp-content\/uploads\/2023\/02\/talleres-emprendimiento-mujeres-cuernavaca-2-1024x577.jpg 1024w, https:\/\/cuernavaca.gob.mx\/wp-content\/uploads\/2023\/02\/talleres-emprendimiento-mujeres-cuernavaca-2-300x169.jpg 300w, https:\/\/cuernavaca.gob.mx\/wp-content\/uploads\/2023\/02\/talleres-emprendimiento-mujeres-cuernavaca-2-768x432.jpg 768w, https:\/\/cuernavaca.gob.mx\/wp-content\/uploads\/2023\/02\/talleres-emprendimiento-mujeres-cuernavaca-2-1536x865.jpg 1536w, https:\/\/cuernavaca.gob.mx\/wp-content\/uploads\/2023\/02\/talleres-emprendimiento-mujeres-cuernavaca-2-600x338.jpg 600w, https:\/\/cuernavaca.gob.mx\/wp-content\/uploads\/2023\/02\/talleres-emprendimiento-mujeres-cuernavaca-2-560x315.jpg 560w, https:\/\/cuernavaca.gob.mx\/wp-content\/uploads\/2023\/02\/talleres-emprendimiento-mujeres-cuernavaca-2.jpg 1600w\" sizes=\"(max-width: 1024px) 100vw, 1024px\" \/><\/figure>\n\n\n\n<figure class=\"wp-block-image size-large\"><img loading=\"lazy\" width=\"577\" height=\"1024\" data-id=\"24991\"  src=\"https:\/\/cuernavaca.gob.mx\/wp-content\/uploads\/2023\/02\/talleres-emprendimiento-mujeres-cuernavaca-3-577x1024.jpg\" alt=\"\" class=\"wp-image-24991\" srcset=\"https:\/\/cuernavaca.gob.mx\/wp-content\/uploads\/2023\/02\/talleres-emprendimiento-mujeres-cuernavaca-3-577x1024.jpg 577w, https:\/\/cuernavaca.gob.mx\/wp-content\/uploads\/2023\/02\/talleres-emprendimiento-mujeres-cuernavaca-3-169x300.jpg 169w, https:\/\/cuernavaca.gob.mx\/wp-content\/uploads\/2023\/02\/talleres-emprendimiento-mujeres-cuernavaca-3-768x1364.jpg 768w, https:\/\/cuernavaca.gob.mx\/wp-content\/uploads\/2023\/02\/talleres-emprendimiento-mujeres-cuernavaca-3-865x1536.jpg 865w, https:\/\/cuernavaca.gob.mx\/wp-content\/uploads\/2023\/02\/talleres-emprendimiento-mujeres-cuernavaca-3-338x600.jpg 338w, https:\/\/cuernavaca.gob.mx\/wp-content\/uploads\/2023\/02\/talleres-emprendimiento-mujeres-cuernavaca-3-315x560.jpg 315w, https:\/\/cuernavaca.gob.mx\/wp-content\/uploads\/2023\/02\/talleres-emprendimiento-mujeres-cuernavaca-3.jpg 901w\" sizes=\"(max-width: 577px) 100vw, 577px\" \/><\/figure>\n\n\n\n<figure class=\"wp-block-image size-large\"><img loading=\"lazy\" width=\"1024\" height=\"577\" data-id=\"24989\"  src=\"https:\/\/cuernavaca.gob.mx\/wp-content\/uploads\/2023\/02\/talleres-emprendimiento-mujeres-cuernavaca-4-1024x577.jpg\" alt=\"\" class=\"wp-image-24989\" srcset=\"https:\/\/cuernavaca.gob.mx\/wp-content\/uploads\/2023\/02\/talleres-emprendimiento-mujeres-cuernavaca-4-1024x577.jpg 1024w, https:\/\/cuernavaca.gob.mx\/wp-content\/uploads\/2023\/02\/talleres-emprendimiento-mujeres-cuernavaca-4-300x169.jpg 300w, https:\/\/cuernavaca.gob.mx\/wp-content\/uploads\/2023\/02\/talleres-emprendimiento-mujeres-cuernavaca-4-768x432.jpg 768w, https:\/\/cuernavaca.gob.mx\/wp-content\/uploads\/2023\/02\/talleres-emprendimiento-mujeres-cuernavaca-4-1536x865.jpg 1536w, https:\/\/cuernavaca.gob.mx\/wp-content\/uploads\/2023\/02\/talleres-emprendimiento-mujeres-cuernavaca-4-600x338.jpg 600w, https:\/\/cuernavaca.gob.mx\/wp-content\/uploads\/2023\/02\/talleres-emprendimiento-mujeres-cuernavaca-4-560x315.jpg 560w, https:\/\/cuernavaca.gob.mx\/wp-content\/uploads\/2023\/02\/talleres-emprendimiento-mujeres-cuernavaca-4.jpg 1600w\" sizes=\"(max-width: 1024px) 100vw, 1024px\" \/><\/figure>\n\n\n\n<figure class=\"wp-block-image size-large\"><img loading=\"lazy\" width=\"1024\" height=\"577\" data-id=\"24988\"  src=\"https:\/\/cuernavaca.gob.mx\/wp-content\/uploads\/2023\/02\/talleres-emprendimiento-mujeres-cuernavaca-5-1024x577.jpg\" alt=\"\" class=\"wp-image-24988\" srcset=\"https:\/\/cuernavaca.gob.mx\/wp-content\/uploads\/2023\/02\/talleres-emprendimiento-mujeres-cuernavaca-5-1024x577.jpg 1024w, https:\/\/cuernavaca.gob.mx\/wp-content\/uploads\/2023\/02\/talleres-emprendimiento-mujeres-cuernavaca-5-300x169.jpg 300w, https:\/\/cuernavaca.gob.mx\/wp-content\/uploads\/2023\/02\/talleres-emprendimiento-mujeres-cuernavaca-5-768x432.jpg 768w, https:\/\/cuernavaca.gob.mx\/wp-content\/uploads\/2023\/02\/talleres-emprendimiento-mujeres-cuernavaca-5-1536x865.jpg 1536w, https:\/\/cuernavaca.gob.mx\/wp-content\/uploads\/2023\/02\/talleres-emprendimiento-mujeres-cuernavaca-5-600x338.jpg 600w, https:\/\/cuernavaca.gob.mx\/wp-content\/uploads\/2023\/02\/talleres-emprendimiento-mujeres-cuernavaca-5-560x315.jpg 560w, https:\/\/cuernavaca.gob.mx\/wp-content\/uploads\/2023\/02\/talleres-emprendimiento-mujeres-cuernavaca-5.jpg 1600w\" sizes=\"(max-width: 1024px) 100vw, 1024px\" \/><\/figure>\n\n\n\n<figure class=\"wp-block-image size-large\"><img loading=\"lazy\" width=\"1024\" height=\"577\" data-id=\"24986\"  src=\"https:\/\/cuernavaca.gob.mx\/wp-content\/uploads\/2023\/02\/talleres-emprendimiento-mujeres-cuernavaca-6-1024x577.jpg\" alt=\"\" class=\"wp-image-24986\" srcset=\"https:\/\/cuernavaca.gob.mx\/wp-content\/uploads\/2023\/02\/talleres-emprendimiento-mujeres-cuernavaca-6-1024x577.jpg 1024w, https:\/\/cuernavaca.gob.mx\/wp-content\/uploads\/2023\/02\/talleres-emprendimiento-mujeres-cuernavaca-6-300x169.jpg 300w, https:\/\/cuernavaca.gob.mx\/wp-content\/uploads\/2023\/02\/talleres-emprendimiento-mujeres-cuernavaca-6-768x432.jpg 768w, https:\/\/cuernavaca.gob.mx\/wp-content\/uploads\/2023\/02\/talleres-emprendimiento-mujeres-cuernavaca-6-1536x865.jpg 1536w, https:\/\/cuernavaca.gob.mx\/wp-content\/uploads\/2023\/02\/talleres-emprendimiento-mujeres-cuernavaca-6-600x338.jpg 600w, https:\/\/cuernavaca.gob.mx\/wp-content\/uploads\/2023\/02\/talleres-emprendimiento-mujeres-cuernavaca-6-560x315.jpg 560w, https:\/\/cuernavaca.gob.mx\/wp-content\/uploads\/2023\/02\/talleres-emprendimiento-mujeres-cuernavaca-6.jpg 1600w\" sizes=\"(max-width: 1024px) 100vw, 1024px\" \/><\/figure>\n\n\n\n<figure class=\"wp-block-image size-large\"><img loading=\"lazy\" width=\"1024\" height=\"577\" data-id=\"24987\"  src=\"https:\/\/cuernavaca.gob.mx\/wp-content\/uploads\/2023\/02\/talleres-emprendimiento-mujeres-cuernavaca-7.jpg\" alt=\"\" class=\"wp-image-24987\" srcset=\"https:\/\/cuernavaca.gob.mx\/wp-content\/uploads\/2023\/02\/talleres-emprendimiento-mujeres-cuernavaca-7.jpg 1024w, https:\/\/cuernavaca.gob.mx\/wp-content\/uploads\/2023\/02\/talleres-emprendimiento-mujeres-cuernavaca-7-300x169.jpg 300w, https:\/\/cuernavaca.gob.mx\/wp-content\/uploads\/2023\/02\/talleres-emprendimiento-mujeres-cuernavaca-7-768x433.jpg 768w, https:\/\/cuernavaca.gob.mx\/wp-content\/uploads\/2023\/02\/talleres-emprendimiento-mujeres-cuernavaca-7-600x338.jpg 600w, https:\/\/cuernavaca.gob.mx\/wp-content\/uploads\/2023\/02\/talleres-emprendimiento-mujeres-cuernavaca-7-560x316.jpg 560w\" sizes=\"(max-width: 1024px) 100vw, 1024px\" \/><\/figure>\n\n\n\n<figure class=\"wp-block-image size-large\"><img loading=\"lazy\" width=\"1024\" height=\"577\" data-id=\"24990\"  src=\"https:\/\/cuernavaca.gob.mx\/wp-content\/uploads\/2023\/02\/talleres-emprendimiento-mujeres-cuernavaca-8-1024x577.jpg\" alt=\"\" class=\"wp-image-24990\" srcset=\"https:\/\/cuernavaca.gob.mx\/wp-content\/uploads\/2023\/02\/talleres-emprendimiento-mujeres-cuernavaca-8-1024x577.jpg 1024w, https:\/\/cuernavaca.gob.mx\/wp-content\/uploads\/2023\/02\/talleres-emprendimiento-mujeres-cuernavaca-8-300x169.jpg 300w, https:\/\/cuernavaca.gob.mx\/wp-content\/uploads\/2023\/02\/talleres-emprendimiento-mujeres-cuernavaca-8-768x432.jpg 768w, https:\/\/cuernavaca.gob.mx\/wp-content\/uploads\/2023\/02\/talleres-emprendimiento-mujeres-cuernavaca-8-1536x865.jpg 1536w, https:\/\/cuernavaca.gob.mx\/wp-content\/uploads\/2023\/02\/talleres-emprendimiento-mujeres-cuernavaca-8-600x338.jpg 600w, https:\/\/cuernavaca.gob.mx\/wp-content\/uploads\/2023\/02\/talleres-emprendimiento-mujeres-cuernavaca-8-560x315.jpg 560w, https:\/\/cuernavaca.gob.mx\/wp-content\/uploads\/2023\/02\/talleres-emprendimiento-mujeres-cuernavaca-8.jpg 1600w\" sizes=\"(max-width: 1024px) 100vw, 1024px\" \/><\/figure>\n\n\n\n<figure class=\"wp-block-image size-large\"><img loading=\"lazy\" width=\"1024\" height=\"577\" data-id=\"24992\"  src=\"https:\/\/cuernavaca.gob.mx\/wp-content\/uploads\/2023\/02\/talleres-emprendimiento-mujeres-cuernavaca-9-1024x577.jpg\" alt=\"\" class=\"wp-image-24992\" srcset=\"https:\/\/cuernavaca.gob.mx\/wp-content\/uploads\/2023\/02\/talleres-emprendimiento-mujeres-cuernavaca-9-1024x577.jpg 1024w, https:\/\/cuernavaca.gob.mx\/wp-content\/uploads\/2023\/02\/talleres-emprendimiento-mujeres-cuernavaca-9-300x169.jpg 300w, https:\/\/cuernavaca.gob.mx\/wp-content\/uploads\/2023\/02\/talleres-emprendimiento-mujeres-cuernavaca-9-768x432.jpg 768w, https:\/\/cuernavaca.gob.mx\/wp-content\/uploads\/2023\/02\/talleres-emprendimiento-mujeres-cuernavaca-9-1536x865.jpg 1536w, https:\/\/cuernavaca.gob.mx\/wp-content\/uploads\/2023\/02\/talleres-emprendimiento-mujeres-cuernavaca-9-600x338.jpg 600w, https:\/\/cuernavaca.gob.mx\/wp-content\/uploads\/2023\/02\/talleres-emprendimiento-mujeres-cuernavaca-9-560x315.jpg 560w, https:\/\/cuernavaca.gob.mx\/wp-content\/uploads\/2023\/02\/talleres-emprendimiento-mujeres-cuernavaca-9.jpg 1600w\" sizes=\"(max-width: 1024px) 100vw, 1024px\" \/><\/figure>\n<\/figure>\n","protected":false},"excerpt":{"rendered":"<p>\u2022 El IMC reanud\u00f3 este a\u00f1o el Programa Integral para Fortalecer la Autonom\u00eda Econ\u00f3mica de las Mujeres con el taller &#8220;Como crecer en redes sociales&#8221; \u2022 Tiene como objetivo que las mujeres logren una autonom\u00eda econ\u00f3mica y emocional que son fundamentales para tener una vida libre de violencia Como parte del Programa Integral para Fortalecer [&hellip;]<\/p>\n","protected":false},"author":1,"featured_media":24987,"comment_status":"closed","ping_status":"open","sticky":false,"template":"","format":"standard","meta":[],"categories":[280],"tags":[2906,681,121,2904,120,206,202,2905,1349,125],"aioseo_notices":[],"_links":{"self":[{"href":"https:\/\/cuernavaca.gob.mx\/index.php?rest_route=\/wp\/v2\/posts\/24984"}],"collection":[{"href":"https:\/\/cuernavaca.gob.mx\/index.php?rest_route=\/wp\/v2\/posts"}],"about":[{"href":"https:\/\/cuernavaca.gob.mx\/index.php?rest_route=\/wp\/v2\/types\/post"}],"author":[{"embeddable":true,"href":"https:\/\/cuernavaca.gob.mx\/index.php?rest_route=\/wp\/v2\/users\/1"}],"replies":[{"embeddable":true,"href":"https:\/\/cuernavaca.gob.mx\/index.php?rest_route=%2Fwp%2Fv2%2Fcomments&post=24984"}],"version-history":[{"count":1,"href":"https:\/\/cuernavaca.gob.mx\/index.php?rest_route=\/wp\/v2\/posts\/24984\/revisions"}],"predecessor-version":[{"id":24994,"href":"https:\/\/cuernavaca.gob.mx\/index.php?rest_route=\/wp\/v2\/posts\/24984\/revisions\/24994"}],"wp:featuredmedia":[{"embeddable":true,"href":"https:\/\/cuernavaca.gob.mx\/index.php?rest_route=\/wp\/v2\/media\/24987"}],"wp:attachment":[{"href":"https:\/\/cuernavaca.gob.mx\/index.php?rest_route=%2Fwp%2Fv2%2Fmedia&parent=24984"}],"wp:term":[{"taxonomy":"category","embeddable":true,"href":"https:\/\/cuernavaca.gob.mx\/index.php?rest_route=%2Fwp%2Fv2%2Fcategories&post=24984"},{"taxonomy":"post_tag","embeddable":true,"href":"https:\/\/cuernavaca.gob.mx\/index.php?rest_route=%2Fwp%2Fv2%2Ftags&post=24984"}],"curies":[{"name":"wp","href":"https:\/\/api.w.org\/{rel}","templated":true}]}}