{"id":24995,"date":"2023-02-11T16:45:00","date_gmt":"2023-02-11T22:45:00","guid":{"rendered":"https:\/\/cuernavaca.gob.mx\/?p=24995"},"modified":"2025-05-06T12:27:59","modified_gmt":"2025-05-06T18:27:59","slug":"b733-11-02-23-ayuntamiento-de-cuernavaca-arrancara-el-proyecto-escuelas-verdes-para-transitar-a-la-sustentabilidad","status":"publish","type":"post","link":"https:\/\/cuernavaca.gob.mx\/?p=24995","title":{"rendered":"B733 11\/02\/23 AYUNTAMIENTO DE CUERNAVACA ARRANCAR\u00c1 EL PROYECTO ESCUELAS VERDES PARA TRANSITAR A LA SUSTENTABILIDAD"},"content":{"rendered":"\n<p><strong>\u2022 El programa que tiene como objeto generar un cambio de consciencia y h\u00e1bitos entre la poblaci\u00f3n infantil y los adolescentes para apropiarse del cuidado del medio ambiente<\/strong><\/p>\n\n\n\n<p><strong>\u2022 Se pretende que sean replicadores en sus hogares para que los cuernavacenses comiencen a aplicar buenas pr\u00e1cticas sobre el manejo de los recursos naturales<\/strong><\/p>\n\n\n\n<p>El Ayuntamiento de Cuernavaca, a trav\u00e9s de la Fiscal\u00eda Ambiental, adscrita a la Secretar\u00eda de Desarrollo Sustentable y Servicios P\u00fablicos, arrancar\u00e1 este a\u00f1o con el proyecto Escuelas Verdes, que busca impulsar la educaci\u00f3n ambiental a trav\u00e9s de acciones integrales que contribuyan a la apropiaci\u00f3n del cuidado del medio ambiente entre los infantes y adolescentes, siendo la punta de lanza para que en el municipio se empiece a transformar la manera de pensar y de actuar de sus habitantes.<\/p>\n\n\n\n<p>La fiscal ambiental, Laura Elizabeth Garc\u00eda M\u00e9ndez, indic\u00f3 que este proyecto acata la recomendaci\u00f3n 96 de la Conferencia sobre el Medio Ambiente Humano de Estocolmo de las Naciones Unidas, que considera a la educaci\u00f3n ambiental como uno de los elementos b\u00e1sicos para atender la crisis ambiental en el mundo, por lo cual promover\u00e1n la consciencia de los estudiantes y personal educativo de primaria y secundaria sobre el manejo de los recursos naturales de forma sostenible.<\/p>\n\n\n\n<p>Explic\u00f3 que los planteles educativos que participar\u00e1n en este programa se eligieron de forma aleatoria para abarcar un mayor territorio, a los cuales se les efectuar\u00e1 un diagn\u00f3stico para conocer su situaci\u00f3n en relaci\u00f3n al cuidado del medio ambiente, ya que Escuelas Verdes cuenta con indicadores de cumplimiento, que van desde la separaci\u00f3n de residuos, hasta el manejo de los organismos mediante la elaboraci\u00f3n de compostas y hortalizas, el uso adecuado y ahorro de agua, el mantenimiento de \u00e1reas verdes y el uso adecuado de energ\u00edas limpias.<\/p>\n\n\n\n<p>Entre las metas que manejar\u00e1 es lograr la disminuci\u00f3n del consumo de energ\u00eda en comparaci\u00f3n con el ciclo escolar anterior, un menor consumo de agua, la reducci\u00f3n en la generaci\u00f3n de residuos y su manejo adecuado, la clasificaci\u00f3n y disposici\u00f3n de manera adecuada, as\u00ed como crear condiciones sustentables dentro y fuera de los planteles educativos del municipio.<\/p>\n\n\n\n<p>Tras reconocer la trascendencia del proyecto, el presidente municipal, Jos\u00e9 Luis Uri\u00f3stegui Salgado, expres\u00f3 que la creaci\u00f3n de la Fiscal\u00eda Ambiental por la presente administraci\u00f3n no solo fue con el prop\u00f3sito de sancionar a quienes contaminan auditiva, visual o materialmente la ciudad, sino tambi\u00e9n para generar consciencia a partir de la educaci\u00f3n y formaci\u00f3n, siendo en este caso los ni\u00f1os y adolescentes los m\u00e1s receptivos para cambiar h\u00e1bitos entre toda la poblaci\u00f3n.<\/p>\n\n\n\n<p>\u201cSer\u00e1 la punta de lanza para que Cuernavaca empiece a transformar la manera de pensar y de actuar de sus habitantes, toda vez que ser\u00e1n los infantes y adolescentes quienes nos tomar\u00e1n de la mano a los adultos para decirnos como cambiar al plantea y abonar a la disminuci\u00f3n del calentamiento global\u201d, afirm\u00f3.<\/p>\n\n\n\n<p>Por su lado, la regidora presidenta de la Comisi\u00f3n de Protecci\u00f3n Ambiental y Desarrollo Sustentable, Wendi Salinas Ruiz, puntualiz\u00f3 que Escuelas Verdes ser\u00e1 una semilla para la capital morelense, al involucrar al gobierno con las escuelas generando cambios culturales entre la sociedad y una nueva forma de relacionarse con el medio ambiente, logrando que Cuernavaca sea un ejemplo para otros municipios en el estado.<\/p>\n\n\n\n<p>Escuelas Verdes ser\u00e1 un proyecto integral en el que participar\u00e1n tambi\u00e9n la Comisi\u00f3n de Educaci\u00f3n, Cultura y Recreaci\u00f3n, la Secretar\u00eda de Desarrollo Humano y Participaci\u00f3n Social; adem\u00e1s de la empresa recolectora de basura debido a que en su contrato se estableci\u00f3 un recurso para la educaci\u00f3n ambiental, que es de dos al millar, es decir, m\u00e1s de 200 mil pesos.<\/p>\n\n\n\n<p>A petici\u00f3n del alcalde, las instituciones educativas participantes y que cumplan con esta gesti\u00f3n ambiental e inclusi\u00f3n de criterios de sustentabilidad en la formaci\u00f3n de los educandos y personal educativo, podr\u00e1n recibir un certificado como escuela verde que les permita entrar a otros esquemas de reconocimiento colectivo.<\/p>\n\n\n\n<figure class=\"wp-container-2 wp-block-gallery-1 wp-block-gallery has-nested-images columns-default is-cropped\">\n<figure class=\"wp-block-image size-large\"><img loading=\"lazy\" width=\"1024\" height=\"682\" data-id=\"24997\"  src=\"https:\/\/cuernavaca.gob.mx\/wp-content\/uploads\/2023\/02\/escuelas-verdes-cuernavaca-1-1024x682.jpg\" alt=\"\" class=\"wp-image-24997\" srcset=\"https:\/\/cuernavaca.gob.mx\/wp-content\/uploads\/2023\/02\/escuelas-verdes-cuernavaca-1-1024x682.jpg 1024w, https:\/\/cuernavaca.gob.mx\/wp-content\/uploads\/2023\/02\/escuelas-verdes-cuernavaca-1-300x200.jpg 300w, https:\/\/cuernavaca.gob.mx\/wp-content\/uploads\/2023\/02\/escuelas-verdes-cuernavaca-1-768x512.jpg 768w, https:\/\/cuernavaca.gob.mx\/wp-content\/uploads\/2023\/02\/escuelas-verdes-cuernavaca-1-600x400.jpg 600w, https:\/\/cuernavaca.gob.mx\/wp-content\/uploads\/2023\/02\/escuelas-verdes-cuernavaca-1-560x373.jpg 560w, https:\/\/cuernavaca.gob.mx\/wp-content\/uploads\/2023\/02\/escuelas-verdes-cuernavaca-1.jpg 1280w\" sizes=\"(max-width: 1024px) 100vw, 1024px\" \/><\/figure>\n\n\n\n<figure class=\"wp-block-image size-large\"><img loading=\"lazy\" width=\"1024\" height=\"682\" data-id=\"24998\"  src=\"https:\/\/cuernavaca.gob.mx\/wp-content\/uploads\/2023\/02\/escuelas-verdes-cuernavaca-2-1024x682.jpg\" alt=\"\" class=\"wp-image-24998\" srcset=\"https:\/\/cuernavaca.gob.mx\/wp-content\/uploads\/2023\/02\/escuelas-verdes-cuernavaca-2-1024x682.jpg 1024w, https:\/\/cuernavaca.gob.mx\/wp-content\/uploads\/2023\/02\/escuelas-verdes-cuernavaca-2-300x200.jpg 300w, https:\/\/cuernavaca.gob.mx\/wp-content\/uploads\/2023\/02\/escuelas-verdes-cuernavaca-2-768x512.jpg 768w, https:\/\/cuernavaca.gob.mx\/wp-content\/uploads\/2023\/02\/escuelas-verdes-cuernavaca-2-600x400.jpg 600w, https:\/\/cuernavaca.gob.mx\/wp-content\/uploads\/2023\/02\/escuelas-verdes-cuernavaca-2-560x373.jpg 560w, https:\/\/cuernavaca.gob.mx\/wp-content\/uploads\/2023\/02\/escuelas-verdes-cuernavaca-2.jpg 1280w\" sizes=\"(max-width: 1024px) 100vw, 1024px\" \/><\/figure>\n\n\n\n<figure class=\"wp-block-image size-large\"><img loading=\"lazy\" width=\"1024\" height=\"682\" data-id=\"24999\"  src=\"https:\/\/cuernavaca.gob.mx\/wp-content\/uploads\/2023\/02\/escuelas-verdes-cuernavaca-3-1024x682.jpg\" alt=\"\" class=\"wp-image-24999\" srcset=\"https:\/\/cuernavaca.gob.mx\/wp-content\/uploads\/2023\/02\/escuelas-verdes-cuernavaca-3-1024x682.jpg 1024w, https:\/\/cuernavaca.gob.mx\/wp-content\/uploads\/2023\/02\/escuelas-verdes-cuernavaca-3-300x200.jpg 300w, https:\/\/cuernavaca.gob.mx\/wp-content\/uploads\/2023\/02\/escuelas-verdes-cuernavaca-3-768x512.jpg 768w, https:\/\/cuernavaca.gob.mx\/wp-content\/uploads\/2023\/02\/escuelas-verdes-cuernavaca-3-600x400.jpg 600w, https:\/\/cuernavaca.gob.mx\/wp-content\/uploads\/2023\/02\/escuelas-verdes-cuernavaca-3-560x373.jpg 560w, https:\/\/cuernavaca.gob.mx\/wp-content\/uploads\/2023\/02\/escuelas-verdes-cuernavaca-3.jpg 1280w\" sizes=\"(max-width: 1024px) 100vw, 1024px\" \/><\/figure>\n\n\n\n<figure class=\"wp-block-image size-large\"><img loading=\"lazy\" width=\"1024\" height=\"682\" data-id=\"24996\"  src=\"https:\/\/cuernavaca.gob.mx\/wp-content\/uploads\/2023\/02\/escuelas-verdes-cuernavaca-4-1024x682.jpg\" alt=\"\" class=\"wp-image-24996\" srcset=\"https:\/\/cuernavaca.gob.mx\/wp-content\/uploads\/2023\/02\/escuelas-verdes-cuernavaca-4-1024x682.jpg 1024w, https:\/\/cuernavaca.gob.mx\/wp-content\/uploads\/2023\/02\/escuelas-verdes-cuernavaca-4-300x200.jpg 300w, https:\/\/cuernavaca.gob.mx\/wp-content\/uploads\/2023\/02\/escuelas-verdes-cuernavaca-4-768x512.jpg 768w, https:\/\/cuernavaca.gob.mx\/wp-content\/uploads\/2023\/02\/escuelas-verdes-cuernavaca-4-600x400.jpg 600w, https:\/\/cuernavaca.gob.mx\/wp-content\/uploads\/2023\/02\/escuelas-verdes-cuernavaca-4-560x373.jpg 560w, https:\/\/cuernavaca.gob.mx\/wp-content\/uploads\/2023\/02\/escuelas-verdes-cuernavaca-4.jpg 1280w\" sizes=\"(max-width: 1024px) 100vw, 1024px\" \/><\/figure>\n<\/figure>\n","protected":false},"excerpt":{"rendered":"<p>\u2022 El programa que tiene como objeto generar un cambio de consciencia y h\u00e1bitos entre la poblaci\u00f3n infantil y los adolescentes para apropiarse del cuidado del medio ambiente \u2022 Se pretende que sean replicadores en sus hogares para que los cuernavacenses comiencen a aplicar buenas pr\u00e1cticas sobre el manejo de los recursos naturales El Ayuntamiento [&hellip;]<\/p>\n","protected":false},"author":1,"featured_media":24998,"comment_status":"closed","ping_status":"open","sticky":false,"template":"","format":"standard","meta":[],"categories":[2271],"tags":[121,2379,302,576,1268,2907,120,206,2344],"aioseo_notices":[],"_links":{"self":[{"href":"https:\/\/cuernavaca.gob.mx\/index.php?rest_route=\/wp\/v2\/posts\/24995"}],"collection":[{"href":"https:\/\/cuernavaca.gob.mx\/index.php?rest_route=\/wp\/v2\/posts"}],"about":[{"href":"https:\/\/cuernavaca.gob.mx\/index.php?rest_route=\/wp\/v2\/types\/post"}],"author":[{"embeddable":true,"href":"https:\/\/cuernavaca.gob.mx\/index.php?rest_route=\/wp\/v2\/users\/1"}],"replies":[{"embeddable":true,"href":"https:\/\/cuernavaca.gob.mx\/index.php?rest_route=%2Fwp%2Fv2%2Fcomments&post=24995"}],"version-history":[{"count":1,"href":"https:\/\/cuernavaca.gob.mx\/index.php?rest_route=\/wp\/v2\/posts\/24995\/revisions"}],"predecessor-version":[{"id":25000,"href":"https:\/\/cuernavaca.gob.mx\/index.php?rest_route=\/wp\/v2\/posts\/24995\/revisions\/25000"}],"wp:featuredmedia":[{"embeddable":true,"href":"https:\/\/cuernavaca.gob.mx\/index.php?rest_route=\/wp\/v2\/media\/24998"}],"wp:attachment":[{"href":"https:\/\/cuernavaca.gob.mx\/index.php?rest_route=%2Fwp%2Fv2%2Fmedia&parent=24995"}],"wp:term":[{"taxonomy":"category","embeddable":true,"href":"https:\/\/cuernavaca.gob.mx\/index.php?rest_route=%2Fwp%2Fv2%2Fcategories&post=24995"},{"taxonomy":"post_tag","embeddable":true,"href":"https:\/\/cuernavaca.gob.mx\/index.php?rest_route=%2Fwp%2Fv2%2Ftags&post=24995"}],"curies":[{"name":"wp","href":"https:\/\/api.w.org\/{rel}","templated":true}]}}