{"id":25001,"date":"2023-02-11T16:15:00","date_gmt":"2023-02-11T22:15:00","guid":{"rendered":"https:\/\/cuernavaca.gob.mx\/?p=25001"},"modified":"2025-05-06T12:27:59","modified_gmt":"2025-05-06T18:27:59","slug":"731-11-02-23-ayuntamiento-de-cuernavaca-y-coca-cola-femsa-suman-trabajo-para-embellecer-la-ciudad","status":"publish","type":"post","link":"https:\/\/cuernavaca.gob.mx\/?p=25001","title":{"rendered":"731 11\/02\/23 AYUNTAMIENTO DE CUERNAVACA Y COCA COLA FEMSA SUMAN TRABAJO PARA EMBELLECER LA CIUDAD"},"content":{"rendered":"\n<ul><li><strong>El Gobierno Municipal en coordinaci\u00f3n con voluntarios de la empresa multinacional llevaron a cabo este s\u00e1bado una macro jornada de limpieza comunitaria en el entorno urbano<\/strong><\/li><\/ul>\n\n\n\n<ul><li><strong>El presidente municipal, Jos\u00e9 Luis Uri\u00f3stegui, agradeci\u00f3 la disposici\u00f3n de Coca Cola FEMSA de aportar su fuerza trabajo para transformar una zona de Cuernavaca<\/strong><\/li><\/ul>\n\n\n\n<p>En irrestricto apego al lema de que en comunidad somos mejor, el Ayuntamiento de Cuernavaca en coordinaci\u00f3n con voluntarios de Coca-Cola FEMSA llevaron a cabo este s\u00e1bado una macro jornada de limpieza comunitaria en el entorno urbano de la empresa multinacional en la ciudad, con lo cual una vez m\u00e1s se rescataron los espacios p\u00fablicos y vialidades donde transitan diariamente cientos de personas, promoviendo entre la sociedad la preservaci\u00f3n de su localidad y del medio ambiente.<\/p>\n\n\n\n<p>Desde muy temprana hora cientos de ciudadanos, voluntarios de Coca-Cola FEMSA y servidores p\u00fablicos, que por decisi\u00f3n propia asistieron, trabajaron en equipo, logrando una convivencia arm\u00f3nica con el compromiso por mejorar su municipio, efectuando labores de barrido manual, recolecci\u00f3n de desecho vegetal, poda de \u00e1rboles y pinta de guarniciones en avenida Central en la colonia Cuauhn\u00e1huac a la altura del Hospital General Regional C\/M.F No. 1 del IMSS.<\/p>\n\n\n\n<p>En su mensaje, el presidente municipal, Jos\u00e9 Luis Uri\u00f3stegui Salgado, agradeci\u00f3 la disposici\u00f3n de Coca Cola FEMSA de reunirse y aportar su fuerza trabajo, as\u00ed como su capacidad para transformar aunque sea una m\u00ednima parte de lo que es Cuernavaca, sum\u00e1ndose a estas acciones sociales donde tradicionalmente la poblaci\u00f3n se re\u00fane para hacer actividades de beneficio para la capital morelense.<\/p>\n\n\n\n<p>Se\u00f1al\u00f3 que, si bien el costo de las jornadas comunitarias lo absorben quienes participan, en esta ocasi\u00f3n se han hecho trabajos previos gracias a la aportaci\u00f3n de esta empresa socialmente responsable que otorg\u00f3 48 mil pesos entre mezcla asf\u00e1ltica y emulsi\u00f3n para hacer trabajos de bacheo que favorecen a la sociedad.<\/p>\n\n\n\n<p>&#8220;Nuestra ciudad es bella pero en ocasiones el abandono en que la dejamos quienes la habitamos genera una mala imagen y tambi\u00e9n consecuencias negativas. Tenemos que buscar que la ciudadan\u00eda sume esfuerzos y est\u00e1 empresa socialmente responsable da mucho para que esto suceda&#8221;, expres\u00f3.<\/p>\n\n\n\n<p>En representaci\u00f3n de las y los colaboradores de Coca Cola FEMSA, \u00d3nix Leonor Cortes Callejas, resalt\u00f3 que su labor con la comunidad busca contribuir a mejorar la calidad de vida de las personas, impulsando a sus colaboradores y familias el apoyo en la construcci\u00f3n de una ciudadan\u00eda comprometida con su comunidad, sociedad y medio ambiente.<\/p>\n\n\n\n<p>&#8220;Nuestro voluntariado es una forma de ayuda social donde sumamos el recurso humano y material a nuestro alcance, se realiza de forma altruista, con entusiasmo y compromiso. Agradecemos el esfuerzo y dedicaci\u00f3n del equipo de voluntarios, de la ciudadan\u00eda, as\u00ed como de su equipo de trabajo que hoy nos acompa\u00f1an&#8221;, manifest\u00f3.<\/p>\n\n\n\n<p>Finalmente, el secretario de Desarrollo Sustentable y Servicios P\u00fablicos, Israel Albavera V\u00e1zquez, subray\u00f3 que esta actividad es un ejemplo m\u00e1s de c\u00f3mo el trabajo entre comunidad, iniciativa privada y gobierno funciona de manera efectiva para embellecer y mantener en un estado digno a Cuernavaca, como lo ha instruido el alcalde capitalino; lo que fortalece la inversi\u00f3n diaria que hace el municipio en materia de servicios p\u00fablicos.<\/p>\n\n\n\n<p>A la macro jornada de limpieza comunitaria asistieron por parte del Cabildo, la s\u00edndica municipal, Ver\u00f3nica Atenco P\u00e9rez y la regidora Paz Hern\u00e1ndez Pardo, as\u00ed como delegadas y delegados municipales y directivos de Coca Cola FEMSA, quienes como ya es costumbre en esta actividad previ\u00f3 a iniciar los trabajos compartieron un desayuno que fue donado por la misma poblaci\u00f3n.<\/p>\n\n\n\n<figure class=\"wp-container-2 wp-block-gallery-1 wp-block-gallery has-nested-images columns-default is-cropped\">\n<figure class=\"wp-block-image size-large\"><img loading=\"lazy\" width=\"1024\" height=\"682\" data-id=\"25011\"  src=\"https:\/\/cuernavaca.gob.mx\/wp-content\/uploads\/2023\/02\/jornada-de-limpieza-urbana-cuernavaca-1-1024x682.jpg\" alt=\"\" class=\"wp-image-25011\" srcset=\"https:\/\/cuernavaca.gob.mx\/wp-content\/uploads\/2023\/02\/jornada-de-limpieza-urbana-cuernavaca-1-1024x682.jpg 1024w, https:\/\/cuernavaca.gob.mx\/wp-content\/uploads\/2023\/02\/jornada-de-limpieza-urbana-cuernavaca-1-300x200.jpg 300w, https:\/\/cuernavaca.gob.mx\/wp-content\/uploads\/2023\/02\/jornada-de-limpieza-urbana-cuernavaca-1-768x512.jpg 768w, https:\/\/cuernavaca.gob.mx\/wp-content\/uploads\/2023\/02\/jornada-de-limpieza-urbana-cuernavaca-1-600x400.jpg 600w, https:\/\/cuernavaca.gob.mx\/wp-content\/uploads\/2023\/02\/jornada-de-limpieza-urbana-cuernavaca-1-560x373.jpg 560w, https:\/\/cuernavaca.gob.mx\/wp-content\/uploads\/2023\/02\/jornada-de-limpieza-urbana-cuernavaca-1.jpg 1280w\" sizes=\"(max-width: 1024px) 100vw, 1024px\" \/><\/figure>\n\n\n\n<figure class=\"wp-block-image size-large\"><img loading=\"lazy\" width=\"1024\" height=\"682\" data-id=\"25003\"  src=\"https:\/\/cuernavaca.gob.mx\/wp-content\/uploads\/2023\/02\/jornada-de-limpieza-urbana-cuernavaca-2-1024x682.jpg\" alt=\"\" class=\"wp-image-25003\" srcset=\"https:\/\/cuernavaca.gob.mx\/wp-content\/uploads\/2023\/02\/jornada-de-limpieza-urbana-cuernavaca-2-1024x682.jpg 1024w, https:\/\/cuernavaca.gob.mx\/wp-content\/uploads\/2023\/02\/jornada-de-limpieza-urbana-cuernavaca-2-300x200.jpg 300w, https:\/\/cuernavaca.gob.mx\/wp-content\/uploads\/2023\/02\/jornada-de-limpieza-urbana-cuernavaca-2-768x512.jpg 768w, https:\/\/cuernavaca.gob.mx\/wp-content\/uploads\/2023\/02\/jornada-de-limpieza-urbana-cuernavaca-2-600x400.jpg 600w, https:\/\/cuernavaca.gob.mx\/wp-content\/uploads\/2023\/02\/jornada-de-limpieza-urbana-cuernavaca-2-560x373.jpg 560w, https:\/\/cuernavaca.gob.mx\/wp-content\/uploads\/2023\/02\/jornada-de-limpieza-urbana-cuernavaca-2.jpg 1280w\" sizes=\"(max-width: 1024px) 100vw, 1024px\" \/><\/figure>\n\n\n\n<figure class=\"wp-block-image size-large\"><img loading=\"lazy\" width=\"1024\" height=\"682\" data-id=\"25002\"  src=\"https:\/\/cuernavaca.gob.mx\/wp-content\/uploads\/2023\/02\/jornada-de-limpieza-urbana-cuernavaca-3-1024x682.jpg\" alt=\"\" class=\"wp-image-25002\" srcset=\"https:\/\/cuernavaca.gob.mx\/wp-content\/uploads\/2023\/02\/jornada-de-limpieza-urbana-cuernavaca-3-1024x682.jpg 1024w, https:\/\/cuernavaca.gob.mx\/wp-content\/uploads\/2023\/02\/jornada-de-limpieza-urbana-cuernavaca-3-300x200.jpg 300w, https:\/\/cuernavaca.gob.mx\/wp-content\/uploads\/2023\/02\/jornada-de-limpieza-urbana-cuernavaca-3-768x512.jpg 768w, https:\/\/cuernavaca.gob.mx\/wp-content\/uploads\/2023\/02\/jornada-de-limpieza-urbana-cuernavaca-3-600x400.jpg 600w, https:\/\/cuernavaca.gob.mx\/wp-content\/uploads\/2023\/02\/jornada-de-limpieza-urbana-cuernavaca-3-560x373.jpg 560w, https:\/\/cuernavaca.gob.mx\/wp-content\/uploads\/2023\/02\/jornada-de-limpieza-urbana-cuernavaca-3.jpg 1280w\" sizes=\"(max-width: 1024px) 100vw, 1024px\" \/><\/figure>\n\n\n\n<figure class=\"wp-block-image size-large\"><img loading=\"lazy\" width=\"1024\" height=\"682\" data-id=\"25009\"  src=\"https:\/\/cuernavaca.gob.mx\/wp-content\/uploads\/2023\/02\/jornada-de-limpieza-urbana-cuernavaca-4-1024x682.jpg\" alt=\"\" class=\"wp-image-25009\" srcset=\"https:\/\/cuernavaca.gob.mx\/wp-content\/uploads\/2023\/02\/jornada-de-limpieza-urbana-cuernavaca-4-1024x682.jpg 1024w, https:\/\/cuernavaca.gob.mx\/wp-content\/uploads\/2023\/02\/jornada-de-limpieza-urbana-cuernavaca-4-300x200.jpg 300w, https:\/\/cuernavaca.gob.mx\/wp-content\/uploads\/2023\/02\/jornada-de-limpieza-urbana-cuernavaca-4-768x512.jpg 768w, https:\/\/cuernavaca.gob.mx\/wp-content\/uploads\/2023\/02\/jornada-de-limpieza-urbana-cuernavaca-4-600x400.jpg 600w, https:\/\/cuernavaca.gob.mx\/wp-content\/uploads\/2023\/02\/jornada-de-limpieza-urbana-cuernavaca-4-560x373.jpg 560w, https:\/\/cuernavaca.gob.mx\/wp-content\/uploads\/2023\/02\/jornada-de-limpieza-urbana-cuernavaca-4.jpg 1280w\" sizes=\"(max-width: 1024px) 100vw, 1024px\" \/><\/figure>\n\n\n\n<figure class=\"wp-block-image size-large\"><img loading=\"lazy\" width=\"1024\" height=\"682\" data-id=\"25006\"  src=\"https:\/\/cuernavaca.gob.mx\/wp-content\/uploads\/2023\/02\/jornada-de-limpieza-urbana-cuernavaca-5-1024x682.jpg\" alt=\"\" class=\"wp-image-25006\" srcset=\"https:\/\/cuernavaca.gob.mx\/wp-content\/uploads\/2023\/02\/jornada-de-limpieza-urbana-cuernavaca-5-1024x682.jpg 1024w, https:\/\/cuernavaca.gob.mx\/wp-content\/uploads\/2023\/02\/jornada-de-limpieza-urbana-cuernavaca-5-300x200.jpg 300w, https:\/\/cuernavaca.gob.mx\/wp-content\/uploads\/2023\/02\/jornada-de-limpieza-urbana-cuernavaca-5-768x512.jpg 768w, https:\/\/cuernavaca.gob.mx\/wp-content\/uploads\/2023\/02\/jornada-de-limpieza-urbana-cuernavaca-5-600x400.jpg 600w, https:\/\/cuernavaca.gob.mx\/wp-content\/uploads\/2023\/02\/jornada-de-limpieza-urbana-cuernavaca-5-560x373.jpg 560w, https:\/\/cuernavaca.gob.mx\/wp-content\/uploads\/2023\/02\/jornada-de-limpieza-urbana-cuernavaca-5.jpg 1280w\" sizes=\"(max-width: 1024px) 100vw, 1024px\" \/><\/figure>\n\n\n\n<figure class=\"wp-block-image size-large\"><img loading=\"lazy\" width=\"1024\" height=\"682\" data-id=\"25005\"  src=\"https:\/\/cuernavaca.gob.mx\/wp-content\/uploads\/2023\/02\/jornada-de-limpieza-urbana-cuernavaca-6-1024x682.jpg\" alt=\"\" class=\"wp-image-25005\" srcset=\"https:\/\/cuernavaca.gob.mx\/wp-content\/uploads\/2023\/02\/jornada-de-limpieza-urbana-cuernavaca-6-1024x682.jpg 1024w, https:\/\/cuernavaca.gob.mx\/wp-content\/uploads\/2023\/02\/jornada-de-limpieza-urbana-cuernavaca-6-300x200.jpg 300w, https:\/\/cuernavaca.gob.mx\/wp-content\/uploads\/2023\/02\/jornada-de-limpieza-urbana-cuernavaca-6-768x512.jpg 768w, https:\/\/cuernavaca.gob.mx\/wp-content\/uploads\/2023\/02\/jornada-de-limpieza-urbana-cuernavaca-6-600x400.jpg 600w, https:\/\/cuernavaca.gob.mx\/wp-content\/uploads\/2023\/02\/jornada-de-limpieza-urbana-cuernavaca-6-560x373.jpg 560w, https:\/\/cuernavaca.gob.mx\/wp-content\/uploads\/2023\/02\/jornada-de-limpieza-urbana-cuernavaca-6.jpg 1280w\" sizes=\"(max-width: 1024px) 100vw, 1024px\" \/><\/figure>\n\n\n\n<figure class=\"wp-block-image size-large\"><img loading=\"lazy\" width=\"1024\" height=\"682\" data-id=\"25007\"  src=\"https:\/\/cuernavaca.gob.mx\/wp-content\/uploads\/2023\/02\/jornada-de-limpieza-urbana-cuernavaca-7-1024x682.jpg\" alt=\"\" class=\"wp-image-25007\" srcset=\"https:\/\/cuernavaca.gob.mx\/wp-content\/uploads\/2023\/02\/jornada-de-limpieza-urbana-cuernavaca-7-1024x682.jpg 1024w, https:\/\/cuernavaca.gob.mx\/wp-content\/uploads\/2023\/02\/jornada-de-limpieza-urbana-cuernavaca-7-300x200.jpg 300w, https:\/\/cuernavaca.gob.mx\/wp-content\/uploads\/2023\/02\/jornada-de-limpieza-urbana-cuernavaca-7-768x512.jpg 768w, https:\/\/cuernavaca.gob.mx\/wp-content\/uploads\/2023\/02\/jornada-de-limpieza-urbana-cuernavaca-7-600x400.jpg 600w, https:\/\/cuernavaca.gob.mx\/wp-content\/uploads\/2023\/02\/jornada-de-limpieza-urbana-cuernavaca-7-560x373.jpg 560w, https:\/\/cuernavaca.gob.mx\/wp-content\/uploads\/2023\/02\/jornada-de-limpieza-urbana-cuernavaca-7.jpg 1280w\" sizes=\"(max-width: 1024px) 100vw, 1024px\" \/><\/figure>\n\n\n\n<figure class=\"wp-block-image size-large\"><img loading=\"lazy\" width=\"1024\" height=\"682\" data-id=\"25004\"  src=\"https:\/\/cuernavaca.gob.mx\/wp-content\/uploads\/2023\/02\/jornada-de-limpieza-urbana-cuernavaca-8-1024x682.jpg\" alt=\"\" class=\"wp-image-25004\" srcset=\"https:\/\/cuernavaca.gob.mx\/wp-content\/uploads\/2023\/02\/jornada-de-limpieza-urbana-cuernavaca-8-1024x682.jpg 1024w, https:\/\/cuernavaca.gob.mx\/wp-content\/uploads\/2023\/02\/jornada-de-limpieza-urbana-cuernavaca-8-300x200.jpg 300w, https:\/\/cuernavaca.gob.mx\/wp-content\/uploads\/2023\/02\/jornada-de-limpieza-urbana-cuernavaca-8-768x512.jpg 768w, https:\/\/cuernavaca.gob.mx\/wp-content\/uploads\/2023\/02\/jornada-de-limpieza-urbana-cuernavaca-8-600x400.jpg 600w, https:\/\/cuernavaca.gob.mx\/wp-content\/uploads\/2023\/02\/jornada-de-limpieza-urbana-cuernavaca-8-560x373.jpg 560w, https:\/\/cuernavaca.gob.mx\/wp-content\/uploads\/2023\/02\/jornada-de-limpieza-urbana-cuernavaca-8.jpg 1280w\" sizes=\"(max-width: 1024px) 100vw, 1024px\" \/><\/figure>\n\n\n\n<figure class=\"wp-block-image size-large\"><img loading=\"lazy\" width=\"1024\" height=\"682\" data-id=\"25008\"  src=\"https:\/\/cuernavaca.gob.mx\/wp-content\/uploads\/2023\/02\/jornada-de-limpieza-urbana-cuernavaca-9-1024x682.jpg\" alt=\"\" class=\"wp-image-25008\" srcset=\"https:\/\/cuernavaca.gob.mx\/wp-content\/uploads\/2023\/02\/jornada-de-limpieza-urbana-cuernavaca-9-1024x682.jpg 1024w, https:\/\/cuernavaca.gob.mx\/wp-content\/uploads\/2023\/02\/jornada-de-limpieza-urbana-cuernavaca-9-300x200.jpg 300w, https:\/\/cuernavaca.gob.mx\/wp-content\/uploads\/2023\/02\/jornada-de-limpieza-urbana-cuernavaca-9-768x512.jpg 768w, https:\/\/cuernavaca.gob.mx\/wp-content\/uploads\/2023\/02\/jornada-de-limpieza-urbana-cuernavaca-9-600x400.jpg 600w, https:\/\/cuernavaca.gob.mx\/wp-content\/uploads\/2023\/02\/jornada-de-limpieza-urbana-cuernavaca-9-560x373.jpg 560w, https:\/\/cuernavaca.gob.mx\/wp-content\/uploads\/2023\/02\/jornada-de-limpieza-urbana-cuernavaca-9.jpg 1280w\" sizes=\"(max-width: 1024px) 100vw, 1024px\" \/><\/figure>\n\n\n\n<figure class=\"wp-block-image size-large\"><img loading=\"lazy\" width=\"1024\" height=\"682\" data-id=\"25010\"  src=\"https:\/\/cuernavaca.gob.mx\/wp-content\/uploads\/2023\/02\/jornada-de-limpieza-urbana-cuernavaca-10-1024x682.jpg\" alt=\"\" class=\"wp-image-25010\" srcset=\"https:\/\/cuernavaca.gob.mx\/wp-content\/uploads\/2023\/02\/jornada-de-limpieza-urbana-cuernavaca-10-1024x682.jpg 1024w, https:\/\/cuernavaca.gob.mx\/wp-content\/uploads\/2023\/02\/jornada-de-limpieza-urbana-cuernavaca-10-300x200.jpg 300w, https:\/\/cuernavaca.gob.mx\/wp-content\/uploads\/2023\/02\/jornada-de-limpieza-urbana-cuernavaca-10-768x512.jpg 768w, https:\/\/cuernavaca.gob.mx\/wp-content\/uploads\/2023\/02\/jornada-de-limpieza-urbana-cuernavaca-10-600x400.jpg 600w, https:\/\/cuernavaca.gob.mx\/wp-content\/uploads\/2023\/02\/jornada-de-limpieza-urbana-cuernavaca-10-560x373.jpg 560w, https:\/\/cuernavaca.gob.mx\/wp-content\/uploads\/2023\/02\/jornada-de-limpieza-urbana-cuernavaca-10.jpg 1280w\" sizes=\"(max-width: 1024px) 100vw, 1024px\" \/><\/figure>\n\n\n\n<figure class=\"wp-block-image size-large\"><img loading=\"lazy\" width=\"1024\" height=\"683\" data-id=\"25012\"  src=\"https:\/\/cuernavaca.gob.mx\/wp-content\/uploads\/2023\/02\/jornada-de-limpieza-urbana-cuernavaca-11-1024x683.jpg\" alt=\"\" class=\"wp-image-25012\" srcset=\"https:\/\/cuernavaca.gob.mx\/wp-content\/uploads\/2023\/02\/jornada-de-limpieza-urbana-cuernavaca-11-1024x683.jpg 1024w, https:\/\/cuernavaca.gob.mx\/wp-content\/uploads\/2023\/02\/jornada-de-limpieza-urbana-cuernavaca-11-300x200.jpg 300w, https:\/\/cuernavaca.gob.mx\/wp-content\/uploads\/2023\/02\/jornada-de-limpieza-urbana-cuernavaca-11-768x512.jpg 768w, https:\/\/cuernavaca.gob.mx\/wp-content\/uploads\/2023\/02\/jornada-de-limpieza-urbana-cuernavaca-11-1536x1024.jpg 1536w, https:\/\/cuernavaca.gob.mx\/wp-content\/uploads\/2023\/02\/jornada-de-limpieza-urbana-cuernavaca-11-600x400.jpg 600w, https:\/\/cuernavaca.gob.mx\/wp-content\/uploads\/2023\/02\/jornada-de-limpieza-urbana-cuernavaca-11-560x373.jpg 560w, https:\/\/cuernavaca.gob.mx\/wp-content\/uploads\/2023\/02\/jornada-de-limpieza-urbana-cuernavaca-11.jpg 1599w\" sizes=\"(max-width: 1024px) 100vw, 1024px\" \/><\/figure>\n\n\n\n<figure class=\"wp-block-image size-large\"><img loading=\"lazy\" width=\"1024\" height=\"683\" data-id=\"25014\"  src=\"https:\/\/cuernavaca.gob.mx\/wp-content\/uploads\/2023\/02\/jornada-de-limpieza-urbana-cuernavaca-12-1024x683.jpg\" alt=\"\" class=\"wp-image-25014\" srcset=\"https:\/\/cuernavaca.gob.mx\/wp-content\/uploads\/2023\/02\/jornada-de-limpieza-urbana-cuernavaca-12-1024x683.jpg 1024w, https:\/\/cuernavaca.gob.mx\/wp-content\/uploads\/2023\/02\/jornada-de-limpieza-urbana-cuernavaca-12-300x200.jpg 300w, https:\/\/cuernavaca.gob.mx\/wp-content\/uploads\/2023\/02\/jornada-de-limpieza-urbana-cuernavaca-12-768x512.jpg 768w, https:\/\/cuernavaca.gob.mx\/wp-content\/uploads\/2023\/02\/jornada-de-limpieza-urbana-cuernavaca-12-1536x1024.jpg 1536w, https:\/\/cuernavaca.gob.mx\/wp-content\/uploads\/2023\/02\/jornada-de-limpieza-urbana-cuernavaca-12-600x400.jpg 600w, https:\/\/cuernavaca.gob.mx\/wp-content\/uploads\/2023\/02\/jornada-de-limpieza-urbana-cuernavaca-12-560x373.jpg 560w, https:\/\/cuernavaca.gob.mx\/wp-content\/uploads\/2023\/02\/jornada-de-limpieza-urbana-cuernavaca-12.jpg 1599w\" sizes=\"(max-width: 1024px) 100vw, 1024px\" \/><\/figure>\n\n\n\n<figure class=\"wp-block-image size-large\"><img loading=\"lazy\" width=\"1024\" height=\"683\" data-id=\"25013\"  src=\"https:\/\/cuernavaca.gob.mx\/wp-content\/uploads\/2023\/02\/jornada-de-limpieza-urbana-cuernavaca-13-1024x683.jpg\" alt=\"\" class=\"wp-image-25013\" srcset=\"https:\/\/cuernavaca.gob.mx\/wp-content\/uploads\/2023\/02\/jornada-de-limpieza-urbana-cuernavaca-13-1024x683.jpg 1024w, https:\/\/cuernavaca.gob.mx\/wp-content\/uploads\/2023\/02\/jornada-de-limpieza-urbana-cuernavaca-13-300x200.jpg 300w, https:\/\/cuernavaca.gob.mx\/wp-content\/uploads\/2023\/02\/jornada-de-limpieza-urbana-cuernavaca-13-768x512.jpg 768w, https:\/\/cuernavaca.gob.mx\/wp-content\/uploads\/2023\/02\/jornada-de-limpieza-urbana-cuernavaca-13-1536x1024.jpg 1536w, https:\/\/cuernavaca.gob.mx\/wp-content\/uploads\/2023\/02\/jornada-de-limpieza-urbana-cuernavaca-13-600x400.jpg 600w, https:\/\/cuernavaca.gob.mx\/wp-content\/uploads\/2023\/02\/jornada-de-limpieza-urbana-cuernavaca-13-560x373.jpg 560w, https:\/\/cuernavaca.gob.mx\/wp-content\/uploads\/2023\/02\/jornada-de-limpieza-urbana-cuernavaca-13.jpg 1599w\" sizes=\"(max-width: 1024px) 100vw, 1024px\" \/><\/figure>\n\n\n\n<figure class=\"wp-block-image size-large\"><img loading=\"lazy\" width=\"1024\" height=\"682\" data-id=\"25016\"  src=\"https:\/\/cuernavaca.gob.mx\/wp-content\/uploads\/2023\/02\/jornada-de-limpieza-urbana-cuernavaca-14-1024x682.jpg\" alt=\"\" class=\"wp-image-25016\" srcset=\"https:\/\/cuernavaca.gob.mx\/wp-content\/uploads\/2023\/02\/jornada-de-limpieza-urbana-cuernavaca-14-1024x682.jpg 1024w, https:\/\/cuernavaca.gob.mx\/wp-content\/uploads\/2023\/02\/jornada-de-limpieza-urbana-cuernavaca-14-300x200.jpg 300w, https:\/\/cuernavaca.gob.mx\/wp-content\/uploads\/2023\/02\/jornada-de-limpieza-urbana-cuernavaca-14-768x512.jpg 768w, https:\/\/cuernavaca.gob.mx\/wp-content\/uploads\/2023\/02\/jornada-de-limpieza-urbana-cuernavaca-14-600x400.jpg 600w, https:\/\/cuernavaca.gob.mx\/wp-content\/uploads\/2023\/02\/jornada-de-limpieza-urbana-cuernavaca-14-560x373.jpg 560w, https:\/\/cuernavaca.gob.mx\/wp-content\/uploads\/2023\/02\/jornada-de-limpieza-urbana-cuernavaca-14.jpg 1280w\" sizes=\"(max-width: 1024px) 100vw, 1024px\" \/><\/figure>\n\n\n\n<figure class=\"wp-block-image size-large\"><img loading=\"lazy\" width=\"1024\" height=\"683\" data-id=\"25018\"  src=\"https:\/\/cuernavaca.gob.mx\/wp-content\/uploads\/2023\/02\/jornada-de-limpieza-urbana-cuernavaca-15-1024x683.jpg\" alt=\"\" class=\"wp-image-25018\" srcset=\"https:\/\/cuernavaca.gob.mx\/wp-content\/uploads\/2023\/02\/jornada-de-limpieza-urbana-cuernavaca-15-1024x683.jpg 1024w, https:\/\/cuernavaca.gob.mx\/wp-content\/uploads\/2023\/02\/jornada-de-limpieza-urbana-cuernavaca-15-300x200.jpg 300w, https:\/\/cuernavaca.gob.mx\/wp-content\/uploads\/2023\/02\/jornada-de-limpieza-urbana-cuernavaca-15-768x512.jpg 768w, https:\/\/cuernavaca.gob.mx\/wp-content\/uploads\/2023\/02\/jornada-de-limpieza-urbana-cuernavaca-15-1536x1024.jpg 1536w, https:\/\/cuernavaca.gob.mx\/wp-content\/uploads\/2023\/02\/jornada-de-limpieza-urbana-cuernavaca-15-600x400.jpg 600w, https:\/\/cuernavaca.gob.mx\/wp-content\/uploads\/2023\/02\/jornada-de-limpieza-urbana-cuernavaca-15-560x373.jpg 560w, https:\/\/cuernavaca.gob.mx\/wp-content\/uploads\/2023\/02\/jornada-de-limpieza-urbana-cuernavaca-15.jpg 1599w\" sizes=\"(max-width: 1024px) 100vw, 1024px\" \/><\/figure>\n\n\n\n<figure class=\"wp-block-image size-large\"><img loading=\"lazy\" width=\"1024\" height=\"682\" data-id=\"25015\"  src=\"https:\/\/cuernavaca.gob.mx\/wp-content\/uploads\/2023\/02\/jornada-de-limpieza-urbana-cuernavaca-16-1024x682.jpg\" alt=\"\" class=\"wp-image-25015\" srcset=\"https:\/\/cuernavaca.gob.mx\/wp-content\/uploads\/2023\/02\/jornada-de-limpieza-urbana-cuernavaca-16-1024x682.jpg 1024w, https:\/\/cuernavaca.gob.mx\/wp-content\/uploads\/2023\/02\/jornada-de-limpieza-urbana-cuernavaca-16-300x200.jpg 300w, https:\/\/cuernavaca.gob.mx\/wp-content\/uploads\/2023\/02\/jornada-de-limpieza-urbana-cuernavaca-16-768x512.jpg 768w, https:\/\/cuernavaca.gob.mx\/wp-content\/uploads\/2023\/02\/jornada-de-limpieza-urbana-cuernavaca-16-600x400.jpg 600w, https:\/\/cuernavaca.gob.mx\/wp-content\/uploads\/2023\/02\/jornada-de-limpieza-urbana-cuernavaca-16-560x373.jpg 560w, https:\/\/cuernavaca.gob.mx\/wp-content\/uploads\/2023\/02\/jornada-de-limpieza-urbana-cuernavaca-16.jpg 1280w\" sizes=\"(max-width: 1024px) 100vw, 1024px\" \/><\/figure>\n\n\n\n<figure class=\"wp-block-image size-large\"><img loading=\"lazy\" width=\"1024\" height=\"683\" data-id=\"25017\"  src=\"https:\/\/cuernavaca.gob.mx\/wp-content\/uploads\/2023\/02\/jornada-de-limpieza-urbana-cuernavaca-17-1024x683.jpg\" alt=\"\" class=\"wp-image-25017\" srcset=\"https:\/\/cuernavaca.gob.mx\/wp-content\/uploads\/2023\/02\/jornada-de-limpieza-urbana-cuernavaca-17-1024x683.jpg 1024w, https:\/\/cuernavaca.gob.mx\/wp-content\/uploads\/2023\/02\/jornada-de-limpieza-urbana-cuernavaca-17-300x200.jpg 300w, https:\/\/cuernavaca.gob.mx\/wp-content\/uploads\/2023\/02\/jornada-de-limpieza-urbana-cuernavaca-17-768x512.jpg 768w, https:\/\/cuernavaca.gob.mx\/wp-content\/uploads\/2023\/02\/jornada-de-limpieza-urbana-cuernavaca-17-1536x1024.jpg 1536w, https:\/\/cuernavaca.gob.mx\/wp-content\/uploads\/2023\/02\/jornada-de-limpieza-urbana-cuernavaca-17-600x400.jpg 600w, https:\/\/cuernavaca.gob.mx\/wp-content\/uploads\/2023\/02\/jornada-de-limpieza-urbana-cuernavaca-17-560x373.jpg 560w, https:\/\/cuernavaca.gob.mx\/wp-content\/uploads\/2023\/02\/jornada-de-limpieza-urbana-cuernavaca-17.jpg 1599w\" sizes=\"(max-width: 1024px) 100vw, 1024px\" \/><\/figure>\n\n\n\n<figure class=\"wp-block-image size-large\"><img loading=\"lazy\" width=\"1024\" height=\"682\" data-id=\"25024\"  src=\"https:\/\/cuernavaca.gob.mx\/wp-content\/uploads\/2023\/02\/jornada-de-limpieza-urbana-cuernavaca-18-1024x682.jpg\" alt=\"\" class=\"wp-image-25024\" srcset=\"https:\/\/cuernavaca.gob.mx\/wp-content\/uploads\/2023\/02\/jornada-de-limpieza-urbana-cuernavaca-18-1024x682.jpg 1024w, https:\/\/cuernavaca.gob.mx\/wp-content\/uploads\/2023\/02\/jornada-de-limpieza-urbana-cuernavaca-18-300x200.jpg 300w, https:\/\/cuernavaca.gob.mx\/wp-content\/uploads\/2023\/02\/jornada-de-limpieza-urbana-cuernavaca-18-768x512.jpg 768w, https:\/\/cuernavaca.gob.mx\/wp-content\/uploads\/2023\/02\/jornada-de-limpieza-urbana-cuernavaca-18-600x400.jpg 600w, https:\/\/cuernavaca.gob.mx\/wp-content\/uploads\/2023\/02\/jornada-de-limpieza-urbana-cuernavaca-18-560x373.jpg 560w, https:\/\/cuernavaca.gob.mx\/wp-content\/uploads\/2023\/02\/jornada-de-limpieza-urbana-cuernavaca-18.jpg 1280w\" sizes=\"(max-width: 1024px) 100vw, 1024px\" \/><\/figure>\n\n\n\n<figure class=\"wp-block-image size-large\"><img loading=\"lazy\" width=\"1024\" height=\"682\" data-id=\"25020\"  src=\"https:\/\/cuernavaca.gob.mx\/wp-content\/uploads\/2023\/02\/jornada-de-limpieza-urbana-cuernavaca-19-1024x682.jpg\" alt=\"\" class=\"wp-image-25020\" srcset=\"https:\/\/cuernavaca.gob.mx\/wp-content\/uploads\/2023\/02\/jornada-de-limpieza-urbana-cuernavaca-19-1024x682.jpg 1024w, https:\/\/cuernavaca.gob.mx\/wp-content\/uploads\/2023\/02\/jornada-de-limpieza-urbana-cuernavaca-19-300x200.jpg 300w, https:\/\/cuernavaca.gob.mx\/wp-content\/uploads\/2023\/02\/jornada-de-limpieza-urbana-cuernavaca-19-768x512.jpg 768w, https:\/\/cuernavaca.gob.mx\/wp-content\/uploads\/2023\/02\/jornada-de-limpieza-urbana-cuernavaca-19-600x400.jpg 600w, https:\/\/cuernavaca.gob.mx\/wp-content\/uploads\/2023\/02\/jornada-de-limpieza-urbana-cuernavaca-19-560x373.jpg 560w, https:\/\/cuernavaca.gob.mx\/wp-content\/uploads\/2023\/02\/jornada-de-limpieza-urbana-cuernavaca-19.jpg 1280w\" sizes=\"(max-width: 1024px) 100vw, 1024px\" \/><\/figure>\n\n\n\n<figure class=\"wp-block-image size-large\"><img loading=\"lazy\" width=\"1024\" height=\"682\" data-id=\"25019\"  src=\"https:\/\/cuernavaca.gob.mx\/wp-content\/uploads\/2023\/02\/jornada-de-limpieza-urbana-cuernavaca-20-1024x682.jpg\" alt=\"\" class=\"wp-image-25019\" srcset=\"https:\/\/cuernavaca.gob.mx\/wp-content\/uploads\/2023\/02\/jornada-de-limpieza-urbana-cuernavaca-20-1024x682.jpg 1024w, https:\/\/cuernavaca.gob.mx\/wp-content\/uploads\/2023\/02\/jornada-de-limpieza-urbana-cuernavaca-20-300x200.jpg 300w, https:\/\/cuernavaca.gob.mx\/wp-content\/uploads\/2023\/02\/jornada-de-limpieza-urbana-cuernavaca-20-768x512.jpg 768w, https:\/\/cuernavaca.gob.mx\/wp-content\/uploads\/2023\/02\/jornada-de-limpieza-urbana-cuernavaca-20-600x400.jpg 600w, https:\/\/cuernavaca.gob.mx\/wp-content\/uploads\/2023\/02\/jornada-de-limpieza-urbana-cuernavaca-20-560x373.jpg 560w, https:\/\/cuernavaca.gob.mx\/wp-content\/uploads\/2023\/02\/jornada-de-limpieza-urbana-cuernavaca-20.jpg 1280w\" sizes=\"(max-width: 1024px) 100vw, 1024px\" \/><\/figure>\n\n\n\n<figure class=\"wp-block-image size-large\"><img loading=\"lazy\" width=\"1024\" height=\"682\" data-id=\"25026\"  src=\"https:\/\/cuernavaca.gob.mx\/wp-content\/uploads\/2023\/02\/jornada-de-limpieza-urbana-cuernavaca-21-1024x682.jpg\" alt=\"\" class=\"wp-image-25026\" srcset=\"https:\/\/cuernavaca.gob.mx\/wp-content\/uploads\/2023\/02\/jornada-de-limpieza-urbana-cuernavaca-21-1024x682.jpg 1024w, https:\/\/cuernavaca.gob.mx\/wp-content\/uploads\/2023\/02\/jornada-de-limpieza-urbana-cuernavaca-21-300x200.jpg 300w, https:\/\/cuernavaca.gob.mx\/wp-content\/uploads\/2023\/02\/jornada-de-limpieza-urbana-cuernavaca-21-768x512.jpg 768w, https:\/\/cuernavaca.gob.mx\/wp-content\/uploads\/2023\/02\/jornada-de-limpieza-urbana-cuernavaca-21-600x400.jpg 600w, https:\/\/cuernavaca.gob.mx\/wp-content\/uploads\/2023\/02\/jornada-de-limpieza-urbana-cuernavaca-21-560x373.jpg 560w, https:\/\/cuernavaca.gob.mx\/wp-content\/uploads\/2023\/02\/jornada-de-limpieza-urbana-cuernavaca-21.jpg 1280w\" sizes=\"(max-width: 1024px) 100vw, 1024px\" \/><\/figure>\n\n\n\n<figure class=\"wp-block-image size-large\"><img loading=\"lazy\" width=\"1024\" height=\"682\" data-id=\"25023\"  src=\"https:\/\/cuernavaca.gob.mx\/wp-content\/uploads\/2023\/02\/jornada-de-limpieza-urbana-cuernavaca-22-1024x682.jpg\" alt=\"\" class=\"wp-image-25023\" srcset=\"https:\/\/cuernavaca.gob.mx\/wp-content\/uploads\/2023\/02\/jornada-de-limpieza-urbana-cuernavaca-22-1024x682.jpg 1024w, https:\/\/cuernavaca.gob.mx\/wp-content\/uploads\/2023\/02\/jornada-de-limpieza-urbana-cuernavaca-22-300x200.jpg 300w, https:\/\/cuernavaca.gob.mx\/wp-content\/uploads\/2023\/02\/jornada-de-limpieza-urbana-cuernavaca-22-768x512.jpg 768w, https:\/\/cuernavaca.gob.mx\/wp-content\/uploads\/2023\/02\/jornada-de-limpieza-urbana-cuernavaca-22-600x400.jpg 600w, https:\/\/cuernavaca.gob.mx\/wp-content\/uploads\/2023\/02\/jornada-de-limpieza-urbana-cuernavaca-22-560x373.jpg 560w, https:\/\/cuernavaca.gob.mx\/wp-content\/uploads\/2023\/02\/jornada-de-limpieza-urbana-cuernavaca-22.jpg 1280w\" sizes=\"(max-width: 1024px) 100vw, 1024px\" \/><\/figure>\n\n\n\n<figure class=\"wp-block-image size-large\"><img loading=\"lazy\" width=\"1024\" height=\"682\" data-id=\"25022\"  src=\"https:\/\/cuernavaca.gob.mx\/wp-content\/uploads\/2023\/02\/jornada-de-limpieza-urbana-cuernavaca-23-1024x682.jpg\" alt=\"\" class=\"wp-image-25022\" srcset=\"https:\/\/cuernavaca.gob.mx\/wp-content\/uploads\/2023\/02\/jornada-de-limpieza-urbana-cuernavaca-23-1024x682.jpg 1024w, https:\/\/cuernavaca.gob.mx\/wp-content\/uploads\/2023\/02\/jornada-de-limpieza-urbana-cuernavaca-23-300x200.jpg 300w, https:\/\/cuernavaca.gob.mx\/wp-content\/uploads\/2023\/02\/jornada-de-limpieza-urbana-cuernavaca-23-768x512.jpg 768w, https:\/\/cuernavaca.gob.mx\/wp-content\/uploads\/2023\/02\/jornada-de-limpieza-urbana-cuernavaca-23-600x400.jpg 600w, https:\/\/cuernavaca.gob.mx\/wp-content\/uploads\/2023\/02\/jornada-de-limpieza-urbana-cuernavaca-23-560x373.jpg 560w, https:\/\/cuernavaca.gob.mx\/wp-content\/uploads\/2023\/02\/jornada-de-limpieza-urbana-cuernavaca-23.jpg 1280w\" sizes=\"(max-width: 1024px) 100vw, 1024px\" \/><\/figure>\n\n\n\n<figure class=\"wp-block-image size-large\"><img loading=\"lazy\" width=\"1024\" height=\"682\" data-id=\"25025\"  src=\"https:\/\/cuernavaca.gob.mx\/wp-content\/uploads\/2023\/02\/jornada-de-limpieza-urbana-cuernavaca-24-1024x682.jpg\" alt=\"\" class=\"wp-image-25025\" srcset=\"https:\/\/cuernavaca.gob.mx\/wp-content\/uploads\/2023\/02\/jornada-de-limpieza-urbana-cuernavaca-24-1024x682.jpg 1024w, https:\/\/cuernavaca.gob.mx\/wp-content\/uploads\/2023\/02\/jornada-de-limpieza-urbana-cuernavaca-24-300x200.jpg 300w, https:\/\/cuernavaca.gob.mx\/wp-content\/uploads\/2023\/02\/jornada-de-limpieza-urbana-cuernavaca-24-768x512.jpg 768w, https:\/\/cuernavaca.gob.mx\/wp-content\/uploads\/2023\/02\/jornada-de-limpieza-urbana-cuernavaca-24-600x400.jpg 600w, https:\/\/cuernavaca.gob.mx\/wp-content\/uploads\/2023\/02\/jornada-de-limpieza-urbana-cuernavaca-24-560x373.jpg 560w, https:\/\/cuernavaca.gob.mx\/wp-content\/uploads\/2023\/02\/jornada-de-limpieza-urbana-cuernavaca-24.jpg 1280w\" sizes=\"(max-width: 1024px) 100vw, 1024px\" \/><\/figure>\n\n\n\n<figure class=\"wp-block-image size-large\"><img loading=\"lazy\" width=\"1024\" height=\"682\" data-id=\"25021\"  src=\"https:\/\/cuernavaca.gob.mx\/wp-content\/uploads\/2023\/02\/jornada-de-limpieza-urbana-cuernavaca-25-1024x682.jpg\" alt=\"\" class=\"wp-image-25021\" srcset=\"https:\/\/cuernavaca.gob.mx\/wp-content\/uploads\/2023\/02\/jornada-de-limpieza-urbana-cuernavaca-25-1024x682.jpg 1024w, https:\/\/cuernavaca.gob.mx\/wp-content\/uploads\/2023\/02\/jornada-de-limpieza-urbana-cuernavaca-25-300x200.jpg 300w, https:\/\/cuernavaca.gob.mx\/wp-content\/uploads\/2023\/02\/jornada-de-limpieza-urbana-cuernavaca-25-768x512.jpg 768w, https:\/\/cuernavaca.gob.mx\/wp-content\/uploads\/2023\/02\/jornada-de-limpieza-urbana-cuernavaca-25-600x400.jpg 600w, https:\/\/cuernavaca.gob.mx\/wp-content\/uploads\/2023\/02\/jornada-de-limpieza-urbana-cuernavaca-25-560x373.jpg 560w, https:\/\/cuernavaca.gob.mx\/wp-content\/uploads\/2023\/02\/jornada-de-limpieza-urbana-cuernavaca-25.jpg 1280w\" sizes=\"(max-width: 1024px) 100vw, 1024px\" \/><\/figure>\n\n\n\n<figure class=\"wp-block-image size-large\"><img loading=\"lazy\" width=\"1024\" height=\"682\" data-id=\"25027\"  src=\"https:\/\/cuernavaca.gob.mx\/wp-content\/uploads\/2023\/02\/jornada-de-limpieza-urbana-cuernavaca-26-1024x682.jpg\" alt=\"\" class=\"wp-image-25027\" srcset=\"https:\/\/cuernavaca.gob.mx\/wp-content\/uploads\/2023\/02\/jornada-de-limpieza-urbana-cuernavaca-26-1024x682.jpg 1024w, https:\/\/cuernavaca.gob.mx\/wp-content\/uploads\/2023\/02\/jornada-de-limpieza-urbana-cuernavaca-26-300x200.jpg 300w, https:\/\/cuernavaca.gob.mx\/wp-content\/uploads\/2023\/02\/jornada-de-limpieza-urbana-cuernavaca-26-768x512.jpg 768w, https:\/\/cuernavaca.gob.mx\/wp-content\/uploads\/2023\/02\/jornada-de-limpieza-urbana-cuernavaca-26-600x400.jpg 600w, https:\/\/cuernavaca.gob.mx\/wp-content\/uploads\/2023\/02\/jornada-de-limpieza-urbana-cuernavaca-26-560x373.jpg 560w, https:\/\/cuernavaca.gob.mx\/wp-content\/uploads\/2023\/02\/jornada-de-limpieza-urbana-cuernavaca-26.jpg 1280w\" sizes=\"(max-width: 1024px) 100vw, 1024px\" \/><\/figure>\n<\/figure>\n","protected":false},"excerpt":{"rendered":"<p>El Gobierno Municipal en coordinaci\u00f3n con voluntarios de la empresa multinacional llevaron a cabo este s\u00e1bado una macro jornada de limpieza comunitaria en el entorno urbano El presidente municipal, Jos\u00e9 Luis Uri\u00f3stegui, agradeci\u00f3 la disposici\u00f3n de Coca Cola FEMSA de aportar su fuerza trabajo para transformar una zona de Cuernavaca En irrestricto apego al lema [&hellip;]<\/p>\n","protected":false},"author":1,"featured_media":25005,"comment_status":"closed","ping_status":"open","sticky":false,"template":"","format":"standard","meta":[],"categories":[208],"tags":[121,2889,885,120,218,219,206,138],"aioseo_notices":[],"_links":{"self":[{"href":"https:\/\/cuernavaca.gob.mx\/index.php?rest_route=\/wp\/v2\/posts\/25001"}],"collection":[{"href":"https:\/\/cuernavaca.gob.mx\/index.php?rest_route=\/wp\/v2\/posts"}],"about":[{"href":"https:\/\/cuernavaca.gob.mx\/index.php?rest_route=\/wp\/v2\/types\/post"}],"author":[{"embeddable":true,"href":"https:\/\/cuernavaca.gob.mx\/index.php?rest_route=\/wp\/v2\/users\/1"}],"replies":[{"embeddable":true,"href":"https:\/\/cuernavaca.gob.mx\/index.php?rest_route=%2Fwp%2Fv2%2Fcomments&post=25001"}],"version-history":[{"count":1,"href":"https:\/\/cuernavaca.gob.mx\/index.php?rest_route=\/wp\/v2\/posts\/25001\/revisions"}],"predecessor-version":[{"id":25028,"href":"https:\/\/cuernavaca.gob.mx\/index.php?rest_route=\/wp\/v2\/posts\/25001\/revisions\/25028"}],"wp:featuredmedia":[{"embeddable":true,"href":"https:\/\/cuernavaca.gob.mx\/index.php?rest_route=\/wp\/v2\/media\/25005"}],"wp:attachment":[{"href":"https:\/\/cuernavaca.gob.mx\/index.php?rest_route=%2Fwp%2Fv2%2Fmedia&parent=25001"}],"wp:term":[{"taxonomy":"category","embeddable":true,"href":"https:\/\/cuernavaca.gob.mx\/index.php?rest_route=%2Fwp%2Fv2%2Fcategories&post=25001"},{"taxonomy":"post_tag","embeddable":true,"href":"https:\/\/cuernavaca.gob.mx\/index.php?rest_route=%2Fwp%2Fv2%2Ftags&post=25001"}],"curies":[{"name":"wp","href":"https:\/\/api.w.org\/{rel}","templated":true}]}}