{"id":25029,"date":"2023-02-12T15:00:00","date_gmt":"2023-02-12T21:00:00","guid":{"rendered":"https:\/\/cuernavaca.gob.mx\/?p=25029"},"modified":"2025-05-06T12:27:59","modified_gmt":"2025-05-06T18:27:59","slug":"b773-12-02-23-fin-de-semana-de-jornadas-de-limpieza-comunitaria-para-que-cuernavaca-renazca","status":"publish","type":"post","link":"https:\/\/cuernavaca.gob.mx\/?p=25029","title":{"rendered":"B773 12\/02\/23 FIN DE SEMANA DE JORNADAS DE LIMPIEZA COMUNITARIA PARA QUE CUERNAVACA RENAZCA"},"content":{"rendered":"\n<p><strong>\u00b0 El Alcalde capitalino junto con integrantes del Cabildo, personal de Servicios p\u00fablicos y sociedad civil intervinieron la calle Coronel Ahumada<\/strong><\/p>\n\n\n\n<p>En una de las acciones que caracterizan a esta administraci\u00f3n con el prop\u00f3sito de rescatar y embellecer los espacios p\u00fablicos de la mano con la poblaci\u00f3n, el presidente municipal de Cuernavaca, Jos\u00e9 Luis Uri\u00f3stegui Salgado, encabez\u00f3 una jornada m\u00e1s de limpieza comunitaria, en esta ocasi\u00f3n en calle Coronel Ahumada en la colonia Lomas del Mirador, donde en compa\u00f1\u00eda de integrantes del Cabildo y, personal de Servicios P\u00fablicos y vecinos, intervinieron esta zona conocida por su importante afluencia de estudiantes y familias que a diario ocultan esta vialidad.<\/p>\n\n\n\n<p>Este fin de semana, luego de haber realizado esta jornada en Avenida Central de la colonia Cuauhn\u00e1huac, se decidi\u00f3 hacer esta labor comunitaria a esta calle que comunica a la Avenida Plan de Ayala con la colonia Volcanes y Vista Hermosa, donde a pesar de alta afluencia peatonal y vehicular, se manten\u00eda en el olvido.<\/p>\n\n\n\n<p>Con sus propias herramientas, en familia, amigos y vecinos efectuaron labores de barrido manual, recolecci\u00f3n de desecho vegetal, poda de \u00e1rboles, pinta de guarniciones y retiro de publicidad en postes, recibiendo el apoyo de la Secretar\u00eda de Desarrollo Sustentable y Servicios P\u00fablicos.<\/p>\n\n\n\n<p>En estas jornadas la convivencia en comunidad ha sido uno de los pilares principales, por lo cual desde antes de ser autoridad electa, el presidente municipal en compa\u00f1\u00eda de ciudadanos comprometidos con su ciudad, las efectuaban de manera peri\u00f3dica en beneficio de la sociedad, con el inter\u00e9s de embellecer a Cuernavaca y contribuir a su mantenimiento, sumando cada d\u00eda a m\u00e1s personas que a la fecha dedican unas horas de su fin de semana para que la ciudad siga renaciendo.<\/p>\n\n\n\n<figure class=\"wp-container-2 wp-block-gallery-1 wp-block-gallery has-nested-images columns-default is-cropped\">\n<figure class=\"wp-block-image size-large\"><img loading=\"lazy\" width=\"1024\" height=\"683\" data-id=\"25031\"  src=\"https:\/\/cuernavaca.gob.mx\/wp-content\/uploads\/2023\/02\/jornada-de-limpieza-cuernavaca-1-1024x683.jpeg\" alt=\"\" class=\"wp-image-25031\" srcset=\"https:\/\/cuernavaca.gob.mx\/wp-content\/uploads\/2023\/02\/jornada-de-limpieza-cuernavaca-1-1024x683.jpeg 1024w, https:\/\/cuernavaca.gob.mx\/wp-content\/uploads\/2023\/02\/jornada-de-limpieza-cuernavaca-1-300x200.jpeg 300w, https:\/\/cuernavaca.gob.mx\/wp-content\/uploads\/2023\/02\/jornada-de-limpieza-cuernavaca-1-768x512.jpeg 768w, https:\/\/cuernavaca.gob.mx\/wp-content\/uploads\/2023\/02\/jornada-de-limpieza-cuernavaca-1-1536x1024.jpeg 1536w, https:\/\/cuernavaca.gob.mx\/wp-content\/uploads\/2023\/02\/jornada-de-limpieza-cuernavaca-1-600x400.jpeg 600w, https:\/\/cuernavaca.gob.mx\/wp-content\/uploads\/2023\/02\/jornada-de-limpieza-cuernavaca-1-560x373.jpeg 560w, https:\/\/cuernavaca.gob.mx\/wp-content\/uploads\/2023\/02\/jornada-de-limpieza-cuernavaca-1.jpeg 1599w\" sizes=\"(max-width: 1024px) 100vw, 1024px\" \/><\/figure>\n\n\n\n<figure class=\"wp-block-image size-large\"><img loading=\"lazy\" width=\"1024\" height=\"683\" data-id=\"25032\"  src=\"https:\/\/cuernavaca.gob.mx\/wp-content\/uploads\/2023\/02\/jornada-de-limpieza-cuernavaca-2-1024x683.jpeg\" alt=\"\" class=\"wp-image-25032\" srcset=\"https:\/\/cuernavaca.gob.mx\/wp-content\/uploads\/2023\/02\/jornada-de-limpieza-cuernavaca-2-1024x683.jpeg 1024w, https:\/\/cuernavaca.gob.mx\/wp-content\/uploads\/2023\/02\/jornada-de-limpieza-cuernavaca-2-300x200.jpeg 300w, https:\/\/cuernavaca.gob.mx\/wp-content\/uploads\/2023\/02\/jornada-de-limpieza-cuernavaca-2-768x512.jpeg 768w, https:\/\/cuernavaca.gob.mx\/wp-content\/uploads\/2023\/02\/jornada-de-limpieza-cuernavaca-2-1536x1024.jpeg 1536w, https:\/\/cuernavaca.gob.mx\/wp-content\/uploads\/2023\/02\/jornada-de-limpieza-cuernavaca-2-600x400.jpeg 600w, https:\/\/cuernavaca.gob.mx\/wp-content\/uploads\/2023\/02\/jornada-de-limpieza-cuernavaca-2-560x373.jpeg 560w, https:\/\/cuernavaca.gob.mx\/wp-content\/uploads\/2023\/02\/jornada-de-limpieza-cuernavaca-2.jpeg 1599w\" sizes=\"(max-width: 1024px) 100vw, 1024px\" \/><\/figure>\n\n\n\n<figure class=\"wp-block-image size-large\"><img loading=\"lazy\" width=\"1024\" height=\"683\" data-id=\"25030\"  src=\"https:\/\/cuernavaca.gob.mx\/wp-content\/uploads\/2023\/02\/jornada-de-limpieza-cuernavaca-3-1024x683.jpeg\" alt=\"\" class=\"wp-image-25030\" srcset=\"https:\/\/cuernavaca.gob.mx\/wp-content\/uploads\/2023\/02\/jornada-de-limpieza-cuernavaca-3-1024x683.jpeg 1024w, https:\/\/cuernavaca.gob.mx\/wp-content\/uploads\/2023\/02\/jornada-de-limpieza-cuernavaca-3-300x200.jpeg 300w, https:\/\/cuernavaca.gob.mx\/wp-content\/uploads\/2023\/02\/jornada-de-limpieza-cuernavaca-3-768x512.jpeg 768w, https:\/\/cuernavaca.gob.mx\/wp-content\/uploads\/2023\/02\/jornada-de-limpieza-cuernavaca-3-1536x1024.jpeg 1536w, https:\/\/cuernavaca.gob.mx\/wp-content\/uploads\/2023\/02\/jornada-de-limpieza-cuernavaca-3-600x400.jpeg 600w, https:\/\/cuernavaca.gob.mx\/wp-content\/uploads\/2023\/02\/jornada-de-limpieza-cuernavaca-3-560x373.jpeg 560w, https:\/\/cuernavaca.gob.mx\/wp-content\/uploads\/2023\/02\/jornada-de-limpieza-cuernavaca-3.jpeg 1599w\" sizes=\"(max-width: 1024px) 100vw, 1024px\" \/><\/figure>\n\n\n\n<figure class=\"wp-block-image size-large\"><img loading=\"lazy\" width=\"1024\" height=\"683\" data-id=\"25043\"  src=\"https:\/\/cuernavaca.gob.mx\/wp-content\/uploads\/2023\/02\/jornada-de-limpieza-cuernavaca-4-1024x683.jpeg\" alt=\"\" class=\"wp-image-25043\" srcset=\"https:\/\/cuernavaca.gob.mx\/wp-content\/uploads\/2023\/02\/jornada-de-limpieza-cuernavaca-4-1024x683.jpeg 1024w, https:\/\/cuernavaca.gob.mx\/wp-content\/uploads\/2023\/02\/jornada-de-limpieza-cuernavaca-4-300x200.jpeg 300w, https:\/\/cuernavaca.gob.mx\/wp-content\/uploads\/2023\/02\/jornada-de-limpieza-cuernavaca-4-768x512.jpeg 768w, https:\/\/cuernavaca.gob.mx\/wp-content\/uploads\/2023\/02\/jornada-de-limpieza-cuernavaca-4-1536x1024.jpeg 1536w, https:\/\/cuernavaca.gob.mx\/wp-content\/uploads\/2023\/02\/jornada-de-limpieza-cuernavaca-4-600x400.jpeg 600w, https:\/\/cuernavaca.gob.mx\/wp-content\/uploads\/2023\/02\/jornada-de-limpieza-cuernavaca-4-560x373.jpeg 560w, https:\/\/cuernavaca.gob.mx\/wp-content\/uploads\/2023\/02\/jornada-de-limpieza-cuernavaca-4.jpeg 1599w\" sizes=\"(max-width: 1024px) 100vw, 1024px\" \/><\/figure>\n\n\n\n<figure class=\"wp-block-image size-large\"><img loading=\"lazy\" width=\"1024\" height=\"683\" data-id=\"25044\"  src=\"https:\/\/cuernavaca.gob.mx\/wp-content\/uploads\/2023\/02\/jornada-de-limpieza-cuernavaca-5-1024x683.jpeg\" alt=\"\" class=\"wp-image-25044\" srcset=\"https:\/\/cuernavaca.gob.mx\/wp-content\/uploads\/2023\/02\/jornada-de-limpieza-cuernavaca-5-1024x683.jpeg 1024w, https:\/\/cuernavaca.gob.mx\/wp-content\/uploads\/2023\/02\/jornada-de-limpieza-cuernavaca-5-300x200.jpeg 300w, https:\/\/cuernavaca.gob.mx\/wp-content\/uploads\/2023\/02\/jornada-de-limpieza-cuernavaca-5-768x512.jpeg 768w, https:\/\/cuernavaca.gob.mx\/wp-content\/uploads\/2023\/02\/jornada-de-limpieza-cuernavaca-5-1536x1024.jpeg 1536w, https:\/\/cuernavaca.gob.mx\/wp-content\/uploads\/2023\/02\/jornada-de-limpieza-cuernavaca-5-600x400.jpeg 600w, https:\/\/cuernavaca.gob.mx\/wp-content\/uploads\/2023\/02\/jornada-de-limpieza-cuernavaca-5-560x373.jpeg 560w, https:\/\/cuernavaca.gob.mx\/wp-content\/uploads\/2023\/02\/jornada-de-limpieza-cuernavaca-5.jpeg 1599w\" sizes=\"(max-width: 1024px) 100vw, 1024px\" \/><\/figure>\n\n\n\n<figure class=\"wp-block-image size-large\"><img loading=\"lazy\" width=\"1024\" height=\"683\" data-id=\"25040\"  src=\"https:\/\/cuernavaca.gob.mx\/wp-content\/uploads\/2023\/02\/jornada-de-limpieza-cuernavaca-6-1024x683.jpeg\" alt=\"\" class=\"wp-image-25040\" srcset=\"https:\/\/cuernavaca.gob.mx\/wp-content\/uploads\/2023\/02\/jornada-de-limpieza-cuernavaca-6-1024x683.jpeg 1024w, https:\/\/cuernavaca.gob.mx\/wp-content\/uploads\/2023\/02\/jornada-de-limpieza-cuernavaca-6-300x200.jpeg 300w, https:\/\/cuernavaca.gob.mx\/wp-content\/uploads\/2023\/02\/jornada-de-limpieza-cuernavaca-6-768x512.jpeg 768w, https:\/\/cuernavaca.gob.mx\/wp-content\/uploads\/2023\/02\/jornada-de-limpieza-cuernavaca-6-1536x1024.jpeg 1536w, https:\/\/cuernavaca.gob.mx\/wp-content\/uploads\/2023\/02\/jornada-de-limpieza-cuernavaca-6-600x400.jpeg 600w, https:\/\/cuernavaca.gob.mx\/wp-content\/uploads\/2023\/02\/jornada-de-limpieza-cuernavaca-6-560x373.jpeg 560w, https:\/\/cuernavaca.gob.mx\/wp-content\/uploads\/2023\/02\/jornada-de-limpieza-cuernavaca-6.jpeg 1599w\" sizes=\"(max-width: 1024px) 100vw, 1024px\" \/><\/figure>\n\n\n\n<figure class=\"wp-block-image size-large\"><img loading=\"lazy\" width=\"1024\" height=\"683\" data-id=\"25037\"  src=\"https:\/\/cuernavaca.gob.mx\/wp-content\/uploads\/2023\/02\/jornada-de-limpieza-cuernavaca-7-1024x683.jpeg\" alt=\"\" class=\"wp-image-25037\" srcset=\"https:\/\/cuernavaca.gob.mx\/wp-content\/uploads\/2023\/02\/jornada-de-limpieza-cuernavaca-7-1024x683.jpeg 1024w, https:\/\/cuernavaca.gob.mx\/wp-content\/uploads\/2023\/02\/jornada-de-limpieza-cuernavaca-7-300x200.jpeg 300w, https:\/\/cuernavaca.gob.mx\/wp-content\/uploads\/2023\/02\/jornada-de-limpieza-cuernavaca-7-768x512.jpeg 768w, https:\/\/cuernavaca.gob.mx\/wp-content\/uploads\/2023\/02\/jornada-de-limpieza-cuernavaca-7-1536x1024.jpeg 1536w, https:\/\/cuernavaca.gob.mx\/wp-content\/uploads\/2023\/02\/jornada-de-limpieza-cuernavaca-7-600x400.jpeg 600w, https:\/\/cuernavaca.gob.mx\/wp-content\/uploads\/2023\/02\/jornada-de-limpieza-cuernavaca-7-560x373.jpeg 560w, https:\/\/cuernavaca.gob.mx\/wp-content\/uploads\/2023\/02\/jornada-de-limpieza-cuernavaca-7.jpeg 1599w\" sizes=\"(max-width: 1024px) 100vw, 1024px\" \/><\/figure>\n\n\n\n<figure class=\"wp-block-image size-large\"><img loading=\"lazy\" width=\"1024\" height=\"683\" data-id=\"25039\"  src=\"https:\/\/cuernavaca.gob.mx\/wp-content\/uploads\/2023\/02\/jornada-de-limpieza-cuernavaca-8-1024x683.jpeg\" alt=\"\" class=\"wp-image-25039\" srcset=\"https:\/\/cuernavaca.gob.mx\/wp-content\/uploads\/2023\/02\/jornada-de-limpieza-cuernavaca-8-1024x683.jpeg 1024w, https:\/\/cuernavaca.gob.mx\/wp-content\/uploads\/2023\/02\/jornada-de-limpieza-cuernavaca-8-300x200.jpeg 300w, https:\/\/cuernavaca.gob.mx\/wp-content\/uploads\/2023\/02\/jornada-de-limpieza-cuernavaca-8-768x512.jpeg 768w, https:\/\/cuernavaca.gob.mx\/wp-content\/uploads\/2023\/02\/jornada-de-limpieza-cuernavaca-8-1536x1024.jpeg 1536w, https:\/\/cuernavaca.gob.mx\/wp-content\/uploads\/2023\/02\/jornada-de-limpieza-cuernavaca-8-600x400.jpeg 600w, https:\/\/cuernavaca.gob.mx\/wp-content\/uploads\/2023\/02\/jornada-de-limpieza-cuernavaca-8-560x373.jpeg 560w, https:\/\/cuernavaca.gob.mx\/wp-content\/uploads\/2023\/02\/jornada-de-limpieza-cuernavaca-8.jpeg 1599w\" sizes=\"(max-width: 1024px) 100vw, 1024px\" \/><\/figure>\n\n\n\n<figure class=\"wp-block-image size-large\"><img loading=\"lazy\" width=\"1024\" height=\"683\" data-id=\"25033\"  src=\"https:\/\/cuernavaca.gob.mx\/wp-content\/uploads\/2023\/02\/jornada-de-limpieza-cuernavaca-9-1024x683.jpeg\" alt=\"\" class=\"wp-image-25033\" srcset=\"https:\/\/cuernavaca.gob.mx\/wp-content\/uploads\/2023\/02\/jornada-de-limpieza-cuernavaca-9-1024x683.jpeg 1024w, https:\/\/cuernavaca.gob.mx\/wp-content\/uploads\/2023\/02\/jornada-de-limpieza-cuernavaca-9-300x200.jpeg 300w, https:\/\/cuernavaca.gob.mx\/wp-content\/uploads\/2023\/02\/jornada-de-limpieza-cuernavaca-9-768x512.jpeg 768w, https:\/\/cuernavaca.gob.mx\/wp-content\/uploads\/2023\/02\/jornada-de-limpieza-cuernavaca-9-1536x1024.jpeg 1536w, https:\/\/cuernavaca.gob.mx\/wp-content\/uploads\/2023\/02\/jornada-de-limpieza-cuernavaca-9-600x400.jpeg 600w, https:\/\/cuernavaca.gob.mx\/wp-content\/uploads\/2023\/02\/jornada-de-limpieza-cuernavaca-9-560x373.jpeg 560w, https:\/\/cuernavaca.gob.mx\/wp-content\/uploads\/2023\/02\/jornada-de-limpieza-cuernavaca-9.jpeg 1599w\" sizes=\"(max-width: 1024px) 100vw, 1024px\" \/><\/figure>\n\n\n\n<figure class=\"wp-block-image size-large\"><img loading=\"lazy\" width=\"1024\" height=\"683\" data-id=\"25035\"  src=\"https:\/\/cuernavaca.gob.mx\/wp-content\/uploads\/2023\/02\/jornada-de-limpieza-cuernavaca-10-1024x683.jpeg\" alt=\"\" class=\"wp-image-25035\" srcset=\"https:\/\/cuernavaca.gob.mx\/wp-content\/uploads\/2023\/02\/jornada-de-limpieza-cuernavaca-10-1024x683.jpeg 1024w, https:\/\/cuernavaca.gob.mx\/wp-content\/uploads\/2023\/02\/jornada-de-limpieza-cuernavaca-10-300x200.jpeg 300w, https:\/\/cuernavaca.gob.mx\/wp-content\/uploads\/2023\/02\/jornada-de-limpieza-cuernavaca-10-768x512.jpeg 768w, https:\/\/cuernavaca.gob.mx\/wp-content\/uploads\/2023\/02\/jornada-de-limpieza-cuernavaca-10-1536x1024.jpeg 1536w, https:\/\/cuernavaca.gob.mx\/wp-content\/uploads\/2023\/02\/jornada-de-limpieza-cuernavaca-10-600x400.jpeg 600w, https:\/\/cuernavaca.gob.mx\/wp-content\/uploads\/2023\/02\/jornada-de-limpieza-cuernavaca-10-560x373.jpeg 560w, https:\/\/cuernavaca.gob.mx\/wp-content\/uploads\/2023\/02\/jornada-de-limpieza-cuernavaca-10.jpeg 1599w\" sizes=\"(max-width: 1024px) 100vw, 1024px\" \/><\/figure>\n\n\n\n<figure class=\"wp-block-image size-large\"><img loading=\"lazy\" width=\"1024\" height=\"683\" data-id=\"25038\"  src=\"https:\/\/cuernavaca.gob.mx\/wp-content\/uploads\/2023\/02\/jornada-de-limpieza-cuernavaca-11-1024x683.jpeg\" alt=\"\" class=\"wp-image-25038\" srcset=\"https:\/\/cuernavaca.gob.mx\/wp-content\/uploads\/2023\/02\/jornada-de-limpieza-cuernavaca-11-1024x683.jpeg 1024w, https:\/\/cuernavaca.gob.mx\/wp-content\/uploads\/2023\/02\/jornada-de-limpieza-cuernavaca-11-300x200.jpeg 300w, https:\/\/cuernavaca.gob.mx\/wp-content\/uploads\/2023\/02\/jornada-de-limpieza-cuernavaca-11-768x512.jpeg 768w, https:\/\/cuernavaca.gob.mx\/wp-content\/uploads\/2023\/02\/jornada-de-limpieza-cuernavaca-11-1536x1024.jpeg 1536w, https:\/\/cuernavaca.gob.mx\/wp-content\/uploads\/2023\/02\/jornada-de-limpieza-cuernavaca-11-600x400.jpeg 600w, https:\/\/cuernavaca.gob.mx\/wp-content\/uploads\/2023\/02\/jornada-de-limpieza-cuernavaca-11-560x373.jpeg 560w, https:\/\/cuernavaca.gob.mx\/wp-content\/uploads\/2023\/02\/jornada-de-limpieza-cuernavaca-11.jpeg 1599w\" sizes=\"(max-width: 1024px) 100vw, 1024px\" \/><\/figure>\n\n\n\n<figure class=\"wp-block-image size-large\"><img loading=\"lazy\" width=\"1024\" height=\"683\" data-id=\"25042\"  src=\"https:\/\/cuernavaca.gob.mx\/wp-content\/uploads\/2023\/02\/jornada-de-limpieza-cuernavaca-12-1024x683.jpeg\" alt=\"\" class=\"wp-image-25042\" srcset=\"https:\/\/cuernavaca.gob.mx\/wp-content\/uploads\/2023\/02\/jornada-de-limpieza-cuernavaca-12-1024x683.jpeg 1024w, https:\/\/cuernavaca.gob.mx\/wp-content\/uploads\/2023\/02\/jornada-de-limpieza-cuernavaca-12-300x200.jpeg 300w, https:\/\/cuernavaca.gob.mx\/wp-content\/uploads\/2023\/02\/jornada-de-limpieza-cuernavaca-12-768x512.jpeg 768w, https:\/\/cuernavaca.gob.mx\/wp-content\/uploads\/2023\/02\/jornada-de-limpieza-cuernavaca-12-1536x1024.jpeg 1536w, https:\/\/cuernavaca.gob.mx\/wp-content\/uploads\/2023\/02\/jornada-de-limpieza-cuernavaca-12-600x400.jpeg 600w, https:\/\/cuernavaca.gob.mx\/wp-content\/uploads\/2023\/02\/jornada-de-limpieza-cuernavaca-12-560x373.jpeg 560w, https:\/\/cuernavaca.gob.mx\/wp-content\/uploads\/2023\/02\/jornada-de-limpieza-cuernavaca-12.jpeg 1599w\" sizes=\"(max-width: 1024px) 100vw, 1024px\" \/><\/figure>\n\n\n\n<figure class=\"wp-block-image size-large\"><img loading=\"lazy\" width=\"1024\" height=\"683\" data-id=\"25034\"  src=\"https:\/\/cuernavaca.gob.mx\/wp-content\/uploads\/2023\/02\/jornada-de-limpieza-cuernavaca-13-1024x683.jpeg\" alt=\"\" class=\"wp-image-25034\" srcset=\"https:\/\/cuernavaca.gob.mx\/wp-content\/uploads\/2023\/02\/jornada-de-limpieza-cuernavaca-13-1024x683.jpeg 1024w, https:\/\/cuernavaca.gob.mx\/wp-content\/uploads\/2023\/02\/jornada-de-limpieza-cuernavaca-13-300x200.jpeg 300w, https:\/\/cuernavaca.gob.mx\/wp-content\/uploads\/2023\/02\/jornada-de-limpieza-cuernavaca-13-768x512.jpeg 768w, https:\/\/cuernavaca.gob.mx\/wp-content\/uploads\/2023\/02\/jornada-de-limpieza-cuernavaca-13-1536x1024.jpeg 1536w, https:\/\/cuernavaca.gob.mx\/wp-content\/uploads\/2023\/02\/jornada-de-limpieza-cuernavaca-13-600x400.jpeg 600w, https:\/\/cuernavaca.gob.mx\/wp-content\/uploads\/2023\/02\/jornada-de-limpieza-cuernavaca-13-560x373.jpeg 560w, https:\/\/cuernavaca.gob.mx\/wp-content\/uploads\/2023\/02\/jornada-de-limpieza-cuernavaca-13.jpeg 1599w\" sizes=\"(max-width: 1024px) 100vw, 1024px\" \/><\/figure>\n\n\n\n<figure class=\"wp-block-image size-large\"><img loading=\"lazy\" width=\"1024\" height=\"683\" data-id=\"25041\"  src=\"https:\/\/cuernavaca.gob.mx\/wp-content\/uploads\/2023\/02\/jornada-de-limpieza-cuernavaca-14-1024x683.jpeg\" alt=\"\" class=\"wp-image-25041\" srcset=\"https:\/\/cuernavaca.gob.mx\/wp-content\/uploads\/2023\/02\/jornada-de-limpieza-cuernavaca-14-1024x683.jpeg 1024w, https:\/\/cuernavaca.gob.mx\/wp-content\/uploads\/2023\/02\/jornada-de-limpieza-cuernavaca-14-300x200.jpeg 300w, https:\/\/cuernavaca.gob.mx\/wp-content\/uploads\/2023\/02\/jornada-de-limpieza-cuernavaca-14-768x512.jpeg 768w, https:\/\/cuernavaca.gob.mx\/wp-content\/uploads\/2023\/02\/jornada-de-limpieza-cuernavaca-14-1536x1024.jpeg 1536w, https:\/\/cuernavaca.gob.mx\/wp-content\/uploads\/2023\/02\/jornada-de-limpieza-cuernavaca-14-600x400.jpeg 600w, https:\/\/cuernavaca.gob.mx\/wp-content\/uploads\/2023\/02\/jornada-de-limpieza-cuernavaca-14-560x373.jpeg 560w, https:\/\/cuernavaca.gob.mx\/wp-content\/uploads\/2023\/02\/jornada-de-limpieza-cuernavaca-14.jpeg 1599w\" sizes=\"(max-width: 1024px) 100vw, 1024px\" \/><\/figure>\n\n\n\n<figure class=\"wp-block-image size-large\"><img loading=\"lazy\" width=\"1024\" height=\"683\" data-id=\"25036\"  src=\"https:\/\/cuernavaca.gob.mx\/wp-content\/uploads\/2023\/02\/jornada-de-limpieza-cuernavaca-15-1024x683.jpeg\" alt=\"\" class=\"wp-image-25036\" srcset=\"https:\/\/cuernavaca.gob.mx\/wp-content\/uploads\/2023\/02\/jornada-de-limpieza-cuernavaca-15-1024x683.jpeg 1024w, https:\/\/cuernavaca.gob.mx\/wp-content\/uploads\/2023\/02\/jornada-de-limpieza-cuernavaca-15-300x200.jpeg 300w, https:\/\/cuernavaca.gob.mx\/wp-content\/uploads\/2023\/02\/jornada-de-limpieza-cuernavaca-15-768x512.jpeg 768w, https:\/\/cuernavaca.gob.mx\/wp-content\/uploads\/2023\/02\/jornada-de-limpieza-cuernavaca-15-1536x1024.jpeg 1536w, https:\/\/cuernavaca.gob.mx\/wp-content\/uploads\/2023\/02\/jornada-de-limpieza-cuernavaca-15-600x400.jpeg 600w, https:\/\/cuernavaca.gob.mx\/wp-content\/uploads\/2023\/02\/jornada-de-limpieza-cuernavaca-15-560x373.jpeg 560w, https:\/\/cuernavaca.gob.mx\/wp-content\/uploads\/2023\/02\/jornada-de-limpieza-cuernavaca-15.jpeg 1599w\" sizes=\"(max-width: 1024px) 100vw, 1024px\" \/><\/figure>\n<\/figure>\n","protected":false},"excerpt":{"rendered":"<p>\u00b0 El Alcalde capitalino junto con integrantes del Cabildo, personal de Servicios p\u00fablicos y sociedad civil intervinieron la calle Coronel Ahumada En una de las acciones que caracterizan a esta administraci\u00f3n con el prop\u00f3sito de rescatar y embellecer los espacios p\u00fablicos de la mano con la poblaci\u00f3n, el presidente municipal de Cuernavaca, Jos\u00e9 Luis Uri\u00f3stegui [&hellip;]<\/p>\n","protected":false},"author":1,"featured_media":25034,"comment_status":"closed","ping_status":"open","sticky":false,"template":"","format":"standard","meta":[],"categories":[208],"tags":[121,303,120,218,2288,206,2908,138],"aioseo_notices":[],"_links":{"self":[{"href":"https:\/\/cuernavaca.gob.mx\/index.php?rest_route=\/wp\/v2\/posts\/25029"}],"collection":[{"href":"https:\/\/cuernavaca.gob.mx\/index.php?rest_route=\/wp\/v2\/posts"}],"about":[{"href":"https:\/\/cuernavaca.gob.mx\/index.php?rest_route=\/wp\/v2\/types\/post"}],"author":[{"embeddable":true,"href":"https:\/\/cuernavaca.gob.mx\/index.php?rest_route=\/wp\/v2\/users\/1"}],"replies":[{"embeddable":true,"href":"https:\/\/cuernavaca.gob.mx\/index.php?rest_route=%2Fwp%2Fv2%2Fcomments&post=25029"}],"version-history":[{"count":1,"href":"https:\/\/cuernavaca.gob.mx\/index.php?rest_route=\/wp\/v2\/posts\/25029\/revisions"}],"predecessor-version":[{"id":25045,"href":"https:\/\/cuernavaca.gob.mx\/index.php?rest_route=\/wp\/v2\/posts\/25029\/revisions\/25045"}],"wp:featuredmedia":[{"embeddable":true,"href":"https:\/\/cuernavaca.gob.mx\/index.php?rest_route=\/wp\/v2\/media\/25034"}],"wp:attachment":[{"href":"https:\/\/cuernavaca.gob.mx\/index.php?rest_route=%2Fwp%2Fv2%2Fmedia&parent=25029"}],"wp:term":[{"taxonomy":"category","embeddable":true,"href":"https:\/\/cuernavaca.gob.mx\/index.php?rest_route=%2Fwp%2Fv2%2Fcategories&post=25029"},{"taxonomy":"post_tag","embeddable":true,"href":"https:\/\/cuernavaca.gob.mx\/index.php?rest_route=%2Fwp%2Fv2%2Ftags&post=25029"}],"curies":[{"name":"wp","href":"https:\/\/api.w.org\/{rel}","templated":true}]}}