{"id":25134,"date":"2023-02-14T18:30:00","date_gmt":"2023-02-15T00:30:00","guid":{"rendered":"https:\/\/cuernavaca.gob.mx\/?p=25134"},"modified":"2025-05-06T12:28:40","modified_gmt":"2025-05-06T18:28:40","slug":"b778-14-02-23-en-cuernavaca-150-parejas-dijeron-si-acepto-en-la-campana-de-matrimonios-organizada-por-el-dif-cuernavaca","status":"publish","type":"post","link":"https:\/\/cuernavaca.gob.mx\/?p=25134","title":{"rendered":"B778 14\/02\/23 EN CUERNAVACA 150 PAREJAS DIJERON \u201c\u00a1S\u00cd, ACEPTO!\u201d EN LA CAMPA\u00d1A DE MATRIMONIOS ORGANIZADA POR EL DIF CUERNAVACA"},"content":{"rendered":"\n<p>\u2022 En el marco del D\u00eda del Amor y la Amistad, adultos mayores, adultos, j\u00f3venes y parejas igualitarias formalizaron ante jueces su uni\u00f3n otorg\u00e1ndoles seguridad y certeza jur\u00eddica<\/p>\n\n\n\n<p>\u2022 Este evento se pudo organizar por segundo a\u00f1o consecutivo con la suma de esfuerzos de la iniciativa privada, la sociedad y el Ayuntamiento de Cuernavaca<\/p>\n\n\n\n<p>Por segundo a\u00f1o consecutivo y con una alta participaci\u00f3n ciudadana, este martes 14 de febrero el Sistema Municipal DIF Cuernavaca llev\u00f3 a cabo la ceremonia simb\u00f3lica de la jornada de matrimonios gratuitos \u201c\u00a1S\u00ed, acepto!\u201d, donde 150 parejas formalizaron su uni\u00f3n legalmente, entre estos dos parejas igualitarias, al atender la convocatoria para fortalecer los v\u00ednculos de familia, otorg\u00e1ndoles seguridad y certeza jur\u00eddica para que todas y todos sus integrantes tengan los mismos derechos y obligaciones.<\/p>\n\n\n\n<p>A iniciativa de la presidenta del Sistema Municipal DIF Cuernavaca, Luz Mar\u00eda Zagal Guzm\u00e1n, en coordinaci\u00f3n con la Secretar\u00eda del Ayuntamiento, a trav\u00e9s de las Oficial\u00edas del Registro Civil 1 y 3, se abri\u00f3 la convocatoria a adulto mayores, adultos, j\u00f3venes mayores de edad y parejas igualitarias del municipio que por alg\u00fan motivo no hab\u00edan podido contraer matrimonio, siendo en el marco del D\u00eda del Amor y la Amistad el momento id\u00f3neo para hacerlo de manera simult\u00e1nea con otras parejas.<\/p>\n\n\n\n<p>Teniendo como escenario el jard\u00edn de eventos \u201cLa Estancia\u201d, donde el ambiente de alegr\u00eda, festividad, cari\u00f1o y compromiso se hizo presente, Luz Mar\u00eda Zagal Guzm\u00e1n, expres\u00f3 que esta celebraci\u00f3n fortalece los v\u00ednculos de familia, proporcionando un espacio de convivencia arm\u00f3nica a sus integrantes y brinda seguridad para un desarrollo humano basado en principios y valores que construyen la c\u00e9lula b\u00e1sica de la sociedad, proporcionando fortaleza individual e identidad a la comunidad.<\/p>\n\n\n\n<p>Reconoci\u00f3 que como ocurri\u00f3 hace un a\u00f1o, la suma de esfuerzos con la iniciativa privada y la sociedad fue fundamental para ofrecerlas a las y los contrayentes, as\u00ed como a sus invitados, no solo una ceremonia de primer nivel, sino tambi\u00e9n algunas cortes\u00edas para seguir festejando su uni\u00f3n ante la ley y la sociedad en la construcci\u00f3n de una vida com\u00fan; resaltando el decidido apoyo de su esposo, el presidente municipal, Jos\u00e9 Luis Uri\u00f3stegui Salgado para efectuar este evento, en colaboraci\u00f3n del secretario del Ayuntamiento, Carlos de la Rosa Segura y el acompa\u00f1amiento del Cabildo.<\/p>\n\n\n\n<p>En su mensaje, Jos\u00e9 Luis Uri\u00f3stegui indic\u00f3 que este apoyo recibido por parte de la iniciativa privada y sociedad dieron como resultado que el municipio no erogara recursos para la ceremonia y que las parejas pudieran contraer matrimonio de manera gratuita, un paso decisivo para consolidar su uni\u00f3n y generar una familia protegida por la ley, en la que prevalecer\u00e1n distintos derechos.<\/p>\n\n\n\n<p>\u201cPero esto es lo m\u00ednimo, lo m\u00e1ximo es estar aqu\u00ed, conviviendo con ustedes, compartiendo su felicidad y dese\u00e1ndoles que esta uni\u00f3n que hoy inicia de manera formal trascienda a los a\u00f1os, que les permita la dicha de ver hijos, nietos y hasta bisnietos. El matrimonio nos permite gozar, tener complicidad con nuestra pareja y hacer planes de largo plazo, que los suyos no se queden solo en planes, sino que logren materializarlos\u201d, expres\u00f3.<\/p>\n\n\n\n<p>Los oficiales del Registro Civil 01, Eduardo Villarreal Torres y del Registro Civil 03, Claudia Popoca Gonz\u00e1lez, oficiaron la ceremonia, donde las 150 parejas se dieron el \u00a1S\u00ed, acepto! ante la presencia de sus familiares, hijas e hijos, nietos y amistades, as\u00ed como de la s\u00edndica municipal, Ver\u00f3nica Atenco P\u00e9rez; y las y los regidores Wendi Salinas Ruiz, Paz Hern\u00e1ndez Pardo, Lucero Cuenca Noria, Patricia Torres Rosales, Mireya Delgado Romero, Debendranath Salazar Solorio, V\u00edctor Manzo God\u00ednez, Jes\u00fas Rosales Puebla, Adri\u00e1n Mart\u00ednez Terrazas, Christian P\u00e9rez Jaimes y Fernando Carrillo Alvarado, quienes atestiguaron las uniones.<\/p>\n\n\n\n<figure class=\"wp-container-2 wp-block-gallery-1 wp-block-gallery has-nested-images columns-default is-cropped\">\n<figure class=\"wp-block-image size-large\"><img loading=\"lazy\" width=\"1024\" height=\"682\" data-id=\"25135\"  src=\"https:\/\/cuernavaca.gob.mx\/wp-content\/uploads\/2023\/02\/bodas-cuernavaca-2023-1-1024x682.jpg\" alt=\"\" class=\"wp-image-25135\" srcset=\"https:\/\/cuernavaca.gob.mx\/wp-content\/uploads\/2023\/02\/bodas-cuernavaca-2023-1-1024x682.jpg 1024w, https:\/\/cuernavaca.gob.mx\/wp-content\/uploads\/2023\/02\/bodas-cuernavaca-2023-1-300x200.jpg 300w, https:\/\/cuernavaca.gob.mx\/wp-content\/uploads\/2023\/02\/bodas-cuernavaca-2023-1-768x512.jpg 768w, https:\/\/cuernavaca.gob.mx\/wp-content\/uploads\/2023\/02\/bodas-cuernavaca-2023-1-1536x1023.jpg 1536w, https:\/\/cuernavaca.gob.mx\/wp-content\/uploads\/2023\/02\/bodas-cuernavaca-2023-1-600x400.jpg 600w, https:\/\/cuernavaca.gob.mx\/wp-content\/uploads\/2023\/02\/bodas-cuernavaca-2023-1-560x373.jpg 560w, https:\/\/cuernavaca.gob.mx\/wp-content\/uploads\/2023\/02\/bodas-cuernavaca-2023-1.jpg 1600w\" sizes=\"(max-width: 1024px) 100vw, 1024px\" \/><\/figure>\n\n\n\n<figure class=\"wp-block-image size-large\"><img loading=\"lazy\" width=\"1024\" height=\"682\" data-id=\"25141\"  src=\"https:\/\/cuernavaca.gob.mx\/wp-content\/uploads\/2023\/02\/bodas-cuernavaca-2023-2-1024x682.jpg\" alt=\"\" class=\"wp-image-25141\" srcset=\"https:\/\/cuernavaca.gob.mx\/wp-content\/uploads\/2023\/02\/bodas-cuernavaca-2023-2-1024x682.jpg 1024w, https:\/\/cuernavaca.gob.mx\/wp-content\/uploads\/2023\/02\/bodas-cuernavaca-2023-2-300x200.jpg 300w, https:\/\/cuernavaca.gob.mx\/wp-content\/uploads\/2023\/02\/bodas-cuernavaca-2023-2-768x512.jpg 768w, https:\/\/cuernavaca.gob.mx\/wp-content\/uploads\/2023\/02\/bodas-cuernavaca-2023-2-1536x1023.jpg 1536w, https:\/\/cuernavaca.gob.mx\/wp-content\/uploads\/2023\/02\/bodas-cuernavaca-2023-2-600x400.jpg 600w, https:\/\/cuernavaca.gob.mx\/wp-content\/uploads\/2023\/02\/bodas-cuernavaca-2023-2-560x373.jpg 560w, https:\/\/cuernavaca.gob.mx\/wp-content\/uploads\/2023\/02\/bodas-cuernavaca-2023-2.jpg 1600w\" sizes=\"(max-width: 1024px) 100vw, 1024px\" \/><\/figure>\n\n\n\n<figure class=\"wp-block-image size-large\"><img loading=\"lazy\" width=\"1024\" height=\"682\" data-id=\"25142\"  src=\"https:\/\/cuernavaca.gob.mx\/wp-content\/uploads\/2023\/02\/bodas-cuernavaca-2023-3-1024x682.jpg\" alt=\"\" class=\"wp-image-25142\" srcset=\"https:\/\/cuernavaca.gob.mx\/wp-content\/uploads\/2023\/02\/bodas-cuernavaca-2023-3-1024x682.jpg 1024w, https:\/\/cuernavaca.gob.mx\/wp-content\/uploads\/2023\/02\/bodas-cuernavaca-2023-3-300x200.jpg 300w, https:\/\/cuernavaca.gob.mx\/wp-content\/uploads\/2023\/02\/bodas-cuernavaca-2023-3-768x512.jpg 768w, https:\/\/cuernavaca.gob.mx\/wp-content\/uploads\/2023\/02\/bodas-cuernavaca-2023-3-1536x1023.jpg 1536w, https:\/\/cuernavaca.gob.mx\/wp-content\/uploads\/2023\/02\/bodas-cuernavaca-2023-3-600x400.jpg 600w, https:\/\/cuernavaca.gob.mx\/wp-content\/uploads\/2023\/02\/bodas-cuernavaca-2023-3-560x373.jpg 560w, https:\/\/cuernavaca.gob.mx\/wp-content\/uploads\/2023\/02\/bodas-cuernavaca-2023-3.jpg 1600w\" sizes=\"(max-width: 1024px) 100vw, 1024px\" \/><\/figure>\n\n\n\n<figure class=\"wp-block-image size-large\"><img loading=\"lazy\" width=\"1024\" height=\"682\" data-id=\"25139\"  src=\"https:\/\/cuernavaca.gob.mx\/wp-content\/uploads\/2023\/02\/bodas-cuernavaca-2023-4-1024x682.jpg\" alt=\"\" class=\"wp-image-25139\" srcset=\"https:\/\/cuernavaca.gob.mx\/wp-content\/uploads\/2023\/02\/bodas-cuernavaca-2023-4-1024x682.jpg 1024w, https:\/\/cuernavaca.gob.mx\/wp-content\/uploads\/2023\/02\/bodas-cuernavaca-2023-4-300x200.jpg 300w, https:\/\/cuernavaca.gob.mx\/wp-content\/uploads\/2023\/02\/bodas-cuernavaca-2023-4-768x512.jpg 768w, https:\/\/cuernavaca.gob.mx\/wp-content\/uploads\/2023\/02\/bodas-cuernavaca-2023-4-1536x1023.jpg 1536w, https:\/\/cuernavaca.gob.mx\/wp-content\/uploads\/2023\/02\/bodas-cuernavaca-2023-4-600x400.jpg 600w, https:\/\/cuernavaca.gob.mx\/wp-content\/uploads\/2023\/02\/bodas-cuernavaca-2023-4-560x373.jpg 560w, https:\/\/cuernavaca.gob.mx\/wp-content\/uploads\/2023\/02\/bodas-cuernavaca-2023-4.jpg 1600w\" sizes=\"(max-width: 1024px) 100vw, 1024px\" \/><\/figure>\n\n\n\n<figure class=\"wp-block-image size-large\"><img loading=\"lazy\" width=\"1024\" height=\"682\" data-id=\"25140\"  src=\"https:\/\/cuernavaca.gob.mx\/wp-content\/uploads\/2023\/02\/bodas-cuernavaca-2023-5-1024x682.jpg\" alt=\"\" class=\"wp-image-25140\" srcset=\"https:\/\/cuernavaca.gob.mx\/wp-content\/uploads\/2023\/02\/bodas-cuernavaca-2023-5-1024x682.jpg 1024w, https:\/\/cuernavaca.gob.mx\/wp-content\/uploads\/2023\/02\/bodas-cuernavaca-2023-5-300x200.jpg 300w, https:\/\/cuernavaca.gob.mx\/wp-content\/uploads\/2023\/02\/bodas-cuernavaca-2023-5-768x512.jpg 768w, https:\/\/cuernavaca.gob.mx\/wp-content\/uploads\/2023\/02\/bodas-cuernavaca-2023-5-1536x1023.jpg 1536w, https:\/\/cuernavaca.gob.mx\/wp-content\/uploads\/2023\/02\/bodas-cuernavaca-2023-5-600x400.jpg 600w, https:\/\/cuernavaca.gob.mx\/wp-content\/uploads\/2023\/02\/bodas-cuernavaca-2023-5-560x373.jpg 560w, https:\/\/cuernavaca.gob.mx\/wp-content\/uploads\/2023\/02\/bodas-cuernavaca-2023-5.jpg 1600w\" sizes=\"(max-width: 1024px) 100vw, 1024px\" \/><\/figure>\n\n\n\n<figure class=\"wp-block-image size-large\"><img loading=\"lazy\" width=\"1024\" height=\"682\" data-id=\"25159\"  src=\"https:\/\/cuernavaca.gob.mx\/wp-content\/uploads\/2023\/02\/bodas-cuernavaca-2023-6-1024x682.jpg\" alt=\"\" class=\"wp-image-25159\" srcset=\"https:\/\/cuernavaca.gob.mx\/wp-content\/uploads\/2023\/02\/bodas-cuernavaca-2023-6-1024x682.jpg 1024w, https:\/\/cuernavaca.gob.mx\/wp-content\/uploads\/2023\/02\/bodas-cuernavaca-2023-6-300x200.jpg 300w, https:\/\/cuernavaca.gob.mx\/wp-content\/uploads\/2023\/02\/bodas-cuernavaca-2023-6-768x512.jpg 768w, https:\/\/cuernavaca.gob.mx\/wp-content\/uploads\/2023\/02\/bodas-cuernavaca-2023-6-1536x1023.jpg 1536w, https:\/\/cuernavaca.gob.mx\/wp-content\/uploads\/2023\/02\/bodas-cuernavaca-2023-6-600x400.jpg 600w, https:\/\/cuernavaca.gob.mx\/wp-content\/uploads\/2023\/02\/bodas-cuernavaca-2023-6-560x373.jpg 560w, https:\/\/cuernavaca.gob.mx\/wp-content\/uploads\/2023\/02\/bodas-cuernavaca-2023-6.jpg 1600w\" sizes=\"(max-width: 1024px) 100vw, 1024px\" \/><\/figure>\n\n\n\n<figure class=\"wp-block-image size-large\"><img loading=\"lazy\" width=\"1024\" height=\"682\" data-id=\"25137\"  src=\"https:\/\/cuernavaca.gob.mx\/wp-content\/uploads\/2023\/02\/bodas-cuernavaca-2023-7-1024x682.jpg\" alt=\"\" class=\"wp-image-25137\" srcset=\"https:\/\/cuernavaca.gob.mx\/wp-content\/uploads\/2023\/02\/bodas-cuernavaca-2023-7-1024x682.jpg 1024w, https:\/\/cuernavaca.gob.mx\/wp-content\/uploads\/2023\/02\/bodas-cuernavaca-2023-7-300x200.jpg 300w, https:\/\/cuernavaca.gob.mx\/wp-content\/uploads\/2023\/02\/bodas-cuernavaca-2023-7-768x512.jpg 768w, https:\/\/cuernavaca.gob.mx\/wp-content\/uploads\/2023\/02\/bodas-cuernavaca-2023-7-1536x1023.jpg 1536w, https:\/\/cuernavaca.gob.mx\/wp-content\/uploads\/2023\/02\/bodas-cuernavaca-2023-7-600x400.jpg 600w, https:\/\/cuernavaca.gob.mx\/wp-content\/uploads\/2023\/02\/bodas-cuernavaca-2023-7-560x373.jpg 560w, https:\/\/cuernavaca.gob.mx\/wp-content\/uploads\/2023\/02\/bodas-cuernavaca-2023-7.jpg 1600w\" sizes=\"(max-width: 1024px) 100vw, 1024px\" \/><\/figure>\n\n\n\n<figure class=\"wp-block-image size-large\"><img loading=\"lazy\" width=\"1024\" height=\"682\" data-id=\"25160\"  src=\"https:\/\/cuernavaca.gob.mx\/wp-content\/uploads\/2023\/02\/bodas-cuernavaca-2023-8-1024x682.jpg\" alt=\"\" class=\"wp-image-25160\" srcset=\"https:\/\/cuernavaca.gob.mx\/wp-content\/uploads\/2023\/02\/bodas-cuernavaca-2023-8-1024x682.jpg 1024w, https:\/\/cuernavaca.gob.mx\/wp-content\/uploads\/2023\/02\/bodas-cuernavaca-2023-8-300x200.jpg 300w, https:\/\/cuernavaca.gob.mx\/wp-content\/uploads\/2023\/02\/bodas-cuernavaca-2023-8-768x512.jpg 768w, https:\/\/cuernavaca.gob.mx\/wp-content\/uploads\/2023\/02\/bodas-cuernavaca-2023-8-1536x1023.jpg 1536w, https:\/\/cuernavaca.gob.mx\/wp-content\/uploads\/2023\/02\/bodas-cuernavaca-2023-8-600x400.jpg 600w, https:\/\/cuernavaca.gob.mx\/wp-content\/uploads\/2023\/02\/bodas-cuernavaca-2023-8-560x373.jpg 560w, https:\/\/cuernavaca.gob.mx\/wp-content\/uploads\/2023\/02\/bodas-cuernavaca-2023-8.jpg 1600w\" sizes=\"(max-width: 1024px) 100vw, 1024px\" \/><\/figure>\n\n\n\n<figure class=\"wp-block-image size-large\"><img loading=\"lazy\" width=\"1024\" height=\"682\" data-id=\"25138\"  src=\"https:\/\/cuernavaca.gob.mx\/wp-content\/uploads\/2023\/02\/bodas-cuernavaca-2023-9-1024x682.jpg\" alt=\"\" class=\"wp-image-25138\" srcset=\"https:\/\/cuernavaca.gob.mx\/wp-content\/uploads\/2023\/02\/bodas-cuernavaca-2023-9-1024x682.jpg 1024w, https:\/\/cuernavaca.gob.mx\/wp-content\/uploads\/2023\/02\/bodas-cuernavaca-2023-9-300x200.jpg 300w, https:\/\/cuernavaca.gob.mx\/wp-content\/uploads\/2023\/02\/bodas-cuernavaca-2023-9-768x512.jpg 768w, https:\/\/cuernavaca.gob.mx\/wp-content\/uploads\/2023\/02\/bodas-cuernavaca-2023-9-1536x1023.jpg 1536w, https:\/\/cuernavaca.gob.mx\/wp-content\/uploads\/2023\/02\/bodas-cuernavaca-2023-9-600x400.jpg 600w, https:\/\/cuernavaca.gob.mx\/wp-content\/uploads\/2023\/02\/bodas-cuernavaca-2023-9-560x373.jpg 560w, https:\/\/cuernavaca.gob.mx\/wp-content\/uploads\/2023\/02\/bodas-cuernavaca-2023-9.jpg 1600w\" sizes=\"(max-width: 1024px) 100vw, 1024px\" \/><\/figure>\n\n\n\n<figure class=\"wp-block-image size-large\"><img loading=\"lazy\" width=\"1024\" height=\"682\" data-id=\"25136\"  src=\"https:\/\/cuernavaca.gob.mx\/wp-content\/uploads\/2023\/02\/bodas-cuernavaca-2023-10-1024x682.jpg\" alt=\"\" class=\"wp-image-25136\" srcset=\"https:\/\/cuernavaca.gob.mx\/wp-content\/uploads\/2023\/02\/bodas-cuernavaca-2023-10-1024x682.jpg 1024w, https:\/\/cuernavaca.gob.mx\/wp-content\/uploads\/2023\/02\/bodas-cuernavaca-2023-10-300x200.jpg 300w, https:\/\/cuernavaca.gob.mx\/wp-content\/uploads\/2023\/02\/bodas-cuernavaca-2023-10-768x512.jpg 768w, https:\/\/cuernavaca.gob.mx\/wp-content\/uploads\/2023\/02\/bodas-cuernavaca-2023-10-1536x1023.jpg 1536w, https:\/\/cuernavaca.gob.mx\/wp-content\/uploads\/2023\/02\/bodas-cuernavaca-2023-10-600x400.jpg 600w, https:\/\/cuernavaca.gob.mx\/wp-content\/uploads\/2023\/02\/bodas-cuernavaca-2023-10-560x373.jpg 560w, https:\/\/cuernavaca.gob.mx\/wp-content\/uploads\/2023\/02\/bodas-cuernavaca-2023-10.jpg 1600w\" sizes=\"(max-width: 1024px) 100vw, 1024px\" \/><\/figure>\n\n\n\n<figure class=\"wp-block-image size-large\"><img loading=\"lazy\" width=\"1024\" height=\"682\" data-id=\"25144\"  src=\"https:\/\/cuernavaca.gob.mx\/wp-content\/uploads\/2023\/02\/bodas-cuernavaca-2023-11-1024x682.jpg\" alt=\"\" class=\"wp-image-25144\" srcset=\"https:\/\/cuernavaca.gob.mx\/wp-content\/uploads\/2023\/02\/bodas-cuernavaca-2023-11-1024x682.jpg 1024w, https:\/\/cuernavaca.gob.mx\/wp-content\/uploads\/2023\/02\/bodas-cuernavaca-2023-11-300x200.jpg 300w, https:\/\/cuernavaca.gob.mx\/wp-content\/uploads\/2023\/02\/bodas-cuernavaca-2023-11-768x512.jpg 768w, https:\/\/cuernavaca.gob.mx\/wp-content\/uploads\/2023\/02\/bodas-cuernavaca-2023-11-1536x1023.jpg 1536w, https:\/\/cuernavaca.gob.mx\/wp-content\/uploads\/2023\/02\/bodas-cuernavaca-2023-11-600x400.jpg 600w, https:\/\/cuernavaca.gob.mx\/wp-content\/uploads\/2023\/02\/bodas-cuernavaca-2023-11-560x373.jpg 560w, https:\/\/cuernavaca.gob.mx\/wp-content\/uploads\/2023\/02\/bodas-cuernavaca-2023-11.jpg 1600w\" sizes=\"(max-width: 1024px) 100vw, 1024px\" \/><\/figure>\n\n\n\n<figure class=\"wp-block-image size-large\"><img loading=\"lazy\" width=\"1024\" height=\"682\" data-id=\"25143\"  src=\"https:\/\/cuernavaca.gob.mx\/wp-content\/uploads\/2023\/02\/bodas-cuernavaca-2023-12-1024x682.jpg\" alt=\"\" class=\"wp-image-25143\" srcset=\"https:\/\/cuernavaca.gob.mx\/wp-content\/uploads\/2023\/02\/bodas-cuernavaca-2023-12-1024x682.jpg 1024w, https:\/\/cuernavaca.gob.mx\/wp-content\/uploads\/2023\/02\/bodas-cuernavaca-2023-12-300x200.jpg 300w, https:\/\/cuernavaca.gob.mx\/wp-content\/uploads\/2023\/02\/bodas-cuernavaca-2023-12-768x512.jpg 768w, https:\/\/cuernavaca.gob.mx\/wp-content\/uploads\/2023\/02\/bodas-cuernavaca-2023-12-1536x1023.jpg 1536w, https:\/\/cuernavaca.gob.mx\/wp-content\/uploads\/2023\/02\/bodas-cuernavaca-2023-12-600x400.jpg 600w, https:\/\/cuernavaca.gob.mx\/wp-content\/uploads\/2023\/02\/bodas-cuernavaca-2023-12-560x373.jpg 560w, https:\/\/cuernavaca.gob.mx\/wp-content\/uploads\/2023\/02\/bodas-cuernavaca-2023-12.jpg 1600w\" sizes=\"(max-width: 1024px) 100vw, 1024px\" \/><\/figure>\n\n\n\n<figure class=\"wp-block-image size-large\"><img loading=\"lazy\" width=\"1024\" height=\"682\" data-id=\"25145\"  src=\"https:\/\/cuernavaca.gob.mx\/wp-content\/uploads\/2023\/02\/bodas-cuernavaca-2023-13-1024x682.jpg\" alt=\"\" class=\"wp-image-25145\" srcset=\"https:\/\/cuernavaca.gob.mx\/wp-content\/uploads\/2023\/02\/bodas-cuernavaca-2023-13-1024x682.jpg 1024w, https:\/\/cuernavaca.gob.mx\/wp-content\/uploads\/2023\/02\/bodas-cuernavaca-2023-13-300x200.jpg 300w, https:\/\/cuernavaca.gob.mx\/wp-content\/uploads\/2023\/02\/bodas-cuernavaca-2023-13-768x512.jpg 768w, https:\/\/cuernavaca.gob.mx\/wp-content\/uploads\/2023\/02\/bodas-cuernavaca-2023-13-1536x1023.jpg 1536w, https:\/\/cuernavaca.gob.mx\/wp-content\/uploads\/2023\/02\/bodas-cuernavaca-2023-13-600x400.jpg 600w, https:\/\/cuernavaca.gob.mx\/wp-content\/uploads\/2023\/02\/bodas-cuernavaca-2023-13-560x373.jpg 560w, https:\/\/cuernavaca.gob.mx\/wp-content\/uploads\/2023\/02\/bodas-cuernavaca-2023-13.jpg 1600w\" sizes=\"(max-width: 1024px) 100vw, 1024px\" \/><\/figure>\n\n\n\n<figure class=\"wp-block-image size-large\"><img loading=\"lazy\" width=\"1024\" height=\"682\" data-id=\"25148\"  src=\"https:\/\/cuernavaca.gob.mx\/wp-content\/uploads\/2023\/02\/bodas-cuernavaca-2023-14-1024x682.jpg\" alt=\"\" class=\"wp-image-25148\" srcset=\"https:\/\/cuernavaca.gob.mx\/wp-content\/uploads\/2023\/02\/bodas-cuernavaca-2023-14-1024x682.jpg 1024w, https:\/\/cuernavaca.gob.mx\/wp-content\/uploads\/2023\/02\/bodas-cuernavaca-2023-14-300x200.jpg 300w, https:\/\/cuernavaca.gob.mx\/wp-content\/uploads\/2023\/02\/bodas-cuernavaca-2023-14-768x512.jpg 768w, https:\/\/cuernavaca.gob.mx\/wp-content\/uploads\/2023\/02\/bodas-cuernavaca-2023-14-1536x1023.jpg 1536w, https:\/\/cuernavaca.gob.mx\/wp-content\/uploads\/2023\/02\/bodas-cuernavaca-2023-14-600x400.jpg 600w, https:\/\/cuernavaca.gob.mx\/wp-content\/uploads\/2023\/02\/bodas-cuernavaca-2023-14-560x373.jpg 560w, https:\/\/cuernavaca.gob.mx\/wp-content\/uploads\/2023\/02\/bodas-cuernavaca-2023-14.jpg 1600w\" sizes=\"(max-width: 1024px) 100vw, 1024px\" \/><\/figure>\n\n\n\n<figure class=\"wp-block-image size-large\"><img loading=\"lazy\" width=\"1024\" height=\"682\" data-id=\"25147\"  src=\"https:\/\/cuernavaca.gob.mx\/wp-content\/uploads\/2023\/02\/bodas-cuernavaca-2023-15-1024x682.jpg\" alt=\"\" class=\"wp-image-25147\" srcset=\"https:\/\/cuernavaca.gob.mx\/wp-content\/uploads\/2023\/02\/bodas-cuernavaca-2023-15-1024x682.jpg 1024w, https:\/\/cuernavaca.gob.mx\/wp-content\/uploads\/2023\/02\/bodas-cuernavaca-2023-15-300x200.jpg 300w, https:\/\/cuernavaca.gob.mx\/wp-content\/uploads\/2023\/02\/bodas-cuernavaca-2023-15-768x512.jpg 768w, https:\/\/cuernavaca.gob.mx\/wp-content\/uploads\/2023\/02\/bodas-cuernavaca-2023-15-1536x1023.jpg 1536w, https:\/\/cuernavaca.gob.mx\/wp-content\/uploads\/2023\/02\/bodas-cuernavaca-2023-15-600x400.jpg 600w, https:\/\/cuernavaca.gob.mx\/wp-content\/uploads\/2023\/02\/bodas-cuernavaca-2023-15-560x373.jpg 560w, https:\/\/cuernavaca.gob.mx\/wp-content\/uploads\/2023\/02\/bodas-cuernavaca-2023-15.jpg 1600w\" sizes=\"(max-width: 1024px) 100vw, 1024px\" \/><\/figure>\n\n\n\n<figure class=\"wp-block-image size-large\"><img loading=\"lazy\" width=\"1024\" height=\"682\" data-id=\"25156\"  src=\"https:\/\/cuernavaca.gob.mx\/wp-content\/uploads\/2023\/02\/bodas-cuernavaca-2023-16-1024x682.jpg\" alt=\"\" class=\"wp-image-25156\" srcset=\"https:\/\/cuernavaca.gob.mx\/wp-content\/uploads\/2023\/02\/bodas-cuernavaca-2023-16-1024x682.jpg 1024w, https:\/\/cuernavaca.gob.mx\/wp-content\/uploads\/2023\/02\/bodas-cuernavaca-2023-16-300x200.jpg 300w, https:\/\/cuernavaca.gob.mx\/wp-content\/uploads\/2023\/02\/bodas-cuernavaca-2023-16-768x512.jpg 768w, https:\/\/cuernavaca.gob.mx\/wp-content\/uploads\/2023\/02\/bodas-cuernavaca-2023-16-1536x1023.jpg 1536w, https:\/\/cuernavaca.gob.mx\/wp-content\/uploads\/2023\/02\/bodas-cuernavaca-2023-16-600x400.jpg 600w, https:\/\/cuernavaca.gob.mx\/wp-content\/uploads\/2023\/02\/bodas-cuernavaca-2023-16-560x373.jpg 560w, https:\/\/cuernavaca.gob.mx\/wp-content\/uploads\/2023\/02\/bodas-cuernavaca-2023-16.jpg 1600w\" sizes=\"(max-width: 1024px) 100vw, 1024px\" \/><\/figure>\n\n\n\n<figure class=\"wp-block-image size-large\"><img loading=\"lazy\" width=\"1024\" height=\"682\" data-id=\"25149\"  src=\"https:\/\/cuernavaca.gob.mx\/wp-content\/uploads\/2023\/02\/bodas-cuernavaca-2023-17-1024x682.jpg\" alt=\"\" class=\"wp-image-25149\" srcset=\"https:\/\/cuernavaca.gob.mx\/wp-content\/uploads\/2023\/02\/bodas-cuernavaca-2023-17-1024x682.jpg 1024w, https:\/\/cuernavaca.gob.mx\/wp-content\/uploads\/2023\/02\/bodas-cuernavaca-2023-17-300x200.jpg 300w, https:\/\/cuernavaca.gob.mx\/wp-content\/uploads\/2023\/02\/bodas-cuernavaca-2023-17-768x512.jpg 768w, https:\/\/cuernavaca.gob.mx\/wp-content\/uploads\/2023\/02\/bodas-cuernavaca-2023-17-1536x1023.jpg 1536w, https:\/\/cuernavaca.gob.mx\/wp-content\/uploads\/2023\/02\/bodas-cuernavaca-2023-17-600x400.jpg 600w, https:\/\/cuernavaca.gob.mx\/wp-content\/uploads\/2023\/02\/bodas-cuernavaca-2023-17-560x373.jpg 560w, https:\/\/cuernavaca.gob.mx\/wp-content\/uploads\/2023\/02\/bodas-cuernavaca-2023-17.jpg 1600w\" sizes=\"(max-width: 1024px) 100vw, 1024px\" \/><\/figure>\n\n\n\n<figure class=\"wp-block-image size-large\"><img loading=\"lazy\" width=\"1024\" height=\"682\" data-id=\"25146\"  src=\"https:\/\/cuernavaca.gob.mx\/wp-content\/uploads\/2023\/02\/bodas-cuernavaca-2023-18-1024x682.jpg\" alt=\"\" class=\"wp-image-25146\" srcset=\"https:\/\/cuernavaca.gob.mx\/wp-content\/uploads\/2023\/02\/bodas-cuernavaca-2023-18-1024x682.jpg 1024w, https:\/\/cuernavaca.gob.mx\/wp-content\/uploads\/2023\/02\/bodas-cuernavaca-2023-18-300x200.jpg 300w, https:\/\/cuernavaca.gob.mx\/wp-content\/uploads\/2023\/02\/bodas-cuernavaca-2023-18-768x512.jpg 768w, https:\/\/cuernavaca.gob.mx\/wp-content\/uploads\/2023\/02\/bodas-cuernavaca-2023-18-1536x1023.jpg 1536w, https:\/\/cuernavaca.gob.mx\/wp-content\/uploads\/2023\/02\/bodas-cuernavaca-2023-18-600x400.jpg 600w, https:\/\/cuernavaca.gob.mx\/wp-content\/uploads\/2023\/02\/bodas-cuernavaca-2023-18-560x373.jpg 560w, https:\/\/cuernavaca.gob.mx\/wp-content\/uploads\/2023\/02\/bodas-cuernavaca-2023-18.jpg 1600w\" sizes=\"(max-width: 1024px) 100vw, 1024px\" \/><\/figure>\n\n\n\n<figure class=\"wp-block-image size-large\"><img loading=\"lazy\" width=\"1024\" height=\"682\" data-id=\"25154\"  src=\"https:\/\/cuernavaca.gob.mx\/wp-content\/uploads\/2023\/02\/bodas-cuernavaca-2023-19-1024x682.jpg\" alt=\"\" class=\"wp-image-25154\" srcset=\"https:\/\/cuernavaca.gob.mx\/wp-content\/uploads\/2023\/02\/bodas-cuernavaca-2023-19-1024x682.jpg 1024w, https:\/\/cuernavaca.gob.mx\/wp-content\/uploads\/2023\/02\/bodas-cuernavaca-2023-19-300x200.jpg 300w, https:\/\/cuernavaca.gob.mx\/wp-content\/uploads\/2023\/02\/bodas-cuernavaca-2023-19-768x512.jpg 768w, https:\/\/cuernavaca.gob.mx\/wp-content\/uploads\/2023\/02\/bodas-cuernavaca-2023-19-1536x1023.jpg 1536w, https:\/\/cuernavaca.gob.mx\/wp-content\/uploads\/2023\/02\/bodas-cuernavaca-2023-19-600x400.jpg 600w, https:\/\/cuernavaca.gob.mx\/wp-content\/uploads\/2023\/02\/bodas-cuernavaca-2023-19-560x373.jpg 560w, https:\/\/cuernavaca.gob.mx\/wp-content\/uploads\/2023\/02\/bodas-cuernavaca-2023-19.jpg 1600w\" sizes=\"(max-width: 1024px) 100vw, 1024px\" \/><\/figure>\n\n\n\n<figure class=\"wp-block-image size-large\"><img loading=\"lazy\" width=\"1024\" height=\"682\" data-id=\"25152\"  src=\"https:\/\/cuernavaca.gob.mx\/wp-content\/uploads\/2023\/02\/bodas-cuernavaca-2023-20-1024x682.jpg\" alt=\"\" class=\"wp-image-25152\" srcset=\"https:\/\/cuernavaca.gob.mx\/wp-content\/uploads\/2023\/02\/bodas-cuernavaca-2023-20-1024x682.jpg 1024w, https:\/\/cuernavaca.gob.mx\/wp-content\/uploads\/2023\/02\/bodas-cuernavaca-2023-20-300x200.jpg 300w, https:\/\/cuernavaca.gob.mx\/wp-content\/uploads\/2023\/02\/bodas-cuernavaca-2023-20-768x512.jpg 768w, https:\/\/cuernavaca.gob.mx\/wp-content\/uploads\/2023\/02\/bodas-cuernavaca-2023-20-1536x1023.jpg 1536w, https:\/\/cuernavaca.gob.mx\/wp-content\/uploads\/2023\/02\/bodas-cuernavaca-2023-20-600x400.jpg 600w, https:\/\/cuernavaca.gob.mx\/wp-content\/uploads\/2023\/02\/bodas-cuernavaca-2023-20-560x373.jpg 560w, https:\/\/cuernavaca.gob.mx\/wp-content\/uploads\/2023\/02\/bodas-cuernavaca-2023-20.jpg 1600w\" sizes=\"(max-width: 1024px) 100vw, 1024px\" \/><\/figure>\n\n\n\n<figure class=\"wp-block-image size-large\"><img loading=\"lazy\" width=\"1024\" height=\"682\" data-id=\"25151\"  src=\"https:\/\/cuernavaca.gob.mx\/wp-content\/uploads\/2023\/02\/bodas-cuernavaca-2023-21-1024x682.jpg\" alt=\"\" class=\"wp-image-25151\" srcset=\"https:\/\/cuernavaca.gob.mx\/wp-content\/uploads\/2023\/02\/bodas-cuernavaca-2023-21-1024x682.jpg 1024w, https:\/\/cuernavaca.gob.mx\/wp-content\/uploads\/2023\/02\/bodas-cuernavaca-2023-21-300x200.jpg 300w, https:\/\/cuernavaca.gob.mx\/wp-content\/uploads\/2023\/02\/bodas-cuernavaca-2023-21-768x512.jpg 768w, https:\/\/cuernavaca.gob.mx\/wp-content\/uploads\/2023\/02\/bodas-cuernavaca-2023-21-1536x1023.jpg 1536w, https:\/\/cuernavaca.gob.mx\/wp-content\/uploads\/2023\/02\/bodas-cuernavaca-2023-21-600x400.jpg 600w, https:\/\/cuernavaca.gob.mx\/wp-content\/uploads\/2023\/02\/bodas-cuernavaca-2023-21-560x373.jpg 560w, https:\/\/cuernavaca.gob.mx\/wp-content\/uploads\/2023\/02\/bodas-cuernavaca-2023-21.jpg 1600w\" sizes=\"(max-width: 1024px) 100vw, 1024px\" \/><\/figure>\n\n\n\n<figure class=\"wp-block-image size-large\"><img loading=\"lazy\" width=\"1024\" height=\"682\" data-id=\"25153\"  src=\"https:\/\/cuernavaca.gob.mx\/wp-content\/uploads\/2023\/02\/bodas-cuernavaca-2023-22-1024x682.jpg\" alt=\"\" class=\"wp-image-25153\" srcset=\"https:\/\/cuernavaca.gob.mx\/wp-content\/uploads\/2023\/02\/bodas-cuernavaca-2023-22-1024x682.jpg 1024w, https:\/\/cuernavaca.gob.mx\/wp-content\/uploads\/2023\/02\/bodas-cuernavaca-2023-22-300x200.jpg 300w, https:\/\/cuernavaca.gob.mx\/wp-content\/uploads\/2023\/02\/bodas-cuernavaca-2023-22-768x512.jpg 768w, https:\/\/cuernavaca.gob.mx\/wp-content\/uploads\/2023\/02\/bodas-cuernavaca-2023-22-1536x1023.jpg 1536w, https:\/\/cuernavaca.gob.mx\/wp-content\/uploads\/2023\/02\/bodas-cuernavaca-2023-22-600x400.jpg 600w, https:\/\/cuernavaca.gob.mx\/wp-content\/uploads\/2023\/02\/bodas-cuernavaca-2023-22-560x373.jpg 560w, https:\/\/cuernavaca.gob.mx\/wp-content\/uploads\/2023\/02\/bodas-cuernavaca-2023-22.jpg 1600w\" sizes=\"(max-width: 1024px) 100vw, 1024px\" \/><\/figure>\n\n\n\n<figure class=\"wp-block-image size-large\"><img loading=\"lazy\" width=\"1024\" height=\"682\" data-id=\"25155\"  src=\"https:\/\/cuernavaca.gob.mx\/wp-content\/uploads\/2023\/02\/bodas-cuernavaca-2023-23-1024x682.jpg\" alt=\"\" class=\"wp-image-25155\" srcset=\"https:\/\/cuernavaca.gob.mx\/wp-content\/uploads\/2023\/02\/bodas-cuernavaca-2023-23-1024x682.jpg 1024w, https:\/\/cuernavaca.gob.mx\/wp-content\/uploads\/2023\/02\/bodas-cuernavaca-2023-23-300x200.jpg 300w, https:\/\/cuernavaca.gob.mx\/wp-content\/uploads\/2023\/02\/bodas-cuernavaca-2023-23-768x512.jpg 768w, https:\/\/cuernavaca.gob.mx\/wp-content\/uploads\/2023\/02\/bodas-cuernavaca-2023-23-1536x1023.jpg 1536w, https:\/\/cuernavaca.gob.mx\/wp-content\/uploads\/2023\/02\/bodas-cuernavaca-2023-23-600x400.jpg 600w, https:\/\/cuernavaca.gob.mx\/wp-content\/uploads\/2023\/02\/bodas-cuernavaca-2023-23-560x373.jpg 560w, https:\/\/cuernavaca.gob.mx\/wp-content\/uploads\/2023\/02\/bodas-cuernavaca-2023-23.jpg 1600w\" sizes=\"(max-width: 1024px) 100vw, 1024px\" \/><\/figure>\n\n\n\n<figure class=\"wp-block-image size-large\"><img loading=\"lazy\" width=\"1024\" height=\"681\" data-id=\"25157\"  src=\"https:\/\/cuernavaca.gob.mx\/wp-content\/uploads\/2023\/02\/bodas-cuernavaca-2023-24-1024x681.jpg\" alt=\"\" class=\"wp-image-25157\" srcset=\"https:\/\/cuernavaca.gob.mx\/wp-content\/uploads\/2023\/02\/bodas-cuernavaca-2023-24-1024x681.jpg 1024w, https:\/\/cuernavaca.gob.mx\/wp-content\/uploads\/2023\/02\/bodas-cuernavaca-2023-24-300x200.jpg 300w, https:\/\/cuernavaca.gob.mx\/wp-content\/uploads\/2023\/02\/bodas-cuernavaca-2023-24-768x511.jpg 768w, https:\/\/cuernavaca.gob.mx\/wp-content\/uploads\/2023\/02\/bodas-cuernavaca-2023-24-1536x1021.jpg 1536w, https:\/\/cuernavaca.gob.mx\/wp-content\/uploads\/2023\/02\/bodas-cuernavaca-2023-24-600x399.jpg 600w, https:\/\/cuernavaca.gob.mx\/wp-content\/uploads\/2023\/02\/bodas-cuernavaca-2023-24-560x372.jpg 560w, https:\/\/cuernavaca.gob.mx\/wp-content\/uploads\/2023\/02\/bodas-cuernavaca-2023-24.jpg 1600w\" sizes=\"(max-width: 1024px) 100vw, 1024px\" \/><\/figure>\n\n\n\n<figure class=\"wp-block-image size-large\"><img loading=\"lazy\" width=\"1024\" height=\"682\" data-id=\"25158\"  src=\"https:\/\/cuernavaca.gob.mx\/wp-content\/uploads\/2023\/02\/bodas-cuernavaca-2023-25-1024x682.jpg\" alt=\"\" class=\"wp-image-25158\" srcset=\"https:\/\/cuernavaca.gob.mx\/wp-content\/uploads\/2023\/02\/bodas-cuernavaca-2023-25-1024x682.jpg 1024w, https:\/\/cuernavaca.gob.mx\/wp-content\/uploads\/2023\/02\/bodas-cuernavaca-2023-25-300x200.jpg 300w, https:\/\/cuernavaca.gob.mx\/wp-content\/uploads\/2023\/02\/bodas-cuernavaca-2023-25-768x512.jpg 768w, https:\/\/cuernavaca.gob.mx\/wp-content\/uploads\/2023\/02\/bodas-cuernavaca-2023-25-1536x1023.jpg 1536w, https:\/\/cuernavaca.gob.mx\/wp-content\/uploads\/2023\/02\/bodas-cuernavaca-2023-25-600x400.jpg 600w, https:\/\/cuernavaca.gob.mx\/wp-content\/uploads\/2023\/02\/bodas-cuernavaca-2023-25-560x373.jpg 560w, https:\/\/cuernavaca.gob.mx\/wp-content\/uploads\/2023\/02\/bodas-cuernavaca-2023-25.jpg 1600w\" sizes=\"(max-width: 1024px) 100vw, 1024px\" \/><\/figure>\n\n\n\n<figure class=\"wp-block-image size-large\"><img loading=\"lazy\" width=\"1024\" height=\"682\" data-id=\"25150\"  src=\"https:\/\/cuernavaca.gob.mx\/wp-content\/uploads\/2023\/02\/bodas-cuernavaca-2023-26-1024x682.jpg\" alt=\"\" class=\"wp-image-25150\" srcset=\"https:\/\/cuernavaca.gob.mx\/wp-content\/uploads\/2023\/02\/bodas-cuernavaca-2023-26-1024x682.jpg 1024w, https:\/\/cuernavaca.gob.mx\/wp-content\/uploads\/2023\/02\/bodas-cuernavaca-2023-26-300x200.jpg 300w, https:\/\/cuernavaca.gob.mx\/wp-content\/uploads\/2023\/02\/bodas-cuernavaca-2023-26-768x512.jpg 768w, https:\/\/cuernavaca.gob.mx\/wp-content\/uploads\/2023\/02\/bodas-cuernavaca-2023-26-1536x1023.jpg 1536w, https:\/\/cuernavaca.gob.mx\/wp-content\/uploads\/2023\/02\/bodas-cuernavaca-2023-26-600x400.jpg 600w, https:\/\/cuernavaca.gob.mx\/wp-content\/uploads\/2023\/02\/bodas-cuernavaca-2023-26-560x373.jpg 560w, https:\/\/cuernavaca.gob.mx\/wp-content\/uploads\/2023\/02\/bodas-cuernavaca-2023-26.jpg 1600w\" sizes=\"(max-width: 1024px) 100vw, 1024px\" \/><\/figure>\n<\/figure>\n","protected":false},"excerpt":{"rendered":"<p>\u2022 En el marco del D\u00eda del Amor y la Amistad, adultos mayores, adultos, j\u00f3venes y parejas igualitarias formalizaron ante jueces su uni\u00f3n otorg\u00e1ndoles seguridad y certeza jur\u00eddica \u2022 Este evento se pudo organizar por segundo a\u00f1o consecutivo con la suma de esfuerzos de la iniciativa privada, la sociedad y el Ayuntamiento de Cuernavaca Por [&hellip;]<\/p>\n","protected":false},"author":1,"featured_media":25151,"comment_status":"closed","ping_status":"open","sticky":false,"template":"","format":"standard","meta":[],"categories":[16],"tags":[2530,2916,795,121,120,2914,206,2531],"aioseo_notices":[],"_links":{"self":[{"href":"https:\/\/cuernavaca.gob.mx\/index.php?rest_route=\/wp\/v2\/posts\/25134"}],"collection":[{"href":"https:\/\/cuernavaca.gob.mx\/index.php?rest_route=\/wp\/v2\/posts"}],"about":[{"href":"https:\/\/cuernavaca.gob.mx\/index.php?rest_route=\/wp\/v2\/types\/post"}],"author":[{"embeddable":true,"href":"https:\/\/cuernavaca.gob.mx\/index.php?rest_route=\/wp\/v2\/users\/1"}],"replies":[{"embeddable":true,"href":"https:\/\/cuernavaca.gob.mx\/index.php?rest_route=%2Fwp%2Fv2%2Fcomments&post=25134"}],"version-history":[{"count":1,"href":"https:\/\/cuernavaca.gob.mx\/index.php?rest_route=\/wp\/v2\/posts\/25134\/revisions"}],"predecessor-version":[{"id":25161,"href":"https:\/\/cuernavaca.gob.mx\/index.php?rest_route=\/wp\/v2\/posts\/25134\/revisions\/25161"}],"wp:featuredmedia":[{"embeddable":true,"href":"https:\/\/cuernavaca.gob.mx\/index.php?rest_route=\/wp\/v2\/media\/25151"}],"wp:attachment":[{"href":"https:\/\/cuernavaca.gob.mx\/index.php?rest_route=%2Fwp%2Fv2%2Fmedia&parent=25134"}],"wp:term":[{"taxonomy":"category","embeddable":true,"href":"https:\/\/cuernavaca.gob.mx\/index.php?rest_route=%2Fwp%2Fv2%2Fcategories&post=25134"},{"taxonomy":"post_tag","embeddable":true,"href":"https:\/\/cuernavaca.gob.mx\/index.php?rest_route=%2Fwp%2Fv2%2Ftags&post=25134"}],"curies":[{"name":"wp","href":"https:\/\/api.w.org\/{rel}","templated":true}]}}