{"id":25166,"date":"2023-02-14T17:53:00","date_gmt":"2023-02-14T23:53:00","guid":{"rendered":"https:\/\/cuernavaca.gob.mx\/?p=25166"},"modified":"2025-05-06T12:28:41","modified_gmt":"2025-05-06T18:28:41","slug":"f354-14-02-23-realiza-instituto-de-la-mujer-de-cuernavaca-platica-sobre-la-prevencion-de-la-violencia-en-el-noviazgo-en-el-centro-morelense-de-las-artes","status":"publish","type":"post","link":"https:\/\/cuernavaca.gob.mx\/?p=25166","title":{"rendered":"F354 14\/02\/23 REALIZA INSTITUTO DE LA MUJER DE CUERNAVACA PL\u00c1TICA SOBRE LA PREVENCI\u00d3N DE LA VIOLENCIA EN EL NOVIAZGO EN EL CENTRO MORELENSE DE LAS ARTES"},"content":{"rendered":"\n<p>A prop\u00f3sito del D\u00eda de San Valent\u00edn, el Instituto de la Mujer de Cuernavaca imparti\u00f3 este martes las pl\u00e1ticas sobre la prevenci\u00f3n de violencia en el noviazgo y el violent\u00f3metro, adem\u00e1s de la desprogramaci\u00f3n neuroling\u00fcistica del machismo, a estudiantes del Bachillerato del Centro Morelense de las Artes (CMA) Campus Victoria.<\/p>\n\n\n\n<p>A invitaci\u00f3n de Paz Lav\u00edn, directora del CMA, las y los estudiantes escucharon de que la violencia puede iniciar con una broma y terminar en golpes y reacciones m\u00e1s graves, por lo que es necesario desactivar y rechazar cualquier manifestaci\u00f3n de agresi\u00f3n f\u00edsica, verbal o chantaje.<\/p>\n\n\n\n<p>Qued\u00f3 abierta la invitaci\u00f3n del Instituto de la Mujer de Cuernavaca para que mujeres j\u00f3venes y adultas, as\u00ed como hombres de cualquier edad soliciten orientaci\u00f3n para prevenir, atender y erradicar abusos, dentro y fuera del noviazgo.<\/p>\n\n\n\n<p>Los temas de esta platica fueron impartidos por Roc\u00edo Sol\u00eds Ram\u00edrez, responsable del \u00e1rea de Primer Contacto y Benjam\u00edn Nava, de la Unidad de Masculinidades del Instituto de la Mujer de Cuernavaca.<\/p>\n\n\n\n<figure class=\"wp-container-2 wp-block-gallery-1 wp-block-gallery has-nested-images columns-default is-cropped\">\n<figure class=\"wp-block-image size-large\"><img loading=\"lazy\" width=\"768\" height=\"1024\" data-id=\"25169\"  src=\"https:\/\/cuernavaca.gob.mx\/wp-content\/uploads\/2023\/02\/prevencion-de-la-ciolencia-cuernavaca-1-768x1024.jpeg\" alt=\"\" class=\"wp-image-25169\" srcset=\"https:\/\/cuernavaca.gob.mx\/wp-content\/uploads\/2023\/02\/prevencion-de-la-ciolencia-cuernavaca-1-768x1024.jpeg 768w, https:\/\/cuernavaca.gob.mx\/wp-content\/uploads\/2023\/02\/prevencion-de-la-ciolencia-cuernavaca-1-225x300.jpeg 225w, https:\/\/cuernavaca.gob.mx\/wp-content\/uploads\/2023\/02\/prevencion-de-la-ciolencia-cuernavaca-1-1152x1536.jpeg 1152w, https:\/\/cuernavaca.gob.mx\/wp-content\/uploads\/2023\/02\/prevencion-de-la-ciolencia-cuernavaca-1-450x600.jpeg 450w, https:\/\/cuernavaca.gob.mx\/wp-content\/uploads\/2023\/02\/prevencion-de-la-ciolencia-cuernavaca-1-420x560.jpeg 420w, https:\/\/cuernavaca.gob.mx\/wp-content\/uploads\/2023\/02\/prevencion-de-la-ciolencia-cuernavaca-1.jpeg 1200w\" sizes=\"(max-width: 768px) 100vw, 768px\" \/><\/figure>\n\n\n\n<figure class=\"wp-block-image size-large\"><img loading=\"lazy\" width=\"493\" height=\"375\" data-id=\"25170\"  src=\"https:\/\/cuernavaca.gob.mx\/wp-content\/uploads\/2023\/02\/prevencion-de-la-ciolencia-cuernavaca-2.jpeg\" alt=\"\" class=\"wp-image-25170\" srcset=\"https:\/\/cuernavaca.gob.mx\/wp-content\/uploads\/2023\/02\/prevencion-de-la-ciolencia-cuernavaca-2.jpeg 493w, https:\/\/cuernavaca.gob.mx\/wp-content\/uploads\/2023\/02\/prevencion-de-la-ciolencia-cuernavaca-2-300x228.jpeg 300w\" sizes=\"(max-width: 493px) 100vw, 493px\" \/><\/figure>\n\n\n\n<figure class=\"wp-block-image size-large\"><img loading=\"lazy\" width=\"768\" height=\"1024\" data-id=\"25167\"  src=\"https:\/\/cuernavaca.gob.mx\/wp-content\/uploads\/2023\/02\/prevencion-de-la-ciolencia-cuernavaca-3-768x1024.jpeg\" alt=\"\" class=\"wp-image-25167\" srcset=\"https:\/\/cuernavaca.gob.mx\/wp-content\/uploads\/2023\/02\/prevencion-de-la-ciolencia-cuernavaca-3-768x1024.jpeg 768w, https:\/\/cuernavaca.gob.mx\/wp-content\/uploads\/2023\/02\/prevencion-de-la-ciolencia-cuernavaca-3-225x300.jpeg 225w, https:\/\/cuernavaca.gob.mx\/wp-content\/uploads\/2023\/02\/prevencion-de-la-ciolencia-cuernavaca-3-450x600.jpeg 450w, https:\/\/cuernavaca.gob.mx\/wp-content\/uploads\/2023\/02\/prevencion-de-la-ciolencia-cuernavaca-3-420x560.jpeg 420w, https:\/\/cuernavaca.gob.mx\/wp-content\/uploads\/2023\/02\/prevencion-de-la-ciolencia-cuernavaca-3.jpeg 960w\" sizes=\"(max-width: 768px) 100vw, 768px\" \/><\/figure>\n\n\n\n<figure class=\"wp-block-image size-large\"><img loading=\"lazy\" width=\"1024\" height=\"768\" data-id=\"25168\"  src=\"https:\/\/cuernavaca.gob.mx\/wp-content\/uploads\/2023\/02\/prevencion-de-la-ciolencia-cuernavaca-4-1024x768.jpeg\" alt=\"\" class=\"wp-image-25168\" srcset=\"https:\/\/cuernavaca.gob.mx\/wp-content\/uploads\/2023\/02\/prevencion-de-la-ciolencia-cuernavaca-4-1024x768.jpeg 1024w, https:\/\/cuernavaca.gob.mx\/wp-content\/uploads\/2023\/02\/prevencion-de-la-ciolencia-cuernavaca-4-300x225.jpeg 300w, https:\/\/cuernavaca.gob.mx\/wp-content\/uploads\/2023\/02\/prevencion-de-la-ciolencia-cuernavaca-4-768x576.jpeg 768w, https:\/\/cuernavaca.gob.mx\/wp-content\/uploads\/2023\/02\/prevencion-de-la-ciolencia-cuernavaca-4-600x450.jpeg 600w, https:\/\/cuernavaca.gob.mx\/wp-content\/uploads\/2023\/02\/prevencion-de-la-ciolencia-cuernavaca-4-560x420.jpeg 560w, https:\/\/cuernavaca.gob.mx\/wp-content\/uploads\/2023\/02\/prevencion-de-la-ciolencia-cuernavaca-4.jpeg 1280w\" sizes=\"(max-width: 1024px) 100vw, 1024px\" \/><\/figure>\n<\/figure>\n","protected":false},"excerpt":{"rendered":"<p>A prop\u00f3sito del D\u00eda de San Valent\u00edn, el Instituto de la Mujer de Cuernavaca imparti\u00f3 este martes las pl\u00e1ticas sobre la prevenci\u00f3n de violencia en el noviazgo y el violent\u00f3metro, adem\u00e1s de la desprogramaci\u00f3n neuroling\u00fcistica del machismo, a estudiantes del Bachillerato del Centro Morelense de las Artes (CMA) Campus Victoria. A invitaci\u00f3n de Paz Lav\u00edn, [&hellip;]<\/p>\n","protected":false},"author":1,"featured_media":25167,"comment_status":"closed","ping_status":"open","sticky":false,"template":"","format":"standard","meta":[],"categories":[280],"tags":[381,121,120,206,388,2001,414,125],"aioseo_notices":[],"_links":{"self":[{"href":"https:\/\/cuernavaca.gob.mx\/index.php?rest_route=\/wp\/v2\/posts\/25166"}],"collection":[{"href":"https:\/\/cuernavaca.gob.mx\/index.php?rest_route=\/wp\/v2\/posts"}],"about":[{"href":"https:\/\/cuernavaca.gob.mx\/index.php?rest_route=\/wp\/v2\/types\/post"}],"author":[{"embeddable":true,"href":"https:\/\/cuernavaca.gob.mx\/index.php?rest_route=\/wp\/v2\/users\/1"}],"replies":[{"embeddable":true,"href":"https:\/\/cuernavaca.gob.mx\/index.php?rest_route=%2Fwp%2Fv2%2Fcomments&post=25166"}],"version-history":[{"count":1,"href":"https:\/\/cuernavaca.gob.mx\/index.php?rest_route=\/wp\/v2\/posts\/25166\/revisions"}],"predecessor-version":[{"id":25171,"href":"https:\/\/cuernavaca.gob.mx\/index.php?rest_route=\/wp\/v2\/posts\/25166\/revisions\/25171"}],"wp:featuredmedia":[{"embeddable":true,"href":"https:\/\/cuernavaca.gob.mx\/index.php?rest_route=\/wp\/v2\/media\/25167"}],"wp:attachment":[{"href":"https:\/\/cuernavaca.gob.mx\/index.php?rest_route=%2Fwp%2Fv2%2Fmedia&parent=25166"}],"wp:term":[{"taxonomy":"category","embeddable":true,"href":"https:\/\/cuernavaca.gob.mx\/index.php?rest_route=%2Fwp%2Fv2%2Fcategories&post=25166"},{"taxonomy":"post_tag","embeddable":true,"href":"https:\/\/cuernavaca.gob.mx\/index.php?rest_route=%2Fwp%2Fv2%2Ftags&post=25166"}],"curies":[{"name":"wp","href":"https:\/\/api.w.org\/{rel}","templated":true}]}}