{"id":25188,"date":"2023-02-15T16:00:00","date_gmt":"2023-02-15T22:00:00","guid":{"rendered":"https:\/\/cuernavaca.gob.mx\/?p=25188"},"modified":"2025-05-06T12:28:40","modified_gmt":"2025-05-06T18:28:40","slug":"b780-15-02-23-cabildo-de-cuernavaca-y-sapac-refuerzan-trabajo-coordinado-a-favor-de-la-poblacion","status":"publish","type":"post","link":"https:\/\/cuernavaca.gob.mx\/?p=25188","title":{"rendered":"B780 15\/02\/23 CABILDO DE CUERNAVACA Y SAPAC REFUERZAN TRABAJO COORDINADO A FAVOR DE LA POBLACI\u00d3N"},"content":{"rendered":"\n<p><strong>\u2022 Este mi\u00e9rcoles, integrantes del Cabildo participaron en la sesi\u00f3n extraordinaria de la Junta de Gobierno de SAPAC, donde conocieron el estatus financiero, jur\u00eddico y operativo del organismo<\/strong><\/p>\n\n\n\n<p><strong>\u2022 Acordaron brindar su acompa\u00f1amiento permanente para acceder a distintos programas federales que puedan mejorar la operaci\u00f3n del servicio de agua en la capital morelense<\/strong><\/p>\n\n\n\n<p>Tal y como se acord\u00f3 en el seno de la sesi\u00f3n extraordinaria de Cabildo registrada el pasado 2 de febrero, este mi\u00e9rcoles se llev\u00f3 a cabo la sesi\u00f3n extraordinaria de la Junta de Gobierno del Sistema de Agua Potable y Alcantarillado de Cuernavaca (SAPAC), en la que participaron el presidente municipal, Jos\u00e9 Luis Uri\u00f3stegui Salgado; la s\u00edndica municipal, Ver\u00f3nica Atenco P\u00e9rez y los regidores Mirna Delgado Romero, Paz Hern\u00e1ndez Pardo, Jes\u00fas Rosales Puebla, V\u00edctor Manzo God\u00ednez y Adri\u00e1n Mart\u00ednez Terrazas, quienes recibieron un informe detallado de la situaci\u00f3n que enfrenta el organismo.<\/p>\n\n\n\n<p>En presencia de la directora general de SAPAC, Evelia Flores Hern\u00e1ndez, cada uno de los directores de \u00e1rea del organismo expusieron un diagn\u00f3stico del estatus financiero, jur\u00eddico y operativo, para de esta manera aclarar dudas que se ten\u00edan por parte del cuerpo edilicio, particularmente en cuanto al manejo de los recursos y en su caso, poder consolidar y gestionar importantes acciones que mejoren la operaci\u00f3n del servicio de agua en la capital morelense.<\/p>\n\n\n\n<p>En este sentido, el director comercial de SAPAC, \u00d3scar Gonz\u00e1lez Bahena, reconoci\u00f3 que las fugas han sido uno de los grandes problemas, en 2022 de cinco mil 649 fugas reportadas, se atendieron tres mil 277, es decir, el 58.01 por ciento; este 2023 lo iniciaron con un rezago de dos mil 372 pendientes por reparar, por lo que siguiendo la tendencia del a\u00f1o pasado al final de este ejercicio fiscal calculan que podr\u00edan acumular un total de ocho mil 21 fugas.<\/p>\n\n\n\n<p>Se\u00f1al\u00f3 que en promedio se genera un gasto de dos mil 700 pesos por fuga, considerando que la mayor\u00eda son de toma y en l\u00edneas de hasta cuatro pulgadas, suponen que este a\u00f1o tendr\u00edan que invertir 21 millones 656 mil 700 pesos.<\/p>\n\n\n\n<p>Precis\u00f3 que han detectado 28 mil tomas sin medidor o en mal estado, de las cuales aproximadamente 18 mil est\u00e1n sin medidor.<\/p>\n\n\n\n<p>Sin embargo, en este informe tambi\u00e9n se destacaron las metas cumplidas, indicando el director jur\u00eddico de SAPAC, Carlos Alberto Molina Joaqu\u00edn, que de 171 juicios laborales se logr\u00f3 la celebraci\u00f3n de 41 convenios con ex trabajadores, evitando la condena al pago de laudos; este a\u00f1o continuar\u00e1n con el desahogo del mayor n\u00famero de pl\u00e1ticas conciliatorias a efecto de conseguir el menor n\u00famero de laudos que afecten el patrimonio del organismo.<\/p>\n\n\n\n<p>De igual forma, el director Operativo de Agua Potable, Dante Figueroa Castelar, dijo que entre los principales resultados obtenidos el a\u00f1o pasado fue la instalaci\u00f3n de 13 equipos nuevos de bombeo, generar una mayor eficiencia en la reparaci\u00f3n de fugas de agua potable, la rehabilitaci\u00f3n de tres fuentes de abastecimiento y el incremento de mantenimientos preventivos.<\/p>\n\n\n\n<p>Tras una serie de preguntas y respuestas, se acord\u00f3 brindar el acompa\u00f1amiento en las gestiones que se tengan que hacer ante la Comisi\u00f3n Nacional del Agua (CONAGUA) para acceder al Programa de Devoluci\u00f3n de Derechos (PRODDER), al Programa para el Desarrollo Integral de los Organismos Operadores de Agua y Saneamiento (PRODI) y al Programa de Saneamiento de Aguas Residuales (PROSANEAR).<\/p>\n\n\n\n<p>Asimismo, el cuerpo edilicio acompa\u00f1ar\u00e1 las acciones de reforzamiento de todos los m\u00e9todos de an\u00e1lisis para la cloraci\u00f3n, saneamiento y revisi\u00f3n en materia de infraestructura que son necesarios sustituir, y en cuanto al tema de administraci\u00f3n y finanzas, solicitaron que SAPAC presente un comparativo de los tabuladores que se ten\u00edan en la pasada administraci\u00f3n con el que est\u00e1 proponiendo el actual Gobierno Municipal, a fin de hacer una evaluaci\u00f3n precisa de lo que se debe ajustar de acuerdo con los planes de austeridad y eficiencia presupuestal.<\/p>\n\n\n\n<p>Finalmente, se aval\u00f3 buscar las alternativas necesarias para lograr la eficiencia energ\u00e9tica que se acord\u00f3, tanto con CONAGUA como con la Comisi\u00f3n Federal de Electricidad (CFE), con el objeto de implementarla en las fuentes de abastecimiento que existen en la ciudad, lo que a su vez genera ahorros importantes.<\/p>\n\n\n\n<p>En la reuni\u00f3n participaron tambi\u00e9n el comisario de SAPAC, Eleael Acevedo Vel\u00e1zquez; el director de Administraci\u00f3n y Finanzas, Alfredo Silva Valdez; y el titular de la Direcci\u00f3n T\u00e9cnica, H\u00e9ctor Polanco Ch\u00e1vez; y el director general de Saneamiento y Calidad del Agua, Gonzalo \u00c1vila Rojas.<\/p>\n\n\n\n<figure class=\"wp-container-2 wp-block-gallery-1 wp-block-gallery has-nested-images columns-default is-cropped\">\n<figure class=\"wp-block-image size-large\"><img loading=\"lazy\" width=\"1024\" height=\"576\" data-id=\"25189\"  src=\"https:\/\/cuernavaca.gob.mx\/wp-content\/uploads\/2023\/02\/junta-de-gobierno-sapac-cuernavaca-1-1024x576.jpg\" alt=\"\" class=\"wp-image-25189\" srcset=\"https:\/\/cuernavaca.gob.mx\/wp-content\/uploads\/2023\/02\/junta-de-gobierno-sapac-cuernavaca-1-1024x576.jpg 1024w, https:\/\/cuernavaca.gob.mx\/wp-content\/uploads\/2023\/02\/junta-de-gobierno-sapac-cuernavaca-1-300x169.jpg 300w, https:\/\/cuernavaca.gob.mx\/wp-content\/uploads\/2023\/02\/junta-de-gobierno-sapac-cuernavaca-1-768x432.jpg 768w, https:\/\/cuernavaca.gob.mx\/wp-content\/uploads\/2023\/02\/junta-de-gobierno-sapac-cuernavaca-1-1536x864.jpg 1536w, https:\/\/cuernavaca.gob.mx\/wp-content\/uploads\/2023\/02\/junta-de-gobierno-sapac-cuernavaca-1-600x338.jpg 600w, https:\/\/cuernavaca.gob.mx\/wp-content\/uploads\/2023\/02\/junta-de-gobierno-sapac-cuernavaca-1-560x315.jpg 560w, https:\/\/cuernavaca.gob.mx\/wp-content\/uploads\/2023\/02\/junta-de-gobierno-sapac-cuernavaca-1.jpg 1600w\" sizes=\"(max-width: 1024px) 100vw, 1024px\" \/><\/figure>\n\n\n\n<figure class=\"wp-block-image size-large\"><img loading=\"lazy\" width=\"1024\" height=\"576\" data-id=\"25190\"  src=\"https:\/\/cuernavaca.gob.mx\/wp-content\/uploads\/2023\/02\/junta-de-gobierno-sapac-cuernavaca-2-1024x576.jpg\" alt=\"\" class=\"wp-image-25190\" srcset=\"https:\/\/cuernavaca.gob.mx\/wp-content\/uploads\/2023\/02\/junta-de-gobierno-sapac-cuernavaca-2-1024x576.jpg 1024w, https:\/\/cuernavaca.gob.mx\/wp-content\/uploads\/2023\/02\/junta-de-gobierno-sapac-cuernavaca-2-300x169.jpg 300w, https:\/\/cuernavaca.gob.mx\/wp-content\/uploads\/2023\/02\/junta-de-gobierno-sapac-cuernavaca-2-768x432.jpg 768w, https:\/\/cuernavaca.gob.mx\/wp-content\/uploads\/2023\/02\/junta-de-gobierno-sapac-cuernavaca-2-1536x864.jpg 1536w, https:\/\/cuernavaca.gob.mx\/wp-content\/uploads\/2023\/02\/junta-de-gobierno-sapac-cuernavaca-2-600x338.jpg 600w, https:\/\/cuernavaca.gob.mx\/wp-content\/uploads\/2023\/02\/junta-de-gobierno-sapac-cuernavaca-2-560x315.jpg 560w, https:\/\/cuernavaca.gob.mx\/wp-content\/uploads\/2023\/02\/junta-de-gobierno-sapac-cuernavaca-2.jpg 1600w\" sizes=\"(max-width: 1024px) 100vw, 1024px\" \/><\/figure>\n\n\n\n<figure class=\"wp-block-image size-large\"><img loading=\"lazy\" width=\"1024\" height=\"576\" data-id=\"25191\"  src=\"https:\/\/cuernavaca.gob.mx\/wp-content\/uploads\/2023\/02\/junta-de-gobierno-sapac-cuernavaca-3-1024x576.jpg\" alt=\"\" class=\"wp-image-25191\" srcset=\"https:\/\/cuernavaca.gob.mx\/wp-content\/uploads\/2023\/02\/junta-de-gobierno-sapac-cuernavaca-3-1024x576.jpg 1024w, https:\/\/cuernavaca.gob.mx\/wp-content\/uploads\/2023\/02\/junta-de-gobierno-sapac-cuernavaca-3-300x169.jpg 300w, https:\/\/cuernavaca.gob.mx\/wp-content\/uploads\/2023\/02\/junta-de-gobierno-sapac-cuernavaca-3-768x432.jpg 768w, https:\/\/cuernavaca.gob.mx\/wp-content\/uploads\/2023\/02\/junta-de-gobierno-sapac-cuernavaca-3-1536x864.jpg 1536w, https:\/\/cuernavaca.gob.mx\/wp-content\/uploads\/2023\/02\/junta-de-gobierno-sapac-cuernavaca-3-600x338.jpg 600w, https:\/\/cuernavaca.gob.mx\/wp-content\/uploads\/2023\/02\/junta-de-gobierno-sapac-cuernavaca-3-560x315.jpg 560w, https:\/\/cuernavaca.gob.mx\/wp-content\/uploads\/2023\/02\/junta-de-gobierno-sapac-cuernavaca-3.jpg 1600w\" sizes=\"(max-width: 1024px) 100vw, 1024px\" \/><\/figure>\n\n\n\n<figure class=\"wp-block-image size-large\"><img loading=\"lazy\" width=\"1024\" height=\"682\" data-id=\"25193\"  src=\"https:\/\/cuernavaca.gob.mx\/wp-content\/uploads\/2023\/02\/junta-de-gobierno-sapac-cuernavaca-4-1024x682.jpg\" alt=\"\" class=\"wp-image-25193\" srcset=\"https:\/\/cuernavaca.gob.mx\/wp-content\/uploads\/2023\/02\/junta-de-gobierno-sapac-cuernavaca-4-1024x682.jpg 1024w, https:\/\/cuernavaca.gob.mx\/wp-content\/uploads\/2023\/02\/junta-de-gobierno-sapac-cuernavaca-4-300x200.jpg 300w, https:\/\/cuernavaca.gob.mx\/wp-content\/uploads\/2023\/02\/junta-de-gobierno-sapac-cuernavaca-4-768x512.jpg 768w, https:\/\/cuernavaca.gob.mx\/wp-content\/uploads\/2023\/02\/junta-de-gobierno-sapac-cuernavaca-4-1536x1023.jpg 1536w, https:\/\/cuernavaca.gob.mx\/wp-content\/uploads\/2023\/02\/junta-de-gobierno-sapac-cuernavaca-4-600x400.jpg 600w, https:\/\/cuernavaca.gob.mx\/wp-content\/uploads\/2023\/02\/junta-de-gobierno-sapac-cuernavaca-4-560x373.jpg 560w, https:\/\/cuernavaca.gob.mx\/wp-content\/uploads\/2023\/02\/junta-de-gobierno-sapac-cuernavaca-4.jpg 1600w\" sizes=\"(max-width: 1024px) 100vw, 1024px\" \/><\/figure>\n\n\n\n<figure class=\"wp-block-image size-large\"><img loading=\"lazy\" width=\"1024\" height=\"576\" data-id=\"25194\"  src=\"https:\/\/cuernavaca.gob.mx\/wp-content\/uploads\/2023\/02\/junta-de-gobierno-sapac-cuernavaca-5-1024x576.jpg\" alt=\"\" class=\"wp-image-25194\" srcset=\"https:\/\/cuernavaca.gob.mx\/wp-content\/uploads\/2023\/02\/junta-de-gobierno-sapac-cuernavaca-5-1024x576.jpg 1024w, https:\/\/cuernavaca.gob.mx\/wp-content\/uploads\/2023\/02\/junta-de-gobierno-sapac-cuernavaca-5-300x169.jpg 300w, https:\/\/cuernavaca.gob.mx\/wp-content\/uploads\/2023\/02\/junta-de-gobierno-sapac-cuernavaca-5-768x432.jpg 768w, https:\/\/cuernavaca.gob.mx\/wp-content\/uploads\/2023\/02\/junta-de-gobierno-sapac-cuernavaca-5-1536x864.jpg 1536w, https:\/\/cuernavaca.gob.mx\/wp-content\/uploads\/2023\/02\/junta-de-gobierno-sapac-cuernavaca-5-600x338.jpg 600w, https:\/\/cuernavaca.gob.mx\/wp-content\/uploads\/2023\/02\/junta-de-gobierno-sapac-cuernavaca-5-560x315.jpg 560w, https:\/\/cuernavaca.gob.mx\/wp-content\/uploads\/2023\/02\/junta-de-gobierno-sapac-cuernavaca-5.jpg 1600w\" sizes=\"(max-width: 1024px) 100vw, 1024px\" \/><\/figure>\n\n\n\n<figure class=\"wp-block-image size-large\"><img loading=\"lazy\" width=\"1024\" height=\"576\" data-id=\"25192\"  src=\"https:\/\/cuernavaca.gob.mx\/wp-content\/uploads\/2023\/02\/junta-de-gobierno-sapac-cuernavaca-6-1024x576.jpg\" alt=\"\" class=\"wp-image-25192\" srcset=\"https:\/\/cuernavaca.gob.mx\/wp-content\/uploads\/2023\/02\/junta-de-gobierno-sapac-cuernavaca-6-1024x576.jpg 1024w, https:\/\/cuernavaca.gob.mx\/wp-content\/uploads\/2023\/02\/junta-de-gobierno-sapac-cuernavaca-6-300x169.jpg 300w, https:\/\/cuernavaca.gob.mx\/wp-content\/uploads\/2023\/02\/junta-de-gobierno-sapac-cuernavaca-6-768x432.jpg 768w, https:\/\/cuernavaca.gob.mx\/wp-content\/uploads\/2023\/02\/junta-de-gobierno-sapac-cuernavaca-6-1536x864.jpg 1536w, https:\/\/cuernavaca.gob.mx\/wp-content\/uploads\/2023\/02\/junta-de-gobierno-sapac-cuernavaca-6-600x338.jpg 600w, https:\/\/cuernavaca.gob.mx\/wp-content\/uploads\/2023\/02\/junta-de-gobierno-sapac-cuernavaca-6-560x315.jpg 560w, https:\/\/cuernavaca.gob.mx\/wp-content\/uploads\/2023\/02\/junta-de-gobierno-sapac-cuernavaca-6.jpg 1600w\" sizes=\"(max-width: 1024px) 100vw, 1024px\" \/><\/figure>\n\n\n\n<figure class=\"wp-block-image size-large\"><img loading=\"lazy\" width=\"1024\" height=\"576\" data-id=\"25195\"  src=\"https:\/\/cuernavaca.gob.mx\/wp-content\/uploads\/2023\/02\/junta-de-gobierno-sapac-cuernavaca-7-1024x576.jpg\" alt=\"\" class=\"wp-image-25195\" srcset=\"https:\/\/cuernavaca.gob.mx\/wp-content\/uploads\/2023\/02\/junta-de-gobierno-sapac-cuernavaca-7-1024x576.jpg 1024w, https:\/\/cuernavaca.gob.mx\/wp-content\/uploads\/2023\/02\/junta-de-gobierno-sapac-cuernavaca-7-300x169.jpg 300w, https:\/\/cuernavaca.gob.mx\/wp-content\/uploads\/2023\/02\/junta-de-gobierno-sapac-cuernavaca-7-768x432.jpg 768w, https:\/\/cuernavaca.gob.mx\/wp-content\/uploads\/2023\/02\/junta-de-gobierno-sapac-cuernavaca-7-1536x864.jpg 1536w, https:\/\/cuernavaca.gob.mx\/wp-content\/uploads\/2023\/02\/junta-de-gobierno-sapac-cuernavaca-7-600x338.jpg 600w, https:\/\/cuernavaca.gob.mx\/wp-content\/uploads\/2023\/02\/junta-de-gobierno-sapac-cuernavaca-7-560x315.jpg 560w, https:\/\/cuernavaca.gob.mx\/wp-content\/uploads\/2023\/02\/junta-de-gobierno-sapac-cuernavaca-7.jpg 1600w\" sizes=\"(max-width: 1024px) 100vw, 1024px\" \/><\/figure>\n\n\n\n<figure class=\"wp-block-image size-large\"><img loading=\"lazy\" width=\"1024\" height=\"576\" data-id=\"25197\"  src=\"https:\/\/cuernavaca.gob.mx\/wp-content\/uploads\/2023\/02\/junta-de-gobierno-sapac-cuernavaca-8-1024x576.jpg\" alt=\"\" class=\"wp-image-25197\" srcset=\"https:\/\/cuernavaca.gob.mx\/wp-content\/uploads\/2023\/02\/junta-de-gobierno-sapac-cuernavaca-8-1024x576.jpg 1024w, https:\/\/cuernavaca.gob.mx\/wp-content\/uploads\/2023\/02\/junta-de-gobierno-sapac-cuernavaca-8-300x169.jpg 300w, https:\/\/cuernavaca.gob.mx\/wp-content\/uploads\/2023\/02\/junta-de-gobierno-sapac-cuernavaca-8-768x432.jpg 768w, https:\/\/cuernavaca.gob.mx\/wp-content\/uploads\/2023\/02\/junta-de-gobierno-sapac-cuernavaca-8-1536x864.jpg 1536w, https:\/\/cuernavaca.gob.mx\/wp-content\/uploads\/2023\/02\/junta-de-gobierno-sapac-cuernavaca-8-600x338.jpg 600w, https:\/\/cuernavaca.gob.mx\/wp-content\/uploads\/2023\/02\/junta-de-gobierno-sapac-cuernavaca-8-560x315.jpg 560w, https:\/\/cuernavaca.gob.mx\/wp-content\/uploads\/2023\/02\/junta-de-gobierno-sapac-cuernavaca-8.jpg 1600w\" sizes=\"(max-width: 1024px) 100vw, 1024px\" \/><\/figure>\n\n\n\n<figure class=\"wp-block-image size-large\"><img loading=\"lazy\" width=\"1024\" height=\"576\" data-id=\"25196\"  src=\"https:\/\/cuernavaca.gob.mx\/wp-content\/uploads\/2023\/02\/junta-de-gobierno-sapac-cuernavaca-9-1024x576.jpg\" alt=\"\" class=\"wp-image-25196\" srcset=\"https:\/\/cuernavaca.gob.mx\/wp-content\/uploads\/2023\/02\/junta-de-gobierno-sapac-cuernavaca-9-1024x576.jpg 1024w, https:\/\/cuernavaca.gob.mx\/wp-content\/uploads\/2023\/02\/junta-de-gobierno-sapac-cuernavaca-9-300x169.jpg 300w, https:\/\/cuernavaca.gob.mx\/wp-content\/uploads\/2023\/02\/junta-de-gobierno-sapac-cuernavaca-9-768x432.jpg 768w, https:\/\/cuernavaca.gob.mx\/wp-content\/uploads\/2023\/02\/junta-de-gobierno-sapac-cuernavaca-9-1536x864.jpg 1536w, https:\/\/cuernavaca.gob.mx\/wp-content\/uploads\/2023\/02\/junta-de-gobierno-sapac-cuernavaca-9-600x338.jpg 600w, https:\/\/cuernavaca.gob.mx\/wp-content\/uploads\/2023\/02\/junta-de-gobierno-sapac-cuernavaca-9-560x315.jpg 560w, https:\/\/cuernavaca.gob.mx\/wp-content\/uploads\/2023\/02\/junta-de-gobierno-sapac-cuernavaca-9.jpg 1600w\" sizes=\"(max-width: 1024px) 100vw, 1024px\" \/><\/figure>\n<\/figure>\n","protected":false},"excerpt":{"rendered":"<p>\u2022 Este mi\u00e9rcoles, integrantes del Cabildo participaron en la sesi\u00f3n extraordinaria de la Junta de Gobierno de SAPAC, donde conocieron el estatus financiero, jur\u00eddico y operativo del organismo \u2022 Acordaron brindar su acompa\u00f1amiento permanente para acceder a distintos programas federales que puedan mejorar la operaci\u00f3n del servicio de agua en la capital morelense Tal y [&hellip;]<\/p>\n","protected":false},"author":1,"featured_media":25195,"comment_status":"closed","ping_status":"open","sticky":false,"template":"","format":"standard","meta":[],"categories":[145],"tags":[395,615,121,120,206,124],"aioseo_notices":[],"_links":{"self":[{"href":"https:\/\/cuernavaca.gob.mx\/index.php?rest_route=\/wp\/v2\/posts\/25188"}],"collection":[{"href":"https:\/\/cuernavaca.gob.mx\/index.php?rest_route=\/wp\/v2\/posts"}],"about":[{"href":"https:\/\/cuernavaca.gob.mx\/index.php?rest_route=\/wp\/v2\/types\/post"}],"author":[{"embeddable":true,"href":"https:\/\/cuernavaca.gob.mx\/index.php?rest_route=\/wp\/v2\/users\/1"}],"replies":[{"embeddable":true,"href":"https:\/\/cuernavaca.gob.mx\/index.php?rest_route=%2Fwp%2Fv2%2Fcomments&post=25188"}],"version-history":[{"count":1,"href":"https:\/\/cuernavaca.gob.mx\/index.php?rest_route=\/wp\/v2\/posts\/25188\/revisions"}],"predecessor-version":[{"id":25199,"href":"https:\/\/cuernavaca.gob.mx\/index.php?rest_route=\/wp\/v2\/posts\/25188\/revisions\/25199"}],"wp:featuredmedia":[{"embeddable":true,"href":"https:\/\/cuernavaca.gob.mx\/index.php?rest_route=\/wp\/v2\/media\/25195"}],"wp:attachment":[{"href":"https:\/\/cuernavaca.gob.mx\/index.php?rest_route=%2Fwp%2Fv2%2Fmedia&parent=25188"}],"wp:term":[{"taxonomy":"category","embeddable":true,"href":"https:\/\/cuernavaca.gob.mx\/index.php?rest_route=%2Fwp%2Fv2%2Fcategories&post=25188"},{"taxonomy":"post_tag","embeddable":true,"href":"https:\/\/cuernavaca.gob.mx\/index.php?rest_route=%2Fwp%2Fv2%2Ftags&post=25188"}],"curies":[{"name":"wp","href":"https:\/\/api.w.org\/{rel}","templated":true}]}}