{"id":25200,"date":"2023-02-15T17:51:00","date_gmt":"2023-02-15T23:51:00","guid":{"rendered":"https:\/\/cuernavaca.gob.mx\/?p=25200"},"modified":"2025-05-06T12:28:40","modified_gmt":"2025-05-06T18:28:40","slug":"f355-15-02-23-ayuntamiento-de-cuernavaca-se-mantiene-al-margen-en-investigaciones-contra-funcionarios-administrativos-de-seprac","status":"publish","type":"post","link":"https:\/\/cuernavaca.gob.mx\/?p=25200","title":{"rendered":"F355 15\/02\/23 AYUNTAMIENTO DE CUERNAVACA SE MANTIENE AL MARGEN EN INVESTIGACIONES CONTRA FUNCIONARIOS ADMINISTRATIVOS DE SEPRAC"},"content":{"rendered":"\n<p>Ante la vinculaci\u00f3n a proceso de dos funcionarios administrativos de la Secretar\u00eda de Protecci\u00f3n y Auxilio Ciudadana (SEPRAC) de Cuernavaca, el presidente municipal, Jos\u00e9 Luis Uri\u00f3stegui Salgado, reiter\u00f3 que se mantendr\u00e1n al margen del proceso jurisdiccional, al ser un tema individual que no les compete, ya que la imputaci\u00f3n que se les hace no es con car\u00e1cter de servidores p\u00fablicos, sino de personas f\u00edsicas.<\/p>\n\n\n\n<p>Sostuvo que, si bien ser\u00e1n respetuosos de lo que determinen las autoridades jurisdiccionales, deben tomar decisiones al interior de la SEPRAC, siendo necesario mandar a otras personas a presentar los ex\u00e1menes de control de confianza para asumir esta responsabilidad a la brevedad, de acuerdo con lo establecido en la Ley General de Seguridad P\u00fablica.<\/p>\n\n\n\n<p>En tanto esto suceda, dijo, hay encargados de despacho en los que se desempe\u00f1aban los servidores p\u00fablicos, a fin de seguir avanzando en los trabajos preventivos a cargo de la Polic\u00eda Cibern\u00e9tica y la instalaci\u00f3n del C4, que est\u00e1 avanzando conforme a lo acordado con los integrantes del Cabildo, en busca de un beneficio colectivo para la poblaci\u00f3n.<\/p>\n\n\n\n<figure class=\"wp-block-image size-large\"><img loading=\"lazy\" width=\"1024\" height=\"682\" src=\"https:\/\/cuernavaca.gob.mx\/wp-content\/uploads\/2023\/02\/jose-luis-uriostegui-salgado-1024x682.jpg\" alt=\"\" class=\"wp-image-25201\" srcset=\"https:\/\/cuernavaca.gob.mx\/wp-content\/uploads\/2023\/02\/jose-luis-uriostegui-salgado-1024x682.jpg 1024w, https:\/\/cuernavaca.gob.mx\/wp-content\/uploads\/2023\/02\/jose-luis-uriostegui-salgado-300x200.jpg 300w, https:\/\/cuernavaca.gob.mx\/wp-content\/uploads\/2023\/02\/jose-luis-uriostegui-salgado-768x512.jpg 768w, https:\/\/cuernavaca.gob.mx\/wp-content\/uploads\/2023\/02\/jose-luis-uriostegui-salgado-600x400.jpg 600w, https:\/\/cuernavaca.gob.mx\/wp-content\/uploads\/2023\/02\/jose-luis-uriostegui-salgado-560x373.jpg 560w, https:\/\/cuernavaca.gob.mx\/wp-content\/uploads\/2023\/02\/jose-luis-uriostegui-salgado.jpg 1280w\" sizes=\"(max-width: 1024px) 100vw, 1024px\" \/><\/figure>\n","protected":false},"excerpt":{"rendered":"<p>Ante la vinculaci\u00f3n a proceso de dos funcionarios administrativos de la Secretar\u00eda de Protecci\u00f3n y Auxilio Ciudadana (SEPRAC) de Cuernavaca, el presidente municipal, Jos\u00e9 Luis Uri\u00f3stegui Salgado, reiter\u00f3 que se mantendr\u00e1n al margen del proceso jurisdiccional, al ser un tema individual que no les compete, ya que la imputaci\u00f3n que se les hace no es [&hellip;]<\/p>\n","protected":false},"author":1,"featured_media":25201,"comment_status":"closed","ping_status":"open","sticky":false,"template":"","format":"standard","meta":[],"categories":[20],"tags":[120,206,125],"aioseo_notices":[],"_links":{"self":[{"href":"https:\/\/cuernavaca.gob.mx\/index.php?rest_route=\/wp\/v2\/posts\/25200"}],"collection":[{"href":"https:\/\/cuernavaca.gob.mx\/index.php?rest_route=\/wp\/v2\/posts"}],"about":[{"href":"https:\/\/cuernavaca.gob.mx\/index.php?rest_route=\/wp\/v2\/types\/post"}],"author":[{"embeddable":true,"href":"https:\/\/cuernavaca.gob.mx\/index.php?rest_route=\/wp\/v2\/users\/1"}],"replies":[{"embeddable":true,"href":"https:\/\/cuernavaca.gob.mx\/index.php?rest_route=%2Fwp%2Fv2%2Fcomments&post=25200"}],"version-history":[{"count":1,"href":"https:\/\/cuernavaca.gob.mx\/index.php?rest_route=\/wp\/v2\/posts\/25200\/revisions"}],"predecessor-version":[{"id":25202,"href":"https:\/\/cuernavaca.gob.mx\/index.php?rest_route=\/wp\/v2\/posts\/25200\/revisions\/25202"}],"wp:featuredmedia":[{"embeddable":true,"href":"https:\/\/cuernavaca.gob.mx\/index.php?rest_route=\/wp\/v2\/media\/25201"}],"wp:attachment":[{"href":"https:\/\/cuernavaca.gob.mx\/index.php?rest_route=%2Fwp%2Fv2%2Fmedia&parent=25200"}],"wp:term":[{"taxonomy":"category","embeddable":true,"href":"https:\/\/cuernavaca.gob.mx\/index.php?rest_route=%2Fwp%2Fv2%2Fcategories&post=25200"},{"taxonomy":"post_tag","embeddable":true,"href":"https:\/\/cuernavaca.gob.mx\/index.php?rest_route=%2Fwp%2Fv2%2Ftags&post=25200"}],"curies":[{"name":"wp","href":"https:\/\/api.w.org\/{rel}","templated":true}]}}