{"id":25213,"date":"2023-02-16T10:00:00","date_gmt":"2023-02-16T16:00:00","guid":{"rendered":"https:\/\/cuernavaca.gob.mx\/?p=25213"},"modified":"2025-05-06T12:28:40","modified_gmt":"2025-05-06T18:28:40","slug":"b782-16-02-23-instituto-de-la-mujer-de-cuernavaca-atiende-de-manera-integral-y-continuada-la-alerta-de-violencia-de-genero","status":"publish","type":"post","link":"https:\/\/cuernavaca.gob.mx\/?p=25213","title":{"rendered":"B782 16\/02\/23 INSTITUTO DE LA MUJER DE CUERNAVACA ATIENDE DE MANERA INTEGRAL, Y CONTINUADA LA ALERTA DE VIOLENCIA DE G\u00c9NERO"},"content":{"rendered":"\n<p>\u2022 Lorena Castillo afirm\u00f3 que en solo un a\u00f1o han logrado recuperar la confianza de quienes han comenzado a identificar y denunciar cuando est\u00e1n siendo violentadas<\/p>\n\n\n\n<p>\u201cEn Cuernavaca la atenci\u00f3n a la violencia de g\u00e9nero se lleva a cabo de manera integral, integrada y continuada, efectuando acciones transversales que cuentan con indicadores que pueden evaluarse, logrando en tan solo un a\u00f1o recuperar la confianza de ni\u00f1as, adolescentes y mujeres para identificar que est\u00e1n siendo violentadas y buscar ayuda\u201d, asegur\u00f3 la directora general del Instituto de la Mujer de Cuernavaca (IMC), Lorena Castillo Castillo.<\/p>\n\n\n\n<p>En el marco de la presentaci\u00f3n de los trabajados para la implementaci\u00f3n de la ruta cr\u00edtica de atenci\u00f3n dirigida a municipios con Alerta de Violencia de G\u00e9nero (AVG) de la iniciativa Spotlight- Programa Regional para Am\u00e9rica Latina, que se est\u00e1 trabajando en coordinaci\u00f3n con la Comisi\u00f3n Ejecutiva para Prevenir y Erradicar la Violencia contra las Mujeres del Poder Ejecutivo del Estado de Morelos (COEVIM), la organizaci\u00f3n Creativer\u00eda Social A.C., a trav\u00e9s de las agencias internacionales ONU Mujeres, PNUD y UNFPA, Lorena Castillo manifest\u00f3 su agradecimiento y valoraci\u00f3n al inter\u00e9s y trabajo hecho por la Comisi\u00f3n Independiente de Derechos Humanos para que los municipios en Morelos cumplan con la declaratoria de AVG.<\/p>\n\n\n\n<p>Indic\u00f3 que desde el d\u00eda uno de la presente administraci\u00f3n, se han dedicado a atender de manera directa cada una de las medidas que les corresponden como municipio, dando a conocer el alcance, funcionamiento y objetivos de esta declaratoria a nivel federal, generar espacios favorables y seguros para las ni\u00f1as, adolescentes y mujeres; as\u00ed como trabajar con los cuerpos policiacos para su capacitaci\u00f3n con perspectiva de g\u00e9nero.<\/p>\n\n\n\n<p>De igual forma, y por iniciativa del propio instituto, cumplir con el registro del Banco Nacional de Datos e Informaci\u00f3n sobre Casos de Violencia contra las Mujeres (BANAVIM), el cual les ayuda a tener una base de manera coordinada y articulada con todas las instituciones de justicia, a fin de instrumentar pol\u00edticas p\u00fablicas desde la perspectiva de g\u00e9nero y derechos humanos de las ni\u00f1as, adolescentes y mujeres.<\/p>\n\n\n\n<p>Pero esto no ha sido todo, ya que el IMC ha privilegiado como un eje de acci\u00f3n la reeducaci\u00f3n de la sociedad por medio de distintas campa\u00f1as expansivas e integrales para trabajar con las ni\u00f1as, adolescentes y mujeres, pero tambi\u00e9n con los hombres debido a que no solo se trata de visibilizar, sino de atender las causas que durante much\u00edsimos a\u00f1os no fueron atendidas.<\/p>\n\n\n\n<p>Lorena Castillo afirm\u00f3 que el a\u00f1o pasado 199 mujeres recibieron asesor\u00eda psicol\u00f3gica y m\u00e1s de 50 asesor\u00eda jur\u00eddica; adem\u00e1s de que el IMC est\u00e1 ofreciendo distintos talleres, entre ellos de emprendimiento y fortalecimiento econ\u00f3mico, mediante los cuales se busca seguir incidiendo en la erradicaci\u00f3n y atenci\u00f3n de la violencia de g\u00e9nero, al darles a las usuarias todas las herramientas para tener una autonom\u00eda econ\u00f3mica y emocional.<\/p>\n\n\n\n<p>\u201cEs complicado se\u00f1alar que Cuernavaca pudiera tener altos \u00edndices en la materia, puesto que se miden con n\u00fameros absolutos y en este caso deber\u00eda ser por tasa, n\u00famero de habitantes y de incidentes y si bien aumento la demanda en servicios es porque las mujeres est\u00e1n tomando la determinaci\u00f3n de buscar apoyo. Lo que ve\u00edan que no era violencia lo est\u00e1n visibilizando y buscando apoyo psicol\u00f3gico y jur\u00eddico\u201d, acot\u00f3.<\/p>\n\n\n\n<p>Las mujeres interesadas en participar en algunos de los talleres o acceder a los servicios que ofrece de manera gratuita el IMC pueden consultar la cartelera mensual de actividades en su p\u00e1gina oficial o la del Municipio de Cuernavaca, as\u00ed como pueden mandar un mensaje o llamar al WhatsApp 777 144 0467, al tel. 777 367 4447, o al correo imujer@cuernavaca.gob.mx.<\/p>\n\n\n\n<figure class=\"wp-container-2 wp-block-gallery-1 wp-block-gallery has-nested-images columns-default is-cropped\">\n<figure class=\"wp-block-image size-large\"><img loading=\"lazy\" width=\"1024\" height=\"682\" data-id=\"25214\"  src=\"https:\/\/cuernavaca.gob.mx\/wp-content\/uploads\/2023\/02\/IMC-atiende-AVG-01-1024x682.jpg\" alt=\"\" class=\"wp-image-25214\" srcset=\"https:\/\/cuernavaca.gob.mx\/wp-content\/uploads\/2023\/02\/IMC-atiende-AVG-01-1024x682.jpg 1024w, https:\/\/cuernavaca.gob.mx\/wp-content\/uploads\/2023\/02\/IMC-atiende-AVG-01-300x200.jpg 300w, https:\/\/cuernavaca.gob.mx\/wp-content\/uploads\/2023\/02\/IMC-atiende-AVG-01-768x512.jpg 768w, https:\/\/cuernavaca.gob.mx\/wp-content\/uploads\/2023\/02\/IMC-atiende-AVG-01-1536x1023.jpg 1536w, https:\/\/cuernavaca.gob.mx\/wp-content\/uploads\/2023\/02\/IMC-atiende-AVG-01-600x400.jpg 600w, https:\/\/cuernavaca.gob.mx\/wp-content\/uploads\/2023\/02\/IMC-atiende-AVG-01-560x373.jpg 560w, https:\/\/cuernavaca.gob.mx\/wp-content\/uploads\/2023\/02\/IMC-atiende-AVG-01.jpg 1600w\" sizes=\"(max-width: 1024px) 100vw, 1024px\" \/><\/figure>\n\n\n\n<figure class=\"wp-block-image size-large\"><img loading=\"lazy\" width=\"1024\" height=\"682\" data-id=\"25215\"  src=\"https:\/\/cuernavaca.gob.mx\/wp-content\/uploads\/2023\/02\/IMC-atiende-AVG-02-1024x682.jpg\" alt=\"\" class=\"wp-image-25215\" srcset=\"https:\/\/cuernavaca.gob.mx\/wp-content\/uploads\/2023\/02\/IMC-atiende-AVG-02-1024x682.jpg 1024w, https:\/\/cuernavaca.gob.mx\/wp-content\/uploads\/2023\/02\/IMC-atiende-AVG-02-300x200.jpg 300w, https:\/\/cuernavaca.gob.mx\/wp-content\/uploads\/2023\/02\/IMC-atiende-AVG-02-768x512.jpg 768w, https:\/\/cuernavaca.gob.mx\/wp-content\/uploads\/2023\/02\/IMC-atiende-AVG-02-1536x1023.jpg 1536w, https:\/\/cuernavaca.gob.mx\/wp-content\/uploads\/2023\/02\/IMC-atiende-AVG-02-600x400.jpg 600w, https:\/\/cuernavaca.gob.mx\/wp-content\/uploads\/2023\/02\/IMC-atiende-AVG-02-560x373.jpg 560w, https:\/\/cuernavaca.gob.mx\/wp-content\/uploads\/2023\/02\/IMC-atiende-AVG-02.jpg 1600w\" sizes=\"(max-width: 1024px) 100vw, 1024px\" \/><\/figure>\n\n\n\n<figure class=\"wp-block-image size-large\"><img loading=\"lazy\" width=\"1024\" height=\"682\" data-id=\"25216\"  src=\"https:\/\/cuernavaca.gob.mx\/wp-content\/uploads\/2023\/02\/IMC-atiende-AVG-03-1024x682.jpg\" alt=\"\" class=\"wp-image-25216\" srcset=\"https:\/\/cuernavaca.gob.mx\/wp-content\/uploads\/2023\/02\/IMC-atiende-AVG-03-1024x682.jpg 1024w, https:\/\/cuernavaca.gob.mx\/wp-content\/uploads\/2023\/02\/IMC-atiende-AVG-03-300x200.jpg 300w, https:\/\/cuernavaca.gob.mx\/wp-content\/uploads\/2023\/02\/IMC-atiende-AVG-03-768x512.jpg 768w, https:\/\/cuernavaca.gob.mx\/wp-content\/uploads\/2023\/02\/IMC-atiende-AVG-03-1536x1023.jpg 1536w, https:\/\/cuernavaca.gob.mx\/wp-content\/uploads\/2023\/02\/IMC-atiende-AVG-03-600x400.jpg 600w, https:\/\/cuernavaca.gob.mx\/wp-content\/uploads\/2023\/02\/IMC-atiende-AVG-03-560x373.jpg 560w, https:\/\/cuernavaca.gob.mx\/wp-content\/uploads\/2023\/02\/IMC-atiende-AVG-03.jpg 1600w\" sizes=\"(max-width: 1024px) 100vw, 1024px\" \/><\/figure>\n\n\n\n<figure class=\"wp-block-image size-large\"><img loading=\"lazy\" width=\"1024\" height=\"682\" data-id=\"25217\"  src=\"https:\/\/cuernavaca.gob.mx\/wp-content\/uploads\/2023\/02\/IMC-atiende-AVG-04-1024x682.jpg\" alt=\"\" class=\"wp-image-25217\" srcset=\"https:\/\/cuernavaca.gob.mx\/wp-content\/uploads\/2023\/02\/IMC-atiende-AVG-04-1024x682.jpg 1024w, https:\/\/cuernavaca.gob.mx\/wp-content\/uploads\/2023\/02\/IMC-atiende-AVG-04-300x200.jpg 300w, https:\/\/cuernavaca.gob.mx\/wp-content\/uploads\/2023\/02\/IMC-atiende-AVG-04-768x512.jpg 768w, https:\/\/cuernavaca.gob.mx\/wp-content\/uploads\/2023\/02\/IMC-atiende-AVG-04-1536x1023.jpg 1536w, https:\/\/cuernavaca.gob.mx\/wp-content\/uploads\/2023\/02\/IMC-atiende-AVG-04-600x400.jpg 600w, https:\/\/cuernavaca.gob.mx\/wp-content\/uploads\/2023\/02\/IMC-atiende-AVG-04-560x373.jpg 560w, https:\/\/cuernavaca.gob.mx\/wp-content\/uploads\/2023\/02\/IMC-atiende-AVG-04.jpg 1600w\" sizes=\"(max-width: 1024px) 100vw, 1024px\" \/><\/figure>\n<\/figure>\n","protected":false},"excerpt":{"rendered":"<p>\u2022 Lorena Castillo afirm\u00f3 que en solo un a\u00f1o han logrado recuperar la confianza de quienes han comenzado a identificar y denunciar cuando est\u00e1n siendo violentadas \u201cEn Cuernavaca la atenci\u00f3n a la violencia de g\u00e9nero se lleva a cabo de manera integral, integrada y continuada, efectuando acciones transversales que cuentan con indicadores que pueden evaluarse, [&hellip;]<\/p>\n","protected":false},"author":1,"featured_media":25217,"comment_status":"closed","ping_status":"closed","sticky":false,"template":"","format":"standard","meta":[],"categories":[862,20,280],"tags":[121,637,120,202,125,525],"aioseo_notices":[],"_links":{"self":[{"href":"https:\/\/cuernavaca.gob.mx\/index.php?rest_route=\/wp\/v2\/posts\/25213"}],"collection":[{"href":"https:\/\/cuernavaca.gob.mx\/index.php?rest_route=\/wp\/v2\/posts"}],"about":[{"href":"https:\/\/cuernavaca.gob.mx\/index.php?rest_route=\/wp\/v2\/types\/post"}],"author":[{"embeddable":true,"href":"https:\/\/cuernavaca.gob.mx\/index.php?rest_route=\/wp\/v2\/users\/1"}],"replies":[{"embeddable":true,"href":"https:\/\/cuernavaca.gob.mx\/index.php?rest_route=%2Fwp%2Fv2%2Fcomments&post=25213"}],"version-history":[{"count":1,"href":"https:\/\/cuernavaca.gob.mx\/index.php?rest_route=\/wp\/v2\/posts\/25213\/revisions"}],"predecessor-version":[{"id":25218,"href":"https:\/\/cuernavaca.gob.mx\/index.php?rest_route=\/wp\/v2\/posts\/25213\/revisions\/25218"}],"wp:featuredmedia":[{"embeddable":true,"href":"https:\/\/cuernavaca.gob.mx\/index.php?rest_route=\/wp\/v2\/media\/25217"}],"wp:attachment":[{"href":"https:\/\/cuernavaca.gob.mx\/index.php?rest_route=%2Fwp%2Fv2%2Fmedia&parent=25213"}],"wp:term":[{"taxonomy":"category","embeddable":true,"href":"https:\/\/cuernavaca.gob.mx\/index.php?rest_route=%2Fwp%2Fv2%2Fcategories&post=25213"},{"taxonomy":"post_tag","embeddable":true,"href":"https:\/\/cuernavaca.gob.mx\/index.php?rest_route=%2Fwp%2Fv2%2Ftags&post=25213"}],"curies":[{"name":"wp","href":"https:\/\/api.w.org\/{rel}","templated":true}]}}