{"id":25219,"date":"2023-02-16T12:00:00","date_gmt":"2023-02-16T18:00:00","guid":{"rendered":"https:\/\/cuernavaca.gob.mx\/?p=25219"},"modified":"2025-05-06T12:28:39","modified_gmt":"2025-05-06T18:28:39","slug":"f357-16-02-23-ayuntamiento-de-cuernavaca-participa-en-la-1ra-conferencia-nacional-para-la-prevencion-de-fraudes-laborales","status":"publish","type":"post","link":"https:\/\/cuernavaca.gob.mx\/?p=25219","title":{"rendered":"F357 16\/02\/23 AYUNTAMIENTO DE CUERNAVACA PARTICIPA EN LA 1RA. CONFERENCIA NACIONAL PARA LA PREVENCI\u00d3N DE FRAUDES LABORALES"},"content":{"rendered":"\n<p>Este jueves en representaci\u00f3n del presidente municipal de Cuernavaca, Jos\u00e9 Luis Uri\u00f3stegui Salgado, el secretario de Desarrollo Econ\u00f3mico y Turismo, Humberto Paladino Valdovinos, particip\u00f3 en la 1ra. Conferencia Nacional para la Prevenci\u00f3n de Fraudes Laborales, organizada por la Secretar\u00eda del Trabajo y Previsi\u00f3n Social, a trav\u00e9s de la Unidad del Servicio Nacional de Empleo, en coordinaci\u00f3n con las Embajadas de Estados Unidos y Canad\u00e1, y el Gobierno del Estado de Morelos.<\/p>\n\n\n\n<p>Como anfitri\u00f3n del evento, Paladino Valdovinos dio la bienvenida a Cuernavaca a las autoridades federales y de las Embajadas, quienes impartieron este curso con el objetivo de crear una red de informaci\u00f3n en la que participen activamente los Gobiernos de Canad\u00e1, Estados Unidos y M\u00e9xico, fortaleciendo la comunicaci\u00f3n e informaci\u00f3n entre la Federaci\u00f3n, Estado, municipios y sociedad, mediante la cual se mantenga una estrecha retroalimentaci\u00f3n para detectar, reducir y prevenir malas pr\u00e1cticas en materia de movilidad internacional y a trav\u00e9s de las presidencias municipales, mantener informadas a las distintas comunidades en los estados de la Rep\u00fablica Mexicana.<\/p>\n\n\n\n<p>En el evento se cont\u00f3 con la participaci\u00f3n de Rodrigo Ram\u00edrez Quintana, jefe de la Unidad del Servicio Nacional del Empleo; Ana Cecilia Rodr\u00edguez Gonz\u00e1lez, secretaria de Desarrollo Econ\u00f3mico y del Trabajo de Morelos; Carlos Brito Ocampo, representante de la SEGOB en Morelos; Omar Beltr\u00e1n Dom\u00ednguez, en representaci\u00f3n de Ana Alday Ch\u00e1vez, del Instituto Nacional de Migraci\u00f3n; Enrique Evangelista Cortes, director de Movilidad Laboral en la Unidad del Servicio Nacional del Empleo; Jorge Mario Garc\u00eda \u00c1vila, director general del Servicio Nacional del Empleo en Morelos; y autoridades de las Embajadas de Canad\u00e1 y Estados Unidos.<\/p>\n\n\n\n<figure class=\"wp-container-2 wp-block-gallery-1 wp-block-gallery has-nested-images columns-default is-cropped\">\n<figure class=\"wp-block-image size-large\"><img loading=\"lazy\" width=\"1024\" height=\"682\" data-id=\"25223\"  src=\"https:\/\/cuernavaca.gob.mx\/wp-content\/uploads\/2023\/02\/Prevencio\u0301n-de-fraudes-laborales-01-1024x682.jpg\" alt=\"\" class=\"wp-image-25223\" srcset=\"https:\/\/cuernavaca.gob.mx\/wp-content\/uploads\/2023\/02\/Prevencio\u0301n-de-fraudes-laborales-01-1024x682.jpg 1024w, https:\/\/cuernavaca.gob.mx\/wp-content\/uploads\/2023\/02\/Prevencio\u0301n-de-fraudes-laborales-01-300x200.jpg 300w, https:\/\/cuernavaca.gob.mx\/wp-content\/uploads\/2023\/02\/Prevencio\u0301n-de-fraudes-laborales-01-768x512.jpg 768w, https:\/\/cuernavaca.gob.mx\/wp-content\/uploads\/2023\/02\/Prevencio\u0301n-de-fraudes-laborales-01-600x400.jpg 600w, https:\/\/cuernavaca.gob.mx\/wp-content\/uploads\/2023\/02\/Prevencio\u0301n-de-fraudes-laborales-01-560x373.jpg 560w, https:\/\/cuernavaca.gob.mx\/wp-content\/uploads\/2023\/02\/Prevencio\u0301n-de-fraudes-laborales-01.jpg 1280w\" sizes=\"(max-width: 1024px) 100vw, 1024px\" \/><\/figure>\n\n\n\n<figure class=\"wp-block-image size-large\"><img loading=\"lazy\" width=\"1024\" height=\"682\" data-id=\"25220\"  src=\"https:\/\/cuernavaca.gob.mx\/wp-content\/uploads\/2023\/02\/Prevencio\u0301n-de-fraudes-laborales-02-1024x682.jpg\" alt=\"\" class=\"wp-image-25220\" srcset=\"https:\/\/cuernavaca.gob.mx\/wp-content\/uploads\/2023\/02\/Prevencio\u0301n-de-fraudes-laborales-02-1024x682.jpg 1024w, https:\/\/cuernavaca.gob.mx\/wp-content\/uploads\/2023\/02\/Prevencio\u0301n-de-fraudes-laborales-02-300x200.jpg 300w, https:\/\/cuernavaca.gob.mx\/wp-content\/uploads\/2023\/02\/Prevencio\u0301n-de-fraudes-laborales-02-768x512.jpg 768w, https:\/\/cuernavaca.gob.mx\/wp-content\/uploads\/2023\/02\/Prevencio\u0301n-de-fraudes-laborales-02-600x400.jpg 600w, https:\/\/cuernavaca.gob.mx\/wp-content\/uploads\/2023\/02\/Prevencio\u0301n-de-fraudes-laborales-02-560x373.jpg 560w, https:\/\/cuernavaca.gob.mx\/wp-content\/uploads\/2023\/02\/Prevencio\u0301n-de-fraudes-laborales-02.jpg 1280w\" sizes=\"(max-width: 1024px) 100vw, 1024px\" \/><\/figure>\n\n\n\n<figure class=\"wp-block-image size-large\"><img loading=\"lazy\" width=\"1024\" height=\"682\" data-id=\"25221\"  src=\"https:\/\/cuernavaca.gob.mx\/wp-content\/uploads\/2023\/02\/Prevencio\u0301n-de-fraudes-laborales-03-1024x682.jpg\" alt=\"\" class=\"wp-image-25221\" srcset=\"https:\/\/cuernavaca.gob.mx\/wp-content\/uploads\/2023\/02\/Prevencio\u0301n-de-fraudes-laborales-03-1024x682.jpg 1024w, https:\/\/cuernavaca.gob.mx\/wp-content\/uploads\/2023\/02\/Prevencio\u0301n-de-fraudes-laborales-03-300x200.jpg 300w, https:\/\/cuernavaca.gob.mx\/wp-content\/uploads\/2023\/02\/Prevencio\u0301n-de-fraudes-laborales-03-768x512.jpg 768w, https:\/\/cuernavaca.gob.mx\/wp-content\/uploads\/2023\/02\/Prevencio\u0301n-de-fraudes-laborales-03-600x400.jpg 600w, https:\/\/cuernavaca.gob.mx\/wp-content\/uploads\/2023\/02\/Prevencio\u0301n-de-fraudes-laborales-03-560x373.jpg 560w, https:\/\/cuernavaca.gob.mx\/wp-content\/uploads\/2023\/02\/Prevencio\u0301n-de-fraudes-laborales-03.jpg 1280w\" sizes=\"(max-width: 1024px) 100vw, 1024px\" \/><\/figure>\n\n\n\n<figure class=\"wp-block-image size-large\"><img loading=\"lazy\" width=\"1024\" height=\"682\" data-id=\"25222\"  src=\"https:\/\/cuernavaca.gob.mx\/wp-content\/uploads\/2023\/02\/Prevencio\u0301n-de-fraudes-laborales-04-1024x682.jpg\" alt=\"\" class=\"wp-image-25222\" srcset=\"https:\/\/cuernavaca.gob.mx\/wp-content\/uploads\/2023\/02\/Prevencio\u0301n-de-fraudes-laborales-04-1024x682.jpg 1024w, https:\/\/cuernavaca.gob.mx\/wp-content\/uploads\/2023\/02\/Prevencio\u0301n-de-fraudes-laborales-04-300x200.jpg 300w, https:\/\/cuernavaca.gob.mx\/wp-content\/uploads\/2023\/02\/Prevencio\u0301n-de-fraudes-laborales-04-768x512.jpg 768w, https:\/\/cuernavaca.gob.mx\/wp-content\/uploads\/2023\/02\/Prevencio\u0301n-de-fraudes-laborales-04-600x400.jpg 600w, https:\/\/cuernavaca.gob.mx\/wp-content\/uploads\/2023\/02\/Prevencio\u0301n-de-fraudes-laborales-04-560x373.jpg 560w, https:\/\/cuernavaca.gob.mx\/wp-content\/uploads\/2023\/02\/Prevencio\u0301n-de-fraudes-laborales-04.jpg 1280w\" sizes=\"(max-width: 1024px) 100vw, 1024px\" \/><\/figure>\n<\/figure>\n","protected":false},"excerpt":{"rendered":"<p>Este jueves en representaci\u00f3n del presidente municipal de Cuernavaca, Jos\u00e9 Luis Uri\u00f3stegui Salgado, el secretario de Desarrollo Econ\u00f3mico y Turismo, Humberto Paladino Valdovinos, particip\u00f3 en la 1ra. Conferencia Nacional para la Prevenci\u00f3n de Fraudes Laborales, organizada por la Secretar\u00eda del Trabajo y Previsi\u00f3n Social, a trav\u00e9s de la Unidad del Servicio Nacional de Empleo, en [&hellip;]<\/p>\n","protected":false},"author":1,"featured_media":25221,"comment_status":"closed","ping_status":"closed","sticky":false,"template":"","format":"standard","meta":[],"categories":[2294,20],"tags":[121,375,2918,377,120,2920,161,2919],"aioseo_notices":[],"_links":{"self":[{"href":"https:\/\/cuernavaca.gob.mx\/index.php?rest_route=\/wp\/v2\/posts\/25219"}],"collection":[{"href":"https:\/\/cuernavaca.gob.mx\/index.php?rest_route=\/wp\/v2\/posts"}],"about":[{"href":"https:\/\/cuernavaca.gob.mx\/index.php?rest_route=\/wp\/v2\/types\/post"}],"author":[{"embeddable":true,"href":"https:\/\/cuernavaca.gob.mx\/index.php?rest_route=\/wp\/v2\/users\/1"}],"replies":[{"embeddable":true,"href":"https:\/\/cuernavaca.gob.mx\/index.php?rest_route=%2Fwp%2Fv2%2Fcomments&post=25219"}],"version-history":[{"count":1,"href":"https:\/\/cuernavaca.gob.mx\/index.php?rest_route=\/wp\/v2\/posts\/25219\/revisions"}],"predecessor-version":[{"id":25224,"href":"https:\/\/cuernavaca.gob.mx\/index.php?rest_route=\/wp\/v2\/posts\/25219\/revisions\/25224"}],"wp:featuredmedia":[{"embeddable":true,"href":"https:\/\/cuernavaca.gob.mx\/index.php?rest_route=\/wp\/v2\/media\/25221"}],"wp:attachment":[{"href":"https:\/\/cuernavaca.gob.mx\/index.php?rest_route=%2Fwp%2Fv2%2Fmedia&parent=25219"}],"wp:term":[{"taxonomy":"category","embeddable":true,"href":"https:\/\/cuernavaca.gob.mx\/index.php?rest_route=%2Fwp%2Fv2%2Fcategories&post=25219"},{"taxonomy":"post_tag","embeddable":true,"href":"https:\/\/cuernavaca.gob.mx\/index.php?rest_route=%2Fwp%2Fv2%2Ftags&post=25219"}],"curies":[{"name":"wp","href":"https:\/\/api.w.org\/{rel}","templated":true}]}}