{"id":25225,"date":"2023-02-16T18:46:28","date_gmt":"2023-02-17T00:46:28","guid":{"rendered":"https:\/\/cuernavaca.gob.mx\/?p=25225"},"modified":"2025-05-06T12:28:39","modified_gmt":"2025-05-06T18:28:39","slug":"b783-16-02-2023-entrega-ayuntamiento-de-cuernavaca-15-pasaportes-y-cuatro-visas-gestionados-para-personas-adultos-mayores-y-una-familia-entera","status":"publish","type":"post","link":"https:\/\/cuernavaca.gob.mx\/?p=25225","title":{"rendered":"B783 16\/02\/23 ENTREGA AYUNTAMIENTO DE CUERNAVACA 15 PASAPORTES Y CUATRO VISAS GESTIONADOS PARA PERSONAS ADULTOS MAYORES Y UNA FAMILIA ENTERA"},"content":{"rendered":"\n<p>\u2022 La Direcci\u00f3n de Asuntos Migratorios y Religiosos se ha vuelto un facilitador para todas aquellas personas que desconocen como tramitar estos documentos esenciales para viajar al extranjero <\/p>\n\n\n\n<p>\u2022 Se busca seguir simplificando los tr\u00e1mites para la ciudadan\u00eda, pero tambi\u00e9n reunir a familias, lo cual dar\u00e1 como resultado una Cuernavaca m\u00e1s fuerte.<\/p>\n\n\n\n<p>Como parte de la simplificaci\u00f3n de tr\u00e1mites que ha priorizado el Ayuntamiento de Cuernavaca, este jueves a trav\u00e9s de la Direcci\u00f3n de Asuntos Migratorios y Religiosos, adscrita a la Secretar\u00eda de Desarrollo Humano y Participaci\u00f3n Social, entreg\u00f3 de manera simb\u00f3lica 15 pasaportes y cuatro visas a ciudadanos que se acercaron al municipio para ser auxiliados de manera gratuita en la obtenci\u00f3n de estos servicios. <\/p>\n\n\n\n<p>En representaci\u00f3n del presidente municipal, Jos\u00e9 Luis Uri\u00f3stegui Salgado, la secretaria de Desarrollo Humano y Participaci\u00f3n Social, Laura Hern\u00e1ndez Cruz, reconoci\u00f3 el trabajo de la Direcci\u00f3n de Asuntos Migratorios y Religiosos a cargo de Juan Carlos Agui\u00f1aga, la cual se ha vuelto un facilitador para todas aquellas personas que desconocen como tramitar una cita para obtener estos documentos o que por alguna situaci\u00f3n no puede agendarla ellos mismos.<\/p>\n\n\n\n<p>Expres\u00f3 que con esta labor ante la Secretar\u00eda de Relaciones Exteriores y los Consulados pretenden que familias enteras puedan reencontrarse, ya que reconocen la importancia que tiene para la poblaci\u00f3n el poder visitar a sus familiares que viven en el extranjero y que por distintos hechos no han podido ver, \u201cfamilias unidas, familias fuertes hacen ciudadanos m\u00e1s fuertes y por supuesto que ciudades m\u00e1s fuertes\u201d. <\/p>\n\n\n\n<p>Por su lado, el director de Asuntos Migratorios y Religiosos, Juan Carlos Agui\u00f1aga, destac\u00f3 que desde el primer d\u00eda de la presente administraci\u00f3n municipal han estado apoyando a los cuernavacenses que se acercan a pedir informes, principalmente adultos mayores que pretenden visitar a sus hijos que han migrado a los Estados Unidos, siendo todo un \u00e9xito este servicio, ya que incluso migrantes extranjeros que radican en el municipio de manera irregular han solicitado asesor\u00eda para regularizar su situaci\u00f3n en el pa\u00eds.<\/p>\n\n\n\n<p>De diciembre de 2022 a enero del presente a\u00f1o han gestionado un total de 34 citas para pasaporte. Los habitantes interesados en recibir la ayuda del municipio deben dirigirse a la oficina de la Direcci\u00f3n de Asuntos Migratorios y Religiosos que se encuentra en la sede Papagayo del Ayuntamiento de Cuernavaca, ubicada en calle Motolin\u00eda #5, colonia Centro, en un horario de 08:00 a 17:00 horas de lunes a viernes.<\/p>\n\n\n\n<figure class=\"wp-container-2 wp-block-gallery-1 wp-block-gallery has-nested-images columns-default is-cropped\">\n<figure class=\"wp-block-image size-large\"><img loading=\"lazy\" width=\"1024\" height=\"682\" data-id=\"25226\"  src=\"https:\/\/cuernavaca.gob.mx\/wp-content\/uploads\/2023\/02\/IMG-20230216-WA0049-1024x682.jpg\" alt=\"\" class=\"wp-image-25226\" srcset=\"https:\/\/cuernavaca.gob.mx\/wp-content\/uploads\/2023\/02\/IMG-20230216-WA0049-1024x682.jpg 1024w, https:\/\/cuernavaca.gob.mx\/wp-content\/uploads\/2023\/02\/IMG-20230216-WA0049-300x200.jpg 300w, https:\/\/cuernavaca.gob.mx\/wp-content\/uploads\/2023\/02\/IMG-20230216-WA0049-768x512.jpg 768w, https:\/\/cuernavaca.gob.mx\/wp-content\/uploads\/2023\/02\/IMG-20230216-WA0049-1536x1023.jpg 1536w, https:\/\/cuernavaca.gob.mx\/wp-content\/uploads\/2023\/02\/IMG-20230216-WA0049-600x400.jpg 600w, https:\/\/cuernavaca.gob.mx\/wp-content\/uploads\/2023\/02\/IMG-20230216-WA0049-560x373.jpg 560w, https:\/\/cuernavaca.gob.mx\/wp-content\/uploads\/2023\/02\/IMG-20230216-WA0049.jpg 1600w\" sizes=\"(max-width: 1024px) 100vw, 1024px\" \/><\/figure>\n\n\n\n<figure class=\"wp-block-image size-large\"><img loading=\"lazy\" width=\"1024\" height=\"682\" data-id=\"25228\"  src=\"https:\/\/cuernavaca.gob.mx\/wp-content\/uploads\/2023\/02\/IMG-20230216-WA0050-1024x682.jpg\" alt=\"\" class=\"wp-image-25228\" srcset=\"https:\/\/cuernavaca.gob.mx\/wp-content\/uploads\/2023\/02\/IMG-20230216-WA0050-1024x682.jpg 1024w, https:\/\/cuernavaca.gob.mx\/wp-content\/uploads\/2023\/02\/IMG-20230216-WA0050-300x200.jpg 300w, https:\/\/cuernavaca.gob.mx\/wp-content\/uploads\/2023\/02\/IMG-20230216-WA0050-768x512.jpg 768w, https:\/\/cuernavaca.gob.mx\/wp-content\/uploads\/2023\/02\/IMG-20230216-WA0050-1536x1023.jpg 1536w, https:\/\/cuernavaca.gob.mx\/wp-content\/uploads\/2023\/02\/IMG-20230216-WA0050-600x400.jpg 600w, https:\/\/cuernavaca.gob.mx\/wp-content\/uploads\/2023\/02\/IMG-20230216-WA0050-560x373.jpg 560w, https:\/\/cuernavaca.gob.mx\/wp-content\/uploads\/2023\/02\/IMG-20230216-WA0050.jpg 1600w\" sizes=\"(max-width: 1024px) 100vw, 1024px\" \/><\/figure>\n\n\n\n<figure class=\"wp-block-image size-large\"><img loading=\"lazy\" width=\"1024\" height=\"682\" data-id=\"25227\"  src=\"https:\/\/cuernavaca.gob.mx\/wp-content\/uploads\/2023\/02\/IMG-20230216-WA0051-1024x682.jpg\" alt=\"\" class=\"wp-image-25227\" srcset=\"https:\/\/cuernavaca.gob.mx\/wp-content\/uploads\/2023\/02\/IMG-20230216-WA0051-1024x682.jpg 1024w, https:\/\/cuernavaca.gob.mx\/wp-content\/uploads\/2023\/02\/IMG-20230216-WA0051-300x200.jpg 300w, https:\/\/cuernavaca.gob.mx\/wp-content\/uploads\/2023\/02\/IMG-20230216-WA0051-768x512.jpg 768w, https:\/\/cuernavaca.gob.mx\/wp-content\/uploads\/2023\/02\/IMG-20230216-WA0051-1536x1023.jpg 1536w, https:\/\/cuernavaca.gob.mx\/wp-content\/uploads\/2023\/02\/IMG-20230216-WA0051-600x400.jpg 600w, https:\/\/cuernavaca.gob.mx\/wp-content\/uploads\/2023\/02\/IMG-20230216-WA0051-560x373.jpg 560w, https:\/\/cuernavaca.gob.mx\/wp-content\/uploads\/2023\/02\/IMG-20230216-WA0051.jpg 1600w\" sizes=\"(max-width: 1024px) 100vw, 1024px\" \/><\/figure>\n\n\n\n<figure class=\"wp-block-image size-large\"><img loading=\"lazy\" width=\"1024\" height=\"682\" data-id=\"25231\"  src=\"https:\/\/cuernavaca.gob.mx\/wp-content\/uploads\/2023\/02\/IMG-20230216-WA0047-1024x682.jpg\" alt=\"\" class=\"wp-image-25231\" srcset=\"https:\/\/cuernavaca.gob.mx\/wp-content\/uploads\/2023\/02\/IMG-20230216-WA0047-1024x682.jpg 1024w, https:\/\/cuernavaca.gob.mx\/wp-content\/uploads\/2023\/02\/IMG-20230216-WA0047-300x200.jpg 300w, https:\/\/cuernavaca.gob.mx\/wp-content\/uploads\/2023\/02\/IMG-20230216-WA0047-768x512.jpg 768w, https:\/\/cuernavaca.gob.mx\/wp-content\/uploads\/2023\/02\/IMG-20230216-WA0047-1536x1023.jpg 1536w, https:\/\/cuernavaca.gob.mx\/wp-content\/uploads\/2023\/02\/IMG-20230216-WA0047-600x400.jpg 600w, https:\/\/cuernavaca.gob.mx\/wp-content\/uploads\/2023\/02\/IMG-20230216-WA0047-560x373.jpg 560w, https:\/\/cuernavaca.gob.mx\/wp-content\/uploads\/2023\/02\/IMG-20230216-WA0047.jpg 1600w\" sizes=\"(max-width: 1024px) 100vw, 1024px\" \/><\/figure>\n\n\n\n<figure class=\"wp-block-image size-large\"><img loading=\"lazy\" width=\"1024\" height=\"682\" data-id=\"25232\"  src=\"https:\/\/cuernavaca.gob.mx\/wp-content\/uploads\/2023\/02\/IMG-20230216-WA0048-1024x682.jpg\" alt=\"\" class=\"wp-image-25232\" srcset=\"https:\/\/cuernavaca.gob.mx\/wp-content\/uploads\/2023\/02\/IMG-20230216-WA0048-1024x682.jpg 1024w, https:\/\/cuernavaca.gob.mx\/wp-content\/uploads\/2023\/02\/IMG-20230216-WA0048-300x200.jpg 300w, https:\/\/cuernavaca.gob.mx\/wp-content\/uploads\/2023\/02\/IMG-20230216-WA0048-768x512.jpg 768w, https:\/\/cuernavaca.gob.mx\/wp-content\/uploads\/2023\/02\/IMG-20230216-WA0048-1536x1023.jpg 1536w, https:\/\/cuernavaca.gob.mx\/wp-content\/uploads\/2023\/02\/IMG-20230216-WA0048-600x400.jpg 600w, https:\/\/cuernavaca.gob.mx\/wp-content\/uploads\/2023\/02\/IMG-20230216-WA0048-560x373.jpg 560w, https:\/\/cuernavaca.gob.mx\/wp-content\/uploads\/2023\/02\/IMG-20230216-WA0048.jpg 1600w\" sizes=\"(max-width: 1024px) 100vw, 1024px\" \/><\/figure>\n\n\n\n<figure class=\"wp-block-image size-large\"><img loading=\"lazy\" width=\"1024\" height=\"682\" data-id=\"25229\"  src=\"https:\/\/cuernavaca.gob.mx\/wp-content\/uploads\/2023\/02\/IMG-20230216-WA0040-1024x682.jpg\" alt=\"\" class=\"wp-image-25229\" srcset=\"https:\/\/cuernavaca.gob.mx\/wp-content\/uploads\/2023\/02\/IMG-20230216-WA0040-1024x682.jpg 1024w, https:\/\/cuernavaca.gob.mx\/wp-content\/uploads\/2023\/02\/IMG-20230216-WA0040-300x200.jpg 300w, https:\/\/cuernavaca.gob.mx\/wp-content\/uploads\/2023\/02\/IMG-20230216-WA0040-768x512.jpg 768w, https:\/\/cuernavaca.gob.mx\/wp-content\/uploads\/2023\/02\/IMG-20230216-WA0040-1536x1023.jpg 1536w, https:\/\/cuernavaca.gob.mx\/wp-content\/uploads\/2023\/02\/IMG-20230216-WA0040-600x400.jpg 600w, https:\/\/cuernavaca.gob.mx\/wp-content\/uploads\/2023\/02\/IMG-20230216-WA0040-560x373.jpg 560w, https:\/\/cuernavaca.gob.mx\/wp-content\/uploads\/2023\/02\/IMG-20230216-WA0040.jpg 1600w\" sizes=\"(max-width: 1024px) 100vw, 1024px\" \/><\/figure>\n\n\n\n<figure class=\"wp-block-image size-large\"><img loading=\"lazy\" width=\"1024\" height=\"682\" data-id=\"25230\"  src=\"https:\/\/cuernavaca.gob.mx\/wp-content\/uploads\/2023\/02\/IMG-20230216-WA0045-1024x682.jpg\" alt=\"\" class=\"wp-image-25230\" srcset=\"https:\/\/cuernavaca.gob.mx\/wp-content\/uploads\/2023\/02\/IMG-20230216-WA0045-1024x682.jpg 1024w, https:\/\/cuernavaca.gob.mx\/wp-content\/uploads\/2023\/02\/IMG-20230216-WA0045-300x200.jpg 300w, https:\/\/cuernavaca.gob.mx\/wp-content\/uploads\/2023\/02\/IMG-20230216-WA0045-768x512.jpg 768w, https:\/\/cuernavaca.gob.mx\/wp-content\/uploads\/2023\/02\/IMG-20230216-WA0045-1536x1023.jpg 1536w, https:\/\/cuernavaca.gob.mx\/wp-content\/uploads\/2023\/02\/IMG-20230216-WA0045-600x400.jpg 600w, https:\/\/cuernavaca.gob.mx\/wp-content\/uploads\/2023\/02\/IMG-20230216-WA0045-560x373.jpg 560w, https:\/\/cuernavaca.gob.mx\/wp-content\/uploads\/2023\/02\/IMG-20230216-WA0045.jpg 1600w\" sizes=\"(max-width: 1024px) 100vw, 1024px\" \/><\/figure>\n<\/figure>\n","protected":false},"excerpt":{"rendered":"<p>\u2022 La Direcci\u00f3n de Asuntos Migratorios y Religiosos se ha vuelto un facilitador para todas aquellas personas que desconocen como tramitar estos documentos esenciales para viajar al extranjero \u2022 Se busca seguir simplificando los tr\u00e1mites para la ciudadan\u00eda, pero tambi\u00e9n reunir a familias, lo cual dar\u00e1 como resultado una Cuernavaca m\u00e1s fuerte. Como parte de [&hellip;]<\/p>\n","protected":false},"author":1,"featured_media":25226,"comment_status":"closed","ping_status":"open","sticky":false,"template":"","format":"standard","meta":[],"categories":[862,20],"tags":[121,120,206,1715,2921],"aioseo_notices":[],"_links":{"self":[{"href":"https:\/\/cuernavaca.gob.mx\/index.php?rest_route=\/wp\/v2\/posts\/25225"}],"collection":[{"href":"https:\/\/cuernavaca.gob.mx\/index.php?rest_route=\/wp\/v2\/posts"}],"about":[{"href":"https:\/\/cuernavaca.gob.mx\/index.php?rest_route=\/wp\/v2\/types\/post"}],"author":[{"embeddable":true,"href":"https:\/\/cuernavaca.gob.mx\/index.php?rest_route=\/wp\/v2\/users\/1"}],"replies":[{"embeddable":true,"href":"https:\/\/cuernavaca.gob.mx\/index.php?rest_route=%2Fwp%2Fv2%2Fcomments&post=25225"}],"version-history":[{"count":3,"href":"https:\/\/cuernavaca.gob.mx\/index.php?rest_route=\/wp\/v2\/posts\/25225\/revisions"}],"predecessor-version":[{"id":25236,"href":"https:\/\/cuernavaca.gob.mx\/index.php?rest_route=\/wp\/v2\/posts\/25225\/revisions\/25236"}],"wp:featuredmedia":[{"embeddable":true,"href":"https:\/\/cuernavaca.gob.mx\/index.php?rest_route=\/wp\/v2\/media\/25226"}],"wp:attachment":[{"href":"https:\/\/cuernavaca.gob.mx\/index.php?rest_route=%2Fwp%2Fv2%2Fmedia&parent=25225"}],"wp:term":[{"taxonomy":"category","embeddable":true,"href":"https:\/\/cuernavaca.gob.mx\/index.php?rest_route=%2Fwp%2Fv2%2Fcategories&post=25225"},{"taxonomy":"post_tag","embeddable":true,"href":"https:\/\/cuernavaca.gob.mx\/index.php?rest_route=%2Fwp%2Fv2%2Ftags&post=25225"}],"curies":[{"name":"wp","href":"https:\/\/api.w.org\/{rel}","templated":true}]}}