{"id":25237,"date":"2023-02-16T18:56:03","date_gmt":"2023-02-17T00:56:03","guid":{"rendered":"https:\/\/cuernavaca.gob.mx\/?p=25237"},"modified":"2025-05-06T12:28:39","modified_gmt":"2025-05-06T18:28:39","slug":"f356-16-02-23-participa-cuernavaca-en-la-reunion-de-ciudades-capitales-de-mexico-para-abordar-temas-relacionados-al-fomento-de-nuevas-inversiones-y-el-desarrollo-regional","status":"publish","type":"post","link":"https:\/\/cuernavaca.gob.mx\/?p=25237","title":{"rendered":"F356 16\/02\/23 PARTICIPA CUERNAVACA EN LA REUNI\u00d3N DE CIUDADES CAPITALES DE M\u00c9XICO PARA ABORDAR TEMAS RELACIONADOS AL FOMENTO DE NUEVAS INVERSIONES Y EL DESARROLLO REGIONAL"},"content":{"rendered":"\n<p>El Secretario del Ayuntamiento de Cuernavaca, Carlos de la Rosa Segura, participa en representaci\u00f3n del presidente municipal, Jos\u00e9 Luis Uri\u00f3stegui Salgado, en la VI Sesi\u00f3n de la Asociaci\u00f3n de Ciudades Capitales de M\u00e9xico (ACCM), que se realiza en la ciudad de M\u00e9rida, Yucat\u00e1n este 16 y 17 de febrero, donde fue recibido por el Alcalde Ren\u00e1n Barrera Concha, quien preside la asociaci\u00f3n.<\/p>\n\n\n\n<p>En esta plenaria, las autoridades de las ciudades capitales del pa\u00eds analizar\u00e1n una serie de propuestas y estrategias que permitan en conjunto fortalecer las econom\u00edas de estos municipios que concentran la mayor densidad poblacional en sus estados, as\u00ed como diversos desaf\u00edos relacionados a movilidad social, atraer nuevas inversiones, generaci\u00f3n de empleos y gestiones para acceder a programas federales que permitan la obtenci\u00f3n de recursos para obras de desarrollo regional.<\/p>\n\n\n\n<p>Durante la VI Sesi\u00f3n de la Asociaci\u00f3n de Ciudades Capitales de M\u00e9xico, las 21 alcaldesas, alcaldes o representantes de estos que participan, tambi\u00e9n se abordaran tem\u00e1ticas relacionadas a una estrategia global para la atracci\u00f3n de inversi\u00f3n extranjera, la promoci\u00f3n de una migraci\u00f3n segura, ordenada y regular, invitando en esta ocasi\u00f3n al Secretario de Relaciones Exteriores, Marcelo Ebrard Casaubon, a fin de tratar estos asuntos de inter\u00e9s para las autoridades municipales.<\/p>\n\n\n\n<figure class=\"wp-container-2 wp-block-gallery-1 wp-block-gallery has-nested-images columns-default is-cropped\">\n<figure class=\"wp-block-image size-large\"><img loading=\"lazy\" width=\"800\" height=\"533\" data-id=\"25238\"  src=\"https:\/\/cuernavaca.gob.mx\/wp-content\/uploads\/2023\/02\/IMG-20230216-WA0056.jpg\" alt=\"\" class=\"wp-image-25238\" srcset=\"https:\/\/cuernavaca.gob.mx\/wp-content\/uploads\/2023\/02\/IMG-20230216-WA0056.jpg 800w, https:\/\/cuernavaca.gob.mx\/wp-content\/uploads\/2023\/02\/IMG-20230216-WA0056-300x200.jpg 300w, https:\/\/cuernavaca.gob.mx\/wp-content\/uploads\/2023\/02\/IMG-20230216-WA0056-768x512.jpg 768w, https:\/\/cuernavaca.gob.mx\/wp-content\/uploads\/2023\/02\/IMG-20230216-WA0056-600x400.jpg 600w, https:\/\/cuernavaca.gob.mx\/wp-content\/uploads\/2023\/02\/IMG-20230216-WA0056-560x373.jpg 560w\" sizes=\"(max-width: 800px) 100vw, 800px\" \/><\/figure>\n\n\n\n<figure class=\"wp-block-image size-large\"><img loading=\"lazy\" width=\"800\" height=\"533\" data-id=\"25239\"  src=\"https:\/\/cuernavaca.gob.mx\/wp-content\/uploads\/2023\/02\/IMG-20230216-WA0054.jpg\" alt=\"\" class=\"wp-image-25239\" srcset=\"https:\/\/cuernavaca.gob.mx\/wp-content\/uploads\/2023\/02\/IMG-20230216-WA0054.jpg 800w, https:\/\/cuernavaca.gob.mx\/wp-content\/uploads\/2023\/02\/IMG-20230216-WA0054-300x200.jpg 300w, https:\/\/cuernavaca.gob.mx\/wp-content\/uploads\/2023\/02\/IMG-20230216-WA0054-768x512.jpg 768w, https:\/\/cuernavaca.gob.mx\/wp-content\/uploads\/2023\/02\/IMG-20230216-WA0054-600x400.jpg 600w, https:\/\/cuernavaca.gob.mx\/wp-content\/uploads\/2023\/02\/IMG-20230216-WA0054-560x373.jpg 560w\" sizes=\"(max-width: 800px) 100vw, 800px\" \/><\/figure>\n\n\n\n<figure class=\"wp-block-image size-large\"><img loading=\"lazy\" width=\"634\" height=\"408\" data-id=\"25240\"  src=\"https:\/\/cuernavaca.gob.mx\/wp-content\/uploads\/2023\/02\/IMG-20230216-WA0053.jpg\" alt=\"\" class=\"wp-image-25240\" srcset=\"https:\/\/cuernavaca.gob.mx\/wp-content\/uploads\/2023\/02\/IMG-20230216-WA0053.jpg 634w, https:\/\/cuernavaca.gob.mx\/wp-content\/uploads\/2023\/02\/IMG-20230216-WA0053-300x193.jpg 300w, https:\/\/cuernavaca.gob.mx\/wp-content\/uploads\/2023\/02\/IMG-20230216-WA0053-600x386.jpg 600w, https:\/\/cuernavaca.gob.mx\/wp-content\/uploads\/2023\/02\/IMG-20230216-WA0053-560x360.jpg 560w\" sizes=\"(max-width: 634px) 100vw, 634px\" \/><\/figure>\n\n\n\n<figure class=\"wp-block-image size-large\"><img loading=\"lazy\" width=\"800\" height=\"533\" data-id=\"25241\"  src=\"https:\/\/cuernavaca.gob.mx\/wp-content\/uploads\/2023\/02\/IMG-20230216-WA0052.jpg\" alt=\"\" class=\"wp-image-25241\" srcset=\"https:\/\/cuernavaca.gob.mx\/wp-content\/uploads\/2023\/02\/IMG-20230216-WA0052.jpg 800w, https:\/\/cuernavaca.gob.mx\/wp-content\/uploads\/2023\/02\/IMG-20230216-WA0052-300x200.jpg 300w, https:\/\/cuernavaca.gob.mx\/wp-content\/uploads\/2023\/02\/IMG-20230216-WA0052-768x512.jpg 768w, https:\/\/cuernavaca.gob.mx\/wp-content\/uploads\/2023\/02\/IMG-20230216-WA0052-600x400.jpg 600w, https:\/\/cuernavaca.gob.mx\/wp-content\/uploads\/2023\/02\/IMG-20230216-WA0052-560x373.jpg 560w\" sizes=\"(max-width: 800px) 100vw, 800px\" \/><\/figure>\n\n\n\n<figure class=\"wp-block-image size-large\"><img loading=\"lazy\" width=\"948\" height=\"956\" data-id=\"25242\"  src=\"https:\/\/cuernavaca.gob.mx\/wp-content\/uploads\/2023\/02\/IMG-20230216-WA0055.jpg\" alt=\"\" class=\"wp-image-25242\" srcset=\"https:\/\/cuernavaca.gob.mx\/wp-content\/uploads\/2023\/02\/IMG-20230216-WA0055.jpg 948w, https:\/\/cuernavaca.gob.mx\/wp-content\/uploads\/2023\/02\/IMG-20230216-WA0055-297x300.jpg 297w, https:\/\/cuernavaca.gob.mx\/wp-content\/uploads\/2023\/02\/IMG-20230216-WA0055-150x150.jpg 150w, https:\/\/cuernavaca.gob.mx\/wp-content\/uploads\/2023\/02\/IMG-20230216-WA0055-768x774.jpg 768w, https:\/\/cuernavaca.gob.mx\/wp-content\/uploads\/2023\/02\/IMG-20230216-WA0055-595x600.jpg 595w, https:\/\/cuernavaca.gob.mx\/wp-content\/uploads\/2023\/02\/IMG-20230216-WA0055-555x560.jpg 555w\" sizes=\"(max-width: 948px) 100vw, 948px\" \/><\/figure>\n<\/figure>\n","protected":false},"excerpt":{"rendered":"<p>El Secretario del Ayuntamiento de Cuernavaca, Carlos de la Rosa Segura, participa en representaci\u00f3n del presidente municipal, Jos\u00e9 Luis Uri\u00f3stegui Salgado, en la VI Sesi\u00f3n de la Asociaci\u00f3n de Ciudades Capitales de M\u00e9xico (ACCM), que se realiza en la ciudad de M\u00e9rida, Yucat\u00e1n este 16 y 17 de febrero, donde fue recibido por el Alcalde [&hellip;]<\/p>\n","protected":false},"author":1,"featured_media":25242,"comment_status":"closed","ping_status":"open","sticky":false,"template":"","format":"standard","meta":[],"categories":[2294],"tags":[121,120,206],"aioseo_notices":[],"_links":{"self":[{"href":"https:\/\/cuernavaca.gob.mx\/index.php?rest_route=\/wp\/v2\/posts\/25237"}],"collection":[{"href":"https:\/\/cuernavaca.gob.mx\/index.php?rest_route=\/wp\/v2\/posts"}],"about":[{"href":"https:\/\/cuernavaca.gob.mx\/index.php?rest_route=\/wp\/v2\/types\/post"}],"author":[{"embeddable":true,"href":"https:\/\/cuernavaca.gob.mx\/index.php?rest_route=\/wp\/v2\/users\/1"}],"replies":[{"embeddable":true,"href":"https:\/\/cuernavaca.gob.mx\/index.php?rest_route=%2Fwp%2Fv2%2Fcomments&post=25237"}],"version-history":[{"count":1,"href":"https:\/\/cuernavaca.gob.mx\/index.php?rest_route=\/wp\/v2\/posts\/25237\/revisions"}],"predecessor-version":[{"id":25243,"href":"https:\/\/cuernavaca.gob.mx\/index.php?rest_route=\/wp\/v2\/posts\/25237\/revisions\/25243"}],"wp:featuredmedia":[{"embeddable":true,"href":"https:\/\/cuernavaca.gob.mx\/index.php?rest_route=\/wp\/v2\/media\/25242"}],"wp:attachment":[{"href":"https:\/\/cuernavaca.gob.mx\/index.php?rest_route=%2Fwp%2Fv2%2Fmedia&parent=25237"}],"wp:term":[{"taxonomy":"category","embeddable":true,"href":"https:\/\/cuernavaca.gob.mx\/index.php?rest_route=%2Fwp%2Fv2%2Fcategories&post=25237"},{"taxonomy":"post_tag","embeddable":true,"href":"https:\/\/cuernavaca.gob.mx\/index.php?rest_route=%2Fwp%2Fv2%2Ftags&post=25237"}],"curies":[{"name":"wp","href":"https:\/\/api.w.org\/{rel}","templated":true}]}}