{"id":25307,"date":"2023-02-19T15:00:00","date_gmt":"2023-02-19T21:00:00","guid":{"rendered":"https:\/\/cuernavaca.gob.mx\/?p=25307"},"modified":"2025-05-06T12:28:37","modified_gmt":"2025-05-06T18:28:37","slug":"b791-19-02-23-ayuntamiento-de-cuernavaca-priorizara-el-uso-de-medios-digitales-para-cuidar-el-medio-ambiente","status":"publish","type":"post","link":"https:\/\/cuernavaca.gob.mx\/?p=25307","title":{"rendered":"B791 19\/02\/23 AYUNTAMIENTO DE CUERNAVACA PRIORIZAR\u00c1 EL USO DE MEDIOS DIGITALES PARA CUIDAR EL MEDIO AMBIENTE"},"content":{"rendered":"\n<p><strong>\u2022 A propuesta de la regidora Wendi Salinas integrantes del Cabildo autorizaron el env\u00edo de manera permanente de las actas y acuerdos de Cabildo autorizadas a trav\u00e9s de medios digitales<\/strong><\/p>\n\n\n\n<p>Con el objetivo de seguir abonando a la protecci\u00f3n del medio ambiente, el Ayuntamiento de Cuernavaca est\u00e1 dejando atr\u00e1s el desperdicio de toneladas de papel, enviando de manera permanente las actas y acuerdos de Cabildo autorizadas en sesiones ordinarias o extraordinarias a trav\u00e9s de medios digitales, lo cual generar\u00e1 tambi\u00e9n ahorros econ\u00f3micos.<\/p>\n\n\n\n<p>Al presentar la propuesta, la regidora presidenta de la Comisi\u00f3n de Protecci\u00f3n Ambiental y Desarrollo Sustentable, Wendi Salinas Ruiz, afirm\u00f3 que tiene como \u00fanico objetivo dejar atr\u00e1s el desperdicio de toneladas de papel y aprovechar el uso de las tecnolog\u00edas bas\u00e1ndose en el art\u00edculo noveno de la Ley Federal de Austeridad Republicana y el art\u00edculo noveno del acuerdo que aprobaron para implementar medidas de racionalidad, austeridad y disciplina presupuestal, que se\u00f1ala que los documentos que rebasen las 30 hojas deber\u00e1n ser enviados por correo electr\u00f3nico para reducir el uso de papel y evitar un gasto extra.<\/p>\n\n\n\n<p>Precis\u00f3 que las actas de Cabildo representan un gasto enorme en papel que la mayor\u00eda de las veces terminan archivadas provocando un gasto econ\u00f3mico y un da\u00f1o al medio ambiente debido a que estas hojas en unos a\u00f1os ir\u00e1n a parar a la basura, por lo cual su resguardo permitir\u00e1 un ahorro econ\u00f3mico en papel al mismo tiempo de ser una forma de ayudar a proteger al medio ambiente, ya que reduce la contaminaci\u00f3n y logra una r\u00e1pida reforestaci\u00f3n.<\/p>\n\n\n\n<p>Destac\u00f3 que para imprimir libros se consumen m\u00e1s de 20 millones de \u00e1rboles, en tanto el 40 por ciento del total de la cosecha industrial mundial de madera se utiliza para hacer papel, representando el 25 por ciento de los desechos en los vertederos.<\/p>\n\n\n\n<p>Por \u00faltimo, el presidente municipal, Jos\u00e9 Luis Uri\u00f3stegui Salgado, manifest\u00f3 su respaldo a esta propuesta, al considerar que es fundamental utilizar la gran variedad de herramientas tecnol\u00f3gicas que existen, las cuales facilitan el trasladado de cientos de documentos, evitando el consumo de papel.<\/p>\n\n\n\n<figure class=\"wp-container-2 wp-block-gallery-1 wp-block-gallery has-nested-images columns-default is-cropped\">\n<figure class=\"wp-block-image size-large\"><img loading=\"lazy\" width=\"1024\" height=\"683\" data-id=\"25311\"  src=\"https:\/\/cuernavaca.gob.mx\/wp-content\/uploads\/2023\/02\/cabildo-cuernavaca-1-1024x683.jpeg\" alt=\"\" class=\"wp-image-25311\" srcset=\"https:\/\/cuernavaca.gob.mx\/wp-content\/uploads\/2023\/02\/cabildo-cuernavaca-1-1024x683.jpeg 1024w, https:\/\/cuernavaca.gob.mx\/wp-content\/uploads\/2023\/02\/cabildo-cuernavaca-1-300x200.jpeg 300w, https:\/\/cuernavaca.gob.mx\/wp-content\/uploads\/2023\/02\/cabildo-cuernavaca-1-768x512.jpeg 768w, https:\/\/cuernavaca.gob.mx\/wp-content\/uploads\/2023\/02\/cabildo-cuernavaca-1-1536x1024.jpeg 1536w, https:\/\/cuernavaca.gob.mx\/wp-content\/uploads\/2023\/02\/cabildo-cuernavaca-1-600x400.jpeg 600w, https:\/\/cuernavaca.gob.mx\/wp-content\/uploads\/2023\/02\/cabildo-cuernavaca-1-560x373.jpeg 560w, https:\/\/cuernavaca.gob.mx\/wp-content\/uploads\/2023\/02\/cabildo-cuernavaca-1.jpeg 1599w\" sizes=\"(max-width: 1024px) 100vw, 1024px\" \/><\/figure>\n\n\n\n<figure class=\"wp-block-image size-large\"><img loading=\"lazy\" width=\"1024\" height=\"683\" data-id=\"25308\"  src=\"https:\/\/cuernavaca.gob.mx\/wp-content\/uploads\/2023\/02\/cabildo-cuernavaca-2-1024x683.jpeg\" alt=\"\" class=\"wp-image-25308\" srcset=\"https:\/\/cuernavaca.gob.mx\/wp-content\/uploads\/2023\/02\/cabildo-cuernavaca-2-1024x683.jpeg 1024w, https:\/\/cuernavaca.gob.mx\/wp-content\/uploads\/2023\/02\/cabildo-cuernavaca-2-300x200.jpeg 300w, https:\/\/cuernavaca.gob.mx\/wp-content\/uploads\/2023\/02\/cabildo-cuernavaca-2-768x512.jpeg 768w, https:\/\/cuernavaca.gob.mx\/wp-content\/uploads\/2023\/02\/cabildo-cuernavaca-2-1536x1024.jpeg 1536w, https:\/\/cuernavaca.gob.mx\/wp-content\/uploads\/2023\/02\/cabildo-cuernavaca-2-600x400.jpeg 600w, https:\/\/cuernavaca.gob.mx\/wp-content\/uploads\/2023\/02\/cabildo-cuernavaca-2-560x373.jpeg 560w, https:\/\/cuernavaca.gob.mx\/wp-content\/uploads\/2023\/02\/cabildo-cuernavaca-2.jpeg 1599w\" sizes=\"(max-width: 1024px) 100vw, 1024px\" \/><\/figure>\n\n\n\n<figure class=\"wp-block-image size-large\"><img loading=\"lazy\" width=\"1024\" height=\"682\" data-id=\"25310\"  src=\"https:\/\/cuernavaca.gob.mx\/wp-content\/uploads\/2023\/02\/cabildo-cuernavaca-3-1024x682.jpeg\" alt=\"\" class=\"wp-image-25310\" srcset=\"https:\/\/cuernavaca.gob.mx\/wp-content\/uploads\/2023\/02\/cabildo-cuernavaca-3-1024x682.jpeg 1024w, https:\/\/cuernavaca.gob.mx\/wp-content\/uploads\/2023\/02\/cabildo-cuernavaca-3-300x200.jpeg 300w, https:\/\/cuernavaca.gob.mx\/wp-content\/uploads\/2023\/02\/cabildo-cuernavaca-3-768x512.jpeg 768w, https:\/\/cuernavaca.gob.mx\/wp-content\/uploads\/2023\/02\/cabildo-cuernavaca-3-600x400.jpeg 600w, https:\/\/cuernavaca.gob.mx\/wp-content\/uploads\/2023\/02\/cabildo-cuernavaca-3-560x373.jpeg 560w, https:\/\/cuernavaca.gob.mx\/wp-content\/uploads\/2023\/02\/cabildo-cuernavaca-3.jpeg 1280w\" sizes=\"(max-width: 1024px) 100vw, 1024px\" \/><\/figure>\n\n\n\n<figure class=\"wp-block-image size-large\"><img loading=\"lazy\" width=\"1024\" height=\"682\" data-id=\"25312\"  src=\"https:\/\/cuernavaca.gob.mx\/wp-content\/uploads\/2023\/02\/cabildo-cuernavaca-4-1024x682.jpeg\" alt=\"\" class=\"wp-image-25312\" srcset=\"https:\/\/cuernavaca.gob.mx\/wp-content\/uploads\/2023\/02\/cabildo-cuernavaca-4-1024x682.jpeg 1024w, https:\/\/cuernavaca.gob.mx\/wp-content\/uploads\/2023\/02\/cabildo-cuernavaca-4-300x200.jpeg 300w, https:\/\/cuernavaca.gob.mx\/wp-content\/uploads\/2023\/02\/cabildo-cuernavaca-4-768x512.jpeg 768w, https:\/\/cuernavaca.gob.mx\/wp-content\/uploads\/2023\/02\/cabildo-cuernavaca-4-600x400.jpeg 600w, https:\/\/cuernavaca.gob.mx\/wp-content\/uploads\/2023\/02\/cabildo-cuernavaca-4-560x373.jpeg 560w, https:\/\/cuernavaca.gob.mx\/wp-content\/uploads\/2023\/02\/cabildo-cuernavaca-4.jpeg 1280w\" sizes=\"(max-width: 1024px) 100vw, 1024px\" \/><\/figure>\n\n\n\n<figure class=\"wp-block-image size-large\"><img loading=\"lazy\" width=\"1024\" height=\"576\" data-id=\"25309\"  src=\"https:\/\/cuernavaca.gob.mx\/wp-content\/uploads\/2023\/02\/cabildo-cuernavaca-5-1024x576.jpeg\" alt=\"\" class=\"wp-image-25309\" srcset=\"https:\/\/cuernavaca.gob.mx\/wp-content\/uploads\/2023\/02\/cabildo-cuernavaca-5-1024x576.jpeg 1024w, https:\/\/cuernavaca.gob.mx\/wp-content\/uploads\/2023\/02\/cabildo-cuernavaca-5-300x169.jpeg 300w, https:\/\/cuernavaca.gob.mx\/wp-content\/uploads\/2023\/02\/cabildo-cuernavaca-5-768x432.jpeg 768w, https:\/\/cuernavaca.gob.mx\/wp-content\/uploads\/2023\/02\/cabildo-cuernavaca-5-600x338.jpeg 600w, https:\/\/cuernavaca.gob.mx\/wp-content\/uploads\/2023\/02\/cabildo-cuernavaca-5-560x315.jpeg 560w, https:\/\/cuernavaca.gob.mx\/wp-content\/uploads\/2023\/02\/cabildo-cuernavaca-5.jpeg 1280w\" sizes=\"(max-width: 1024px) 100vw, 1024px\" \/><\/figure>\n<\/figure>\n","protected":false},"excerpt":{"rendered":"<p>\u2022 A propuesta de la regidora Wendi Salinas integrantes del Cabildo autorizaron el env\u00edo de manera permanente de las actas y acuerdos de Cabildo autorizadas a trav\u00e9s de medios digitales Con el objetivo de seguir abonando a la protecci\u00f3n del medio ambiente, el Ayuntamiento de Cuernavaca est\u00e1 dejando atr\u00e1s el desperdicio de toneladas de papel, [&hellip;]<\/p>\n","protected":false},"author":1,"featured_media":25308,"comment_status":"closed","ping_status":"open","sticky":false,"template":"","format":"standard","meta":[],"categories":[20],"tags":[368,158,121,2928,120,206,2610],"aioseo_notices":[],"_links":{"self":[{"href":"https:\/\/cuernavaca.gob.mx\/index.php?rest_route=\/wp\/v2\/posts\/25307"}],"collection":[{"href":"https:\/\/cuernavaca.gob.mx\/index.php?rest_route=\/wp\/v2\/posts"}],"about":[{"href":"https:\/\/cuernavaca.gob.mx\/index.php?rest_route=\/wp\/v2\/types\/post"}],"author":[{"embeddable":true,"href":"https:\/\/cuernavaca.gob.mx\/index.php?rest_route=\/wp\/v2\/users\/1"}],"replies":[{"embeddable":true,"href":"https:\/\/cuernavaca.gob.mx\/index.php?rest_route=%2Fwp%2Fv2%2Fcomments&post=25307"}],"version-history":[{"count":1,"href":"https:\/\/cuernavaca.gob.mx\/index.php?rest_route=\/wp\/v2\/posts\/25307\/revisions"}],"predecessor-version":[{"id":25313,"href":"https:\/\/cuernavaca.gob.mx\/index.php?rest_route=\/wp\/v2\/posts\/25307\/revisions\/25313"}],"wp:featuredmedia":[{"embeddable":true,"href":"https:\/\/cuernavaca.gob.mx\/index.php?rest_route=\/wp\/v2\/media\/25308"}],"wp:attachment":[{"href":"https:\/\/cuernavaca.gob.mx\/index.php?rest_route=%2Fwp%2Fv2%2Fmedia&parent=25307"}],"wp:term":[{"taxonomy":"category","embeddable":true,"href":"https:\/\/cuernavaca.gob.mx\/index.php?rest_route=%2Fwp%2Fv2%2Fcategories&post=25307"},{"taxonomy":"post_tag","embeddable":true,"href":"https:\/\/cuernavaca.gob.mx\/index.php?rest_route=%2Fwp%2Fv2%2Ftags&post=25307"}],"curies":[{"name":"wp","href":"https:\/\/api.w.org\/{rel}","templated":true}]}}