{"id":25321,"date":"2023-02-20T13:18:00","date_gmt":"2023-02-20T19:18:00","guid":{"rendered":"https:\/\/cuernavaca.gob.mx\/?p=25321"},"modified":"2025-05-06T12:28:37","modified_gmt":"2025-05-06T18:28:37","slug":"b792-20-02-23-presentan-autoridades-de-cuernavaca-estudio-y-trabajos-actualizados-sobre-la-situacion-de-riesgo-en-la-colonia-los-pilares","status":"publish","type":"post","link":"https:\/\/cuernavaca.gob.mx\/?p=25321","title":{"rendered":"B792 20\/02\/23 PRESENTAN AUTORIDADES DE CUERNAVACA ESTUDIO Y TRABAJOS ACTUALIZADOS SOBRE LA SITUACI\u00d3N DE RIESGO EN LA COLONIA LOS PILARES"},"content":{"rendered":"\n<p><strong>\u2022 En el marco de la tercera sesi\u00f3n ordinaria del Consejo Municipal de Protecci\u00f3n Civil, se dio cuenta de los trabajos que se han llevado a cabo en la colonia Los Pilares y en Jardines La Paz<\/strong><\/p>\n\n\n\n<p><strong>\u2022 La Coordinaci\u00f3n de Protecci\u00f3n Civil del estado de Morelos manifest\u00f3 su disposici\u00f3n para apoyar al municipio en estas acciones<\/strong><\/p>\n\n\n\n<p>Tal y como se comprometi\u00f3 el presidente municipal de Cuernavaca, Jos\u00e9 Luis Uri\u00f3stegui Salgado, distintas \u00e1reas de la administraci\u00f3n p\u00fablica municipal siguen trabajando a marchas forzadas para establecer el proyecto a seguir en la colonia Los Pilares donde el 14 de septiembre del 2022 se registr\u00f3 el deslave de un pared\u00f3n.<\/p>\n\n\n\n<p>En el marco de la tercera sesi\u00f3n ordinaria del Consejo Municipal de Protecci\u00f3n Civil, los titulares de Protecci\u00f3n Civil Municipal y Estatal, de la Secretar\u00eda de Protecci\u00f3n y Auxilio Ciudadano (SEPRAC), de la Secretar\u00eda de Desarrollo Sustentable y Servicios P\u00fablicos, as\u00ed como de la Secretar\u00eda de Desarrollo Urbano y Obras P\u00fablicas de Cuernavaca rindieron un informe actualizado acerca de los trabajos que se han llevado a cabo en la colonia Los Pilares y en el organismo desconcentrado Jardines La Paz.<\/p>\n\n\n\n<p>La coordinadora municipal de Protecci\u00f3n Civil y secretaria t\u00e9cnica del \u00f3rgano colegiado, Roc\u00edo Guadarrama Garc\u00eda, expres\u00f3 que han continuado con la notificaci\u00f3n a 59 viviendas donde habitan 366 personas debido que se encuentran en una situaci\u00f3n de riesgo; solicitando a la Coordinaci\u00f3n Estatal de Protecci\u00f3n Civil su apoyo para realizar un estudio t\u00e9cnico de las condiciones en que se encuentra la zona de riesgo para ratificar o rectificar el resultado del estudio hecho por profesionales en la materia.<\/p>\n\n\n\n<p>Por su lado, el secretario de Desarrollo Sustentable y Servicios P\u00fablicos, Omar Albavera V\u00e1zquez, precis\u00f3 que por instrucciones del alcalde capitalino han manteniendo de forma permanente un acercamiento y seguimiento con los vecinos afectados, inform\u00e1ndoles en todo momento de los avances en la materia, as\u00ed como escuchando sus necesidades para solventarlas de acuerdo con la disponibilidad del municipio.<\/p>\n\n\n\n<p>Sostuvo que en coordinaci\u00f3n con la ayudante municipal de Chipitl\u00e1n, Concepci\u00f3n Valle Rom\u00e1n y la titular de SEPRAC, Alicia V\u00e1zquez Luna, han acordado realizar distintas acciones como trabajos de remozamiento menor a habitaciones que se encuentran en la Ayudant\u00eda donde pueden albergar a siete familias de manera emergente de las zonas de mayor riesgo, aunque tambi\u00e9n est\u00e1n analizando la disponible de utilizar el predio que les entreg\u00f3 PASA para establecer albergues provisionales en caso de que se requiera mayor espacio.<\/p>\n\n\n\n<p>En este sentido, la titular de SEPRAC, Alicia V\u00e1zquez Luna, inform\u00f3 que de manera consensuada con los representantes de la colonia lograron ubicar estos siete espacios que fueron inspeccionados y revisados en conjunto para que las familias con mayor cercan\u00eda al \u00e1rea cero puedan ser desalojadas de manera voluntaria, habitaciones que re\u00fanen las condiciones para darles una cierta calidad de vida mientras se resuelve por parte de la Secretar\u00eda de Desarrollo Urbano y Obras P\u00fablicas los trabajos definitivos a desarrollar y si se cuenta con el presupuesto para tal efecto.<\/p>\n\n\n\n<p>Destac\u00f3 que entre las acciones que han implementado de manera preventiva ha sido el retiro de los veh\u00edculos que desde hace a\u00f1os se encontraban parados obstruyen el carril de circulaci\u00f3n que afectar\u00eda para evacuar a las familias en la colonia Los Pilares, mismo que ha sido en com\u00fan acuerdo con los habitantes.<\/p>\n\n\n\n<p>A su vez, el secretario de Desarrollo Urbano y Obras P\u00fablicas, Alejandro Rosas L\u00f3pez, indic\u00f3 que se espera esta semana la entrega de un estudio de geotecnia, con el cual aunado al estudio de geom\u00e1tica que ya les fue entregado, podr\u00e1n recibir en el mes de marzo un dictamen sustentado de las propuestas de soluci\u00f3n para establecer el talud, mismo que contendr\u00e1 presupuestos, costos aproximados y procedimientos constructivos con la finalidad de obtener recursos federales para atender esta estabilizaci\u00f3n.<\/p>\n\n\n\n<p>El titular de la Coordinaci\u00f3n Estatal de Protecci\u00f3n Civil, V\u00edctor Manuel Mercado Salcedo, manifest\u00f3 su disposici\u00f3n hacia el municipio para apoyarlos en cuanto al acompa\u00f1amiento y la parte t\u00e9cnica del estudio, a fin de establecer la mejor opci\u00f3n, as\u00ed como refrendo el acompa\u00f1amiento de la Federaci\u00f3n; destacando la importancia de continuar con el convencimiento de las personas en situaci\u00f3n de riesgo, en especial ante la pr\u00f3xima temporada de lluvias que podr\u00eda generar otras afectaciones.<\/p>\n\n\n\n<p>Acompa\u00f1ado de integrantes del Cabildo y Gabinete, as\u00ed como de instituciones y asociaciones civiles relacionadas a la Protecci\u00f3n Civil, el presidente municipal, Jos\u00e9 Luis Uri\u00f3stegui Salgado, pidi\u00f3 al tesorero municipal, a la titular de SEPRAC y al secretario de Administraci\u00f3n solventar todas las gestiones necesarias para que los albergues temporales cuenten con instalaciones adecuadas, como los servicios de agua potable y energ\u00eda el\u00e9ctrica, ya que &#8220;de nada servir\u00eda moverlos si los vamos a llevar a condiciones inadecuadas. Es mejor tenerlo disponible y no necesitarlo a qu\u00e9 ocurra una necesidad urgente y no podamos darle la respuesta que requieren&#8221;.<\/p>\n\n\n\n<p>En el marco de la sesi\u00f3n se tom\u00f3 protesta a Mar\u00eda del Roc\u00edo Guadarrama Garc\u00eda como secretaria t\u00e9cnica del Consejo Municipal de Protecci\u00f3n Civil; adem\u00e1s se declar\u00f3 abierta y en sesi\u00f3n permanente la Comisi\u00f3n de Contingencias del Municipio de Cuernavaca de Protecci\u00f3n Civil.<\/p>\n\n\n\n<figure class=\"wp-container-2 wp-block-gallery-1 wp-block-gallery has-nested-images columns-default is-cropped\">\n<figure class=\"wp-block-image size-large\"><img loading=\"lazy\" width=\"1024\" height=\"682\" data-id=\"25323\"  src=\"https:\/\/cuernavaca.gob.mx\/wp-content\/uploads\/2023\/02\/dictamen-los-pilares-cuernavaca-1-1024x682.jpeg\" alt=\"\" class=\"wp-image-25323\" srcset=\"https:\/\/cuernavaca.gob.mx\/wp-content\/uploads\/2023\/02\/dictamen-los-pilares-cuernavaca-1-1024x682.jpeg 1024w, https:\/\/cuernavaca.gob.mx\/wp-content\/uploads\/2023\/02\/dictamen-los-pilares-cuernavaca-1-300x200.jpeg 300w, https:\/\/cuernavaca.gob.mx\/wp-content\/uploads\/2023\/02\/dictamen-los-pilares-cuernavaca-1-768x512.jpeg 768w, https:\/\/cuernavaca.gob.mx\/wp-content\/uploads\/2023\/02\/dictamen-los-pilares-cuernavaca-1-1536x1023.jpeg 1536w, https:\/\/cuernavaca.gob.mx\/wp-content\/uploads\/2023\/02\/dictamen-los-pilares-cuernavaca-1-600x400.jpeg 600w, https:\/\/cuernavaca.gob.mx\/wp-content\/uploads\/2023\/02\/dictamen-los-pilares-cuernavaca-1-560x373.jpeg 560w, https:\/\/cuernavaca.gob.mx\/wp-content\/uploads\/2023\/02\/dictamen-los-pilares-cuernavaca-1.jpeg 1600w\" sizes=\"(max-width: 1024px) 100vw, 1024px\" \/><\/figure>\n\n\n\n<figure class=\"wp-block-image size-large\"><img loading=\"lazy\" width=\"1024\" height=\"682\" data-id=\"25332\"  src=\"https:\/\/cuernavaca.gob.mx\/wp-content\/uploads\/2023\/02\/dictamen-los-pilares-cuernavaca-2-1024x682.jpeg\" alt=\"\" class=\"wp-image-25332\" srcset=\"https:\/\/cuernavaca.gob.mx\/wp-content\/uploads\/2023\/02\/dictamen-los-pilares-cuernavaca-2-1024x682.jpeg 1024w, https:\/\/cuernavaca.gob.mx\/wp-content\/uploads\/2023\/02\/dictamen-los-pilares-cuernavaca-2-300x200.jpeg 300w, https:\/\/cuernavaca.gob.mx\/wp-content\/uploads\/2023\/02\/dictamen-los-pilares-cuernavaca-2-768x512.jpeg 768w, https:\/\/cuernavaca.gob.mx\/wp-content\/uploads\/2023\/02\/dictamen-los-pilares-cuernavaca-2-1536x1023.jpeg 1536w, https:\/\/cuernavaca.gob.mx\/wp-content\/uploads\/2023\/02\/dictamen-los-pilares-cuernavaca-2-600x400.jpeg 600w, https:\/\/cuernavaca.gob.mx\/wp-content\/uploads\/2023\/02\/dictamen-los-pilares-cuernavaca-2-560x373.jpeg 560w, https:\/\/cuernavaca.gob.mx\/wp-content\/uploads\/2023\/02\/dictamen-los-pilares-cuernavaca-2.jpeg 1600w\" sizes=\"(max-width: 1024px) 100vw, 1024px\" \/><\/figure>\n\n\n\n<figure class=\"wp-block-image size-large\"><img loading=\"lazy\" width=\"1024\" height=\"682\" data-id=\"25325\"  src=\"https:\/\/cuernavaca.gob.mx\/wp-content\/uploads\/2023\/02\/dictamen-los-pilares-cuernavaca-3-1024x682.jpeg\" alt=\"\" class=\"wp-image-25325\" srcset=\"https:\/\/cuernavaca.gob.mx\/wp-content\/uploads\/2023\/02\/dictamen-los-pilares-cuernavaca-3-1024x682.jpeg 1024w, https:\/\/cuernavaca.gob.mx\/wp-content\/uploads\/2023\/02\/dictamen-los-pilares-cuernavaca-3-300x200.jpeg 300w, https:\/\/cuernavaca.gob.mx\/wp-content\/uploads\/2023\/02\/dictamen-los-pilares-cuernavaca-3-768x512.jpeg 768w, https:\/\/cuernavaca.gob.mx\/wp-content\/uploads\/2023\/02\/dictamen-los-pilares-cuernavaca-3-1536x1023.jpeg 1536w, https:\/\/cuernavaca.gob.mx\/wp-content\/uploads\/2023\/02\/dictamen-los-pilares-cuernavaca-3-600x400.jpeg 600w, https:\/\/cuernavaca.gob.mx\/wp-content\/uploads\/2023\/02\/dictamen-los-pilares-cuernavaca-3-560x373.jpeg 560w, https:\/\/cuernavaca.gob.mx\/wp-content\/uploads\/2023\/02\/dictamen-los-pilares-cuernavaca-3.jpeg 1600w\" sizes=\"(max-width: 1024px) 100vw, 1024px\" \/><\/figure>\n\n\n\n<figure class=\"wp-block-image size-large\"><img loading=\"lazy\" width=\"1024\" height=\"682\" data-id=\"25322\"  src=\"https:\/\/cuernavaca.gob.mx\/wp-content\/uploads\/2023\/02\/dictamen-los-pilares-cuernavaca-4-1024x682.jpeg\" alt=\"\" class=\"wp-image-25322\" srcset=\"https:\/\/cuernavaca.gob.mx\/wp-content\/uploads\/2023\/02\/dictamen-los-pilares-cuernavaca-4-1024x682.jpeg 1024w, https:\/\/cuernavaca.gob.mx\/wp-content\/uploads\/2023\/02\/dictamen-los-pilares-cuernavaca-4-300x200.jpeg 300w, https:\/\/cuernavaca.gob.mx\/wp-content\/uploads\/2023\/02\/dictamen-los-pilares-cuernavaca-4-768x512.jpeg 768w, https:\/\/cuernavaca.gob.mx\/wp-content\/uploads\/2023\/02\/dictamen-los-pilares-cuernavaca-4-1536x1023.jpeg 1536w, https:\/\/cuernavaca.gob.mx\/wp-content\/uploads\/2023\/02\/dictamen-los-pilares-cuernavaca-4-600x400.jpeg 600w, https:\/\/cuernavaca.gob.mx\/wp-content\/uploads\/2023\/02\/dictamen-los-pilares-cuernavaca-4-560x373.jpeg 560w, https:\/\/cuernavaca.gob.mx\/wp-content\/uploads\/2023\/02\/dictamen-los-pilares-cuernavaca-4.jpeg 1600w\" sizes=\"(max-width: 1024px) 100vw, 1024px\" \/><\/figure>\n\n\n\n<figure class=\"wp-block-image size-large\"><img loading=\"lazy\" width=\"1024\" height=\"682\" data-id=\"25324\"  src=\"https:\/\/cuernavaca.gob.mx\/wp-content\/uploads\/2023\/02\/dictamen-los-pilares-cuernavaca-5-1024x682.jpeg\" alt=\"\" class=\"wp-image-25324\" srcset=\"https:\/\/cuernavaca.gob.mx\/wp-content\/uploads\/2023\/02\/dictamen-los-pilares-cuernavaca-5-1024x682.jpeg 1024w, https:\/\/cuernavaca.gob.mx\/wp-content\/uploads\/2023\/02\/dictamen-los-pilares-cuernavaca-5-300x200.jpeg 300w, https:\/\/cuernavaca.gob.mx\/wp-content\/uploads\/2023\/02\/dictamen-los-pilares-cuernavaca-5-768x512.jpeg 768w, https:\/\/cuernavaca.gob.mx\/wp-content\/uploads\/2023\/02\/dictamen-los-pilares-cuernavaca-5-1536x1023.jpeg 1536w, https:\/\/cuernavaca.gob.mx\/wp-content\/uploads\/2023\/02\/dictamen-los-pilares-cuernavaca-5-600x400.jpeg 600w, https:\/\/cuernavaca.gob.mx\/wp-content\/uploads\/2023\/02\/dictamen-los-pilares-cuernavaca-5-560x373.jpeg 560w, https:\/\/cuernavaca.gob.mx\/wp-content\/uploads\/2023\/02\/dictamen-los-pilares-cuernavaca-5.jpeg 1600w\" sizes=\"(max-width: 1024px) 100vw, 1024px\" \/><\/figure>\n\n\n\n<figure class=\"wp-block-image size-large\"><img loading=\"lazy\" width=\"1024\" height=\"682\" data-id=\"25330\"  src=\"https:\/\/cuernavaca.gob.mx\/wp-content\/uploads\/2023\/02\/dictamen-los-pilares-cuernavaca-6-1024x682.jpeg\" alt=\"\" class=\"wp-image-25330\" srcset=\"https:\/\/cuernavaca.gob.mx\/wp-content\/uploads\/2023\/02\/dictamen-los-pilares-cuernavaca-6-1024x682.jpeg 1024w, https:\/\/cuernavaca.gob.mx\/wp-content\/uploads\/2023\/02\/dictamen-los-pilares-cuernavaca-6-300x200.jpeg 300w, https:\/\/cuernavaca.gob.mx\/wp-content\/uploads\/2023\/02\/dictamen-los-pilares-cuernavaca-6-768x512.jpeg 768w, https:\/\/cuernavaca.gob.mx\/wp-content\/uploads\/2023\/02\/dictamen-los-pilares-cuernavaca-6-1536x1023.jpeg 1536w, https:\/\/cuernavaca.gob.mx\/wp-content\/uploads\/2023\/02\/dictamen-los-pilares-cuernavaca-6-600x400.jpeg 600w, https:\/\/cuernavaca.gob.mx\/wp-content\/uploads\/2023\/02\/dictamen-los-pilares-cuernavaca-6-560x373.jpeg 560w, https:\/\/cuernavaca.gob.mx\/wp-content\/uploads\/2023\/02\/dictamen-los-pilares-cuernavaca-6.jpeg 1600w\" sizes=\"(max-width: 1024px) 100vw, 1024px\" \/><\/figure>\n\n\n\n<figure class=\"wp-block-image size-large\"><img loading=\"lazy\" width=\"1024\" height=\"682\" data-id=\"25327\"  src=\"https:\/\/cuernavaca.gob.mx\/wp-content\/uploads\/2023\/02\/dictamen-los-pilares-cuernavaca-7-1024x682.jpeg\" alt=\"\" class=\"wp-image-25327\" srcset=\"https:\/\/cuernavaca.gob.mx\/wp-content\/uploads\/2023\/02\/dictamen-los-pilares-cuernavaca-7-1024x682.jpeg 1024w, https:\/\/cuernavaca.gob.mx\/wp-content\/uploads\/2023\/02\/dictamen-los-pilares-cuernavaca-7-300x200.jpeg 300w, https:\/\/cuernavaca.gob.mx\/wp-content\/uploads\/2023\/02\/dictamen-los-pilares-cuernavaca-7-768x512.jpeg 768w, https:\/\/cuernavaca.gob.mx\/wp-content\/uploads\/2023\/02\/dictamen-los-pilares-cuernavaca-7-1536x1023.jpeg 1536w, https:\/\/cuernavaca.gob.mx\/wp-content\/uploads\/2023\/02\/dictamen-los-pilares-cuernavaca-7-600x400.jpeg 600w, https:\/\/cuernavaca.gob.mx\/wp-content\/uploads\/2023\/02\/dictamen-los-pilares-cuernavaca-7-560x373.jpeg 560w, https:\/\/cuernavaca.gob.mx\/wp-content\/uploads\/2023\/02\/dictamen-los-pilares-cuernavaca-7.jpeg 1600w\" sizes=\"(max-width: 1024px) 100vw, 1024px\" \/><\/figure>\n\n\n\n<figure class=\"wp-block-image size-large\"><img loading=\"lazy\" width=\"1024\" height=\"682\" data-id=\"25328\"  src=\"https:\/\/cuernavaca.gob.mx\/wp-content\/uploads\/2023\/02\/dictamen-los-pilares-cuernavaca-8-1024x682.jpeg\" alt=\"\" class=\"wp-image-25328\" srcset=\"https:\/\/cuernavaca.gob.mx\/wp-content\/uploads\/2023\/02\/dictamen-los-pilares-cuernavaca-8-1024x682.jpeg 1024w, https:\/\/cuernavaca.gob.mx\/wp-content\/uploads\/2023\/02\/dictamen-los-pilares-cuernavaca-8-300x200.jpeg 300w, https:\/\/cuernavaca.gob.mx\/wp-content\/uploads\/2023\/02\/dictamen-los-pilares-cuernavaca-8-768x512.jpeg 768w, https:\/\/cuernavaca.gob.mx\/wp-content\/uploads\/2023\/02\/dictamen-los-pilares-cuernavaca-8-1536x1023.jpeg 1536w, https:\/\/cuernavaca.gob.mx\/wp-content\/uploads\/2023\/02\/dictamen-los-pilares-cuernavaca-8-600x400.jpeg 600w, https:\/\/cuernavaca.gob.mx\/wp-content\/uploads\/2023\/02\/dictamen-los-pilares-cuernavaca-8-560x373.jpeg 560w, https:\/\/cuernavaca.gob.mx\/wp-content\/uploads\/2023\/02\/dictamen-los-pilares-cuernavaca-8.jpeg 1600w\" sizes=\"(max-width: 1024px) 100vw, 1024px\" \/><\/figure>\n\n\n\n<figure class=\"wp-block-image size-large\"><img loading=\"lazy\" width=\"1024\" height=\"682\" data-id=\"25326\"  src=\"https:\/\/cuernavaca.gob.mx\/wp-content\/uploads\/2023\/02\/dictamen-los-pilares-cuernavaca-9-1024x682.jpeg\" alt=\"\" class=\"wp-image-25326\" srcset=\"https:\/\/cuernavaca.gob.mx\/wp-content\/uploads\/2023\/02\/dictamen-los-pilares-cuernavaca-9-1024x682.jpeg 1024w, https:\/\/cuernavaca.gob.mx\/wp-content\/uploads\/2023\/02\/dictamen-los-pilares-cuernavaca-9-300x200.jpeg 300w, https:\/\/cuernavaca.gob.mx\/wp-content\/uploads\/2023\/02\/dictamen-los-pilares-cuernavaca-9-768x512.jpeg 768w, https:\/\/cuernavaca.gob.mx\/wp-content\/uploads\/2023\/02\/dictamen-los-pilares-cuernavaca-9-1536x1023.jpeg 1536w, https:\/\/cuernavaca.gob.mx\/wp-content\/uploads\/2023\/02\/dictamen-los-pilares-cuernavaca-9-600x400.jpeg 600w, https:\/\/cuernavaca.gob.mx\/wp-content\/uploads\/2023\/02\/dictamen-los-pilares-cuernavaca-9-560x373.jpeg 560w, https:\/\/cuernavaca.gob.mx\/wp-content\/uploads\/2023\/02\/dictamen-los-pilares-cuernavaca-9.jpeg 1600w\" sizes=\"(max-width: 1024px) 100vw, 1024px\" \/><\/figure>\n\n\n\n<figure class=\"wp-block-image size-large\"><img loading=\"lazy\" width=\"1024\" height=\"682\" data-id=\"25329\"  src=\"https:\/\/cuernavaca.gob.mx\/wp-content\/uploads\/2023\/02\/dictamen-los-pilares-cuernavaca-10-1024x682.jpeg\" alt=\"\" class=\"wp-image-25329\" srcset=\"https:\/\/cuernavaca.gob.mx\/wp-content\/uploads\/2023\/02\/dictamen-los-pilares-cuernavaca-10-1024x682.jpeg 1024w, https:\/\/cuernavaca.gob.mx\/wp-content\/uploads\/2023\/02\/dictamen-los-pilares-cuernavaca-10-300x200.jpeg 300w, https:\/\/cuernavaca.gob.mx\/wp-content\/uploads\/2023\/02\/dictamen-los-pilares-cuernavaca-10-768x512.jpeg 768w, https:\/\/cuernavaca.gob.mx\/wp-content\/uploads\/2023\/02\/dictamen-los-pilares-cuernavaca-10-1536x1023.jpeg 1536w, https:\/\/cuernavaca.gob.mx\/wp-content\/uploads\/2023\/02\/dictamen-los-pilares-cuernavaca-10-600x400.jpeg 600w, https:\/\/cuernavaca.gob.mx\/wp-content\/uploads\/2023\/02\/dictamen-los-pilares-cuernavaca-10-560x373.jpeg 560w, https:\/\/cuernavaca.gob.mx\/wp-content\/uploads\/2023\/02\/dictamen-los-pilares-cuernavaca-10.jpeg 1600w\" sizes=\"(max-width: 1024px) 100vw, 1024px\" \/><\/figure>\n\n\n\n<figure class=\"wp-block-image size-large\"><img loading=\"lazy\" width=\"1024\" height=\"682\" data-id=\"25333\"  src=\"https:\/\/cuernavaca.gob.mx\/wp-content\/uploads\/2023\/02\/dictamen-los-pilares-cuernavaca-11-1024x682.jpeg\" alt=\"\" class=\"wp-image-25333\" srcset=\"https:\/\/cuernavaca.gob.mx\/wp-content\/uploads\/2023\/02\/dictamen-los-pilares-cuernavaca-11-1024x682.jpeg 1024w, https:\/\/cuernavaca.gob.mx\/wp-content\/uploads\/2023\/02\/dictamen-los-pilares-cuernavaca-11-300x200.jpeg 300w, https:\/\/cuernavaca.gob.mx\/wp-content\/uploads\/2023\/02\/dictamen-los-pilares-cuernavaca-11-768x512.jpeg 768w, https:\/\/cuernavaca.gob.mx\/wp-content\/uploads\/2023\/02\/dictamen-los-pilares-cuernavaca-11-1536x1023.jpeg 1536w, https:\/\/cuernavaca.gob.mx\/wp-content\/uploads\/2023\/02\/dictamen-los-pilares-cuernavaca-11-600x400.jpeg 600w, https:\/\/cuernavaca.gob.mx\/wp-content\/uploads\/2023\/02\/dictamen-los-pilares-cuernavaca-11-560x373.jpeg 560w, https:\/\/cuernavaca.gob.mx\/wp-content\/uploads\/2023\/02\/dictamen-los-pilares-cuernavaca-11.jpeg 1600w\" sizes=\"(max-width: 1024px) 100vw, 1024px\" \/><\/figure>\n\n\n\n<figure class=\"wp-block-image size-large\"><img loading=\"lazy\" width=\"1024\" height=\"682\" data-id=\"25331\"  src=\"https:\/\/cuernavaca.gob.mx\/wp-content\/uploads\/2023\/02\/dictamen-los-pilares-cuernavaca-12-1024x682.jpeg\" alt=\"\" class=\"wp-image-25331\" srcset=\"https:\/\/cuernavaca.gob.mx\/wp-content\/uploads\/2023\/02\/dictamen-los-pilares-cuernavaca-12-1024x682.jpeg 1024w, https:\/\/cuernavaca.gob.mx\/wp-content\/uploads\/2023\/02\/dictamen-los-pilares-cuernavaca-12-300x200.jpeg 300w, https:\/\/cuernavaca.gob.mx\/wp-content\/uploads\/2023\/02\/dictamen-los-pilares-cuernavaca-12-768x512.jpeg 768w, https:\/\/cuernavaca.gob.mx\/wp-content\/uploads\/2023\/02\/dictamen-los-pilares-cuernavaca-12-1536x1023.jpeg 1536w, https:\/\/cuernavaca.gob.mx\/wp-content\/uploads\/2023\/02\/dictamen-los-pilares-cuernavaca-12-600x400.jpeg 600w, https:\/\/cuernavaca.gob.mx\/wp-content\/uploads\/2023\/02\/dictamen-los-pilares-cuernavaca-12-560x373.jpeg 560w, https:\/\/cuernavaca.gob.mx\/wp-content\/uploads\/2023\/02\/dictamen-los-pilares-cuernavaca-12.jpeg 1600w\" sizes=\"(max-width: 1024px) 100vw, 1024px\" \/><\/figure>\n<\/figure>\n","protected":false},"excerpt":{"rendered":"<p>\u2022 En el marco de la tercera sesi\u00f3n ordinaria del Consejo Municipal de Protecci\u00f3n Civil, se dio cuenta de los trabajos que se han llevado a cabo en la colonia Los Pilares y en Jardines La Paz \u2022 La Coordinaci\u00f3n de Protecci\u00f3n Civil del estado de Morelos manifest\u00f3 su disposici\u00f3n para apoyar al municipio en [&hellip;]<\/p>\n","protected":false},"author":1,"featured_media":25333,"comment_status":"closed","ping_status":"open","sticky":false,"template":"","format":"standard","meta":[],"categories":[2227],"tags":[121,2930,2594,120,206,125],"aioseo_notices":[],"_links":{"self":[{"href":"https:\/\/cuernavaca.gob.mx\/index.php?rest_route=\/wp\/v2\/posts\/25321"}],"collection":[{"href":"https:\/\/cuernavaca.gob.mx\/index.php?rest_route=\/wp\/v2\/posts"}],"about":[{"href":"https:\/\/cuernavaca.gob.mx\/index.php?rest_route=\/wp\/v2\/types\/post"}],"author":[{"embeddable":true,"href":"https:\/\/cuernavaca.gob.mx\/index.php?rest_route=\/wp\/v2\/users\/1"}],"replies":[{"embeddable":true,"href":"https:\/\/cuernavaca.gob.mx\/index.php?rest_route=%2Fwp%2Fv2%2Fcomments&post=25321"}],"version-history":[{"count":1,"href":"https:\/\/cuernavaca.gob.mx\/index.php?rest_route=\/wp\/v2\/posts\/25321\/revisions"}],"predecessor-version":[{"id":25334,"href":"https:\/\/cuernavaca.gob.mx\/index.php?rest_route=\/wp\/v2\/posts\/25321\/revisions\/25334"}],"wp:featuredmedia":[{"embeddable":true,"href":"https:\/\/cuernavaca.gob.mx\/index.php?rest_route=\/wp\/v2\/media\/25333"}],"wp:attachment":[{"href":"https:\/\/cuernavaca.gob.mx\/index.php?rest_route=%2Fwp%2Fv2%2Fmedia&parent=25321"}],"wp:term":[{"taxonomy":"category","embeddable":true,"href":"https:\/\/cuernavaca.gob.mx\/index.php?rest_route=%2Fwp%2Fv2%2Fcategories&post=25321"},{"taxonomy":"post_tag","embeddable":true,"href":"https:\/\/cuernavaca.gob.mx\/index.php?rest_route=%2Fwp%2Fv2%2Ftags&post=25321"}],"curies":[{"name":"wp","href":"https:\/\/api.w.org\/{rel}","templated":true}]}}