{"id":25344,"date":"2023-02-20T17:00:00","date_gmt":"2023-02-20T23:00:00","guid":{"rendered":"https:\/\/cuernavaca.gob.mx\/?p=25344"},"modified":"2025-05-06T12:28:36","modified_gmt":"2025-05-06T18:28:36","slug":"b794-20-02-23-mercado-perifericos-de-cuernavaca-son-seguros-para-sus-visitantes-y-locatarios","status":"publish","type":"post","link":"https:\/\/cuernavaca.gob.mx\/?p=25344","title":{"rendered":"B794 20\/02\/23 MERCADO PERIF\u00c9RICOS DE CUERNAVACA SON SEGUROS PARA SUS VISITANTES Y LOCATARIOS"},"content":{"rendered":"\n<p><strong>\u2022 La titular de SEPRAC, Alicia V\u00e1zquezindic\u00f3 que a trav\u00e9s del programa \u201cMercado Seguro\u201d se logr\u00f3 frustrar un asalto en el mercado de la colonia Carolina<\/strong><\/p>\n\n\n\n<p><strong>\u2022 Inform\u00f3 sobre la detenci\u00f3n de distintas personas presuntamente involucradas en diversos delitos<\/strong><\/p>\n\n\n\n<p>La Secretar\u00eda de Protecci\u00f3n y Auxilio Ciudadano (SEPRAC) de Cuernavaca ha priorizado la vigilancia y atenci\u00f3n a los ocho mercados perif\u00e9ricos de la ciudad, as\u00ed como a las Plazas Lido y Degollado a trav\u00e9s del programa integral \u201cMercado Seguro\u201d, el cual en menos de un mes de ser ejecutado ha registrado grandes resultados, como ocurri\u00f3 en el mercado Narciso Mendoza en la colonia Carolina donde frustraron un asalto.<\/p>\n\n\n\n<p>En conferencia de prensa, la titular de SEPRAC, Alicia V\u00e1zquez Luna, indic\u00f3 que, en una acci\u00f3n coordinada con la Secretar\u00eda de Desarrollo Econ\u00f3mico y Turismo, tras recibir el reporte de la presencia de un masculino vestido con playera azul, gorra y pantal\u00f3n de color negro con un objeto en forma de arma de fuego que exig\u00eda el dinero de su venta a un negocio de cecina y a quien los locatarios hab\u00edan se\u00f1alado por distintos comportamientos que ponen en riesgo al patrimonio, se pudo frustrar el asalto con patrullaje y monitoreo a\u00e9reo en los alrededores del mercado municipal.<\/p>\n\n\n\n<p>En este sentido, se\u00f1al\u00f3 que del lunes 13 al domingo 19 de febrero, se lograron detenciones importantes por distintos delitos, en la colonia San Crist\u00f3bal se puso a disposici\u00f3n del juez c\u00edvico a un hombre identificado como Sergio \u201cN\u201d por haberse introducido a un domicilio sin permiso del propietario y en la colonia Quintana Roo se detuvo a un masculino identificado como Julio \u201cN\u201d por se\u00f1alamientos de maniobras para desprender medidores de agua potable.<\/p>\n\n\n\n<p>De igual forma, se puso a disposici\u00f3n del Ministerio P\u00fablico a Jos\u00e9 \u201cN\u201d, quien fue detenido en la colonia Vicente Estrada Cajigal al asegurarle una motocicleta marca Italika, tipo FT150, color gris, modelo 2022, serie 3SCK2AEN4N1005982 y placas de circulaci\u00f3n 76ASS3 con reporte de robo vigente.<\/p>\n\n\n\n<p>V\u00e1zquez Luna inform\u00f3 que tambi\u00e9n se logr\u00f3 la detenci\u00f3n de Jos\u00e9 \u201cN\u201d e Iv\u00e1n \u201cN\u201d en la colonia Mina Cinco por su probable participaci\u00f3n en el delito de robo, a quienes adem\u00e1s se les aseguraron diversos elementos il\u00edcitos.<\/p>\n\n\n\n<p>Como una de las importantes acciones que ha ejercicio la presente administraci\u00f3n en beneficio de la sociedad, expres\u00f3 que la Unidad de Prevenci\u00f3n al Robo de Veh\u00edculo (UPRV) ha recuperado un total de 24 veh\u00edculos, de los cuales uno fue un veh\u00edculo marca Chevrolet, submarca Sonic, color gris, modelo 2017 con n\u00famero de serie 3G1J85CC1HS618344 que fue recuperado en la colonia Bella Vista y otro marca Nissan, submarca March, color blanco, con placas de circulaci\u00f3n JW09044 del estado de Jalisco recuperado en la colonia Lomas de Atzingo.<\/p>\n\n\n\n<p>Cabe mencionar que en las redes sociales oficiales de SEPRAC publican los veh\u00edculos, marcas, n\u00fameros de serie, placas y el n\u00famero de carpeta de investigaci\u00f3n de las unidades recuperadas para que la ciudadan\u00eda acuda directamente ante el Ministerio P\u00fablico y les puedan liberar su unidad.<\/p>\n\n\n\n<figure class=\"wp-container-2 wp-block-gallery-1 wp-block-gallery has-nested-images columns-default is-cropped\">\n<figure class=\"wp-block-image size-large\"><img loading=\"lazy\" width=\"1024\" height=\"832\" data-id=\"25353\"  src=\"https:\/\/cuernavaca.gob.mx\/wp-content\/uploads\/2023\/02\/mercado-segurp-cuernavaca-1-1024x832.jpeg\" alt=\"\" class=\"wp-image-25353\" srcset=\"https:\/\/cuernavaca.gob.mx\/wp-content\/uploads\/2023\/02\/mercado-segurp-cuernavaca-1-1024x832.jpeg 1024w, https:\/\/cuernavaca.gob.mx\/wp-content\/uploads\/2023\/02\/mercado-segurp-cuernavaca-1-300x244.jpeg 300w, https:\/\/cuernavaca.gob.mx\/wp-content\/uploads\/2023\/02\/mercado-segurp-cuernavaca-1-768x624.jpeg 768w, https:\/\/cuernavaca.gob.mx\/wp-content\/uploads\/2023\/02\/mercado-segurp-cuernavaca-1-600x487.jpeg 600w, https:\/\/cuernavaca.gob.mx\/wp-content\/uploads\/2023\/02\/mercado-segurp-cuernavaca-1-560x455.jpeg 560w, https:\/\/cuernavaca.gob.mx\/wp-content\/uploads\/2023\/02\/mercado-segurp-cuernavaca-1.jpeg 1065w\" sizes=\"(max-width: 1024px) 100vw, 1024px\" \/><\/figure>\n\n\n\n<figure class=\"wp-block-image size-large\"><img loading=\"lazy\" width=\"1024\" height=\"782\" data-id=\"25354\"  src=\"https:\/\/cuernavaca.gob.mx\/wp-content\/uploads\/2023\/02\/mercado-segurp-cuernavaca-2-1024x782.jpeg\" alt=\"\" class=\"wp-image-25354\" srcset=\"https:\/\/cuernavaca.gob.mx\/wp-content\/uploads\/2023\/02\/mercado-segurp-cuernavaca-2-1024x782.jpeg 1024w, https:\/\/cuernavaca.gob.mx\/wp-content\/uploads\/2023\/02\/mercado-segurp-cuernavaca-2-300x229.jpeg 300w, https:\/\/cuernavaca.gob.mx\/wp-content\/uploads\/2023\/02\/mercado-segurp-cuernavaca-2-768x587.jpeg 768w, https:\/\/cuernavaca.gob.mx\/wp-content\/uploads\/2023\/02\/mercado-segurp-cuernavaca-2-600x458.jpeg 600w, https:\/\/cuernavaca.gob.mx\/wp-content\/uploads\/2023\/02\/mercado-segurp-cuernavaca-2-560x428.jpeg 560w, https:\/\/cuernavaca.gob.mx\/wp-content\/uploads\/2023\/02\/mercado-segurp-cuernavaca-2.jpeg 1132w\" sizes=\"(max-width: 1024px) 100vw, 1024px\" \/><\/figure>\n\n\n\n<figure class=\"wp-block-image size-large\"><img loading=\"lazy\" width=\"1024\" height=\"827\" data-id=\"25346\"  src=\"https:\/\/cuernavaca.gob.mx\/wp-content\/uploads\/2023\/02\/mercado-segurp-cuernavaca-3-1024x827.jpeg\" alt=\"\" class=\"wp-image-25346\" srcset=\"https:\/\/cuernavaca.gob.mx\/wp-content\/uploads\/2023\/02\/mercado-segurp-cuernavaca-3-1024x827.jpeg 1024w, https:\/\/cuernavaca.gob.mx\/wp-content\/uploads\/2023\/02\/mercado-segurp-cuernavaca-3-300x242.jpeg 300w, https:\/\/cuernavaca.gob.mx\/wp-content\/uploads\/2023\/02\/mercado-segurp-cuernavaca-3-768x620.jpeg 768w, https:\/\/cuernavaca.gob.mx\/wp-content\/uploads\/2023\/02\/mercado-segurp-cuernavaca-3-600x485.jpeg 600w, https:\/\/cuernavaca.gob.mx\/wp-content\/uploads\/2023\/02\/mercado-segurp-cuernavaca-3-560x452.jpeg 560w, https:\/\/cuernavaca.gob.mx\/wp-content\/uploads\/2023\/02\/mercado-segurp-cuernavaca-3.jpeg 1071w\" sizes=\"(max-width: 1024px) 100vw, 1024px\" \/><\/figure>\n\n\n\n<figure class=\"wp-block-image size-large\"><img loading=\"lazy\" width=\"1024\" height=\"823\" data-id=\"25349\"  src=\"https:\/\/cuernavaca.gob.mx\/wp-content\/uploads\/2023\/02\/mercado-segurp-cuernavaca-4-1024x823.jpeg\" alt=\"\" class=\"wp-image-25349\" srcset=\"https:\/\/cuernavaca.gob.mx\/wp-content\/uploads\/2023\/02\/mercado-segurp-cuernavaca-4-1024x823.jpeg 1024w, https:\/\/cuernavaca.gob.mx\/wp-content\/uploads\/2023\/02\/mercado-segurp-cuernavaca-4-300x241.jpeg 300w, https:\/\/cuernavaca.gob.mx\/wp-content\/uploads\/2023\/02\/mercado-segurp-cuernavaca-4-768x618.jpeg 768w, https:\/\/cuernavaca.gob.mx\/wp-content\/uploads\/2023\/02\/mercado-segurp-cuernavaca-4-600x483.jpeg 600w, https:\/\/cuernavaca.gob.mx\/wp-content\/uploads\/2023\/02\/mercado-segurp-cuernavaca-4-560x450.jpeg 560w, https:\/\/cuernavaca.gob.mx\/wp-content\/uploads\/2023\/02\/mercado-segurp-cuernavaca-4.jpeg 1052w\" sizes=\"(max-width: 1024px) 100vw, 1024px\" \/><\/figure>\n\n\n\n<figure class=\"wp-block-image size-large\"><img loading=\"lazy\" width=\"1024\" height=\"1024\" data-id=\"25351\"  src=\"https:\/\/cuernavaca.gob.mx\/wp-content\/uploads\/2023\/02\/mercado-segurp-cuernavaca-5-1024x1024.jpeg\" alt=\"\" class=\"wp-image-25351\" srcset=\"https:\/\/cuernavaca.gob.mx\/wp-content\/uploads\/2023\/02\/mercado-segurp-cuernavaca-5-1024x1024.jpeg 1024w, https:\/\/cuernavaca.gob.mx\/wp-content\/uploads\/2023\/02\/mercado-segurp-cuernavaca-5-300x300.jpeg 300w, https:\/\/cuernavaca.gob.mx\/wp-content\/uploads\/2023\/02\/mercado-segurp-cuernavaca-5-150x150.jpeg 150w, https:\/\/cuernavaca.gob.mx\/wp-content\/uploads\/2023\/02\/mercado-segurp-cuernavaca-5-768x768.jpeg 768w, https:\/\/cuernavaca.gob.mx\/wp-content\/uploads\/2023\/02\/mercado-segurp-cuernavaca-5-1536x1536.jpeg 1536w, https:\/\/cuernavaca.gob.mx\/wp-content\/uploads\/2023\/02\/mercado-segurp-cuernavaca-5-600x600.jpeg 600w, https:\/\/cuernavaca.gob.mx\/wp-content\/uploads\/2023\/02\/mercado-segurp-cuernavaca-5-560x560.jpeg 560w, https:\/\/cuernavaca.gob.mx\/wp-content\/uploads\/2023\/02\/mercado-segurp-cuernavaca-5.jpeg 1600w\" sizes=\"(max-width: 1024px) 100vw, 1024px\" \/><\/figure>\n\n\n\n<figure class=\"wp-block-image size-large\"><img loading=\"lazy\" width=\"1024\" height=\"1024\" data-id=\"25348\"  src=\"https:\/\/cuernavaca.gob.mx\/wp-content\/uploads\/2023\/02\/mercado-segurp-cuernavaca-6-1024x1024.jpeg\" alt=\"\" class=\"wp-image-25348\" srcset=\"https:\/\/cuernavaca.gob.mx\/wp-content\/uploads\/2023\/02\/mercado-segurp-cuernavaca-6-1024x1024.jpeg 1024w, https:\/\/cuernavaca.gob.mx\/wp-content\/uploads\/2023\/02\/mercado-segurp-cuernavaca-6-300x300.jpeg 300w, https:\/\/cuernavaca.gob.mx\/wp-content\/uploads\/2023\/02\/mercado-segurp-cuernavaca-6-150x150.jpeg 150w, https:\/\/cuernavaca.gob.mx\/wp-content\/uploads\/2023\/02\/mercado-segurp-cuernavaca-6-768x768.jpeg 768w, https:\/\/cuernavaca.gob.mx\/wp-content\/uploads\/2023\/02\/mercado-segurp-cuernavaca-6-1536x1536.jpeg 1536w, https:\/\/cuernavaca.gob.mx\/wp-content\/uploads\/2023\/02\/mercado-segurp-cuernavaca-6-600x600.jpeg 600w, https:\/\/cuernavaca.gob.mx\/wp-content\/uploads\/2023\/02\/mercado-segurp-cuernavaca-6-560x560.jpeg 560w, https:\/\/cuernavaca.gob.mx\/wp-content\/uploads\/2023\/02\/mercado-segurp-cuernavaca-6.jpeg 1600w\" sizes=\"(max-width: 1024px) 100vw, 1024px\" \/><\/figure>\n\n\n\n<figure class=\"wp-block-image size-large\"><img loading=\"lazy\" width=\"1024\" height=\"743\" data-id=\"25355\"  src=\"https:\/\/cuernavaca.gob.mx\/wp-content\/uploads\/2023\/02\/mercado-segurp-cuernavaca-7-1024x743.jpeg\" alt=\"\" class=\"wp-image-25355\" srcset=\"https:\/\/cuernavaca.gob.mx\/wp-content\/uploads\/2023\/02\/mercado-segurp-cuernavaca-7-1024x743.jpeg 1024w, https:\/\/cuernavaca.gob.mx\/wp-content\/uploads\/2023\/02\/mercado-segurp-cuernavaca-7-300x218.jpeg 300w, https:\/\/cuernavaca.gob.mx\/wp-content\/uploads\/2023\/02\/mercado-segurp-cuernavaca-7-768x557.jpeg 768w, https:\/\/cuernavaca.gob.mx\/wp-content\/uploads\/2023\/02\/mercado-segurp-cuernavaca-7-600x435.jpeg 600w, https:\/\/cuernavaca.gob.mx\/wp-content\/uploads\/2023\/02\/mercado-segurp-cuernavaca-7-560x406.jpeg 560w, https:\/\/cuernavaca.gob.mx\/wp-content\/uploads\/2023\/02\/mercado-segurp-cuernavaca-7.jpeg 1050w\" sizes=\"(max-width: 1024px) 100vw, 1024px\" \/><\/figure>\n\n\n\n<figure class=\"wp-block-image size-large\"><img loading=\"lazy\" width=\"1024\" height=\"683\" data-id=\"25347\"  src=\"https:\/\/cuernavaca.gob.mx\/wp-content\/uploads\/2023\/02\/mercado-segurp-cuernavaca-8-1024x683.jpeg\" alt=\"\" class=\"wp-image-25347\" srcset=\"https:\/\/cuernavaca.gob.mx\/wp-content\/uploads\/2023\/02\/mercado-segurp-cuernavaca-8-1024x683.jpeg 1024w, https:\/\/cuernavaca.gob.mx\/wp-content\/uploads\/2023\/02\/mercado-segurp-cuernavaca-8-300x200.jpeg 300w, https:\/\/cuernavaca.gob.mx\/wp-content\/uploads\/2023\/02\/mercado-segurp-cuernavaca-8-768x512.jpeg 768w, https:\/\/cuernavaca.gob.mx\/wp-content\/uploads\/2023\/02\/mercado-segurp-cuernavaca-8-1536x1024.jpeg 1536w, https:\/\/cuernavaca.gob.mx\/wp-content\/uploads\/2023\/02\/mercado-segurp-cuernavaca-8-600x400.jpeg 600w, https:\/\/cuernavaca.gob.mx\/wp-content\/uploads\/2023\/02\/mercado-segurp-cuernavaca-8-560x373.jpeg 560w, https:\/\/cuernavaca.gob.mx\/wp-content\/uploads\/2023\/02\/mercado-segurp-cuernavaca-8.jpeg 1599w\" sizes=\"(max-width: 1024px) 100vw, 1024px\" \/><\/figure>\n\n\n\n<figure class=\"wp-block-image size-large\"><img loading=\"lazy\" width=\"1024\" height=\"683\" data-id=\"25350\"  src=\"https:\/\/cuernavaca.gob.mx\/wp-content\/uploads\/2023\/02\/mercado-segurp-cuernavaca-9-1024x683.jpeg\" alt=\"\" class=\"wp-image-25350\" srcset=\"https:\/\/cuernavaca.gob.mx\/wp-content\/uploads\/2023\/02\/mercado-segurp-cuernavaca-9-1024x683.jpeg 1024w, https:\/\/cuernavaca.gob.mx\/wp-content\/uploads\/2023\/02\/mercado-segurp-cuernavaca-9-300x200.jpeg 300w, https:\/\/cuernavaca.gob.mx\/wp-content\/uploads\/2023\/02\/mercado-segurp-cuernavaca-9-768x512.jpeg 768w, https:\/\/cuernavaca.gob.mx\/wp-content\/uploads\/2023\/02\/mercado-segurp-cuernavaca-9-1536x1024.jpeg 1536w, https:\/\/cuernavaca.gob.mx\/wp-content\/uploads\/2023\/02\/mercado-segurp-cuernavaca-9-600x400.jpeg 600w, https:\/\/cuernavaca.gob.mx\/wp-content\/uploads\/2023\/02\/mercado-segurp-cuernavaca-9-560x373.jpeg 560w, https:\/\/cuernavaca.gob.mx\/wp-content\/uploads\/2023\/02\/mercado-segurp-cuernavaca-9.jpeg 1599w\" sizes=\"(max-width: 1024px) 100vw, 1024px\" \/><\/figure>\n\n\n\n<figure class=\"wp-block-image size-large\"><img loading=\"lazy\" width=\"1024\" height=\"683\" data-id=\"25352\"  src=\"https:\/\/cuernavaca.gob.mx\/wp-content\/uploads\/2023\/02\/mercado-segurp-cuernavaca-10-1024x683.jpeg\" alt=\"\" class=\"wp-image-25352\" srcset=\"https:\/\/cuernavaca.gob.mx\/wp-content\/uploads\/2023\/02\/mercado-segurp-cuernavaca-10-1024x683.jpeg 1024w, https:\/\/cuernavaca.gob.mx\/wp-content\/uploads\/2023\/02\/mercado-segurp-cuernavaca-10-300x200.jpeg 300w, https:\/\/cuernavaca.gob.mx\/wp-content\/uploads\/2023\/02\/mercado-segurp-cuernavaca-10-768x512.jpeg 768w, https:\/\/cuernavaca.gob.mx\/wp-content\/uploads\/2023\/02\/mercado-segurp-cuernavaca-10-1536x1024.jpeg 1536w, https:\/\/cuernavaca.gob.mx\/wp-content\/uploads\/2023\/02\/mercado-segurp-cuernavaca-10-600x400.jpeg 600w, https:\/\/cuernavaca.gob.mx\/wp-content\/uploads\/2023\/02\/mercado-segurp-cuernavaca-10-560x373.jpeg 560w, https:\/\/cuernavaca.gob.mx\/wp-content\/uploads\/2023\/02\/mercado-segurp-cuernavaca-10.jpeg 1599w\" sizes=\"(max-width: 1024px) 100vw, 1024px\" \/><\/figure>\n\n\n\n<figure class=\"wp-block-image size-large\"><img loading=\"lazy\" width=\"1024\" height=\"683\" data-id=\"25345\"  src=\"https:\/\/cuernavaca.gob.mx\/wp-content\/uploads\/2023\/02\/mercado-segurp-cuernavaca-11-1024x683.jpeg\" alt=\"\" class=\"wp-image-25345\" srcset=\"https:\/\/cuernavaca.gob.mx\/wp-content\/uploads\/2023\/02\/mercado-segurp-cuernavaca-11-1024x683.jpeg 1024w, https:\/\/cuernavaca.gob.mx\/wp-content\/uploads\/2023\/02\/mercado-segurp-cuernavaca-11-300x200.jpeg 300w, https:\/\/cuernavaca.gob.mx\/wp-content\/uploads\/2023\/02\/mercado-segurp-cuernavaca-11-768x512.jpeg 768w, https:\/\/cuernavaca.gob.mx\/wp-content\/uploads\/2023\/02\/mercado-segurp-cuernavaca-11-1536x1024.jpeg 1536w, https:\/\/cuernavaca.gob.mx\/wp-content\/uploads\/2023\/02\/mercado-segurp-cuernavaca-11-600x400.jpeg 600w, https:\/\/cuernavaca.gob.mx\/wp-content\/uploads\/2023\/02\/mercado-segurp-cuernavaca-11-560x373.jpeg 560w, https:\/\/cuernavaca.gob.mx\/wp-content\/uploads\/2023\/02\/mercado-segurp-cuernavaca-11.jpeg 1599w\" sizes=\"(max-width: 1024px) 100vw, 1024px\" \/><\/figure>\n<\/figure>\n","protected":false},"excerpt":{"rendered":"<p>\u2022 La titular de SEPRAC, Alicia V\u00e1zquezindic\u00f3 que a trav\u00e9s del programa \u201cMercado Seguro\u201d se logr\u00f3 frustrar un asalto en el mercado de la colonia Carolina \u2022 Inform\u00f3 sobre la detenci\u00f3n de distintas personas presuntamente involucradas en diversos delitos La Secretar\u00eda de Protecci\u00f3n y Auxilio Ciudadano (SEPRAC) de Cuernavaca ha priorizado la vigilancia y atenci\u00f3n [&hellip;]<\/p>\n","protected":false},"author":1,"featured_media":25354,"comment_status":"closed","ping_status":"open","sticky":false,"template":"","format":"standard","meta":[],"categories":[17],"tags":[2582,121,1953,120,2931,206,252],"aioseo_notices":[],"_links":{"self":[{"href":"https:\/\/cuernavaca.gob.mx\/index.php?rest_route=\/wp\/v2\/posts\/25344"}],"collection":[{"href":"https:\/\/cuernavaca.gob.mx\/index.php?rest_route=\/wp\/v2\/posts"}],"about":[{"href":"https:\/\/cuernavaca.gob.mx\/index.php?rest_route=\/wp\/v2\/types\/post"}],"author":[{"embeddable":true,"href":"https:\/\/cuernavaca.gob.mx\/index.php?rest_route=\/wp\/v2\/users\/1"}],"replies":[{"embeddable":true,"href":"https:\/\/cuernavaca.gob.mx\/index.php?rest_route=%2Fwp%2Fv2%2Fcomments&post=25344"}],"version-history":[{"count":1,"href":"https:\/\/cuernavaca.gob.mx\/index.php?rest_route=\/wp\/v2\/posts\/25344\/revisions"}],"predecessor-version":[{"id":25356,"href":"https:\/\/cuernavaca.gob.mx\/index.php?rest_route=\/wp\/v2\/posts\/25344\/revisions\/25356"}],"wp:featuredmedia":[{"embeddable":true,"href":"https:\/\/cuernavaca.gob.mx\/index.php?rest_route=\/wp\/v2\/media\/25354"}],"wp:attachment":[{"href":"https:\/\/cuernavaca.gob.mx\/index.php?rest_route=%2Fwp%2Fv2%2Fmedia&parent=25344"}],"wp:term":[{"taxonomy":"category","embeddable":true,"href":"https:\/\/cuernavaca.gob.mx\/index.php?rest_route=%2Fwp%2Fv2%2Fcategories&post=25344"},{"taxonomy":"post_tag","embeddable":true,"href":"https:\/\/cuernavaca.gob.mx\/index.php?rest_route=%2Fwp%2Fv2%2Ftags&post=25344"}],"curies":[{"name":"wp","href":"https:\/\/api.w.org\/{rel}","templated":true}]}}