{"id":25357,"date":"2023-02-20T16:25:00","date_gmt":"2023-02-20T22:25:00","guid":{"rendered":"https:\/\/cuernavaca.gob.mx\/?p=25357"},"modified":"2025-05-06T12:28:36","modified_gmt":"2025-05-06T18:28:36","slug":"f359-20-02-23-gobierno-municipal-y-lideres-comerciantes-acuerdan-un-frente-comun-para-fortalecer-a-los-mercados-perifericos-de-cuernavaca","status":"publish","type":"post","link":"https:\/\/cuernavaca.gob.mx\/?p=25357","title":{"rendered":"F359 20\/02\/23 GOBIERNO MUNICIPAL Y L\u00cdDERES COMERCIANTES ACUERDAN UN FRENTE COM\u00daN PARA FORTALECER A LOS MERCADOS PERIF\u00c9RICOS DE CUERNAVACA"},"content":{"rendered":"\n<p>En seguimiento a reuniones sostenidas con diversas instancias municipales, este lunes la regidora Patricia Torres Rosales y el secretario del Ayuntamiento, Carlos de la Rosa Segura, sostuvieron una reuni\u00f3n de trabajo con l\u00edderes de los mercados perif\u00e9ricos de Cuernavaca, a fin de establecer un frente com\u00fan que siga atendiendo necesidades particulares y colectivas para brindar un mejor servicio a la ciudadan\u00eda.<\/p>\n\n\n\n<p>Tras escuchar algunas de sus carencias y problem\u00e1ticas, coincidiendo en la regularizaci\u00f3n del comercio ambulante en el entorno de etas centrales de abasto, el secretario del Ayuntamiento les inform\u00f3 sobre una serie de acciones que han implementado en la materia desde el 2022, buscando poner a la ciudad, pero tambi\u00e9n evitar afectaciones a la econom\u00eda de la poblaci\u00f3n.<\/p>\n\n\n\n<p>Entre los acuerdos obtenidos se estableci\u00f3 la continuidad en el proyecto de reordenamiento del comercio informal en la ciudad, principalmente en los alrededores de los mercados; reforzar las campa\u00f1as de difusi\u00f3n de sus lugares de trabajo como parte de la estrategia de reactivaci\u00f3n econ\u00f3mica que ha encabezado el municipio; as\u00ed como tambi\u00e9n solicitar a la Coordinaci\u00f3n Municipal de Protecci\u00f3n Civil su apoyo para realizar supervisiones, a fin de verificar que cuentan con las condiciones necesarias para garantizar la seguridad de sus clientes y de los mismos comerciantes.<\/p>\n\n\n\n<p>En la reuni\u00f3n estuvieron presentes el director general de Pol\u00edtica Municipal del Ayuntamiento de Cuernavaca, Mario Arturo Santana Salgado, el coordinador de Gesti\u00f3n de Gobierno Archivo Documental, Jos\u00e9 Luis T\u00e9llez Hern\u00e1ndez y el director de Comunicaci\u00f3n Social del Ayuntamiento, Guillermo A. Correa G\u00f3mez.<\/p>\n\n\n\n<figure class=\"wp-container-2 wp-block-gallery-1 wp-block-gallery has-nested-images columns-default is-cropped\">\n<figure class=\"wp-block-image size-large\"><img loading=\"lazy\" width=\"1024\" height=\"683\" data-id=\"25358\"  src=\"https:\/\/cuernavaca.gob.mx\/wp-content\/uploads\/2023\/02\/mercados-cuernavaca-1-1024x683.jpeg\" alt=\"\" class=\"wp-image-25358\" srcset=\"https:\/\/cuernavaca.gob.mx\/wp-content\/uploads\/2023\/02\/mercados-cuernavaca-1-1024x683.jpeg 1024w, https:\/\/cuernavaca.gob.mx\/wp-content\/uploads\/2023\/02\/mercados-cuernavaca-1-300x200.jpeg 300w, https:\/\/cuernavaca.gob.mx\/wp-content\/uploads\/2023\/02\/mercados-cuernavaca-1-768x512.jpeg 768w, https:\/\/cuernavaca.gob.mx\/wp-content\/uploads\/2023\/02\/mercados-cuernavaca-1-1536x1024.jpeg 1536w, https:\/\/cuernavaca.gob.mx\/wp-content\/uploads\/2023\/02\/mercados-cuernavaca-1-600x400.jpeg 600w, https:\/\/cuernavaca.gob.mx\/wp-content\/uploads\/2023\/02\/mercados-cuernavaca-1-560x373.jpeg 560w, https:\/\/cuernavaca.gob.mx\/wp-content\/uploads\/2023\/02\/mercados-cuernavaca-1.jpeg 1599w\" sizes=\"(max-width: 1024px) 100vw, 1024px\" \/><\/figure>\n\n\n\n<figure class=\"wp-block-image size-large\"><img loading=\"lazy\" width=\"1024\" height=\"683\" data-id=\"25359\"  src=\"https:\/\/cuernavaca.gob.mx\/wp-content\/uploads\/2023\/02\/mercados-cuernavaca-2-1024x683.jpeg\" alt=\"\" class=\"wp-image-25359\" srcset=\"https:\/\/cuernavaca.gob.mx\/wp-content\/uploads\/2023\/02\/mercados-cuernavaca-2-1024x683.jpeg 1024w, https:\/\/cuernavaca.gob.mx\/wp-content\/uploads\/2023\/02\/mercados-cuernavaca-2-300x200.jpeg 300w, https:\/\/cuernavaca.gob.mx\/wp-content\/uploads\/2023\/02\/mercados-cuernavaca-2-768x512.jpeg 768w, https:\/\/cuernavaca.gob.mx\/wp-content\/uploads\/2023\/02\/mercados-cuernavaca-2-1536x1024.jpeg 1536w, https:\/\/cuernavaca.gob.mx\/wp-content\/uploads\/2023\/02\/mercados-cuernavaca-2-600x400.jpeg 600w, https:\/\/cuernavaca.gob.mx\/wp-content\/uploads\/2023\/02\/mercados-cuernavaca-2-560x373.jpeg 560w, https:\/\/cuernavaca.gob.mx\/wp-content\/uploads\/2023\/02\/mercados-cuernavaca-2.jpeg 1599w\" sizes=\"(max-width: 1024px) 100vw, 1024px\" \/><\/figure>\n\n\n\n<figure class=\"wp-block-image size-large\"><img loading=\"lazy\" width=\"1024\" height=\"683\" data-id=\"25360\"  src=\"https:\/\/cuernavaca.gob.mx\/wp-content\/uploads\/2023\/02\/mercados-cuernavaca-3-1024x683.jpeg\" alt=\"\" class=\"wp-image-25360\" srcset=\"https:\/\/cuernavaca.gob.mx\/wp-content\/uploads\/2023\/02\/mercados-cuernavaca-3-1024x683.jpeg 1024w, https:\/\/cuernavaca.gob.mx\/wp-content\/uploads\/2023\/02\/mercados-cuernavaca-3-300x200.jpeg 300w, https:\/\/cuernavaca.gob.mx\/wp-content\/uploads\/2023\/02\/mercados-cuernavaca-3-768x512.jpeg 768w, https:\/\/cuernavaca.gob.mx\/wp-content\/uploads\/2023\/02\/mercados-cuernavaca-3-1536x1024.jpeg 1536w, https:\/\/cuernavaca.gob.mx\/wp-content\/uploads\/2023\/02\/mercados-cuernavaca-3-600x400.jpeg 600w, https:\/\/cuernavaca.gob.mx\/wp-content\/uploads\/2023\/02\/mercados-cuernavaca-3-560x373.jpeg 560w, https:\/\/cuernavaca.gob.mx\/wp-content\/uploads\/2023\/02\/mercados-cuernavaca-3.jpeg 1599w\" sizes=\"(max-width: 1024px) 100vw, 1024px\" \/><\/figure>\n\n\n\n<figure class=\"wp-block-image size-large\"><img loading=\"lazy\" width=\"1024\" height=\"683\" data-id=\"25363\"  src=\"https:\/\/cuernavaca.gob.mx\/wp-content\/uploads\/2023\/02\/mercados-cuernavaca-4-1024x683.jpeg\" alt=\"\" class=\"wp-image-25363\" srcset=\"https:\/\/cuernavaca.gob.mx\/wp-content\/uploads\/2023\/02\/mercados-cuernavaca-4-1024x683.jpeg 1024w, https:\/\/cuernavaca.gob.mx\/wp-content\/uploads\/2023\/02\/mercados-cuernavaca-4-300x200.jpeg 300w, https:\/\/cuernavaca.gob.mx\/wp-content\/uploads\/2023\/02\/mercados-cuernavaca-4-768x512.jpeg 768w, https:\/\/cuernavaca.gob.mx\/wp-content\/uploads\/2023\/02\/mercados-cuernavaca-4-1536x1024.jpeg 1536w, https:\/\/cuernavaca.gob.mx\/wp-content\/uploads\/2023\/02\/mercados-cuernavaca-4-600x400.jpeg 600w, https:\/\/cuernavaca.gob.mx\/wp-content\/uploads\/2023\/02\/mercados-cuernavaca-4-560x373.jpeg 560w, https:\/\/cuernavaca.gob.mx\/wp-content\/uploads\/2023\/02\/mercados-cuernavaca-4.jpeg 1599w\" sizes=\"(max-width: 1024px) 100vw, 1024px\" \/><\/figure>\n\n\n\n<figure class=\"wp-block-image size-large\"><img loading=\"lazy\" width=\"1024\" height=\"683\" data-id=\"25361\"  src=\"https:\/\/cuernavaca.gob.mx\/wp-content\/uploads\/2023\/02\/mercados-cuernavaca-5-1024x683.jpeg\" alt=\"\" class=\"wp-image-25361\" srcset=\"https:\/\/cuernavaca.gob.mx\/wp-content\/uploads\/2023\/02\/mercados-cuernavaca-5-1024x683.jpeg 1024w, https:\/\/cuernavaca.gob.mx\/wp-content\/uploads\/2023\/02\/mercados-cuernavaca-5-300x200.jpeg 300w, https:\/\/cuernavaca.gob.mx\/wp-content\/uploads\/2023\/02\/mercados-cuernavaca-5-768x512.jpeg 768w, https:\/\/cuernavaca.gob.mx\/wp-content\/uploads\/2023\/02\/mercados-cuernavaca-5-1536x1024.jpeg 1536w, https:\/\/cuernavaca.gob.mx\/wp-content\/uploads\/2023\/02\/mercados-cuernavaca-5-600x400.jpeg 600w, https:\/\/cuernavaca.gob.mx\/wp-content\/uploads\/2023\/02\/mercados-cuernavaca-5-560x373.jpeg 560w, https:\/\/cuernavaca.gob.mx\/wp-content\/uploads\/2023\/02\/mercados-cuernavaca-5.jpeg 1599w\" sizes=\"(max-width: 1024px) 100vw, 1024px\" \/><\/figure>\n\n\n\n<figure class=\"wp-block-image size-large\"><img loading=\"lazy\" width=\"1024\" height=\"683\" data-id=\"25362\"  src=\"https:\/\/cuernavaca.gob.mx\/wp-content\/uploads\/2023\/02\/mercados-cuernavaca-6-1024x683.jpeg\" alt=\"\" class=\"wp-image-25362\" srcset=\"https:\/\/cuernavaca.gob.mx\/wp-content\/uploads\/2023\/02\/mercados-cuernavaca-6-1024x683.jpeg 1024w, https:\/\/cuernavaca.gob.mx\/wp-content\/uploads\/2023\/02\/mercados-cuernavaca-6-300x200.jpeg 300w, https:\/\/cuernavaca.gob.mx\/wp-content\/uploads\/2023\/02\/mercados-cuernavaca-6-768x512.jpeg 768w, https:\/\/cuernavaca.gob.mx\/wp-content\/uploads\/2023\/02\/mercados-cuernavaca-6-1536x1024.jpeg 1536w, https:\/\/cuernavaca.gob.mx\/wp-content\/uploads\/2023\/02\/mercados-cuernavaca-6-600x400.jpeg 600w, https:\/\/cuernavaca.gob.mx\/wp-content\/uploads\/2023\/02\/mercados-cuernavaca-6-560x373.jpeg 560w, https:\/\/cuernavaca.gob.mx\/wp-content\/uploads\/2023\/02\/mercados-cuernavaca-6.jpeg 1599w\" sizes=\"(max-width: 1024px) 100vw, 1024px\" \/><\/figure>\n<\/figure>\n","protected":false},"excerpt":{"rendered":"<p>En seguimiento a reuniones sostenidas con diversas instancias municipales, este lunes la regidora Patricia Torres Rosales y el secretario del Ayuntamiento, Carlos de la Rosa Segura, sostuvieron una reuni\u00f3n de trabajo con l\u00edderes de los mercados perif\u00e9ricos de Cuernavaca, a fin de establecer un frente com\u00fan que siga atendiendo necesidades particulares y colectivas para brindar [&hellip;]<\/p>\n","protected":false},"author":1,"featured_media":25358,"comment_status":"closed","ping_status":"open","sticky":false,"template":"","format":"standard","meta":[],"categories":[2294],"tags":[800,690,121,375,120,2822,206],"aioseo_notices":[],"_links":{"self":[{"href":"https:\/\/cuernavaca.gob.mx\/index.php?rest_route=\/wp\/v2\/posts\/25357"}],"collection":[{"href":"https:\/\/cuernavaca.gob.mx\/index.php?rest_route=\/wp\/v2\/posts"}],"about":[{"href":"https:\/\/cuernavaca.gob.mx\/index.php?rest_route=\/wp\/v2\/types\/post"}],"author":[{"embeddable":true,"href":"https:\/\/cuernavaca.gob.mx\/index.php?rest_route=\/wp\/v2\/users\/1"}],"replies":[{"embeddable":true,"href":"https:\/\/cuernavaca.gob.mx\/index.php?rest_route=%2Fwp%2Fv2%2Fcomments&post=25357"}],"version-history":[{"count":1,"href":"https:\/\/cuernavaca.gob.mx\/index.php?rest_route=\/wp\/v2\/posts\/25357\/revisions"}],"predecessor-version":[{"id":25364,"href":"https:\/\/cuernavaca.gob.mx\/index.php?rest_route=\/wp\/v2\/posts\/25357\/revisions\/25364"}],"wp:featuredmedia":[{"embeddable":true,"href":"https:\/\/cuernavaca.gob.mx\/index.php?rest_route=\/wp\/v2\/media\/25358"}],"wp:attachment":[{"href":"https:\/\/cuernavaca.gob.mx\/index.php?rest_route=%2Fwp%2Fv2%2Fmedia&parent=25357"}],"wp:term":[{"taxonomy":"category","embeddable":true,"href":"https:\/\/cuernavaca.gob.mx\/index.php?rest_route=%2Fwp%2Fv2%2Fcategories&post=25357"},{"taxonomy":"post_tag","embeddable":true,"href":"https:\/\/cuernavaca.gob.mx\/index.php?rest_route=%2Fwp%2Fv2%2Ftags&post=25357"}],"curies":[{"name":"wp","href":"https:\/\/api.w.org\/{rel}","templated":true}]}}