{"id":25365,"date":"2023-02-20T08:55:00","date_gmt":"2023-02-20T14:55:00","guid":{"rendered":"https:\/\/cuernavaca.gob.mx\/?p=25365"},"modified":"2025-05-06T12:28:37","modified_gmt":"2025-05-06T18:28:37","slug":"f360-20-02-23-controla-bomberos-de-cuernavaca-con-apoyo-institucional-de-proteccion-civil-estatal-incendio-en-predio-de-la-colonia-miguel-hidalgo","status":"publish","type":"post","link":"https:\/\/cuernavaca.gob.mx\/?p=25365","title":{"rendered":"F360 20\/02\/23 CONTROLA BOMBEROS DE CUERNAVACA CON APOYO INSTITUCIONAL DE PROTECCI\u00d3N CIVIL ESTATAL INCENDIO EN PREDIO DE LA COLONIA MIGUEL HIDALGO"},"content":{"rendered":"\n<p>Elementos del H. Cuerpo de Bomberos de Cuernavaca respondieron al llamado de vecinos de la colonia Miguel Hidalgo, que reportaron un incendio que se registraba en un predio de un estimado de m\u00e1s de 3 mil M2 ubicado en la calle Francisco Gonz\u00e1lez Bocanegra, donde se realizaron las labores de acordonamiento y sofocaci\u00f3n del siniestro, para lo cual se requiri\u00f3 del apoyo de pipas particulares y el refuerzo de personal.<\/p>\n\n\n\n<p>El suceso fue atendido por la Unidad B-083 al Mando de Aar\u00f3n Gleason \u00c1lvarez y participaron 7 elementos m\u00e1s, as\u00ed como personal de la Coordinaci\u00f3n Municipal de Protecci\u00f3n Civil que, en la suma de esfuerzos institucionales con Protecci\u00f3n Civil del estado, lograron controlar el incendio de arbustos, pasto y otros desechos vegetales.<\/p>\n\n\n\n<p>Se recuerda a la poblaci\u00f3n de Cuernavaca que la l\u00ednea para la atenci\u00f3n de las corporaciones de rescate y seguridad ciudadana es la Central de Emergencias 777 777 312 12 74.<\/p>\n\n\n\n<figure class=\"wp-container-2 wp-block-gallery-1 wp-block-gallery has-nested-images columns-default is-cropped\">\n<figure class=\"wp-block-image size-large\"><img loading=\"lazy\" width=\"659\" height=\"1024\" data-id=\"25366\"  src=\"https:\/\/cuernavaca.gob.mx\/wp-content\/uploads\/2023\/02\/bomberos-cuernavaca-1-659x1024.jpeg\" alt=\"\" class=\"wp-image-25366\" srcset=\"https:\/\/cuernavaca.gob.mx\/wp-content\/uploads\/2023\/02\/bomberos-cuernavaca-1-659x1024.jpeg 659w, https:\/\/cuernavaca.gob.mx\/wp-content\/uploads\/2023\/02\/bomberos-cuernavaca-1-193x300.jpeg 193w, https:\/\/cuernavaca.gob.mx\/wp-content\/uploads\/2023\/02\/bomberos-cuernavaca-1-768x1194.jpeg 768w, https:\/\/cuernavaca.gob.mx\/wp-content\/uploads\/2023\/02\/bomberos-cuernavaca-1-386x600.jpeg 386w, https:\/\/cuernavaca.gob.mx\/wp-content\/uploads\/2023\/02\/bomberos-cuernavaca-1-360x560.jpeg 360w, https:\/\/cuernavaca.gob.mx\/wp-content\/uploads\/2023\/02\/bomberos-cuernavaca-1.jpeg 770w\" sizes=\"(max-width: 659px) 100vw, 659px\" \/><\/figure>\n\n\n\n<figure class=\"wp-block-image size-large\"><img loading=\"lazy\" width=\"1024\" height=\"768\" data-id=\"25367\"  src=\"https:\/\/cuernavaca.gob.mx\/wp-content\/uploads\/2023\/02\/bomberos-cuernavaca-2-1024x768.jpeg\" alt=\"\" class=\"wp-image-25367\" srcset=\"https:\/\/cuernavaca.gob.mx\/wp-content\/uploads\/2023\/02\/bomberos-cuernavaca-2-1024x768.jpeg 1024w, https:\/\/cuernavaca.gob.mx\/wp-content\/uploads\/2023\/02\/bomberos-cuernavaca-2-300x225.jpeg 300w, https:\/\/cuernavaca.gob.mx\/wp-content\/uploads\/2023\/02\/bomberos-cuernavaca-2-768x576.jpeg 768w, https:\/\/cuernavaca.gob.mx\/wp-content\/uploads\/2023\/02\/bomberos-cuernavaca-2-600x450.jpeg 600w, https:\/\/cuernavaca.gob.mx\/wp-content\/uploads\/2023\/02\/bomberos-cuernavaca-2-560x420.jpeg 560w, https:\/\/cuernavaca.gob.mx\/wp-content\/uploads\/2023\/02\/bomberos-cuernavaca-2.jpeg 1280w\" sizes=\"(max-width: 1024px) 100vw, 1024px\" \/><\/figure>\n\n\n\n<figure class=\"wp-block-image size-large\"><img loading=\"lazy\" width=\"1024\" height=\"768\" data-id=\"25368\"  src=\"https:\/\/cuernavaca.gob.mx\/wp-content\/uploads\/2023\/02\/bomberos-cuernavaca-3-1024x768.jpeg\" alt=\"\" class=\"wp-image-25368\" srcset=\"https:\/\/cuernavaca.gob.mx\/wp-content\/uploads\/2023\/02\/bomberos-cuernavaca-3-1024x768.jpeg 1024w, https:\/\/cuernavaca.gob.mx\/wp-content\/uploads\/2023\/02\/bomberos-cuernavaca-3-300x225.jpeg 300w, https:\/\/cuernavaca.gob.mx\/wp-content\/uploads\/2023\/02\/bomberos-cuernavaca-3-768x576.jpeg 768w, https:\/\/cuernavaca.gob.mx\/wp-content\/uploads\/2023\/02\/bomberos-cuernavaca-3-600x450.jpeg 600w, https:\/\/cuernavaca.gob.mx\/wp-content\/uploads\/2023\/02\/bomberos-cuernavaca-3-560x420.jpeg 560w, https:\/\/cuernavaca.gob.mx\/wp-content\/uploads\/2023\/02\/bomberos-cuernavaca-3.jpeg 1280w\" sizes=\"(max-width: 1024px) 100vw, 1024px\" \/><\/figure>\n<\/figure>\n","protected":false},"excerpt":{"rendered":"<p>Elementos del H. Cuerpo de Bomberos de Cuernavaca respondieron al llamado de vecinos de la colonia Miguel Hidalgo, que reportaron un incendio que se registraba en un predio de un estimado de m\u00e1s de 3 mil M2 ubicado en la calle Francisco Gonz\u00e1lez Bocanegra, donde se realizaron las labores de acordonamiento y sofocaci\u00f3n del siniestro, [&hellip;]<\/p>\n","protected":false},"author":1,"featured_media":25366,"comment_status":"closed","ping_status":"open","sticky":false,"template":"","format":"standard","meta":[],"categories":[2227],"tags":[2932,121,2933,120,125,252],"aioseo_notices":[],"_links":{"self":[{"href":"https:\/\/cuernavaca.gob.mx\/index.php?rest_route=\/wp\/v2\/posts\/25365"}],"collection":[{"href":"https:\/\/cuernavaca.gob.mx\/index.php?rest_route=\/wp\/v2\/posts"}],"about":[{"href":"https:\/\/cuernavaca.gob.mx\/index.php?rest_route=\/wp\/v2\/types\/post"}],"author":[{"embeddable":true,"href":"https:\/\/cuernavaca.gob.mx\/index.php?rest_route=\/wp\/v2\/users\/1"}],"replies":[{"embeddable":true,"href":"https:\/\/cuernavaca.gob.mx\/index.php?rest_route=%2Fwp%2Fv2%2Fcomments&post=25365"}],"version-history":[{"count":1,"href":"https:\/\/cuernavaca.gob.mx\/index.php?rest_route=\/wp\/v2\/posts\/25365\/revisions"}],"predecessor-version":[{"id":25369,"href":"https:\/\/cuernavaca.gob.mx\/index.php?rest_route=\/wp\/v2\/posts\/25365\/revisions\/25369"}],"wp:featuredmedia":[{"embeddable":true,"href":"https:\/\/cuernavaca.gob.mx\/index.php?rest_route=\/wp\/v2\/media\/25366"}],"wp:attachment":[{"href":"https:\/\/cuernavaca.gob.mx\/index.php?rest_route=%2Fwp%2Fv2%2Fmedia&parent=25365"}],"wp:term":[{"taxonomy":"category","embeddable":true,"href":"https:\/\/cuernavaca.gob.mx\/index.php?rest_route=%2Fwp%2Fv2%2Fcategories&post=25365"},{"taxonomy":"post_tag","embeddable":true,"href":"https:\/\/cuernavaca.gob.mx\/index.php?rest_route=%2Fwp%2Fv2%2Ftags&post=25365"}],"curies":[{"name":"wp","href":"https:\/\/api.w.org\/{rel}","templated":true}]}}