{"id":25370,"date":"2023-02-21T16:30:00","date_gmt":"2023-02-21T22:30:00","guid":{"rendered":"https:\/\/cuernavaca.gob.mx\/?p=25370"},"modified":"2025-05-06T12:28:36","modified_gmt":"2025-05-06T18:28:36","slug":"b796-21-02723-cuernavaca-renace-con-la-donacion-del-arte-de-pintorales-locales-que-han-rescatado-la-calle-agustin-guemes","status":"publish","type":"post","link":"https:\/\/cuernavaca.gob.mx\/?p=25370","title":{"rendered":"B796 21\/02723 CUERNAVACA RENACE CON LA DONACI\u00d3N DEL ARTE DE PINTORALES LOCALES QUE HAN RESCATADO LA CALLE AGUST\u00cdN G\u00dcEMES"},"content":{"rendered":"\n<p>\u2022 <strong>A iniciativa de la Direcci\u00f3n General de Turismo, adscrita a la Secretar\u00eda de Desarrollo Econ\u00f3mico y Turismo, las artistas Ana Luisa Nieto G\u00f3mez y Lucia Etchegaray pintaron el mural \u201cLa Barranca\u201d<\/strong><\/p>\n\n\n\n<p><strong>\u2022 Este martes las artistas firmaron el mural que visitantes podr\u00e1n disfrutar con sus llamativos colores que plasman cada uno de los elementos que han hecho que Cuernavaca obtuviera el t\u00edtulo de la Eterna Primavera<\/strong><\/p>\n\n\n\n<p>En representaci\u00f3n del presidente municipal de Cuernavaca, Jos\u00e9 Luis Uri\u00f3stegui Salgado, el secretario de Desarrollo Econ\u00f3mico y Turismo, Humberto Paladino Valdovinos, atestigu\u00f3 este martes la firma del mural de arte Na\u00edf, \u201cLa Barranca\u201d, mediante el cual las artistas Ana Luisa Nieto G\u00f3mez y Lucia Etchegaray plasmaron cada uno de los elementos que han hecho que Cuernavaca obtuviera el t\u00edtulo de la Eterna Primavera.<\/p>\n\n\n\n<p>Teniendo como escenario la calle Profesor Agust\u00edn G\u00fcemes en el Centro Hist\u00f3rico, la cual se ha transformado en una galer\u00eda de arte al aire libre, no solo al integrar sitios hist\u00f3ricos en la ciudad, sino tambi\u00e9n por los murales que se han plasmado y que fomentan la apropiaci\u00f3n de los espacios p\u00fablicos entre la ciudadan\u00eda y visitantes, las artistas Ana Luisa Nieto G\u00f3mez y Lucia Etchegaray hicieron entrega formal de este mural interactivo de 29 metros de largo al municipio.<\/p>\n\n\n\n<p>El secretario de Desarrollo Econ\u00f3mico y Turismo, Humberto Paladino, se\u00f1al\u00f3 que este tipo de iniciativas visten a la capital morelense, al mismo tiempo que identifican la labor social que est\u00e1n tomando y que est\u00e1 representando un atractivo importante en la zona conocida como El Paseo del Castillito, donde atractivos tur\u00edsticos como El Castillito se conjugan con el arte de artistas locales, atrayendo la llegada de visitantes que desean tomar una fotograf\u00eda o simplemente disfrutar de la belleza que ofrece este espacio.<\/p>\n\n\n\n<p>\u201cCon ello estamos haciendo un s\u00edmbolo importante para que no solamente nuestros turistas tengan un lugar que distinga a la gente que trabaja para Cuernavaca y que tiene amor a Cuernavaca, sino que sea uno de los atractivos que distingan, se manejen y puedan exportar para que la gente sepa que en Cuernavaca hay tranquilidad, hay gente que convoca y gente que participa en beneficio de todos nosotros. Existe la oportunidad para que todos participemos y pongamos nuestro granito de arena para que la ciudad pueda estar cada vez m\u00e1s unida\u201d, asever\u00f3.<\/p>\n\n\n\n<p>Tras plasmar sus firmas, la artista Lucia Etchegaray indic\u00f3 que fue gracias a la invitaci\u00f3n de la Direcci\u00f3n General de Turismo que tuvieron la oportunidad de unir su arte en este mural din\u00e1mico y did\u00e1ctico que con colores llamativos recuerda a las barrancas, as\u00ed como la vegetaci\u00f3n y especies end\u00e9micas de Cuernavaca, en el cual la ciudadan\u00eda puede divertiste e interactuar para tomarse fotograf\u00edas o encontrar a los animales que aqu\u00ed est\u00e1n expuestos.<\/p>\n\n\n\n<p>Por su lado, la artista Ana Luisa Nieto G\u00f3mez, explic\u00f3 que el mural mide 29 metros de largo con una media de aproximadamente tres metros, aunque en algunos tramos llega a medir hasta seis metros de altura, el cual comenzaron a realizar hace dos meses y medio, expresando a trav\u00e9s de arte Na\u00edf la belleza de la ciudad de la Eterna Primavera, siendo un recordatorio para todas las personas que lo admiren que deben cuidar cada elemento natural que hoy disfrutan tanto.<\/p>\n\n\n\n<p>Los materiales utilizados para estos murales fueron donados por particulares y el mismo director general de Turismo, Luis Cagide, quien estuvo presente en el evento, as\u00ed como trabajadores de la Direcci\u00f3n General de Turismo que dieron fe de estos trabajos de rescate para Cuernavaca.<\/p>\n\n\n\n<figure class=\"wp-container-2 wp-block-gallery-1 wp-block-gallery has-nested-images columns-default is-cropped\">\n<figure class=\"wp-block-image size-large\"><img loading=\"lazy\" width=\"1024\" height=\"682\" data-id=\"25371\"  src=\"https:\/\/cuernavaca.gob.mx\/wp-content\/uploads\/2023\/02\/mural-La-Barranca-Cuernavaca-1-1024x682.jpeg\" alt=\"\" class=\"wp-image-25371\" srcset=\"https:\/\/cuernavaca.gob.mx\/wp-content\/uploads\/2023\/02\/mural-La-Barranca-Cuernavaca-1-1024x682.jpeg 1024w, https:\/\/cuernavaca.gob.mx\/wp-content\/uploads\/2023\/02\/mural-La-Barranca-Cuernavaca-1-300x200.jpeg 300w, https:\/\/cuernavaca.gob.mx\/wp-content\/uploads\/2023\/02\/mural-La-Barranca-Cuernavaca-1-768x512.jpeg 768w, https:\/\/cuernavaca.gob.mx\/wp-content\/uploads\/2023\/02\/mural-La-Barranca-Cuernavaca-1-600x400.jpeg 600w, https:\/\/cuernavaca.gob.mx\/wp-content\/uploads\/2023\/02\/mural-La-Barranca-Cuernavaca-1-560x373.jpeg 560w, https:\/\/cuernavaca.gob.mx\/wp-content\/uploads\/2023\/02\/mural-La-Barranca-Cuernavaca-1.jpeg 1280w\" sizes=\"(max-width: 1024px) 100vw, 1024px\" \/><\/figure>\n\n\n\n<figure class=\"wp-block-image size-large\"><img loading=\"lazy\" width=\"1024\" height=\"682\" data-id=\"25372\"  src=\"https:\/\/cuernavaca.gob.mx\/wp-content\/uploads\/2023\/02\/mural-La-Barranca-Cuernavaca-2-1024x682.jpeg\" alt=\"\" class=\"wp-image-25372\" srcset=\"https:\/\/cuernavaca.gob.mx\/wp-content\/uploads\/2023\/02\/mural-La-Barranca-Cuernavaca-2-1024x682.jpeg 1024w, https:\/\/cuernavaca.gob.mx\/wp-content\/uploads\/2023\/02\/mural-La-Barranca-Cuernavaca-2-300x200.jpeg 300w, https:\/\/cuernavaca.gob.mx\/wp-content\/uploads\/2023\/02\/mural-La-Barranca-Cuernavaca-2-768x512.jpeg 768w, https:\/\/cuernavaca.gob.mx\/wp-content\/uploads\/2023\/02\/mural-La-Barranca-Cuernavaca-2-600x400.jpeg 600w, https:\/\/cuernavaca.gob.mx\/wp-content\/uploads\/2023\/02\/mural-La-Barranca-Cuernavaca-2-560x373.jpeg 560w, https:\/\/cuernavaca.gob.mx\/wp-content\/uploads\/2023\/02\/mural-La-Barranca-Cuernavaca-2.jpeg 1280w\" sizes=\"(max-width: 1024px) 100vw, 1024px\" \/><\/figure>\n\n\n\n<figure class=\"wp-block-image size-large\"><img loading=\"lazy\" width=\"1024\" height=\"682\" data-id=\"25373\"  src=\"https:\/\/cuernavaca.gob.mx\/wp-content\/uploads\/2023\/02\/mural-La-Barranca-Cuernavaca-3-1024x682.jpeg\" alt=\"\" class=\"wp-image-25373\" srcset=\"https:\/\/cuernavaca.gob.mx\/wp-content\/uploads\/2023\/02\/mural-La-Barranca-Cuernavaca-3-1024x682.jpeg 1024w, https:\/\/cuernavaca.gob.mx\/wp-content\/uploads\/2023\/02\/mural-La-Barranca-Cuernavaca-3-300x200.jpeg 300w, https:\/\/cuernavaca.gob.mx\/wp-content\/uploads\/2023\/02\/mural-La-Barranca-Cuernavaca-3-768x512.jpeg 768w, https:\/\/cuernavaca.gob.mx\/wp-content\/uploads\/2023\/02\/mural-La-Barranca-Cuernavaca-3-600x400.jpeg 600w, https:\/\/cuernavaca.gob.mx\/wp-content\/uploads\/2023\/02\/mural-La-Barranca-Cuernavaca-3-560x373.jpeg 560w, https:\/\/cuernavaca.gob.mx\/wp-content\/uploads\/2023\/02\/mural-La-Barranca-Cuernavaca-3.jpeg 1280w\" sizes=\"(max-width: 1024px) 100vw, 1024px\" \/><\/figure>\n\n\n\n<figure class=\"wp-block-image size-large\"><img loading=\"lazy\" width=\"1024\" height=\"682\" data-id=\"25374\"  src=\"https:\/\/cuernavaca.gob.mx\/wp-content\/uploads\/2023\/02\/mural-La-Barranca-Cuernavaca-4-1024x682.jpeg\" alt=\"\" class=\"wp-image-25374\" srcset=\"https:\/\/cuernavaca.gob.mx\/wp-content\/uploads\/2023\/02\/mural-La-Barranca-Cuernavaca-4-1024x682.jpeg 1024w, https:\/\/cuernavaca.gob.mx\/wp-content\/uploads\/2023\/02\/mural-La-Barranca-Cuernavaca-4-300x200.jpeg 300w, https:\/\/cuernavaca.gob.mx\/wp-content\/uploads\/2023\/02\/mural-La-Barranca-Cuernavaca-4-768x512.jpeg 768w, https:\/\/cuernavaca.gob.mx\/wp-content\/uploads\/2023\/02\/mural-La-Barranca-Cuernavaca-4-600x400.jpeg 600w, https:\/\/cuernavaca.gob.mx\/wp-content\/uploads\/2023\/02\/mural-La-Barranca-Cuernavaca-4-560x373.jpeg 560w, https:\/\/cuernavaca.gob.mx\/wp-content\/uploads\/2023\/02\/mural-La-Barranca-Cuernavaca-4.jpeg 1280w\" sizes=\"(max-width: 1024px) 100vw, 1024px\" \/><\/figure>\n<\/figure>\n","protected":false},"excerpt":{"rendered":"<p>\u2022 A iniciativa de la Direcci\u00f3n General de Turismo, adscrita a la Secretar\u00eda de Desarrollo Econ\u00f3mico y Turismo, las artistas Ana Luisa Nieto G\u00f3mez y Lucia Etchegaray pintaron el mural \u201cLa Barranca\u201d \u2022 Este martes las artistas firmaron el mural que visitantes podr\u00e1n disfrutar con sus llamativos colores que plasman cada uno de los elementos [&hellip;]<\/p>\n","protected":false},"author":1,"featured_media":25374,"comment_status":"closed","ping_status":"open","sticky":false,"template":"","format":"standard","meta":[],"categories":[21],"tags":[1300,121,2376,120,206,2934],"aioseo_notices":[],"_links":{"self":[{"href":"https:\/\/cuernavaca.gob.mx\/index.php?rest_route=\/wp\/v2\/posts\/25370"}],"collection":[{"href":"https:\/\/cuernavaca.gob.mx\/index.php?rest_route=\/wp\/v2\/posts"}],"about":[{"href":"https:\/\/cuernavaca.gob.mx\/index.php?rest_route=\/wp\/v2\/types\/post"}],"author":[{"embeddable":true,"href":"https:\/\/cuernavaca.gob.mx\/index.php?rest_route=\/wp\/v2\/users\/1"}],"replies":[{"embeddable":true,"href":"https:\/\/cuernavaca.gob.mx\/index.php?rest_route=%2Fwp%2Fv2%2Fcomments&post=25370"}],"version-history":[{"count":1,"href":"https:\/\/cuernavaca.gob.mx\/index.php?rest_route=\/wp\/v2\/posts\/25370\/revisions"}],"predecessor-version":[{"id":25375,"href":"https:\/\/cuernavaca.gob.mx\/index.php?rest_route=\/wp\/v2\/posts\/25370\/revisions\/25375"}],"wp:featuredmedia":[{"embeddable":true,"href":"https:\/\/cuernavaca.gob.mx\/index.php?rest_route=\/wp\/v2\/media\/25374"}],"wp:attachment":[{"href":"https:\/\/cuernavaca.gob.mx\/index.php?rest_route=%2Fwp%2Fv2%2Fmedia&parent=25370"}],"wp:term":[{"taxonomy":"category","embeddable":true,"href":"https:\/\/cuernavaca.gob.mx\/index.php?rest_route=%2Fwp%2Fv2%2Fcategories&post=25370"},{"taxonomy":"post_tag","embeddable":true,"href":"https:\/\/cuernavaca.gob.mx\/index.php?rest_route=%2Fwp%2Fv2%2Ftags&post=25370"}],"curies":[{"name":"wp","href":"https:\/\/api.w.org\/{rel}","templated":true}]}}