{"id":25376,"date":"2023-02-21T16:30:00","date_gmt":"2023-02-21T22:30:00","guid":{"rendered":"https:\/\/cuernavaca.gob.mx\/?p=25376"},"modified":"2025-05-06T12:28:36","modified_gmt":"2025-05-06T18:28:36","slug":"b797-21-02-23-inicia-regidora-lucero-cuenca-noria-campana-de-registros-de-nacimientos-extemporaneos-gratuitos","status":"publish","type":"post","link":"https:\/\/cuernavaca.gob.mx\/?p=25376","title":{"rendered":"B797 21\/02\/23 INICIA REGIDORA LUCERO CUENCA NORIA CAMPA\u00d1A DE REGISTROS DE NACIMIENTOS EXTEMPOR\u00c1NEOS GRATUITOS"},"content":{"rendered":"\n<p><strong>\u2022 A partir de este martes se entregar\u00e1n 25 actas de nacimiento extempor\u00e1neas a personas de escasos recursos que por diversas situaciones no contaban con este documento de identidad para sus hijos<\/strong><\/p>\n\n\n\n<p>Con el objetivo de apoyar a la econom\u00eda de las familias cuernavacenses para que las infancias cuenten con uno de los documentos m\u00e1s importantes, la regidora presidenta de la Comisi\u00f3n de Asuntos Ind\u00edgenas, Colonias y Poblados, Lucero Cuenca Noria ha iniciado la campa\u00f1a de \u201cRegistros Gratuitos\u201d dirigida a personas de escasos recursos y comunidades ind\u00edgenas que por diversas situaciones no contaban con el acta de nacimiento de sus hijas e hijos.<\/p>\n\n\n\n<p>En el acto de entrega que se desarroll\u00f3 en la Oficial\u00eda del Registro Civil 01, la regidora se\u00f1al\u00f3 que esta iniciativa naci\u00f3 a ra\u00edz de que durante varios recorridos y acercamientos con la poblaci\u00f3n se percat\u00f3 que muchas ni\u00f1as y ni\u00f1os no ten\u00edan este documento de identidad pese a ser mayores, tanto por un tema econ\u00f3mico como por otras circunstancias personales, siendo relevante obtenerlo ya que es la puerta de entrada a sus dem\u00e1s derechos.<\/p>\n\n\n\n<p>En total se entregar\u00e1n 25 actas de nacimiento extempor\u00e1neas, entre ellas se encuentra la de los hijos de la se\u00f1ora Elvira L\u00f3pez Mart\u00ednez, originaria del pueblo de San Juan Tlacotenco, quien agradeci\u00f3 el apoyo de la regidora para lograr ponerse al corriente en este tr\u00e1mite que es indispensable para que sus hijos puedan acceder a diferentes servicios de salud, educativos, entre otros, particularmente en este momento que son preinscripciones.<\/p>\n\n\n\n<p>Al sumarse a este agradecimiento, el se\u00f1or Hugo D\u00edaz Tapia de la colonia Lomas de Cortes, expres\u00f3 que la campa\u00f1a fue de gran ayuda en materia econ\u00f3mica para que su beb\u00e9 hoy cuente con una garant\u00eda para conseguir distintos beneficios.<\/p>\n\n\n\n<p>Para poder acceder a la campa\u00f1a de \u201cRegistros Gratuitos\u201d las personas interesadas deben dirigirse directamente a las oficinas de la regidora Lucero Cuenca Noria en la sede Papagayo del Ayuntamiento de Cuernavaca, donde les brindar\u00e1n todas las facilidades para obtener el documento.<\/p>\n\n\n\n<figure class=\"wp-container-2 wp-block-gallery-1 wp-block-gallery has-nested-images columns-default is-cropped\">\n<figure class=\"wp-block-image size-large\"><img loading=\"lazy\" width=\"1024\" height=\"768\" data-id=\"25377\"  src=\"https:\/\/cuernavaca.gob.mx\/wp-content\/uploads\/2023\/02\/actas-de-nacimiento-extemporaneas-1-1024x768.jpeg\" alt=\"\" class=\"wp-image-25377\" srcset=\"https:\/\/cuernavaca.gob.mx\/wp-content\/uploads\/2023\/02\/actas-de-nacimiento-extemporaneas-1-1024x768.jpeg 1024w, https:\/\/cuernavaca.gob.mx\/wp-content\/uploads\/2023\/02\/actas-de-nacimiento-extemporaneas-1-300x225.jpeg 300w, https:\/\/cuernavaca.gob.mx\/wp-content\/uploads\/2023\/02\/actas-de-nacimiento-extemporaneas-1-768x576.jpeg 768w, https:\/\/cuernavaca.gob.mx\/wp-content\/uploads\/2023\/02\/actas-de-nacimiento-extemporaneas-1-600x450.jpeg 600w, https:\/\/cuernavaca.gob.mx\/wp-content\/uploads\/2023\/02\/actas-de-nacimiento-extemporaneas-1-560x420.jpeg 560w, https:\/\/cuernavaca.gob.mx\/wp-content\/uploads\/2023\/02\/actas-de-nacimiento-extemporaneas-1.jpeg 1137w\" sizes=\"(max-width: 1024px) 100vw, 1024px\" \/><\/figure>\n\n\n\n<figure class=\"wp-block-image size-large\"><img loading=\"lazy\" width=\"1024\" height=\"682\" data-id=\"25378\"  src=\"https:\/\/cuernavaca.gob.mx\/wp-content\/uploads\/2023\/02\/actas-de-nacimiento-extemporaneas-2-1024x682.jpeg\" alt=\"\" class=\"wp-image-25378\" srcset=\"https:\/\/cuernavaca.gob.mx\/wp-content\/uploads\/2023\/02\/actas-de-nacimiento-extemporaneas-2-1024x682.jpeg 1024w, https:\/\/cuernavaca.gob.mx\/wp-content\/uploads\/2023\/02\/actas-de-nacimiento-extemporaneas-2-300x200.jpeg 300w, https:\/\/cuernavaca.gob.mx\/wp-content\/uploads\/2023\/02\/actas-de-nacimiento-extemporaneas-2-768x512.jpeg 768w, https:\/\/cuernavaca.gob.mx\/wp-content\/uploads\/2023\/02\/actas-de-nacimiento-extemporaneas-2-600x400.jpeg 600w, https:\/\/cuernavaca.gob.mx\/wp-content\/uploads\/2023\/02\/actas-de-nacimiento-extemporaneas-2-560x373.jpeg 560w, https:\/\/cuernavaca.gob.mx\/wp-content\/uploads\/2023\/02\/actas-de-nacimiento-extemporaneas-2.jpeg 1280w\" sizes=\"(max-width: 1024px) 100vw, 1024px\" \/><\/figure>\n\n\n\n<figure class=\"wp-block-image size-large\"><img loading=\"lazy\" width=\"1024\" height=\"682\" data-id=\"25379\"  src=\"https:\/\/cuernavaca.gob.mx\/wp-content\/uploads\/2023\/02\/actas-de-nacimiento-extemporaneas-3-1024x682.jpeg\" alt=\"\" class=\"wp-image-25379\" srcset=\"https:\/\/cuernavaca.gob.mx\/wp-content\/uploads\/2023\/02\/actas-de-nacimiento-extemporaneas-3-1024x682.jpeg 1024w, https:\/\/cuernavaca.gob.mx\/wp-content\/uploads\/2023\/02\/actas-de-nacimiento-extemporaneas-3-300x200.jpeg 300w, https:\/\/cuernavaca.gob.mx\/wp-content\/uploads\/2023\/02\/actas-de-nacimiento-extemporaneas-3-768x512.jpeg 768w, https:\/\/cuernavaca.gob.mx\/wp-content\/uploads\/2023\/02\/actas-de-nacimiento-extemporaneas-3-600x400.jpeg 600w, https:\/\/cuernavaca.gob.mx\/wp-content\/uploads\/2023\/02\/actas-de-nacimiento-extemporaneas-3-560x373.jpeg 560w, https:\/\/cuernavaca.gob.mx\/wp-content\/uploads\/2023\/02\/actas-de-nacimiento-extemporaneas-3.jpeg 1280w\" sizes=\"(max-width: 1024px) 100vw, 1024px\" \/><\/figure>\n\n\n\n<figure class=\"wp-block-image size-large\"><img loading=\"lazy\" width=\"1024\" height=\"682\" data-id=\"25380\"  src=\"https:\/\/cuernavaca.gob.mx\/wp-content\/uploads\/2023\/02\/actas-de-nacimiento-extemporaneas-4-1024x682.jpeg\" alt=\"\" class=\"wp-image-25380\" srcset=\"https:\/\/cuernavaca.gob.mx\/wp-content\/uploads\/2023\/02\/actas-de-nacimiento-extemporaneas-4-1024x682.jpeg 1024w, https:\/\/cuernavaca.gob.mx\/wp-content\/uploads\/2023\/02\/actas-de-nacimiento-extemporaneas-4-300x200.jpeg 300w, https:\/\/cuernavaca.gob.mx\/wp-content\/uploads\/2023\/02\/actas-de-nacimiento-extemporaneas-4-768x512.jpeg 768w, https:\/\/cuernavaca.gob.mx\/wp-content\/uploads\/2023\/02\/actas-de-nacimiento-extemporaneas-4-600x400.jpeg 600w, https:\/\/cuernavaca.gob.mx\/wp-content\/uploads\/2023\/02\/actas-de-nacimiento-extemporaneas-4-560x373.jpeg 560w, https:\/\/cuernavaca.gob.mx\/wp-content\/uploads\/2023\/02\/actas-de-nacimiento-extemporaneas-4.jpeg 1280w\" sizes=\"(max-width: 1024px) 100vw, 1024px\" \/><\/figure>\n<\/figure>\n","protected":false},"excerpt":{"rendered":"<p>\u2022 A partir de este martes se entregar\u00e1n 25 actas de nacimiento extempor\u00e1neas a personas de escasos recursos que por diversas situaciones no contaban con este documento de identidad para sus hijos Con el objetivo de apoyar a la econom\u00eda de las familias cuernavacenses para que las infancias cuenten con uno de los documentos m\u00e1s [&hellip;]<\/p>\n","protected":false},"author":1,"featured_media":25380,"comment_status":"closed","ping_status":"open","sticky":false,"template":"","format":"standard","meta":[],"categories":[20],"tags":[158,121,120,206],"aioseo_notices":[],"_links":{"self":[{"href":"https:\/\/cuernavaca.gob.mx\/index.php?rest_route=\/wp\/v2\/posts\/25376"}],"collection":[{"href":"https:\/\/cuernavaca.gob.mx\/index.php?rest_route=\/wp\/v2\/posts"}],"about":[{"href":"https:\/\/cuernavaca.gob.mx\/index.php?rest_route=\/wp\/v2\/types\/post"}],"author":[{"embeddable":true,"href":"https:\/\/cuernavaca.gob.mx\/index.php?rest_route=\/wp\/v2\/users\/1"}],"replies":[{"embeddable":true,"href":"https:\/\/cuernavaca.gob.mx\/index.php?rest_route=%2Fwp%2Fv2%2Fcomments&post=25376"}],"version-history":[{"count":1,"href":"https:\/\/cuernavaca.gob.mx\/index.php?rest_route=\/wp\/v2\/posts\/25376\/revisions"}],"predecessor-version":[{"id":25381,"href":"https:\/\/cuernavaca.gob.mx\/index.php?rest_route=\/wp\/v2\/posts\/25376\/revisions\/25381"}],"wp:featuredmedia":[{"embeddable":true,"href":"https:\/\/cuernavaca.gob.mx\/index.php?rest_route=\/wp\/v2\/media\/25380"}],"wp:attachment":[{"href":"https:\/\/cuernavaca.gob.mx\/index.php?rest_route=%2Fwp%2Fv2%2Fmedia&parent=25376"}],"wp:term":[{"taxonomy":"category","embeddable":true,"href":"https:\/\/cuernavaca.gob.mx\/index.php?rest_route=%2Fwp%2Fv2%2Fcategories&post=25376"},{"taxonomy":"post_tag","embeddable":true,"href":"https:\/\/cuernavaca.gob.mx\/index.php?rest_route=%2Fwp%2Fv2%2Ftags&post=25376"}],"curies":[{"name":"wp","href":"https:\/\/api.w.org\/{rel}","templated":true}]}}