{"id":25382,"date":"2023-02-21T15:00:00","date_gmt":"2023-02-21T21:00:00","guid":{"rendered":"https:\/\/cuernavaca.gob.mx\/?p=25382"},"modified":"2025-05-06T12:28:36","modified_gmt":"2025-05-06T18:28:36","slug":"b795-21-02-23-se-suma-instituto-de-la-mujer-de-cuernavaca-a-iniciativa-de-la-onu-para-erradicar-la-violencia-contra-las-mujeres","status":"publish","type":"post","link":"https:\/\/cuernavaca.gob.mx\/?p=25382","title":{"rendered":"B795 21\/02\/23 SE SUMA INSTITUTO DE LA MUJER DE CUERNAVACA A INICIATIVA DE LA ONU PARA ERRADICAR LA VIOLENCIA CONTRA LAS MUJERES"},"content":{"rendered":"\n<p><strong>\u2022 A invitaci\u00f3n de Creativer\u00eda Social, el IMC participar\u00e1 en la territorializaci\u00f3n del proyecto de la Iniciativa Spotlight del Programa de las Naciones Unidas para el Desarrollo (PNUD), bajo el Programa Regional de Am\u00e9rica Latina<\/strong><\/p>\n\n\n\n<p><strong>\u2022 Busca implementar la ruta cr\u00edtica de atenci\u00f3n a las violencias en municipios con Alerta de Violencia de G\u00e9nero<\/strong><\/p>\n\n\n\n<p>Para seguir ofreciendo a las ni\u00f1as, adolescentes y mujeres de Cuernavaca una atenci\u00f3n eficiente e integral que fortalezca las acciones de erradicaci\u00f3n a la violencia de g\u00e9nero, el Instituto de la Mujer de Cuernavaca (IMC) se sum\u00f3 a la territorializaci\u00f3n del proyecto de la Iniciativa Spotlight del Programa de las Naciones Unidas para el Desarrollo (PNUD), bajo el Programa Regional de Am\u00e9rica Latina, a fin de implementar la ruta cr\u00edtica de atenci\u00f3n a las violencias en municipios con Alerta de Violencia de G\u00e9nero.<\/p>\n\n\n\n<p>En la presentaci\u00f3n del proyecto ejecutado por Creativer\u00eda Social, A.C. y articulado por la Comisi\u00f3n Ejecutiva para Prevenir y Erradicar la Violencia contra las Mujeres del Poder Ejecutivo del Estado (COEVIM), la directora general del IMC, Lorena Castillo Castillo, indic\u00f3 que desde el primer a\u00f1o del Gobierno Municipal encabezado por Jos\u00e9 Luis Uri\u00f3stegui Salgado, han hecho sinergias con instituciones gubernamentales, pero sobre todo organizaciones de la sociedad civil para poder cumplir con los dos ejes principales de la dependencia, la atenci\u00f3n integral de las ni\u00f1as, adolescentes y mujeres, as\u00ed como de las medidas emanadas de la Alerta de Violencia de G\u00e9nero a partir de un \u00e1mbito m\u00e1s cercano.<\/p>\n\n\n\n<p>Precis\u00f3 que las acciones de cumplimiento han sido m\u00e1s pr\u00f3ximas a las mismas mujeres debido a que son en el territorio, por lo cual pueden sentirse identificadas, pero principalmente con la confianza para manifestar cu\u00e1les son sus necesidades, identificar situaciones violentas y acercarse para recibir ayuda en caso de requerirlo.<\/p>\n\n\n\n<p>&#8220;Desde el primer d\u00eda que tom\u00f3 protesta el alcalde hemos atendido de manera permanente, integrada, integral y continuada cada una de las acciones con programas que obedecen a las recomendaciones de la Alerta de Violencia de G\u00e9nero y al desarrollo integral de las mujeres para lograr su bienestar&#8221;, reiter\u00f3.<\/p>\n\n\n\n<p>En presencia de titulares de las instancias de la Mujer de los ocho municipios con Alerta de Violencia de G\u00e9nero, el director de Creativer\u00eda Social A.C., Jonathan Villalba Lezama, explic\u00f3 que con este proyecto se crear\u00e1n rutas cr\u00edticas de atenci\u00f3n para las ni\u00f1as, adolescentes y mujeres, fortaleciendo los servicios que se tienen en cada una de las localidades para que cuando lleguen buscando alg\u00fan auxilio o apoyo puedan tener una atenci\u00f3n con calidad y calidez de manera permanente.<\/p>\n\n\n\n<p>Se\u00f1al\u00f3 que se le denomin\u00f3 tambi\u00e9n Redes Naranjas, ya que se pretende que puedan complementar sus servicios, brindando una atenci\u00f3n integral que pueda ser solventada a trav\u00e9s de un trabajo en conjunto entre los ochos municipios con Alerta de Violencia de G\u00e9nero; se impulsa que este proyecto pueda ser turnado a Cabildo para que todo el avance efectivo en materia de atenci\u00f3n a la violencia contra las mujeres permanezca vigente sin importar el cambio de administraci\u00f3n.<\/p>\n\n\n\n<p>Desde hace 10 a\u00f1os Creativer\u00eda Social A.C. ha trabajo en la prevenci\u00f3n y atenci\u00f3n de la violencia de g\u00e9nero; operan un refugio, una casa de transici\u00f3n, un centro de atenci\u00f3n externa y una casa de emergencia para mujeres, ni\u00f1as y adolescentes en situaci\u00f3n de violencia, forman parte de la red nacional de refugios y cuentan con el Modelo de Atenci\u00f3n Integral a trav\u00e9s de los servicios que brindan, los cu\u00e1les son totalmente gratuitos y han coadyuvando con el Instituto de la Mujer de Cuernavaca (IMC).<\/p>\n\n\n\n<p>En el evento se cont\u00f3 con la asistencia de la comisionada Ejecutiva para Prevenir y Erradicar la Violencia contra las Mujeres del Poder Ejecutivo del Estado, Adriana De La Cruz; la encargada de despacho de la coordinaci\u00f3n de Agenda Pol\u00edtica del Gobierno del Estado; Adriana P\u00e9rez Mart\u00ednez y autoridades municipales.<\/p>\n\n\n\n<figure class=\"wp-container-2 wp-block-gallery-1 wp-block-gallery has-nested-images columns-default is-cropped\">\n<figure class=\"wp-block-image size-large\"><img loading=\"lazy\" width=\"1024\" height=\"682\" data-id=\"25386\"  src=\"https:\/\/cuernavaca.gob.mx\/wp-content\/uploads\/2023\/02\/instituto-mujer-cuernavaca-1-1024x682.jpeg\" alt=\"\" class=\"wp-image-25386\" srcset=\"https:\/\/cuernavaca.gob.mx\/wp-content\/uploads\/2023\/02\/instituto-mujer-cuernavaca-1-1024x682.jpeg 1024w, https:\/\/cuernavaca.gob.mx\/wp-content\/uploads\/2023\/02\/instituto-mujer-cuernavaca-1-300x200.jpeg 300w, https:\/\/cuernavaca.gob.mx\/wp-content\/uploads\/2023\/02\/instituto-mujer-cuernavaca-1-768x512.jpeg 768w, https:\/\/cuernavaca.gob.mx\/wp-content\/uploads\/2023\/02\/instituto-mujer-cuernavaca-1-1536x1023.jpeg 1536w, https:\/\/cuernavaca.gob.mx\/wp-content\/uploads\/2023\/02\/instituto-mujer-cuernavaca-1-600x400.jpeg 600w, https:\/\/cuernavaca.gob.mx\/wp-content\/uploads\/2023\/02\/instituto-mujer-cuernavaca-1-560x373.jpeg 560w, https:\/\/cuernavaca.gob.mx\/wp-content\/uploads\/2023\/02\/instituto-mujer-cuernavaca-1.jpeg 1600w\" sizes=\"(max-width: 1024px) 100vw, 1024px\" \/><\/figure>\n\n\n\n<figure class=\"wp-block-image size-large\"><img loading=\"lazy\" width=\"1024\" height=\"682\" data-id=\"25383\"  src=\"https:\/\/cuernavaca.gob.mx\/wp-content\/uploads\/2023\/02\/instituto-mujer-cuernavaca-2-1024x682.jpeg\" alt=\"\" class=\"wp-image-25383\" srcset=\"https:\/\/cuernavaca.gob.mx\/wp-content\/uploads\/2023\/02\/instituto-mujer-cuernavaca-2-1024x682.jpeg 1024w, https:\/\/cuernavaca.gob.mx\/wp-content\/uploads\/2023\/02\/instituto-mujer-cuernavaca-2-300x200.jpeg 300w, https:\/\/cuernavaca.gob.mx\/wp-content\/uploads\/2023\/02\/instituto-mujer-cuernavaca-2-768x512.jpeg 768w, https:\/\/cuernavaca.gob.mx\/wp-content\/uploads\/2023\/02\/instituto-mujer-cuernavaca-2-1536x1023.jpeg 1536w, https:\/\/cuernavaca.gob.mx\/wp-content\/uploads\/2023\/02\/instituto-mujer-cuernavaca-2-600x400.jpeg 600w, https:\/\/cuernavaca.gob.mx\/wp-content\/uploads\/2023\/02\/instituto-mujer-cuernavaca-2-560x373.jpeg 560w, https:\/\/cuernavaca.gob.mx\/wp-content\/uploads\/2023\/02\/instituto-mujer-cuernavaca-2.jpeg 1600w\" sizes=\"(max-width: 1024px) 100vw, 1024px\" \/><\/figure>\n\n\n\n<figure class=\"wp-block-image size-large\"><img loading=\"lazy\" width=\"1024\" height=\"682\" data-id=\"25385\"  src=\"https:\/\/cuernavaca.gob.mx\/wp-content\/uploads\/2023\/02\/instituto-mujer-cuernavaca-3-1024x682.jpeg\" alt=\"\" class=\"wp-image-25385\" srcset=\"https:\/\/cuernavaca.gob.mx\/wp-content\/uploads\/2023\/02\/instituto-mujer-cuernavaca-3-1024x682.jpeg 1024w, https:\/\/cuernavaca.gob.mx\/wp-content\/uploads\/2023\/02\/instituto-mujer-cuernavaca-3-300x200.jpeg 300w, https:\/\/cuernavaca.gob.mx\/wp-content\/uploads\/2023\/02\/instituto-mujer-cuernavaca-3-768x512.jpeg 768w, https:\/\/cuernavaca.gob.mx\/wp-content\/uploads\/2023\/02\/instituto-mujer-cuernavaca-3-1536x1023.jpeg 1536w, https:\/\/cuernavaca.gob.mx\/wp-content\/uploads\/2023\/02\/instituto-mujer-cuernavaca-3-600x400.jpeg 600w, https:\/\/cuernavaca.gob.mx\/wp-content\/uploads\/2023\/02\/instituto-mujer-cuernavaca-3-560x373.jpeg 560w, https:\/\/cuernavaca.gob.mx\/wp-content\/uploads\/2023\/02\/instituto-mujer-cuernavaca-3.jpeg 1600w\" sizes=\"(max-width: 1024px) 100vw, 1024px\" \/><\/figure>\n\n\n\n<figure class=\"wp-block-image size-large\"><img loading=\"lazy\" width=\"1024\" height=\"682\" data-id=\"25387\"  src=\"https:\/\/cuernavaca.gob.mx\/wp-content\/uploads\/2023\/02\/instituto-mujer-cuernavaca-4-1024x682.jpeg\" alt=\"\" class=\"wp-image-25387\" srcset=\"https:\/\/cuernavaca.gob.mx\/wp-content\/uploads\/2023\/02\/instituto-mujer-cuernavaca-4-1024x682.jpeg 1024w, https:\/\/cuernavaca.gob.mx\/wp-content\/uploads\/2023\/02\/instituto-mujer-cuernavaca-4-300x200.jpeg 300w, https:\/\/cuernavaca.gob.mx\/wp-content\/uploads\/2023\/02\/instituto-mujer-cuernavaca-4-768x512.jpeg 768w, https:\/\/cuernavaca.gob.mx\/wp-content\/uploads\/2023\/02\/instituto-mujer-cuernavaca-4-1536x1023.jpeg 1536w, https:\/\/cuernavaca.gob.mx\/wp-content\/uploads\/2023\/02\/instituto-mujer-cuernavaca-4-600x400.jpeg 600w, https:\/\/cuernavaca.gob.mx\/wp-content\/uploads\/2023\/02\/instituto-mujer-cuernavaca-4-560x373.jpeg 560w, https:\/\/cuernavaca.gob.mx\/wp-content\/uploads\/2023\/02\/instituto-mujer-cuernavaca-4.jpeg 1600w\" sizes=\"(max-width: 1024px) 100vw, 1024px\" \/><\/figure>\n\n\n\n<figure class=\"wp-block-image size-large\"><img loading=\"lazy\" width=\"1024\" height=\"682\" data-id=\"25388\"  src=\"https:\/\/cuernavaca.gob.mx\/wp-content\/uploads\/2023\/02\/instituto-mujer-cuernavaca-5-1024x682.jpeg\" alt=\"\" class=\"wp-image-25388\" srcset=\"https:\/\/cuernavaca.gob.mx\/wp-content\/uploads\/2023\/02\/instituto-mujer-cuernavaca-5-1024x682.jpeg 1024w, https:\/\/cuernavaca.gob.mx\/wp-content\/uploads\/2023\/02\/instituto-mujer-cuernavaca-5-300x200.jpeg 300w, https:\/\/cuernavaca.gob.mx\/wp-content\/uploads\/2023\/02\/instituto-mujer-cuernavaca-5-768x512.jpeg 768w, https:\/\/cuernavaca.gob.mx\/wp-content\/uploads\/2023\/02\/instituto-mujer-cuernavaca-5-1536x1023.jpeg 1536w, https:\/\/cuernavaca.gob.mx\/wp-content\/uploads\/2023\/02\/instituto-mujer-cuernavaca-5-600x400.jpeg 600w, https:\/\/cuernavaca.gob.mx\/wp-content\/uploads\/2023\/02\/instituto-mujer-cuernavaca-5-560x373.jpeg 560w, https:\/\/cuernavaca.gob.mx\/wp-content\/uploads\/2023\/02\/instituto-mujer-cuernavaca-5.jpeg 1600w\" sizes=\"(max-width: 1024px) 100vw, 1024px\" \/><\/figure>\n\n\n\n<figure class=\"wp-block-image size-large\"><img loading=\"lazy\" width=\"1024\" height=\"682\" data-id=\"25384\"  src=\"https:\/\/cuernavaca.gob.mx\/wp-content\/uploads\/2023\/02\/instituto-mujer-cuernavaca-6-1024x682.jpeg\" alt=\"\" class=\"wp-image-25384\" srcset=\"https:\/\/cuernavaca.gob.mx\/wp-content\/uploads\/2023\/02\/instituto-mujer-cuernavaca-6-1024x682.jpeg 1024w, https:\/\/cuernavaca.gob.mx\/wp-content\/uploads\/2023\/02\/instituto-mujer-cuernavaca-6-300x200.jpeg 300w, https:\/\/cuernavaca.gob.mx\/wp-content\/uploads\/2023\/02\/instituto-mujer-cuernavaca-6-768x512.jpeg 768w, https:\/\/cuernavaca.gob.mx\/wp-content\/uploads\/2023\/02\/instituto-mujer-cuernavaca-6-1536x1023.jpeg 1536w, https:\/\/cuernavaca.gob.mx\/wp-content\/uploads\/2023\/02\/instituto-mujer-cuernavaca-6-600x400.jpeg 600w, https:\/\/cuernavaca.gob.mx\/wp-content\/uploads\/2023\/02\/instituto-mujer-cuernavaca-6-560x373.jpeg 560w, https:\/\/cuernavaca.gob.mx\/wp-content\/uploads\/2023\/02\/instituto-mujer-cuernavaca-6.jpeg 1600w\" sizes=\"(max-width: 1024px) 100vw, 1024px\" \/><\/figure>\n\n\n\n<figure class=\"wp-block-image size-large\"><img loading=\"lazy\" width=\"1024\" height=\"682\" data-id=\"25389\"  src=\"https:\/\/cuernavaca.gob.mx\/wp-content\/uploads\/2023\/02\/instituto-mujer-cuernavaca-7-1024x682.jpeg\" alt=\"\" class=\"wp-image-25389\" srcset=\"https:\/\/cuernavaca.gob.mx\/wp-content\/uploads\/2023\/02\/instituto-mujer-cuernavaca-7-1024x682.jpeg 1024w, https:\/\/cuernavaca.gob.mx\/wp-content\/uploads\/2023\/02\/instituto-mujer-cuernavaca-7-300x200.jpeg 300w, https:\/\/cuernavaca.gob.mx\/wp-content\/uploads\/2023\/02\/instituto-mujer-cuernavaca-7-768x512.jpeg 768w, https:\/\/cuernavaca.gob.mx\/wp-content\/uploads\/2023\/02\/instituto-mujer-cuernavaca-7-1536x1023.jpeg 1536w, https:\/\/cuernavaca.gob.mx\/wp-content\/uploads\/2023\/02\/instituto-mujer-cuernavaca-7-600x400.jpeg 600w, https:\/\/cuernavaca.gob.mx\/wp-content\/uploads\/2023\/02\/instituto-mujer-cuernavaca-7-560x373.jpeg 560w, https:\/\/cuernavaca.gob.mx\/wp-content\/uploads\/2023\/02\/instituto-mujer-cuernavaca-7.jpeg 1600w\" sizes=\"(max-width: 1024px) 100vw, 1024px\" \/><\/figure>\n<\/figure>\n","protected":false},"excerpt":{"rendered":"<p>\u2022 A invitaci\u00f3n de Creativer\u00eda Social, el IMC participar\u00e1 en la territorializaci\u00f3n del proyecto de la Iniciativa Spotlight del Programa de las Naciones Unidas para el Desarrollo (PNUD), bajo el Programa Regional de Am\u00e9rica Latina \u2022 Busca implementar la ruta cr\u00edtica de atenci\u00f3n a las violencias en municipios con Alerta de Violencia de G\u00e9nero Para [&hellip;]<\/p>\n","protected":false},"author":1,"featured_media":25389,"comment_status":"closed","ping_status":"open","sticky":false,"template":"","format":"standard","meta":[],"categories":[280],"tags":[121,120,206,388,125],"aioseo_notices":[],"_links":{"self":[{"href":"https:\/\/cuernavaca.gob.mx\/index.php?rest_route=\/wp\/v2\/posts\/25382"}],"collection":[{"href":"https:\/\/cuernavaca.gob.mx\/index.php?rest_route=\/wp\/v2\/posts"}],"about":[{"href":"https:\/\/cuernavaca.gob.mx\/index.php?rest_route=\/wp\/v2\/types\/post"}],"author":[{"embeddable":true,"href":"https:\/\/cuernavaca.gob.mx\/index.php?rest_route=\/wp\/v2\/users\/1"}],"replies":[{"embeddable":true,"href":"https:\/\/cuernavaca.gob.mx\/index.php?rest_route=%2Fwp%2Fv2%2Fcomments&post=25382"}],"version-history":[{"count":1,"href":"https:\/\/cuernavaca.gob.mx\/index.php?rest_route=\/wp\/v2\/posts\/25382\/revisions"}],"predecessor-version":[{"id":25390,"href":"https:\/\/cuernavaca.gob.mx\/index.php?rest_route=\/wp\/v2\/posts\/25382\/revisions\/25390"}],"wp:featuredmedia":[{"embeddable":true,"href":"https:\/\/cuernavaca.gob.mx\/index.php?rest_route=\/wp\/v2\/media\/25389"}],"wp:attachment":[{"href":"https:\/\/cuernavaca.gob.mx\/index.php?rest_route=%2Fwp%2Fv2%2Fmedia&parent=25382"}],"wp:term":[{"taxonomy":"category","embeddable":true,"href":"https:\/\/cuernavaca.gob.mx\/index.php?rest_route=%2Fwp%2Fv2%2Fcategories&post=25382"},{"taxonomy":"post_tag","embeddable":true,"href":"https:\/\/cuernavaca.gob.mx\/index.php?rest_route=%2Fwp%2Fv2%2Ftags&post=25382"}],"curies":[{"name":"wp","href":"https:\/\/api.w.org\/{rel}","templated":true}]}}