{"id":25391,"date":"2023-02-22T17:27:43","date_gmt":"2023-02-22T23:27:43","guid":{"rendered":"https:\/\/cuernavaca.gob.mx\/?p=25391"},"modified":"2025-05-06T12:33:59","modified_gmt":"2025-05-06T18:33:59","slug":"b798-22-02-23-ayuntamiento-de-cuernavaca-sapac-y-cfe-llegan-a-soluciones-de-fondo-para-solventar-para-garantizar-el-agua-potable-a-la-poblacion","status":"publish","type":"post","link":"https:\/\/cuernavaca.gob.mx\/?p=25391","title":{"rendered":"B798 22\/02\/23 AYUNTAMIENTO DE CUERNAVACA, SAPAC Y CFE LLEGAN A SOLUCIONES DE FONDO PARA SOLVENTAR PARA GARANTIZAR EL AGUA POTABLE A LA POBLACI\u00d3N"},"content":{"rendered":"\n<p><strong>\u2022 Tras sostener una reuni\u00f3n con autoridades de CFE, el presidente municipal, Jos\u00e9 Luis Uri\u00f3stegui; la directora general de SAPAC, e integrantes del Cabildo, lograron acordar la reactivaci\u00f3n de energ\u00eda en los pozos<\/strong><\/p>\n\n\n\n<p><strong>\u2022 Se estableci\u00f3 pagar y poner al d\u00eda a SAPAC, contar con el apoyo t\u00e9cnico de CFE para una mejor eficiencia en el uso de luz y trabajar en la disminuci\u00f3n en el consumo mensual<\/strong><\/p>\n\n\n\n<p>Como un reconocimiento a la disposici\u00f3n mostrada por el Sistema de Agua Potable y Alcantarillado de Cuernavaca (SAPAC) para cumplir con los adeudos que les fueron heredados y el pago mensual por el servicio de energ\u00eda el\u00e9ctrica en el a\u00f1o 2022, el presidente municipal, Jos\u00e9 Luis Uri\u00f3stegui Salgado e integrantes del Cabildo, lograron este mi\u00e9rcoles consolidar una soluci\u00f3n de fondo con la Comisi\u00f3n Federal de Electricidad (CFE) que permitir\u00e1 regularizar los pagos por tarifas mensuales, pero sobre todo garantizar el suministro de agua potable a los ciudadanos.<\/p>\n\n\n\n<p>Tras sostener una reuni\u00f3n con el responsable del Departamento de Asuntos Jur\u00eddicos de la Divisi\u00f3n Centro- Sur, Miguel Dom\u00ednguez G\u00f3mez; el jefe del Departamento de Procesos Comerciales de la Divisi\u00f3n Centro- Sur, Esteban Garc\u00eda Guzm\u00e1n y la responsable de Zona Comercial Cuernavaca de CFE, Graciela Ram\u00edrez Popoca; el alcalde capitalino confirm\u00f3 que a partir de este d\u00eda la energ\u00eda el\u00e9ctrica ser\u00eda reactivada en los cinco pozos donde la empresa paraestatal suspendi\u00f3 el servicio.<\/p>\n\n\n\n<p>Acompa\u00f1ado de la s\u00edndica municipal, Ver\u00f3nica Atenco P\u00e9rez; los regidores Paz Hern\u00e1ndez Pardo, Wendi Salinas Ruiz, Mirna Delgado Romero, Patricia Torres Rosales, Jes\u00fas Rosales Puebla, V\u00edctor Manzo God\u00ednez, Debendrenath Salazar Solorio, Adri\u00e1n Mart\u00ednez Terrazas y Fernando Carrillo Alvarado; as\u00ed como la directora general de SAPAC, Evelia Flores Hern\u00e1ndez y Alfredo Silva Valdez, Director de Administraci\u00f3n y Finanzas de SAPAC, Jos\u00e9 Luis Uri\u00f3stegui puntualiz\u00f3 que entre los compromisos adquiridos se estableci\u00f3 pagar y poner al d\u00eda a SAPAC para que sus finanzas sean saneadas y contar con el apoyo t\u00e9cnico de CFE, a fin de lograr una mejor eficiencia en el uso de la energ\u00eda el\u00e9ctrica y con ello una disminuci\u00f3n en el consumo para que los pagos mensuales no sean tan elevados.<\/p>\n\n\n\n<p>Indic\u00f3 que la tarde de este mismo mi\u00e9rcoles SAPAC abon\u00f3 tres millones y medio de pesos del adeudo por 16.2 millones de pesos correspondiente a las facturaciones de los meses de diciembre de 2022 y enero de 2023, liquidando el restante a m\u00e1s tardar el d\u00eda de ma\u00f1ana con la transferencia que fue avalada el d\u00eda de hoy por mayor\u00eda en Cabildo para otorgarle al organismo descentralizado un apoyo por hasta 15 millones de pesos para cumplir con esta obligaci\u00f3n.<\/p>\n\n\n\n<p>Uri\u00f3stegui Salgado subray\u00f3 que, en este acuerdo aprobado por el cuerpo edilicio, se dispuso tambi\u00e9n la necesidad de que SAPAC tome las medidas pertinentes para obtener de su propio presupuesto los recursos necesarios para hacer frente al pago por la energ\u00eda el\u00e9ctrica y por los salarios de los trabajadores, a lo cual har\u00e1n una revisi\u00f3n de la n\u00f3mina y del tabulador salarial para evitar que se reciban salarios distintos a la administraci\u00f3n central y que exista la presencia de personas que cobren sin trabajar.<\/p>\n\n\n\n<p>Sin embargo, resalt\u00f3 que es fundamental trabajar en la recuperaci\u00f3n del caudal de los pozos, la limpieza de los tubos, la sustituci\u00f3n de algunas bombas y tuber\u00edas de distribuci\u00f3n de agua potable; adem\u00e1s de la revisi\u00f3n a las tarifas contratadas por SAPAC con el objetivo de reducir el consumo de energ\u00eda con tarifas m\u00e1s econ\u00f3micas, trabajo que se llevar\u00e1 a cabo de manera coordinada y permanente con CFE, manteniendo el di\u00e1logo y la cordialidad para no afectar m\u00e1s a la poblaci\u00f3n.<\/p>\n\n\n\n<p>Finalmente, el presidente municipal y el Cabildo, solicitaron a la ciudadan\u00eda liberar las vialidades que fueron bloqueadas hoy para no afectar el tr\u00e1nsito de terceros, con el compromiso de la CFE de que los pozos en los que se cort\u00f3 la energ\u00eda el\u00e9ctrica, en el transcurso de este mi\u00e9rcoles ser\u00e1n reactivados y el agua comience a suministrarse de manera gradual a sus hogares.<\/p>\n\n\n\n<figure class=\"wp-container-2 wp-block-gallery-1 wp-block-gallery has-nested-images columns-default is-cropped\">\n<figure class=\"wp-block-image size-large\"><img loading=\"lazy\" width=\"1024\" height=\"683\" data-id=\"25394\"  src=\"https:\/\/cuernavaca.gob.mx\/wp-content\/uploads\/2023\/02\/resolucion-conflicto-sapac-cfe-cuernavaca-1-1024x683.jpg\" alt=\"\" class=\"wp-image-25394\" srcset=\"https:\/\/cuernavaca.gob.mx\/wp-content\/uploads\/2023\/02\/resolucion-conflicto-sapac-cfe-cuernavaca-1-1024x683.jpg 1024w, https:\/\/cuernavaca.gob.mx\/wp-content\/uploads\/2023\/02\/resolucion-conflicto-sapac-cfe-cuernavaca-1-300x200.jpg 300w, https:\/\/cuernavaca.gob.mx\/wp-content\/uploads\/2023\/02\/resolucion-conflicto-sapac-cfe-cuernavaca-1-768x512.jpg 768w, https:\/\/cuernavaca.gob.mx\/wp-content\/uploads\/2023\/02\/resolucion-conflicto-sapac-cfe-cuernavaca-1-1536x1024.jpg 1536w, https:\/\/cuernavaca.gob.mx\/wp-content\/uploads\/2023\/02\/resolucion-conflicto-sapac-cfe-cuernavaca-1-600x400.jpg 600w, https:\/\/cuernavaca.gob.mx\/wp-content\/uploads\/2023\/02\/resolucion-conflicto-sapac-cfe-cuernavaca-1-560x373.jpg 560w, https:\/\/cuernavaca.gob.mx\/wp-content\/uploads\/2023\/02\/resolucion-conflicto-sapac-cfe-cuernavaca-1.jpg 1599w\" sizes=\"(max-width: 1024px) 100vw, 1024px\" \/><\/figure>\n\n\n\n<figure class=\"wp-block-image size-large\"><img loading=\"lazy\" width=\"1024\" height=\"683\" data-id=\"25393\"  src=\"https:\/\/cuernavaca.gob.mx\/wp-content\/uploads\/2023\/02\/resolucion-conflicto-sapac-cfe-cuernavaca-2-1024x683.jpg\" alt=\"\" class=\"wp-image-25393\" srcset=\"https:\/\/cuernavaca.gob.mx\/wp-content\/uploads\/2023\/02\/resolucion-conflicto-sapac-cfe-cuernavaca-2-1024x683.jpg 1024w, https:\/\/cuernavaca.gob.mx\/wp-content\/uploads\/2023\/02\/resolucion-conflicto-sapac-cfe-cuernavaca-2-300x200.jpg 300w, https:\/\/cuernavaca.gob.mx\/wp-content\/uploads\/2023\/02\/resolucion-conflicto-sapac-cfe-cuernavaca-2-768x512.jpg 768w, https:\/\/cuernavaca.gob.mx\/wp-content\/uploads\/2023\/02\/resolucion-conflicto-sapac-cfe-cuernavaca-2-1536x1024.jpg 1536w, https:\/\/cuernavaca.gob.mx\/wp-content\/uploads\/2023\/02\/resolucion-conflicto-sapac-cfe-cuernavaca-2-600x400.jpg 600w, https:\/\/cuernavaca.gob.mx\/wp-content\/uploads\/2023\/02\/resolucion-conflicto-sapac-cfe-cuernavaca-2-560x373.jpg 560w, https:\/\/cuernavaca.gob.mx\/wp-content\/uploads\/2023\/02\/resolucion-conflicto-sapac-cfe-cuernavaca-2.jpg 1599w\" sizes=\"(max-width: 1024px) 100vw, 1024px\" \/><\/figure>\n\n\n\n<figure class=\"wp-block-image size-large\"><img loading=\"lazy\" width=\"1024\" height=\"683\" data-id=\"25396\"  src=\"https:\/\/cuernavaca.gob.mx\/wp-content\/uploads\/2023\/02\/resolucion-conflicto-sapac-cfe-cuernavaca-3-1024x683.jpg\" alt=\"\" class=\"wp-image-25396\" srcset=\"https:\/\/cuernavaca.gob.mx\/wp-content\/uploads\/2023\/02\/resolucion-conflicto-sapac-cfe-cuernavaca-3-1024x683.jpg 1024w, https:\/\/cuernavaca.gob.mx\/wp-content\/uploads\/2023\/02\/resolucion-conflicto-sapac-cfe-cuernavaca-3-300x200.jpg 300w, https:\/\/cuernavaca.gob.mx\/wp-content\/uploads\/2023\/02\/resolucion-conflicto-sapac-cfe-cuernavaca-3-768x512.jpg 768w, https:\/\/cuernavaca.gob.mx\/wp-content\/uploads\/2023\/02\/resolucion-conflicto-sapac-cfe-cuernavaca-3-1536x1024.jpg 1536w, https:\/\/cuernavaca.gob.mx\/wp-content\/uploads\/2023\/02\/resolucion-conflicto-sapac-cfe-cuernavaca-3-600x400.jpg 600w, https:\/\/cuernavaca.gob.mx\/wp-content\/uploads\/2023\/02\/resolucion-conflicto-sapac-cfe-cuernavaca-3-560x373.jpg 560w, https:\/\/cuernavaca.gob.mx\/wp-content\/uploads\/2023\/02\/resolucion-conflicto-sapac-cfe-cuernavaca-3.jpg 1599w\" sizes=\"(max-width: 1024px) 100vw, 1024px\" \/><\/figure>\n\n\n\n<figure class=\"wp-block-image size-large\"><img loading=\"lazy\" width=\"1024\" height=\"683\" data-id=\"25392\"  src=\"https:\/\/cuernavaca.gob.mx\/wp-content\/uploads\/2023\/02\/resolucion-conflicto-sapac-cfe-cuernavaca-4-1024x683.jpg\" alt=\"\" class=\"wp-image-25392\" srcset=\"https:\/\/cuernavaca.gob.mx\/wp-content\/uploads\/2023\/02\/resolucion-conflicto-sapac-cfe-cuernavaca-4-1024x683.jpg 1024w, https:\/\/cuernavaca.gob.mx\/wp-content\/uploads\/2023\/02\/resolucion-conflicto-sapac-cfe-cuernavaca-4-300x200.jpg 300w, https:\/\/cuernavaca.gob.mx\/wp-content\/uploads\/2023\/02\/resolucion-conflicto-sapac-cfe-cuernavaca-4-768x512.jpg 768w, https:\/\/cuernavaca.gob.mx\/wp-content\/uploads\/2023\/02\/resolucion-conflicto-sapac-cfe-cuernavaca-4-1536x1024.jpg 1536w, https:\/\/cuernavaca.gob.mx\/wp-content\/uploads\/2023\/02\/resolucion-conflicto-sapac-cfe-cuernavaca-4-600x400.jpg 600w, https:\/\/cuernavaca.gob.mx\/wp-content\/uploads\/2023\/02\/resolucion-conflicto-sapac-cfe-cuernavaca-4-560x373.jpg 560w, https:\/\/cuernavaca.gob.mx\/wp-content\/uploads\/2023\/02\/resolucion-conflicto-sapac-cfe-cuernavaca-4.jpg 1599w\" sizes=\"(max-width: 1024px) 100vw, 1024px\" \/><\/figure>\n\n\n\n<figure class=\"wp-block-image size-large\"><img loading=\"lazy\" width=\"1024\" height=\"683\" data-id=\"25395\"  src=\"https:\/\/cuernavaca.gob.mx\/wp-content\/uploads\/2023\/02\/resolucion-conflicto-sapac-cfe-cuernavaca-5-1024x683.jpg\" alt=\"\" class=\"wp-image-25395\" srcset=\"https:\/\/cuernavaca.gob.mx\/wp-content\/uploads\/2023\/02\/resolucion-conflicto-sapac-cfe-cuernavaca-5-1024x683.jpg 1024w, https:\/\/cuernavaca.gob.mx\/wp-content\/uploads\/2023\/02\/resolucion-conflicto-sapac-cfe-cuernavaca-5-300x200.jpg 300w, https:\/\/cuernavaca.gob.mx\/wp-content\/uploads\/2023\/02\/resolucion-conflicto-sapac-cfe-cuernavaca-5-768x512.jpg 768w, https:\/\/cuernavaca.gob.mx\/wp-content\/uploads\/2023\/02\/resolucion-conflicto-sapac-cfe-cuernavaca-5-1536x1024.jpg 1536w, https:\/\/cuernavaca.gob.mx\/wp-content\/uploads\/2023\/02\/resolucion-conflicto-sapac-cfe-cuernavaca-5-600x400.jpg 600w, https:\/\/cuernavaca.gob.mx\/wp-content\/uploads\/2023\/02\/resolucion-conflicto-sapac-cfe-cuernavaca-5-560x373.jpg 560w, https:\/\/cuernavaca.gob.mx\/wp-content\/uploads\/2023\/02\/resolucion-conflicto-sapac-cfe-cuernavaca-5.jpg 1599w\" sizes=\"(max-width: 1024px) 100vw, 1024px\" \/><\/figure>\n\n\n\n<figure class=\"wp-block-image size-large\"><img loading=\"lazy\" width=\"1024\" height=\"683\" data-id=\"25397\"  src=\"https:\/\/cuernavaca.gob.mx\/wp-content\/uploads\/2023\/02\/resolucion-conflicto-sapac-cfe-cuernavaca-6-1024x683.jpg\" alt=\"\" class=\"wp-image-25397\" srcset=\"https:\/\/cuernavaca.gob.mx\/wp-content\/uploads\/2023\/02\/resolucion-conflicto-sapac-cfe-cuernavaca-6-1024x683.jpg 1024w, https:\/\/cuernavaca.gob.mx\/wp-content\/uploads\/2023\/02\/resolucion-conflicto-sapac-cfe-cuernavaca-6-300x200.jpg 300w, https:\/\/cuernavaca.gob.mx\/wp-content\/uploads\/2023\/02\/resolucion-conflicto-sapac-cfe-cuernavaca-6-768x512.jpg 768w, https:\/\/cuernavaca.gob.mx\/wp-content\/uploads\/2023\/02\/resolucion-conflicto-sapac-cfe-cuernavaca-6-1536x1024.jpg 1536w, https:\/\/cuernavaca.gob.mx\/wp-content\/uploads\/2023\/02\/resolucion-conflicto-sapac-cfe-cuernavaca-6-600x400.jpg 600w, https:\/\/cuernavaca.gob.mx\/wp-content\/uploads\/2023\/02\/resolucion-conflicto-sapac-cfe-cuernavaca-6-560x373.jpg 560w, https:\/\/cuernavaca.gob.mx\/wp-content\/uploads\/2023\/02\/resolucion-conflicto-sapac-cfe-cuernavaca-6.jpg 1599w\" sizes=\"(max-width: 1024px) 100vw, 1024px\" \/><\/figure>\n<\/figure>\n","protected":false},"excerpt":{"rendered":"<p>\u2022 Tras sostener una reuni\u00f3n con autoridades de CFE, el presidente municipal, Jos\u00e9 Luis Uri\u00f3stegui; la directora general de SAPAC, e integrantes del Cabildo, lograron acordar la reactivaci\u00f3n de energ\u00eda en los pozos \u2022 Se estableci\u00f3 pagar y poner al d\u00eda a SAPAC, contar con el apoyo t\u00e9cnico de CFE para una mejor eficiencia en [&hellip;]<\/p>\n","protected":false},"author":1,"featured_media":25396,"comment_status":"closed","ping_status":"open","sticky":false,"template":"","format":"standard","meta":[],"categories":[145],"tags":[395,158,121,120,206,124],"aioseo_notices":[],"_links":{"self":[{"href":"https:\/\/cuernavaca.gob.mx\/index.php?rest_route=\/wp\/v2\/posts\/25391"}],"collection":[{"href":"https:\/\/cuernavaca.gob.mx\/index.php?rest_route=\/wp\/v2\/posts"}],"about":[{"href":"https:\/\/cuernavaca.gob.mx\/index.php?rest_route=\/wp\/v2\/types\/post"}],"author":[{"embeddable":true,"href":"https:\/\/cuernavaca.gob.mx\/index.php?rest_route=\/wp\/v2\/users\/1"}],"replies":[{"embeddable":true,"href":"https:\/\/cuernavaca.gob.mx\/index.php?rest_route=%2Fwp%2Fv2%2Fcomments&post=25391"}],"version-history":[{"count":1,"href":"https:\/\/cuernavaca.gob.mx\/index.php?rest_route=\/wp\/v2\/posts\/25391\/revisions"}],"predecessor-version":[{"id":25398,"href":"https:\/\/cuernavaca.gob.mx\/index.php?rest_route=\/wp\/v2\/posts\/25391\/revisions\/25398"}],"wp:featuredmedia":[{"embeddable":true,"href":"https:\/\/cuernavaca.gob.mx\/index.php?rest_route=\/wp\/v2\/media\/25396"}],"wp:attachment":[{"href":"https:\/\/cuernavaca.gob.mx\/index.php?rest_route=%2Fwp%2Fv2%2Fmedia&parent=25391"}],"wp:term":[{"taxonomy":"category","embeddable":true,"href":"https:\/\/cuernavaca.gob.mx\/index.php?rest_route=%2Fwp%2Fv2%2Fcategories&post=25391"},{"taxonomy":"post_tag","embeddable":true,"href":"https:\/\/cuernavaca.gob.mx\/index.php?rest_route=%2Fwp%2Fv2%2Ftags&post=25391"}],"curies":[{"name":"wp","href":"https:\/\/api.w.org\/{rel}","templated":true}]}}