{"id":25400,"date":"2023-02-22T20:17:02","date_gmt":"2023-02-23T02:17:02","guid":{"rendered":"https:\/\/cuernavaca.gob.mx\/?p=25400"},"modified":"2025-05-06T12:33:59","modified_gmt":"2025-05-06T18:33:59","slug":"b799-22-02-23-ayuntamiento-de-cuernavaca-otorga-recursos-a-sapac-para-saldar-adeudo-con-cfe","status":"publish","type":"post","link":"https:\/\/cuernavaca.gob.mx\/?p=25400","title":{"rendered":"B799 22\/02\/23 AYUNTAMIENTO DE CUERNAVACA OTORGA RECURSOS A SAPAC PARA SALDAR ADEUDO CON CFE"},"content":{"rendered":"\n<p>\u2022 Con ocho votos a favor y tres en contra, integrantes del Cabildo aprobaron por mayor\u00eda otorgarle una aportaci\u00f3n econ\u00f3mica a SAPAC de hasta 15 mdp que logr\u00f3 que CFE restableciera el servicio en cinco pozos<\/p>\n\n\n\n<p>\u2022 SAPAC paga en promedio de 12 mdp mensualmente a CFE, 13 mdp a la base trabajadora y de confianza y 2 mdp se utilizan para pagos diversos de operaci\u00f3n<\/p>\n\n\n\n<p>Con el prop\u00f3sito de seguir privilegiando el bien com\u00fan de la poblaci\u00f3n cuernavacense, integrantes del Cabildo aprobaron este mi\u00e9rcoles por mayor\u00eda entregar una aportaci\u00f3n econ\u00f3mica al Sistema de Agua Potable y Alcantarillado de Cuernavaca (SAPAC) de hasta 15 millones de pesos (mdp) exclusivamente para cumplir con el pago pendiente por el servicio de energ\u00eda el\u00e9ctrica a la Comisi\u00f3n Federal de Electricidad (CFE) por \u00fanica ocasi\u00f3n de aqu\u00ed en adelante.<\/p>\n\n\n\n<p>En sesi\u00f3n ordinaria, el presidente municipal, Jos\u00e9 Luis Uri\u00f3stegui Salgado, resalt\u00f3 la necesidad de votar este punto de acuerdo para evitar generar mayores afectaciones a la ciudadan\u00eda, en especial cuando se ha se\u00f1alado que el organismo descentralizado no pudo hacer frente al pago por el servicio correspondiente a los meses de diciembre de 2022 y enero de 2023 que asciende a 16.2 mdp, toda vez que en el mes de diciembre tuvo que pagar tres meses m\u00e1s de salario a la base trabajadora que le desfas\u00f3 completamente del cumplimiento de sus obligaciones.<\/p>\n\n\n\n<p>Explic\u00f3 que si bien los ingresos mensuales de SAPAC desde el a\u00f1o pasado oscilan entre los 27 y 29 mdp como consecuencia del pago por recibos de agua a la poblaci\u00f3n que cuenta con tomas, de estos recursos un promedio de 12 mdp se paga mensualmente a CFE, 13 mdp a la base trabajadora y de confianza y 2 mdp se utilizan para pagos diversos a proveedores, impuestos, cuotas de seguridad social, reparaci\u00f3n de tuber\u00edas, entre otros rubros operativos, de tal manera que resulta insuficiente.<\/p>\n\n\n\n<p>\u201cSAPAC es parte del Ayuntamiento de Cuernavaca y es el brazo que dota de agua potable a la poblaci\u00f3n y no podemos dejarle a un lado. S\u00e9 que este voto responsable va a servir no solo para evitar los bloqueos que eso ser\u00eda lo de menos, lo m\u00e1s relevante es que la gente tenga agua en sus domicilios en cantidades suficientes para el uso cotidiano\u201d, acot\u00f3 el alcalde.<\/p>\n\n\n\n<p>Al contar SAPAC con 3.5 mdp para abonar al adeudo que se manten\u00eda con CFE, con ocho votos a favor por parte del mandatario local, la s\u00edndica municipal, Ver\u00f3nica Atenco P\u00e9rez y los regidores Paz Hern\u00e1ndez Pardo, Wendi Salinas Ruiz, Lucero Cuenca Noria, Mirna Delgado Romero, Adri\u00e1n Mart\u00ednez Terrazas, Fernando Carrillo Alvarado y V\u00edctor Manzo God\u00ednez, as\u00ed como tres en contra de los regidores Patricia Torres Rosales, Jes\u00fas Rosales Puebla y Debendrenath Salazar Solorio, se autoriz\u00f3 este apoyo que logr\u00f3 que CFE restableciera este mismo d\u00eda el suministro de energ\u00eda en los cinco pozos de abastecimiento que hab\u00edan sido afectados por la suspensi\u00f3n del servicio.<\/p>\n\n\n\n<p>Los recursos provienen del pago anticipado del impuesto predial 2023, espec\u00edficamente de lo recaudado por concepto de agua potable y drenaje que los mismos contribuyentes consideraron como prioridad para ser atendido este a\u00f1o en la encuesta de salida que realiz\u00f3 el municipio en colaboraci\u00f3n con el Centro de Investigaci\u00f3n \u201cMorelos Rinde Cuentas\u201d para regresar el 40 por ciento de los recursos recaudados a las obras o servicios p\u00fablicos que los mismos habitantes determinaron mayoritariamente.<\/p>\n\n\n\n<figure class=\"wp-container-2 wp-block-gallery-1 wp-block-gallery has-nested-images columns-default is-cropped\">\n<figure class=\"wp-block-image size-large\"><img loading=\"lazy\" width=\"1024\" height=\"683\" data-id=\"25401\"  src=\"https:\/\/cuernavaca.gob.mx\/wp-content\/uploads\/2023\/02\/WhatsApp-Image-2023-02-22-at-8.04.08-PM-3-1024x683.jpeg\" alt=\"\" class=\"wp-image-25401\" srcset=\"https:\/\/cuernavaca.gob.mx\/wp-content\/uploads\/2023\/02\/WhatsApp-Image-2023-02-22-at-8.04.08-PM-3-1024x683.jpeg 1024w, https:\/\/cuernavaca.gob.mx\/wp-content\/uploads\/2023\/02\/WhatsApp-Image-2023-02-22-at-8.04.08-PM-3-300x200.jpeg 300w, https:\/\/cuernavaca.gob.mx\/wp-content\/uploads\/2023\/02\/WhatsApp-Image-2023-02-22-at-8.04.08-PM-3-768x512.jpeg 768w, https:\/\/cuernavaca.gob.mx\/wp-content\/uploads\/2023\/02\/WhatsApp-Image-2023-02-22-at-8.04.08-PM-3-1536x1024.jpeg 1536w, https:\/\/cuernavaca.gob.mx\/wp-content\/uploads\/2023\/02\/WhatsApp-Image-2023-02-22-at-8.04.08-PM-3-600x400.jpeg 600w, https:\/\/cuernavaca.gob.mx\/wp-content\/uploads\/2023\/02\/WhatsApp-Image-2023-02-22-at-8.04.08-PM-3-560x373.jpeg 560w, https:\/\/cuernavaca.gob.mx\/wp-content\/uploads\/2023\/02\/WhatsApp-Image-2023-02-22-at-8.04.08-PM-3.jpeg 1599w\" sizes=\"(max-width: 1024px) 100vw, 1024px\" \/><\/figure>\n\n\n\n<figure class=\"wp-block-image size-large\"><img loading=\"lazy\" width=\"1024\" height=\"682\" data-id=\"25407\"  src=\"https:\/\/cuernavaca.gob.mx\/wp-content\/uploads\/2023\/02\/WhatsApp-Image-2023-02-22-at-8.04.08-PM-2-1024x682.jpeg\" alt=\"\" class=\"wp-image-25407\" srcset=\"https:\/\/cuernavaca.gob.mx\/wp-content\/uploads\/2023\/02\/WhatsApp-Image-2023-02-22-at-8.04.08-PM-2-1024x682.jpeg 1024w, https:\/\/cuernavaca.gob.mx\/wp-content\/uploads\/2023\/02\/WhatsApp-Image-2023-02-22-at-8.04.08-PM-2-300x200.jpeg 300w, https:\/\/cuernavaca.gob.mx\/wp-content\/uploads\/2023\/02\/WhatsApp-Image-2023-02-22-at-8.04.08-PM-2-768x512.jpeg 768w, https:\/\/cuernavaca.gob.mx\/wp-content\/uploads\/2023\/02\/WhatsApp-Image-2023-02-22-at-8.04.08-PM-2-1536x1023.jpeg 1536w, https:\/\/cuernavaca.gob.mx\/wp-content\/uploads\/2023\/02\/WhatsApp-Image-2023-02-22-at-8.04.08-PM-2-600x400.jpeg 600w, https:\/\/cuernavaca.gob.mx\/wp-content\/uploads\/2023\/02\/WhatsApp-Image-2023-02-22-at-8.04.08-PM-2-560x373.jpeg 560w, https:\/\/cuernavaca.gob.mx\/wp-content\/uploads\/2023\/02\/WhatsApp-Image-2023-02-22-at-8.04.08-PM-2.jpeg 1600w\" sizes=\"(max-width: 1024px) 100vw, 1024px\" \/><\/figure>\n\n\n\n<figure class=\"wp-block-image size-large\"><img loading=\"lazy\" width=\"1024\" height=\"682\" data-id=\"25408\"  src=\"https:\/\/cuernavaca.gob.mx\/wp-content\/uploads\/2023\/02\/WhatsApp-Image-2023-02-22-at-8.04.08-PM-1-1024x682.jpeg\" alt=\"\" class=\"wp-image-25408\" srcset=\"https:\/\/cuernavaca.gob.mx\/wp-content\/uploads\/2023\/02\/WhatsApp-Image-2023-02-22-at-8.04.08-PM-1-1024x682.jpeg 1024w, https:\/\/cuernavaca.gob.mx\/wp-content\/uploads\/2023\/02\/WhatsApp-Image-2023-02-22-at-8.04.08-PM-1-300x200.jpeg 300w, https:\/\/cuernavaca.gob.mx\/wp-content\/uploads\/2023\/02\/WhatsApp-Image-2023-02-22-at-8.04.08-PM-1-768x512.jpeg 768w, https:\/\/cuernavaca.gob.mx\/wp-content\/uploads\/2023\/02\/WhatsApp-Image-2023-02-22-at-8.04.08-PM-1-1536x1023.jpeg 1536w, https:\/\/cuernavaca.gob.mx\/wp-content\/uploads\/2023\/02\/WhatsApp-Image-2023-02-22-at-8.04.08-PM-1-600x400.jpeg 600w, https:\/\/cuernavaca.gob.mx\/wp-content\/uploads\/2023\/02\/WhatsApp-Image-2023-02-22-at-8.04.08-PM-1-560x373.jpeg 560w, https:\/\/cuernavaca.gob.mx\/wp-content\/uploads\/2023\/02\/WhatsApp-Image-2023-02-22-at-8.04.08-PM-1.jpeg 1600w\" sizes=\"(max-width: 1024px) 100vw, 1024px\" \/><\/figure>\n\n\n\n<figure class=\"wp-block-image size-large\"><img loading=\"lazy\" width=\"1024\" height=\"682\" data-id=\"25403\"  src=\"https:\/\/cuernavaca.gob.mx\/wp-content\/uploads\/2023\/02\/WhatsApp-Image-2023-02-22-at-8.04.08-PM-1024x682.jpeg\" alt=\"\" class=\"wp-image-25403\" srcset=\"https:\/\/cuernavaca.gob.mx\/wp-content\/uploads\/2023\/02\/WhatsApp-Image-2023-02-22-at-8.04.08-PM-1024x682.jpeg 1024w, https:\/\/cuernavaca.gob.mx\/wp-content\/uploads\/2023\/02\/WhatsApp-Image-2023-02-22-at-8.04.08-PM-300x200.jpeg 300w, https:\/\/cuernavaca.gob.mx\/wp-content\/uploads\/2023\/02\/WhatsApp-Image-2023-02-22-at-8.04.08-PM-768x512.jpeg 768w, https:\/\/cuernavaca.gob.mx\/wp-content\/uploads\/2023\/02\/WhatsApp-Image-2023-02-22-at-8.04.08-PM-1536x1023.jpeg 1536w, https:\/\/cuernavaca.gob.mx\/wp-content\/uploads\/2023\/02\/WhatsApp-Image-2023-02-22-at-8.04.08-PM-600x400.jpeg 600w, https:\/\/cuernavaca.gob.mx\/wp-content\/uploads\/2023\/02\/WhatsApp-Image-2023-02-22-at-8.04.08-PM-560x373.jpeg 560w, https:\/\/cuernavaca.gob.mx\/wp-content\/uploads\/2023\/02\/WhatsApp-Image-2023-02-22-at-8.04.08-PM.jpeg 1600w\" sizes=\"(max-width: 1024px) 100vw, 1024px\" \/><\/figure>\n\n\n\n<figure class=\"wp-block-image size-large\"><img loading=\"lazy\" width=\"1024\" height=\"682\" data-id=\"25409\"  src=\"https:\/\/cuernavaca.gob.mx\/wp-content\/uploads\/2023\/02\/WhatsApp-Image-2023-02-22-at-8.04.07-PM-5-1024x682.jpeg\" alt=\"\" class=\"wp-image-25409\" srcset=\"https:\/\/cuernavaca.gob.mx\/wp-content\/uploads\/2023\/02\/WhatsApp-Image-2023-02-22-at-8.04.07-PM-5-1024x682.jpeg 1024w, https:\/\/cuernavaca.gob.mx\/wp-content\/uploads\/2023\/02\/WhatsApp-Image-2023-02-22-at-8.04.07-PM-5-300x200.jpeg 300w, https:\/\/cuernavaca.gob.mx\/wp-content\/uploads\/2023\/02\/WhatsApp-Image-2023-02-22-at-8.04.07-PM-5-768x512.jpeg 768w, https:\/\/cuernavaca.gob.mx\/wp-content\/uploads\/2023\/02\/WhatsApp-Image-2023-02-22-at-8.04.07-PM-5-1536x1023.jpeg 1536w, https:\/\/cuernavaca.gob.mx\/wp-content\/uploads\/2023\/02\/WhatsApp-Image-2023-02-22-at-8.04.07-PM-5-600x400.jpeg 600w, https:\/\/cuernavaca.gob.mx\/wp-content\/uploads\/2023\/02\/WhatsApp-Image-2023-02-22-at-8.04.07-PM-5-560x373.jpeg 560w, https:\/\/cuernavaca.gob.mx\/wp-content\/uploads\/2023\/02\/WhatsApp-Image-2023-02-22-at-8.04.07-PM-5.jpeg 1600w\" sizes=\"(max-width: 1024px) 100vw, 1024px\" \/><\/figure>\n\n\n\n<figure class=\"wp-block-image size-large\"><img loading=\"lazy\" width=\"1024\" height=\"682\" data-id=\"25405\"  src=\"https:\/\/cuernavaca.gob.mx\/wp-content\/uploads\/2023\/02\/WhatsApp-Image-2023-02-22-at-8.04.07-PM-4-1024x682.jpeg\" alt=\"\" class=\"wp-image-25405\" srcset=\"https:\/\/cuernavaca.gob.mx\/wp-content\/uploads\/2023\/02\/WhatsApp-Image-2023-02-22-at-8.04.07-PM-4-1024x682.jpeg 1024w, https:\/\/cuernavaca.gob.mx\/wp-content\/uploads\/2023\/02\/WhatsApp-Image-2023-02-22-at-8.04.07-PM-4-300x200.jpeg 300w, https:\/\/cuernavaca.gob.mx\/wp-content\/uploads\/2023\/02\/WhatsApp-Image-2023-02-22-at-8.04.07-PM-4-768x512.jpeg 768w, https:\/\/cuernavaca.gob.mx\/wp-content\/uploads\/2023\/02\/WhatsApp-Image-2023-02-22-at-8.04.07-PM-4-1536x1023.jpeg 1536w, https:\/\/cuernavaca.gob.mx\/wp-content\/uploads\/2023\/02\/WhatsApp-Image-2023-02-22-at-8.04.07-PM-4-600x400.jpeg 600w, https:\/\/cuernavaca.gob.mx\/wp-content\/uploads\/2023\/02\/WhatsApp-Image-2023-02-22-at-8.04.07-PM-4-560x373.jpeg 560w, https:\/\/cuernavaca.gob.mx\/wp-content\/uploads\/2023\/02\/WhatsApp-Image-2023-02-22-at-8.04.07-PM-4.jpeg 1600w\" sizes=\"(max-width: 1024px) 100vw, 1024px\" \/><\/figure>\n\n\n\n<figure class=\"wp-block-image size-large\"><img loading=\"lazy\" width=\"1024\" height=\"682\" data-id=\"25402\"  src=\"https:\/\/cuernavaca.gob.mx\/wp-content\/uploads\/2023\/02\/WhatsApp-Image-2023-02-22-at-8.04.07-PM-3-1024x682.jpeg\" alt=\"\" class=\"wp-image-25402\" srcset=\"https:\/\/cuernavaca.gob.mx\/wp-content\/uploads\/2023\/02\/WhatsApp-Image-2023-02-22-at-8.04.07-PM-3-1024x682.jpeg 1024w, https:\/\/cuernavaca.gob.mx\/wp-content\/uploads\/2023\/02\/WhatsApp-Image-2023-02-22-at-8.04.07-PM-3-300x200.jpeg 300w, https:\/\/cuernavaca.gob.mx\/wp-content\/uploads\/2023\/02\/WhatsApp-Image-2023-02-22-at-8.04.07-PM-3-768x512.jpeg 768w, https:\/\/cuernavaca.gob.mx\/wp-content\/uploads\/2023\/02\/WhatsApp-Image-2023-02-22-at-8.04.07-PM-3-1536x1023.jpeg 1536w, https:\/\/cuernavaca.gob.mx\/wp-content\/uploads\/2023\/02\/WhatsApp-Image-2023-02-22-at-8.04.07-PM-3-600x400.jpeg 600w, https:\/\/cuernavaca.gob.mx\/wp-content\/uploads\/2023\/02\/WhatsApp-Image-2023-02-22-at-8.04.07-PM-3-560x373.jpeg 560w, https:\/\/cuernavaca.gob.mx\/wp-content\/uploads\/2023\/02\/WhatsApp-Image-2023-02-22-at-8.04.07-PM-3.jpeg 1600w\" sizes=\"(max-width: 1024px) 100vw, 1024px\" \/><\/figure>\n\n\n\n<figure class=\"wp-block-image size-large\"><img loading=\"lazy\" width=\"1024\" height=\"682\" data-id=\"25406\"  src=\"https:\/\/cuernavaca.gob.mx\/wp-content\/uploads\/2023\/02\/WhatsApp-Image-2023-02-22-at-8.04.07-PM-2-1024x682.jpeg\" alt=\"\" class=\"wp-image-25406\" srcset=\"https:\/\/cuernavaca.gob.mx\/wp-content\/uploads\/2023\/02\/WhatsApp-Image-2023-02-22-at-8.04.07-PM-2-1024x682.jpeg 1024w, https:\/\/cuernavaca.gob.mx\/wp-content\/uploads\/2023\/02\/WhatsApp-Image-2023-02-22-at-8.04.07-PM-2-300x200.jpeg 300w, https:\/\/cuernavaca.gob.mx\/wp-content\/uploads\/2023\/02\/WhatsApp-Image-2023-02-22-at-8.04.07-PM-2-768x512.jpeg 768w, https:\/\/cuernavaca.gob.mx\/wp-content\/uploads\/2023\/02\/WhatsApp-Image-2023-02-22-at-8.04.07-PM-2-1536x1023.jpeg 1536w, https:\/\/cuernavaca.gob.mx\/wp-content\/uploads\/2023\/02\/WhatsApp-Image-2023-02-22-at-8.04.07-PM-2-600x400.jpeg 600w, https:\/\/cuernavaca.gob.mx\/wp-content\/uploads\/2023\/02\/WhatsApp-Image-2023-02-22-at-8.04.07-PM-2-560x373.jpeg 560w, https:\/\/cuernavaca.gob.mx\/wp-content\/uploads\/2023\/02\/WhatsApp-Image-2023-02-22-at-8.04.07-PM-2.jpeg 1600w\" sizes=\"(max-width: 1024px) 100vw, 1024px\" \/><\/figure>\n\n\n\n<figure class=\"wp-block-image size-large\"><img loading=\"lazy\" width=\"1024\" height=\"682\" data-id=\"25404\"  src=\"https:\/\/cuernavaca.gob.mx\/wp-content\/uploads\/2023\/02\/WhatsApp-Image-2023-02-22-at-8.04.07-PM-1-1024x682.jpeg\" alt=\"\" class=\"wp-image-25404\" srcset=\"https:\/\/cuernavaca.gob.mx\/wp-content\/uploads\/2023\/02\/WhatsApp-Image-2023-02-22-at-8.04.07-PM-1-1024x682.jpeg 1024w, https:\/\/cuernavaca.gob.mx\/wp-content\/uploads\/2023\/02\/WhatsApp-Image-2023-02-22-at-8.04.07-PM-1-300x200.jpeg 300w, https:\/\/cuernavaca.gob.mx\/wp-content\/uploads\/2023\/02\/WhatsApp-Image-2023-02-22-at-8.04.07-PM-1-768x512.jpeg 768w, https:\/\/cuernavaca.gob.mx\/wp-content\/uploads\/2023\/02\/WhatsApp-Image-2023-02-22-at-8.04.07-PM-1-1536x1023.jpeg 1536w, https:\/\/cuernavaca.gob.mx\/wp-content\/uploads\/2023\/02\/WhatsApp-Image-2023-02-22-at-8.04.07-PM-1-600x400.jpeg 600w, https:\/\/cuernavaca.gob.mx\/wp-content\/uploads\/2023\/02\/WhatsApp-Image-2023-02-22-at-8.04.07-PM-1-560x373.jpeg 560w, https:\/\/cuernavaca.gob.mx\/wp-content\/uploads\/2023\/02\/WhatsApp-Image-2023-02-22-at-8.04.07-PM-1.jpeg 1600w\" sizes=\"(max-width: 1024px) 100vw, 1024px\" \/><\/figure>\n\n\n\n<figure class=\"wp-block-image size-large\"><img loading=\"lazy\" width=\"1024\" height=\"682\" data-id=\"25410\"  src=\"https:\/\/cuernavaca.gob.mx\/wp-content\/uploads\/2023\/02\/WhatsApp-Image-2023-02-22-at-8.04.07-PM-1024x682.jpeg\" alt=\"\" class=\"wp-image-25410\" srcset=\"https:\/\/cuernavaca.gob.mx\/wp-content\/uploads\/2023\/02\/WhatsApp-Image-2023-02-22-at-8.04.07-PM-1024x682.jpeg 1024w, https:\/\/cuernavaca.gob.mx\/wp-content\/uploads\/2023\/02\/WhatsApp-Image-2023-02-22-at-8.04.07-PM-300x200.jpeg 300w, https:\/\/cuernavaca.gob.mx\/wp-content\/uploads\/2023\/02\/WhatsApp-Image-2023-02-22-at-8.04.07-PM-768x512.jpeg 768w, https:\/\/cuernavaca.gob.mx\/wp-content\/uploads\/2023\/02\/WhatsApp-Image-2023-02-22-at-8.04.07-PM-1536x1023.jpeg 1536w, https:\/\/cuernavaca.gob.mx\/wp-content\/uploads\/2023\/02\/WhatsApp-Image-2023-02-22-at-8.04.07-PM-600x400.jpeg 600w, https:\/\/cuernavaca.gob.mx\/wp-content\/uploads\/2023\/02\/WhatsApp-Image-2023-02-22-at-8.04.07-PM-560x373.jpeg 560w, https:\/\/cuernavaca.gob.mx\/wp-content\/uploads\/2023\/02\/WhatsApp-Image-2023-02-22-at-8.04.07-PM.jpeg 1600w\" sizes=\"(max-width: 1024px) 100vw, 1024px\" \/><\/figure>\n\n\n\n<figure class=\"wp-block-image size-large\"><img loading=\"lazy\" width=\"1024\" height=\"682\" data-id=\"25411\"  src=\"https:\/\/cuernavaca.gob.mx\/wp-content\/uploads\/2023\/02\/WhatsApp-Image-2023-02-22-at-8.04.06-PM-1024x682.jpeg\" alt=\"\" class=\"wp-image-25411\" srcset=\"https:\/\/cuernavaca.gob.mx\/wp-content\/uploads\/2023\/02\/WhatsApp-Image-2023-02-22-at-8.04.06-PM-1024x682.jpeg 1024w, https:\/\/cuernavaca.gob.mx\/wp-content\/uploads\/2023\/02\/WhatsApp-Image-2023-02-22-at-8.04.06-PM-300x200.jpeg 300w, https:\/\/cuernavaca.gob.mx\/wp-content\/uploads\/2023\/02\/WhatsApp-Image-2023-02-22-at-8.04.06-PM-768x512.jpeg 768w, https:\/\/cuernavaca.gob.mx\/wp-content\/uploads\/2023\/02\/WhatsApp-Image-2023-02-22-at-8.04.06-PM-1536x1023.jpeg 1536w, https:\/\/cuernavaca.gob.mx\/wp-content\/uploads\/2023\/02\/WhatsApp-Image-2023-02-22-at-8.04.06-PM-600x400.jpeg 600w, https:\/\/cuernavaca.gob.mx\/wp-content\/uploads\/2023\/02\/WhatsApp-Image-2023-02-22-at-8.04.06-PM-560x373.jpeg 560w, https:\/\/cuernavaca.gob.mx\/wp-content\/uploads\/2023\/02\/WhatsApp-Image-2023-02-22-at-8.04.06-PM.jpeg 1600w\" sizes=\"(max-width: 1024px) 100vw, 1024px\" \/><\/figure>\n<\/figure>\n","protected":false},"excerpt":{"rendered":"<p>\u2022 Con ocho votos a favor y tres en contra, integrantes del Cabildo aprobaron por mayor\u00eda otorgarle una aportaci\u00f3n econ\u00f3mica a SAPAC de hasta 15 mdp que logr\u00f3 que CFE restableciera el servicio en cinco pozos \u2022 SAPAC paga en promedio de 12 mdp mensualmente a CFE, 13 mdp a la base trabajadora y de [&hellip;]<\/p>\n","protected":false},"author":1,"featured_media":25406,"comment_status":"closed","ping_status":"open","sticky":false,"template":"","format":"standard","meta":[],"categories":[2294,20,145],"tags":[],"aioseo_notices":[],"_links":{"self":[{"href":"https:\/\/cuernavaca.gob.mx\/index.php?rest_route=\/wp\/v2\/posts\/25400"}],"collection":[{"href":"https:\/\/cuernavaca.gob.mx\/index.php?rest_route=\/wp\/v2\/posts"}],"about":[{"href":"https:\/\/cuernavaca.gob.mx\/index.php?rest_route=\/wp\/v2\/types\/post"}],"author":[{"embeddable":true,"href":"https:\/\/cuernavaca.gob.mx\/index.php?rest_route=\/wp\/v2\/users\/1"}],"replies":[{"embeddable":true,"href":"https:\/\/cuernavaca.gob.mx\/index.php?rest_route=%2Fwp%2Fv2%2Fcomments&post=25400"}],"version-history":[{"count":1,"href":"https:\/\/cuernavaca.gob.mx\/index.php?rest_route=\/wp\/v2\/posts\/25400\/revisions"}],"predecessor-version":[{"id":25412,"href":"https:\/\/cuernavaca.gob.mx\/index.php?rest_route=\/wp\/v2\/posts\/25400\/revisions\/25412"}],"wp:featuredmedia":[{"embeddable":true,"href":"https:\/\/cuernavaca.gob.mx\/index.php?rest_route=\/wp\/v2\/media\/25406"}],"wp:attachment":[{"href":"https:\/\/cuernavaca.gob.mx\/index.php?rest_route=%2Fwp%2Fv2%2Fmedia&parent=25400"}],"wp:term":[{"taxonomy":"category","embeddable":true,"href":"https:\/\/cuernavaca.gob.mx\/index.php?rest_route=%2Fwp%2Fv2%2Fcategories&post=25400"},{"taxonomy":"post_tag","embeddable":true,"href":"https:\/\/cuernavaca.gob.mx\/index.php?rest_route=%2Fwp%2Fv2%2Ftags&post=25400"}],"curies":[{"name":"wp","href":"https:\/\/api.w.org\/{rel}","templated":true}]}}