{"id":25414,"date":"2023-02-23T15:30:00","date_gmt":"2023-02-23T21:30:00","guid":{"rendered":"https:\/\/cuernavaca.gob.mx\/?p=25414"},"modified":"2025-05-06T12:33:59","modified_gmt":"2025-05-06T18:33:59","slug":"b800-23-02-23-refrenda-jose-luis-uriostegui-apoyo-y-acompanamiento-con-el-poblado-de-chamilpa-para-resolver-el-abasto-de-agua-potable","status":"publish","type":"post","link":"https:\/\/cuernavaca.gob.mx\/?p=25414","title":{"rendered":"B800 23\/02\/23 REFRENDA JOS\u00c9 LUIS URI\u00d3STEGUI APOYO Y ACOMPA\u00d1AMIENTO CON EL POBLADO DE CHAMILPA PARA RESOLVER EL ABASTO DE AGUA POTABLE"},"content":{"rendered":"\n<p><strong>\u2022 El presidente municipal de Cuernavaca sostuvo este jueves una reuni\u00f3n con autoridades de la comunidad, donde se inform\u00f3 de las condiciones de los pozos de agua y soluci\u00f3n a sus demandas<\/strong><\/p>\n\n\n\n<p><strong>\u2022 Acordaron mantener una comunicaci\u00f3n permanente y directa sin intermediarios para atender cualquier problema que se registre en el poblado<\/strong><\/p>\n\n\n\n<p>El presidente municipal de Cuernavaca, Jos\u00e9 Luis Uri\u00f3stegui Salgado, sostuvo este jueves una reuni\u00f3n con autoridades del poblado de Chamilpa, a fin de explicarles los trabajos que se est\u00e1n realizando en el pozo Chamilpa 1 para dar paso en el transcurso de la tarde a la reactivaci\u00f3n del servicio de agua potable en la zona norte y evitar mayores bloqueos que afectan la movilidad de la ciudad.<\/p>\n\n\n\n<p>Acompa\u00f1ado de la directora general del Sistema de Agua Potable y Alcantarillado de Cuernavaca (SAPAC), Evelia Flores Hern\u00e1ndez y el secretario del Ayuntamiento, Carlos de la Rosa Segura, el alcalde recibi\u00f3 al ayudante municipal, Miguel David Hern\u00e1ndez Albarr\u00e1n; al presidente del Comisariado de Bienes Comunales, Obdulio Navarro Barrios; y al fiscal de la iglesia de San Lorenzo Chamilpa, Ignacio Navarro Barrios, e integrantes de Consejo de Participaci\u00f3n Ciudadana a quienes les manifest\u00f3 su disposici\u00f3n por atender de manera personal cada uno de los temas que involucren a su comunidad, manteniendo en adelante una comunicaci\u00f3n permanente, directa y de respeto.<\/p>\n\n\n\n<p>El presidente del Comisariado de Bienes Comunales, Obdulio Navarro Barrios, expres\u00f3 su confianza en el cumplimiento de los acuerdos, obteniendo la garant\u00eda de que en el transcurso de la tarde de este jueves podr\u00e1n contar con el vital l\u00edquido en sus hogares, ya que desde temprano personal del SAPAC trabaja en la instalaci\u00f3n del equipo de bombeo en el pozo Chamilpa 1, para una vez que concluyan las maniobras hacer un recorrido en el pozo para verificar que todo est\u00e1 en orden.<\/p>\n\n\n\n<p>\u201cTenemos confianza en la palabra del alcalde que se comprometi\u00f3 mucho en darle soluci\u00f3n al problema de Chamilpa y en presencia de la maestra pidi\u00f3 dar todas las facilidades para resolver esta situaci\u00f3n\u201d, afirm\u00f3.<\/p>\n\n\n\n<p>A su vez, el ayudante municipal, Miguel David Hern\u00e1ndez Albarr\u00e1n, resalt\u00f3 que se llevan una buena impresi\u00f3n con la respuesta obtenida por parte de las autoridades municipales.<\/p>\n\n\n\n<p>En la reuni\u00f3n la directora general de SAPAC, Evelia Flores Hern\u00e1ndez y el director Operativo de Agua Potable, Dante Figueroa Castelar, les mostraron la red de distribuci\u00f3n de los cuatro pozos, la extensi\u00f3n de los ramales que cubren la parte norte de la capital morelense, as\u00ed como informarles las causas de la suspensi\u00f3n del servicio y algunas de las problem\u00e1ticas que han enfrentado por la antig\u00fcedad de tuber\u00edas y en los equipos, factores que deben tomarse en cuenta; resaltaron que existe el prop\u00f3sito de continuar su mantenimiento conforme a la suficiencia econ\u00f3mica, priorizando en todo momento el bienestar de la comunidad.<\/p>\n\n\n\n<figure class=\"wp-container-2 wp-block-gallery-1 wp-block-gallery has-nested-images columns-default is-cropped\">\n<figure class=\"wp-block-image size-large\"><img loading=\"lazy\" width=\"1024\" height=\"682\" data-id=\"25419\"  src=\"https:\/\/cuernavaca.gob.mx\/wp-content\/uploads\/2023\/02\/dialogo-habitantes-ocotepec-cuernavaca-1-1024x682.jpg\" alt=\"\" class=\"wp-image-25419\" srcset=\"https:\/\/cuernavaca.gob.mx\/wp-content\/uploads\/2023\/02\/dialogo-habitantes-ocotepec-cuernavaca-1-1024x682.jpg 1024w, https:\/\/cuernavaca.gob.mx\/wp-content\/uploads\/2023\/02\/dialogo-habitantes-ocotepec-cuernavaca-1-300x200.jpg 300w, https:\/\/cuernavaca.gob.mx\/wp-content\/uploads\/2023\/02\/dialogo-habitantes-ocotepec-cuernavaca-1-768x512.jpg 768w, https:\/\/cuernavaca.gob.mx\/wp-content\/uploads\/2023\/02\/dialogo-habitantes-ocotepec-cuernavaca-1-1536x1023.jpg 1536w, https:\/\/cuernavaca.gob.mx\/wp-content\/uploads\/2023\/02\/dialogo-habitantes-ocotepec-cuernavaca-1-600x400.jpg 600w, https:\/\/cuernavaca.gob.mx\/wp-content\/uploads\/2023\/02\/dialogo-habitantes-ocotepec-cuernavaca-1-560x373.jpg 560w, https:\/\/cuernavaca.gob.mx\/wp-content\/uploads\/2023\/02\/dialogo-habitantes-ocotepec-cuernavaca-1.jpg 1600w\" sizes=\"(max-width: 1024px) 100vw, 1024px\" \/><\/figure>\n\n\n\n<figure class=\"wp-block-image size-large\"><img loading=\"lazy\" width=\"1024\" height=\"682\" data-id=\"25415\"  src=\"https:\/\/cuernavaca.gob.mx\/wp-content\/uploads\/2023\/02\/dialogo-habitantes-ocotepec-cuernavaca-2-1024x682.jpg\" alt=\"\" class=\"wp-image-25415\" srcset=\"https:\/\/cuernavaca.gob.mx\/wp-content\/uploads\/2023\/02\/dialogo-habitantes-ocotepec-cuernavaca-2-1024x682.jpg 1024w, https:\/\/cuernavaca.gob.mx\/wp-content\/uploads\/2023\/02\/dialogo-habitantes-ocotepec-cuernavaca-2-300x200.jpg 300w, https:\/\/cuernavaca.gob.mx\/wp-content\/uploads\/2023\/02\/dialogo-habitantes-ocotepec-cuernavaca-2-768x512.jpg 768w, https:\/\/cuernavaca.gob.mx\/wp-content\/uploads\/2023\/02\/dialogo-habitantes-ocotepec-cuernavaca-2-1536x1023.jpg 1536w, https:\/\/cuernavaca.gob.mx\/wp-content\/uploads\/2023\/02\/dialogo-habitantes-ocotepec-cuernavaca-2-600x400.jpg 600w, https:\/\/cuernavaca.gob.mx\/wp-content\/uploads\/2023\/02\/dialogo-habitantes-ocotepec-cuernavaca-2-560x373.jpg 560w, https:\/\/cuernavaca.gob.mx\/wp-content\/uploads\/2023\/02\/dialogo-habitantes-ocotepec-cuernavaca-2.jpg 1600w\" sizes=\"(max-width: 1024px) 100vw, 1024px\" \/><\/figure>\n\n\n\n<figure class=\"wp-block-image size-large\"><img loading=\"lazy\" width=\"1024\" height=\"682\" data-id=\"25417\"  src=\"https:\/\/cuernavaca.gob.mx\/wp-content\/uploads\/2023\/02\/dialogo-habitantes-ocotepec-cuernavaca-3-1024x682.jpg\" alt=\"\" class=\"wp-image-25417\" srcset=\"https:\/\/cuernavaca.gob.mx\/wp-content\/uploads\/2023\/02\/dialogo-habitantes-ocotepec-cuernavaca-3-1024x682.jpg 1024w, https:\/\/cuernavaca.gob.mx\/wp-content\/uploads\/2023\/02\/dialogo-habitantes-ocotepec-cuernavaca-3-300x200.jpg 300w, https:\/\/cuernavaca.gob.mx\/wp-content\/uploads\/2023\/02\/dialogo-habitantes-ocotepec-cuernavaca-3-768x512.jpg 768w, https:\/\/cuernavaca.gob.mx\/wp-content\/uploads\/2023\/02\/dialogo-habitantes-ocotepec-cuernavaca-3-1536x1023.jpg 1536w, https:\/\/cuernavaca.gob.mx\/wp-content\/uploads\/2023\/02\/dialogo-habitantes-ocotepec-cuernavaca-3-600x400.jpg 600w, https:\/\/cuernavaca.gob.mx\/wp-content\/uploads\/2023\/02\/dialogo-habitantes-ocotepec-cuernavaca-3-560x373.jpg 560w, https:\/\/cuernavaca.gob.mx\/wp-content\/uploads\/2023\/02\/dialogo-habitantes-ocotepec-cuernavaca-3.jpg 1600w\" sizes=\"(max-width: 1024px) 100vw, 1024px\" \/><\/figure>\n\n\n\n<figure class=\"wp-block-image size-large\"><img loading=\"lazy\" width=\"1024\" height=\"682\" data-id=\"25418\"  src=\"https:\/\/cuernavaca.gob.mx\/wp-content\/uploads\/2023\/02\/dialogo-habitantes-ocotepec-cuernavaca-4-1024x682.jpg\" alt=\"\" class=\"wp-image-25418\" srcset=\"https:\/\/cuernavaca.gob.mx\/wp-content\/uploads\/2023\/02\/dialogo-habitantes-ocotepec-cuernavaca-4-1024x682.jpg 1024w, https:\/\/cuernavaca.gob.mx\/wp-content\/uploads\/2023\/02\/dialogo-habitantes-ocotepec-cuernavaca-4-300x200.jpg 300w, https:\/\/cuernavaca.gob.mx\/wp-content\/uploads\/2023\/02\/dialogo-habitantes-ocotepec-cuernavaca-4-768x512.jpg 768w, https:\/\/cuernavaca.gob.mx\/wp-content\/uploads\/2023\/02\/dialogo-habitantes-ocotepec-cuernavaca-4-1536x1023.jpg 1536w, https:\/\/cuernavaca.gob.mx\/wp-content\/uploads\/2023\/02\/dialogo-habitantes-ocotepec-cuernavaca-4-600x400.jpg 600w, https:\/\/cuernavaca.gob.mx\/wp-content\/uploads\/2023\/02\/dialogo-habitantes-ocotepec-cuernavaca-4-560x373.jpg 560w, https:\/\/cuernavaca.gob.mx\/wp-content\/uploads\/2023\/02\/dialogo-habitantes-ocotepec-cuernavaca-4.jpg 1600w\" sizes=\"(max-width: 1024px) 100vw, 1024px\" \/><\/figure>\n\n\n\n<figure class=\"wp-block-image size-large\"><img loading=\"lazy\" width=\"1024\" height=\"682\" data-id=\"25416\"  src=\"https:\/\/cuernavaca.gob.mx\/wp-content\/uploads\/2023\/02\/dialogo-habitantes-ocotepec-cuernavaca-5-1024x682.jpg\" alt=\"\" class=\"wp-image-25416\" srcset=\"https:\/\/cuernavaca.gob.mx\/wp-content\/uploads\/2023\/02\/dialogo-habitantes-ocotepec-cuernavaca-5-1024x682.jpg 1024w, https:\/\/cuernavaca.gob.mx\/wp-content\/uploads\/2023\/02\/dialogo-habitantes-ocotepec-cuernavaca-5-300x200.jpg 300w, https:\/\/cuernavaca.gob.mx\/wp-content\/uploads\/2023\/02\/dialogo-habitantes-ocotepec-cuernavaca-5-768x512.jpg 768w, https:\/\/cuernavaca.gob.mx\/wp-content\/uploads\/2023\/02\/dialogo-habitantes-ocotepec-cuernavaca-5-1536x1023.jpg 1536w, https:\/\/cuernavaca.gob.mx\/wp-content\/uploads\/2023\/02\/dialogo-habitantes-ocotepec-cuernavaca-5-600x400.jpg 600w, https:\/\/cuernavaca.gob.mx\/wp-content\/uploads\/2023\/02\/dialogo-habitantes-ocotepec-cuernavaca-5-560x373.jpg 560w, https:\/\/cuernavaca.gob.mx\/wp-content\/uploads\/2023\/02\/dialogo-habitantes-ocotepec-cuernavaca-5.jpg 1600w\" sizes=\"(max-width: 1024px) 100vw, 1024px\" \/><\/figure>\n<\/figure>\n","protected":false},"excerpt":{"rendered":"<p>\u2022 El presidente municipal de Cuernavaca sostuvo este jueves una reuni\u00f3n con autoridades de la comunidad, donde se inform\u00f3 de las condiciones de los pozos de agua y soluci\u00f3n a sus demandas \u2022 Acordaron mantener una comunicaci\u00f3n permanente y directa sin intermediarios para atender cualquier problema que se registre en el poblado El presidente municipal [&hellip;]<\/p>\n","protected":false},"author":1,"featured_media":25418,"comment_status":"closed","ping_status":"open","sticky":false,"template":"","format":"standard","meta":[],"categories":[145],"tags":[395,615,121,288,120,206,545],"aioseo_notices":[],"_links":{"self":[{"href":"https:\/\/cuernavaca.gob.mx\/index.php?rest_route=\/wp\/v2\/posts\/25414"}],"collection":[{"href":"https:\/\/cuernavaca.gob.mx\/index.php?rest_route=\/wp\/v2\/posts"}],"about":[{"href":"https:\/\/cuernavaca.gob.mx\/index.php?rest_route=\/wp\/v2\/types\/post"}],"author":[{"embeddable":true,"href":"https:\/\/cuernavaca.gob.mx\/index.php?rest_route=\/wp\/v2\/users\/1"}],"replies":[{"embeddable":true,"href":"https:\/\/cuernavaca.gob.mx\/index.php?rest_route=%2Fwp%2Fv2%2Fcomments&post=25414"}],"version-history":[{"count":1,"href":"https:\/\/cuernavaca.gob.mx\/index.php?rest_route=\/wp\/v2\/posts\/25414\/revisions"}],"predecessor-version":[{"id":25420,"href":"https:\/\/cuernavaca.gob.mx\/index.php?rest_route=\/wp\/v2\/posts\/25414\/revisions\/25420"}],"wp:featuredmedia":[{"embeddable":true,"href":"https:\/\/cuernavaca.gob.mx\/index.php?rest_route=\/wp\/v2\/media\/25418"}],"wp:attachment":[{"href":"https:\/\/cuernavaca.gob.mx\/index.php?rest_route=%2Fwp%2Fv2%2Fmedia&parent=25414"}],"wp:term":[{"taxonomy":"category","embeddable":true,"href":"https:\/\/cuernavaca.gob.mx\/index.php?rest_route=%2Fwp%2Fv2%2Fcategories&post=25414"},{"taxonomy":"post_tag","embeddable":true,"href":"https:\/\/cuernavaca.gob.mx\/index.php?rest_route=%2Fwp%2Fv2%2Ftags&post=25414"}],"curies":[{"name":"wp","href":"https:\/\/api.w.org\/{rel}","templated":true}]}}