{"id":25421,"date":"2023-02-23T16:15:00","date_gmt":"2023-02-23T22:15:00","guid":{"rendered":"https:\/\/cuernavaca.gob.mx\/?p=25421"},"modified":"2025-05-06T12:33:59","modified_gmt":"2025-05-06T18:33:59","slug":"f362-23-02-23-elementos-de-seprac-son-reconocidos-por-su-excelente-desempeno-en-la-prevencion-del-delito","status":"publish","type":"post","link":"https:\/\/cuernavaca.gob.mx\/?p=25421","title":{"rendered":"F362 23\/02\/23 ELEMENTOS DE SEPRAC SON RECONOCIDOS POR SU EXCELENTE DESEMPE\u00d1O EN LA PREVENCI\u00d3N DEL DELITO"},"content":{"rendered":"\n<p>Elementos de la Secretar\u00eda de Protecci\u00f3n y Auxilio Ciudadano (SEPRAC) de Cuernavaca fueron reconocidos por la cadena comercial OXXO debido a su amplio desempe\u00f1o y coordinaci\u00f3n para la contenci\u00f3n de la incidencia en delitos patrimoniales en las tiendas de conveniencia, salvaguardando la integridad de sus trabajadores y clientes.<\/p>\n\n\n\n<p>El evento estuvo presidido por la titular de SEPRAC, Alicia V\u00e1zquez Luna y en representaci\u00f3n del presidente municipal, Jos\u00e9 Luis Uri\u00f3stegui Salgado, el secretario del Ayuntamiento, Carlos de la Rosa Segura, quienes agradecieron estos reconocimientos al trabajo diario y vocaci\u00f3n de los polic\u00edas municipales para trabajar a favor de la poblaci\u00f3n.<\/p>\n\n\n\n<p>Los polic\u00edas municipales fueron galardonados por Victor Hugo Qui\u00f1onez, gerente de la Zona Centro Sur; Roberto N\u00e1jera Carranza, gerente de Operaciones de Plaza Cuernavaca y por Alberto Alviter Lagunas, encargado de Protecci\u00f3n Patrimonial de la Plaza Cuernavaca de tiendas OXXO, recibiendo adem\u00e1s una despensa como una forma de gratitud por su sobresaliente desempe\u00f1o en 2022 y lo que va del presente a\u00f1o.<\/p>\n\n\n\n<figure class=\"wp-container-2 wp-block-gallery-1 wp-block-gallery has-nested-images columns-default is-cropped\">\n<figure class=\"wp-block-image size-large\"><img loading=\"lazy\" width=\"1024\" height=\"682\" data-id=\"25431\"  src=\"https:\/\/cuernavaca.gob.mx\/wp-content\/uploads\/2023\/02\/reconocimiento-policias-cuernavaca-1-1024x682.jpg\" alt=\"\" class=\"wp-image-25431\" srcset=\"https:\/\/cuernavaca.gob.mx\/wp-content\/uploads\/2023\/02\/reconocimiento-policias-cuernavaca-1-1024x682.jpg 1024w, https:\/\/cuernavaca.gob.mx\/wp-content\/uploads\/2023\/02\/reconocimiento-policias-cuernavaca-1-300x200.jpg 300w, https:\/\/cuernavaca.gob.mx\/wp-content\/uploads\/2023\/02\/reconocimiento-policias-cuernavaca-1-768x512.jpg 768w, https:\/\/cuernavaca.gob.mx\/wp-content\/uploads\/2023\/02\/reconocimiento-policias-cuernavaca-1-1536x1023.jpg 1536w, https:\/\/cuernavaca.gob.mx\/wp-content\/uploads\/2023\/02\/reconocimiento-policias-cuernavaca-1-600x400.jpg 600w, https:\/\/cuernavaca.gob.mx\/wp-content\/uploads\/2023\/02\/reconocimiento-policias-cuernavaca-1-560x373.jpg 560w, https:\/\/cuernavaca.gob.mx\/wp-content\/uploads\/2023\/02\/reconocimiento-policias-cuernavaca-1.jpg 1600w\" sizes=\"(max-width: 1024px) 100vw, 1024px\" \/><\/figure>\n\n\n\n<figure class=\"wp-block-image size-large\"><img loading=\"lazy\" width=\"1024\" height=\"682\" data-id=\"25424\"  src=\"https:\/\/cuernavaca.gob.mx\/wp-content\/uploads\/2023\/02\/reconocimiento-policias-cuernavaca-2-1024x682.jpg\" alt=\"\" class=\"wp-image-25424\" srcset=\"https:\/\/cuernavaca.gob.mx\/wp-content\/uploads\/2023\/02\/reconocimiento-policias-cuernavaca-2-1024x682.jpg 1024w, https:\/\/cuernavaca.gob.mx\/wp-content\/uploads\/2023\/02\/reconocimiento-policias-cuernavaca-2-300x200.jpg 300w, https:\/\/cuernavaca.gob.mx\/wp-content\/uploads\/2023\/02\/reconocimiento-policias-cuernavaca-2-768x512.jpg 768w, https:\/\/cuernavaca.gob.mx\/wp-content\/uploads\/2023\/02\/reconocimiento-policias-cuernavaca-2-1536x1023.jpg 1536w, https:\/\/cuernavaca.gob.mx\/wp-content\/uploads\/2023\/02\/reconocimiento-policias-cuernavaca-2-600x400.jpg 600w, https:\/\/cuernavaca.gob.mx\/wp-content\/uploads\/2023\/02\/reconocimiento-policias-cuernavaca-2-560x373.jpg 560w, https:\/\/cuernavaca.gob.mx\/wp-content\/uploads\/2023\/02\/reconocimiento-policias-cuernavaca-2.jpg 1600w\" sizes=\"(max-width: 1024px) 100vw, 1024px\" \/><\/figure>\n\n\n\n<figure class=\"wp-block-image size-large\"><img loading=\"lazy\" width=\"1024\" height=\"682\" data-id=\"25433\"  src=\"https:\/\/cuernavaca.gob.mx\/wp-content\/uploads\/2023\/02\/reconocimiento-policias-cuernavaca-3-1024x682.jpg\" alt=\"\" class=\"wp-image-25433\" srcset=\"https:\/\/cuernavaca.gob.mx\/wp-content\/uploads\/2023\/02\/reconocimiento-policias-cuernavaca-3-1024x682.jpg 1024w, https:\/\/cuernavaca.gob.mx\/wp-content\/uploads\/2023\/02\/reconocimiento-policias-cuernavaca-3-300x200.jpg 300w, https:\/\/cuernavaca.gob.mx\/wp-content\/uploads\/2023\/02\/reconocimiento-policias-cuernavaca-3-768x512.jpg 768w, https:\/\/cuernavaca.gob.mx\/wp-content\/uploads\/2023\/02\/reconocimiento-policias-cuernavaca-3-1536x1023.jpg 1536w, https:\/\/cuernavaca.gob.mx\/wp-content\/uploads\/2023\/02\/reconocimiento-policias-cuernavaca-3-600x400.jpg 600w, https:\/\/cuernavaca.gob.mx\/wp-content\/uploads\/2023\/02\/reconocimiento-policias-cuernavaca-3-560x373.jpg 560w, https:\/\/cuernavaca.gob.mx\/wp-content\/uploads\/2023\/02\/reconocimiento-policias-cuernavaca-3.jpg 1600w\" sizes=\"(max-width: 1024px) 100vw, 1024px\" \/><\/figure>\n\n\n\n<figure class=\"wp-block-image size-large\"><img loading=\"lazy\" width=\"1024\" height=\"682\" data-id=\"25430\"  src=\"https:\/\/cuernavaca.gob.mx\/wp-content\/uploads\/2023\/02\/reconocimiento-policias-cuernavaca-4-1024x682.jpg\" alt=\"\" class=\"wp-image-25430\" srcset=\"https:\/\/cuernavaca.gob.mx\/wp-content\/uploads\/2023\/02\/reconocimiento-policias-cuernavaca-4-1024x682.jpg 1024w, https:\/\/cuernavaca.gob.mx\/wp-content\/uploads\/2023\/02\/reconocimiento-policias-cuernavaca-4-300x200.jpg 300w, https:\/\/cuernavaca.gob.mx\/wp-content\/uploads\/2023\/02\/reconocimiento-policias-cuernavaca-4-768x512.jpg 768w, https:\/\/cuernavaca.gob.mx\/wp-content\/uploads\/2023\/02\/reconocimiento-policias-cuernavaca-4-1536x1023.jpg 1536w, https:\/\/cuernavaca.gob.mx\/wp-content\/uploads\/2023\/02\/reconocimiento-policias-cuernavaca-4-600x400.jpg 600w, https:\/\/cuernavaca.gob.mx\/wp-content\/uploads\/2023\/02\/reconocimiento-policias-cuernavaca-4-560x373.jpg 560w, https:\/\/cuernavaca.gob.mx\/wp-content\/uploads\/2023\/02\/reconocimiento-policias-cuernavaca-4.jpg 1600w\" sizes=\"(max-width: 1024px) 100vw, 1024px\" \/><\/figure>\n\n\n\n<figure class=\"wp-block-image size-large\"><img loading=\"lazy\" width=\"1024\" height=\"682\" data-id=\"25428\"  src=\"https:\/\/cuernavaca.gob.mx\/wp-content\/uploads\/2023\/02\/reconocimiento-policias-cuernavaca-5-1024x682.jpg\" alt=\"\" class=\"wp-image-25428\" srcset=\"https:\/\/cuernavaca.gob.mx\/wp-content\/uploads\/2023\/02\/reconocimiento-policias-cuernavaca-5-1024x682.jpg 1024w, https:\/\/cuernavaca.gob.mx\/wp-content\/uploads\/2023\/02\/reconocimiento-policias-cuernavaca-5-300x200.jpg 300w, https:\/\/cuernavaca.gob.mx\/wp-content\/uploads\/2023\/02\/reconocimiento-policias-cuernavaca-5-768x512.jpg 768w, https:\/\/cuernavaca.gob.mx\/wp-content\/uploads\/2023\/02\/reconocimiento-policias-cuernavaca-5-1536x1023.jpg 1536w, https:\/\/cuernavaca.gob.mx\/wp-content\/uploads\/2023\/02\/reconocimiento-policias-cuernavaca-5-600x400.jpg 600w, https:\/\/cuernavaca.gob.mx\/wp-content\/uploads\/2023\/02\/reconocimiento-policias-cuernavaca-5-560x373.jpg 560w, https:\/\/cuernavaca.gob.mx\/wp-content\/uploads\/2023\/02\/reconocimiento-policias-cuernavaca-5.jpg 1600w\" sizes=\"(max-width: 1024px) 100vw, 1024px\" \/><\/figure>\n\n\n\n<figure class=\"wp-block-image size-large\"><img loading=\"lazy\" width=\"1024\" height=\"682\" data-id=\"25425\"  src=\"https:\/\/cuernavaca.gob.mx\/wp-content\/uploads\/2023\/02\/reconocimiento-policias-cuernavaca-6-1024x682.jpg\" alt=\"\" class=\"wp-image-25425\" srcset=\"https:\/\/cuernavaca.gob.mx\/wp-content\/uploads\/2023\/02\/reconocimiento-policias-cuernavaca-6-1024x682.jpg 1024w, https:\/\/cuernavaca.gob.mx\/wp-content\/uploads\/2023\/02\/reconocimiento-policias-cuernavaca-6-300x200.jpg 300w, https:\/\/cuernavaca.gob.mx\/wp-content\/uploads\/2023\/02\/reconocimiento-policias-cuernavaca-6-768x512.jpg 768w, https:\/\/cuernavaca.gob.mx\/wp-content\/uploads\/2023\/02\/reconocimiento-policias-cuernavaca-6-1536x1023.jpg 1536w, https:\/\/cuernavaca.gob.mx\/wp-content\/uploads\/2023\/02\/reconocimiento-policias-cuernavaca-6-600x400.jpg 600w, https:\/\/cuernavaca.gob.mx\/wp-content\/uploads\/2023\/02\/reconocimiento-policias-cuernavaca-6-560x373.jpg 560w, https:\/\/cuernavaca.gob.mx\/wp-content\/uploads\/2023\/02\/reconocimiento-policias-cuernavaca-6.jpg 1600w\" sizes=\"(max-width: 1024px) 100vw, 1024px\" \/><\/figure>\n\n\n\n<figure class=\"wp-block-image size-large\"><img loading=\"lazy\" width=\"1024\" height=\"682\" data-id=\"25429\"  src=\"https:\/\/cuernavaca.gob.mx\/wp-content\/uploads\/2023\/02\/reconocimiento-policias-cuernavaca-7-1024x682.jpg\" alt=\"\" class=\"wp-image-25429\" srcset=\"https:\/\/cuernavaca.gob.mx\/wp-content\/uploads\/2023\/02\/reconocimiento-policias-cuernavaca-7-1024x682.jpg 1024w, https:\/\/cuernavaca.gob.mx\/wp-content\/uploads\/2023\/02\/reconocimiento-policias-cuernavaca-7-300x200.jpg 300w, https:\/\/cuernavaca.gob.mx\/wp-content\/uploads\/2023\/02\/reconocimiento-policias-cuernavaca-7-768x512.jpg 768w, https:\/\/cuernavaca.gob.mx\/wp-content\/uploads\/2023\/02\/reconocimiento-policias-cuernavaca-7-1536x1023.jpg 1536w, https:\/\/cuernavaca.gob.mx\/wp-content\/uploads\/2023\/02\/reconocimiento-policias-cuernavaca-7-600x400.jpg 600w, https:\/\/cuernavaca.gob.mx\/wp-content\/uploads\/2023\/02\/reconocimiento-policias-cuernavaca-7-560x373.jpg 560w, https:\/\/cuernavaca.gob.mx\/wp-content\/uploads\/2023\/02\/reconocimiento-policias-cuernavaca-7.jpg 1600w\" sizes=\"(max-width: 1024px) 100vw, 1024px\" \/><\/figure>\n\n\n\n<figure class=\"wp-block-image size-large\"><img loading=\"lazy\" width=\"1024\" height=\"682\" data-id=\"25426\"  src=\"https:\/\/cuernavaca.gob.mx\/wp-content\/uploads\/2023\/02\/reconocimiento-policias-cuernavaca-8-1024x682.jpg\" alt=\"\" class=\"wp-image-25426\" srcset=\"https:\/\/cuernavaca.gob.mx\/wp-content\/uploads\/2023\/02\/reconocimiento-policias-cuernavaca-8-1024x682.jpg 1024w, https:\/\/cuernavaca.gob.mx\/wp-content\/uploads\/2023\/02\/reconocimiento-policias-cuernavaca-8-300x200.jpg 300w, https:\/\/cuernavaca.gob.mx\/wp-content\/uploads\/2023\/02\/reconocimiento-policias-cuernavaca-8-768x512.jpg 768w, https:\/\/cuernavaca.gob.mx\/wp-content\/uploads\/2023\/02\/reconocimiento-policias-cuernavaca-8-1536x1023.jpg 1536w, https:\/\/cuernavaca.gob.mx\/wp-content\/uploads\/2023\/02\/reconocimiento-policias-cuernavaca-8-600x400.jpg 600w, https:\/\/cuernavaca.gob.mx\/wp-content\/uploads\/2023\/02\/reconocimiento-policias-cuernavaca-8-560x373.jpg 560w, https:\/\/cuernavaca.gob.mx\/wp-content\/uploads\/2023\/02\/reconocimiento-policias-cuernavaca-8.jpg 1600w\" sizes=\"(max-width: 1024px) 100vw, 1024px\" \/><\/figure>\n\n\n\n<figure class=\"wp-block-image size-large\"><img loading=\"lazy\" width=\"1024\" height=\"682\" data-id=\"25427\"  src=\"https:\/\/cuernavaca.gob.mx\/wp-content\/uploads\/2023\/02\/reconocimiento-policias-cuernavaca-9-1024x682.jpg\" alt=\"\" class=\"wp-image-25427\" srcset=\"https:\/\/cuernavaca.gob.mx\/wp-content\/uploads\/2023\/02\/reconocimiento-policias-cuernavaca-9-1024x682.jpg 1024w, https:\/\/cuernavaca.gob.mx\/wp-content\/uploads\/2023\/02\/reconocimiento-policias-cuernavaca-9-300x200.jpg 300w, https:\/\/cuernavaca.gob.mx\/wp-content\/uploads\/2023\/02\/reconocimiento-policias-cuernavaca-9-768x512.jpg 768w, https:\/\/cuernavaca.gob.mx\/wp-content\/uploads\/2023\/02\/reconocimiento-policias-cuernavaca-9-1536x1023.jpg 1536w, https:\/\/cuernavaca.gob.mx\/wp-content\/uploads\/2023\/02\/reconocimiento-policias-cuernavaca-9-600x400.jpg 600w, https:\/\/cuernavaca.gob.mx\/wp-content\/uploads\/2023\/02\/reconocimiento-policias-cuernavaca-9-560x373.jpg 560w, https:\/\/cuernavaca.gob.mx\/wp-content\/uploads\/2023\/02\/reconocimiento-policias-cuernavaca-9.jpg 1600w\" sizes=\"(max-width: 1024px) 100vw, 1024px\" \/><\/figure>\n\n\n\n<figure class=\"wp-block-image size-large\"><img loading=\"lazy\" width=\"1024\" height=\"682\" data-id=\"25423\"  src=\"https:\/\/cuernavaca.gob.mx\/wp-content\/uploads\/2023\/02\/reconocimiento-policias-cuernavaca-10-1024x682.jpg\" alt=\"\" class=\"wp-image-25423\" srcset=\"https:\/\/cuernavaca.gob.mx\/wp-content\/uploads\/2023\/02\/reconocimiento-policias-cuernavaca-10-1024x682.jpg 1024w, https:\/\/cuernavaca.gob.mx\/wp-content\/uploads\/2023\/02\/reconocimiento-policias-cuernavaca-10-300x200.jpg 300w, https:\/\/cuernavaca.gob.mx\/wp-content\/uploads\/2023\/02\/reconocimiento-policias-cuernavaca-10-768x512.jpg 768w, https:\/\/cuernavaca.gob.mx\/wp-content\/uploads\/2023\/02\/reconocimiento-policias-cuernavaca-10-1536x1023.jpg 1536w, https:\/\/cuernavaca.gob.mx\/wp-content\/uploads\/2023\/02\/reconocimiento-policias-cuernavaca-10-600x400.jpg 600w, https:\/\/cuernavaca.gob.mx\/wp-content\/uploads\/2023\/02\/reconocimiento-policias-cuernavaca-10-560x373.jpg 560w, https:\/\/cuernavaca.gob.mx\/wp-content\/uploads\/2023\/02\/reconocimiento-policias-cuernavaca-10.jpg 1600w\" sizes=\"(max-width: 1024px) 100vw, 1024px\" \/><\/figure>\n\n\n\n<figure class=\"wp-block-image size-large\"><img loading=\"lazy\" width=\"1024\" height=\"682\" data-id=\"25422\"  src=\"https:\/\/cuernavaca.gob.mx\/wp-content\/uploads\/2023\/02\/reconocimiento-policias-cuernavaca-11-1024x682.jpg\" alt=\"\" class=\"wp-image-25422\" srcset=\"https:\/\/cuernavaca.gob.mx\/wp-content\/uploads\/2023\/02\/reconocimiento-policias-cuernavaca-11-1024x682.jpg 1024w, https:\/\/cuernavaca.gob.mx\/wp-content\/uploads\/2023\/02\/reconocimiento-policias-cuernavaca-11-300x200.jpg 300w, https:\/\/cuernavaca.gob.mx\/wp-content\/uploads\/2023\/02\/reconocimiento-policias-cuernavaca-11-768x512.jpg 768w, https:\/\/cuernavaca.gob.mx\/wp-content\/uploads\/2023\/02\/reconocimiento-policias-cuernavaca-11-1536x1023.jpg 1536w, https:\/\/cuernavaca.gob.mx\/wp-content\/uploads\/2023\/02\/reconocimiento-policias-cuernavaca-11-600x400.jpg 600w, https:\/\/cuernavaca.gob.mx\/wp-content\/uploads\/2023\/02\/reconocimiento-policias-cuernavaca-11-560x373.jpg 560w, https:\/\/cuernavaca.gob.mx\/wp-content\/uploads\/2023\/02\/reconocimiento-policias-cuernavaca-11.jpg 1600w\" sizes=\"(max-width: 1024px) 100vw, 1024px\" \/><\/figure>\n\n\n\n<figure class=\"wp-block-image size-large\"><img loading=\"lazy\" width=\"1024\" height=\"682\" data-id=\"25434\"  src=\"https:\/\/cuernavaca.gob.mx\/wp-content\/uploads\/2023\/02\/reconocimiento-policias-cuernavaca-12-1024x682.jpg\" alt=\"\" class=\"wp-image-25434\" srcset=\"https:\/\/cuernavaca.gob.mx\/wp-content\/uploads\/2023\/02\/reconocimiento-policias-cuernavaca-12-1024x682.jpg 1024w, https:\/\/cuernavaca.gob.mx\/wp-content\/uploads\/2023\/02\/reconocimiento-policias-cuernavaca-12-300x200.jpg 300w, https:\/\/cuernavaca.gob.mx\/wp-content\/uploads\/2023\/02\/reconocimiento-policias-cuernavaca-12-768x512.jpg 768w, https:\/\/cuernavaca.gob.mx\/wp-content\/uploads\/2023\/02\/reconocimiento-policias-cuernavaca-12-1536x1023.jpg 1536w, https:\/\/cuernavaca.gob.mx\/wp-content\/uploads\/2023\/02\/reconocimiento-policias-cuernavaca-12-600x400.jpg 600w, https:\/\/cuernavaca.gob.mx\/wp-content\/uploads\/2023\/02\/reconocimiento-policias-cuernavaca-12-560x373.jpg 560w, https:\/\/cuernavaca.gob.mx\/wp-content\/uploads\/2023\/02\/reconocimiento-policias-cuernavaca-12.jpg 1600w\" sizes=\"(max-width: 1024px) 100vw, 1024px\" \/><\/figure>\n\n\n\n<figure class=\"wp-block-image size-large\"><img loading=\"lazy\" width=\"1024\" height=\"682\" data-id=\"25432\"  src=\"https:\/\/cuernavaca.gob.mx\/wp-content\/uploads\/2023\/02\/reconocimiento-policias-cuernavaca-13-1024x682.jpg\" alt=\"\" class=\"wp-image-25432\" srcset=\"https:\/\/cuernavaca.gob.mx\/wp-content\/uploads\/2023\/02\/reconocimiento-policias-cuernavaca-13-1024x682.jpg 1024w, https:\/\/cuernavaca.gob.mx\/wp-content\/uploads\/2023\/02\/reconocimiento-policias-cuernavaca-13-300x200.jpg 300w, https:\/\/cuernavaca.gob.mx\/wp-content\/uploads\/2023\/02\/reconocimiento-policias-cuernavaca-13-768x512.jpg 768w, https:\/\/cuernavaca.gob.mx\/wp-content\/uploads\/2023\/02\/reconocimiento-policias-cuernavaca-13-1536x1023.jpg 1536w, https:\/\/cuernavaca.gob.mx\/wp-content\/uploads\/2023\/02\/reconocimiento-policias-cuernavaca-13-600x400.jpg 600w, https:\/\/cuernavaca.gob.mx\/wp-content\/uploads\/2023\/02\/reconocimiento-policias-cuernavaca-13-560x373.jpg 560w, https:\/\/cuernavaca.gob.mx\/wp-content\/uploads\/2023\/02\/reconocimiento-policias-cuernavaca-13.jpg 1600w\" sizes=\"(max-width: 1024px) 100vw, 1024px\" \/><\/figure>\n<\/figure>\n","protected":false},"excerpt":{"rendered":"<p>Elementos de la Secretar\u00eda de Protecci\u00f3n y Auxilio Ciudadano (SEPRAC) de Cuernavaca fueron reconocidos por la cadena comercial OXXO debido a su amplio desempe\u00f1o y coordinaci\u00f3n para la contenci\u00f3n de la incidencia en delitos patrimoniales en las tiendas de conveniencia, salvaguardando la integridad de sus trabajadores y clientes. El evento estuvo presidido por la titular [&hellip;]<\/p>\n","protected":false},"author":1,"featured_media":25434,"comment_status":"closed","ping_status":"open","sticky":false,"template":"","format":"standard","meta":[],"categories":[17],"tags":[121,120,206,141,201,712,125,252],"aioseo_notices":[],"_links":{"self":[{"href":"https:\/\/cuernavaca.gob.mx\/index.php?rest_route=\/wp\/v2\/posts\/25421"}],"collection":[{"href":"https:\/\/cuernavaca.gob.mx\/index.php?rest_route=\/wp\/v2\/posts"}],"about":[{"href":"https:\/\/cuernavaca.gob.mx\/index.php?rest_route=\/wp\/v2\/types\/post"}],"author":[{"embeddable":true,"href":"https:\/\/cuernavaca.gob.mx\/index.php?rest_route=\/wp\/v2\/users\/1"}],"replies":[{"embeddable":true,"href":"https:\/\/cuernavaca.gob.mx\/index.php?rest_route=%2Fwp%2Fv2%2Fcomments&post=25421"}],"version-history":[{"count":1,"href":"https:\/\/cuernavaca.gob.mx\/index.php?rest_route=\/wp\/v2\/posts\/25421\/revisions"}],"predecessor-version":[{"id":25435,"href":"https:\/\/cuernavaca.gob.mx\/index.php?rest_route=\/wp\/v2\/posts\/25421\/revisions\/25435"}],"wp:featuredmedia":[{"embeddable":true,"href":"https:\/\/cuernavaca.gob.mx\/index.php?rest_route=\/wp\/v2\/media\/25434"}],"wp:attachment":[{"href":"https:\/\/cuernavaca.gob.mx\/index.php?rest_route=%2Fwp%2Fv2%2Fmedia&parent=25421"}],"wp:term":[{"taxonomy":"category","embeddable":true,"href":"https:\/\/cuernavaca.gob.mx\/index.php?rest_route=%2Fwp%2Fv2%2Fcategories&post=25421"},{"taxonomy":"post_tag","embeddable":true,"href":"https:\/\/cuernavaca.gob.mx\/index.php?rest_route=%2Fwp%2Fv2%2Ftags&post=25421"}],"curies":[{"name":"wp","href":"https:\/\/api.w.org\/{rel}","templated":true}]}}