{"id":25436,"date":"2023-02-23T17:30:00","date_gmt":"2023-02-23T23:30:00","guid":{"rendered":"https:\/\/cuernavaca.gob.mx\/?p=25436"},"modified":"2025-05-06T12:33:59","modified_gmt":"2025-05-06T18:33:59","slug":"b801-23-02-23-comienza-ayuntamiento-de-cuernavaca-el-analisis-e-integracion-del-programa-anual-de-obras-2023","status":"publish","type":"post","link":"https:\/\/cuernavaca.gob.mx\/?p=25436","title":{"rendered":"B801 23\/02\/23 COMIENZA AYUNTAMIENTO DE CUERNAVACA EL ANALISIS E INTEGRACI\u00d3N DEL PROGRAMA ANUAL DE OBRAS 2023"},"content":{"rendered":"\n<p><strong>\u2022 Este jueves, el COPLADEMUN present\u00f3 la propuesta preliminar de obras p\u00fablicas para el actual ejercicio fiscal, que consta de 44 proyectos que pretenden beneficiar a un mayor n\u00famero de habitantes<\/strong><\/p>\n\n\n\n<p><strong>\u2022 Las propuestas fueron elaboradas en coordinaci\u00f3n con el presidente municipal, Jos\u00e9 Luis Uri\u00f3stegui y el IMPLAN; adem\u00e1s de que se enriquecer\u00e1n con propuestas del SAPAC para atender el tema de agua potable y drenaje<\/strong><\/p>\n\n\n\n<p>Con la encomienda de llevar un mayor beneficio a la poblaci\u00f3n de Cuernavaca y para un mayor n\u00famero de habitantes, este jueves en el seno de la cuarta sesi\u00f3n ordinaria del Comit\u00e9 de Planeaci\u00f3n para el Desarrollo Municipal (COPLADEMUN) se present\u00f3 ante el presidente municipal, Jos\u00e9 Luis Uri\u00f3stegui Salgado, integrantes del Cabildo y Gabinete, as\u00ed como autoridades auxiliares, la propuesta preliminar de obras p\u00fablicas para el ejercicio fiscal 2023.<\/p>\n\n\n\n<p>Al encabezar la exposici\u00f3n de las 44 obras propuestas en este primer filtro, el coordinador general del COPLADEMUN, Luis Enrique Mart\u00ednez Catal\u00e1n, explic\u00f3 que se elaboraron en conjunto con el alcalde y el Instituto Municipal de Planeaci\u00f3n (IMPLAN) bajo dos criterios esenciales en raz\u00f3n de una priorizaci\u00f3n de obra p\u00fablica, la atenci\u00f3n a las zonas de atenci\u00f3n prioritarias que exigen los lineamientos para la ejecuci\u00f3n de recursos federales del FAISMUN e incluir vialidades principales que sean de alto tr\u00e1nsito y cuenten con un gran n\u00famero de beneficiarios.<\/p>\n\n\n\n<p>Se\u00f1al\u00f3 que, adem\u00e1s estos proyectos se van a enriquecer con m\u00e1s propuestas enviadas por el Sistema de Agua Potable y Alcantarillado de Cuernavaca (SAPAC), solicitando a la Direcci\u00f3n General un diagn\u00f3stico y propuesta de las acciones que puedan emprender en materia de infraestructura de agua potable y en su caso, de drenaje.<\/p>\n\n\n\n<p>Entre las propuestas se encuentran obras que fueron solicitadas en campa\u00f1a al mandatario local, otras que no transitaron el a\u00f1o pasado, y en algunos casos constan de segundas etapas para dar una atenci\u00f3n integral a la ciudadan\u00eda, mejorando a\u00fan m\u00e1s su calidad de vida y movilidad.<\/p>\n\n\n\n<p>En su mensaje, el presidente municipal, Jos\u00e9 Luis Uri\u00f3stegui, aclar\u00f3 que al ser propuestas preliminares tienen la opci\u00f3n de ser modificadas o ampliadas para que en breve puedan someterlas de manera formal al Cabildo, que tiene la \u00faltima palabra, a fin de no perder de vista que se tienen reglas claras y que deben cumplir con su obligaci\u00f3n de otorgar un mayor beneficio a la sociedad para un mayor n\u00famero de habitantes.<\/p>\n\n\n\n<p>Para el ejercicio fiscal 2023, el Ayuntamiento de Cuernavaca contar\u00e1 con tres rubros de recursos por lo que se podr\u00e1 ejercer obra p\u00fablica, el primero a trav\u00e9s de un fondo de 138 millones 600 mil pesos etiquetado por el Congreso de Morelos para 48 acciones distintas que no solo incluyen esta materia, sino tambi\u00e9n la adquisici\u00f3n de luminarias o la rehabilitaci\u00f3n de un espacio p\u00fablico, entre otros.<\/p>\n\n\n\n<p>El segundo rubro ser\u00e1 por el pago anticipado del impuesto predial y servicios p\u00fablicos municipales 2023, regresando el 40 por ciento de lo recaudado a las zonas catastrales de acuerdo a las obras o servicios que la misma poblaci\u00f3n determine mayoritariamente y el tercer rubro ser\u00e1 con recursos del FAISMUN que continuar\u00e1 en an\u00e1lisis.<\/p>\n\n\n\n<figure class=\"wp-container-2 wp-block-gallery-1 wp-block-gallery has-nested-images columns-default is-cropped\">\n<figure class=\"wp-block-image size-large\"><img loading=\"lazy\" width=\"1024\" height=\"682\" data-id=\"25437\"  src=\"https:\/\/cuernavaca.gob.mx\/wp-content\/uploads\/2023\/02\/obras-publicas-cuernavaca-2023-1-1024x682.jpg\" alt=\"\" class=\"wp-image-25437\" srcset=\"https:\/\/cuernavaca.gob.mx\/wp-content\/uploads\/2023\/02\/obras-publicas-cuernavaca-2023-1-1024x682.jpg 1024w, https:\/\/cuernavaca.gob.mx\/wp-content\/uploads\/2023\/02\/obras-publicas-cuernavaca-2023-1-300x200.jpg 300w, https:\/\/cuernavaca.gob.mx\/wp-content\/uploads\/2023\/02\/obras-publicas-cuernavaca-2023-1-768x512.jpg 768w, https:\/\/cuernavaca.gob.mx\/wp-content\/uploads\/2023\/02\/obras-publicas-cuernavaca-2023-1-600x400.jpg 600w, https:\/\/cuernavaca.gob.mx\/wp-content\/uploads\/2023\/02\/obras-publicas-cuernavaca-2023-1-560x373.jpg 560w, https:\/\/cuernavaca.gob.mx\/wp-content\/uploads\/2023\/02\/obras-publicas-cuernavaca-2023-1.jpg 1280w\" sizes=\"(max-width: 1024px) 100vw, 1024px\" \/><\/figure>\n\n\n\n<figure class=\"wp-block-image size-large\"><img loading=\"lazy\" width=\"1024\" height=\"682\" data-id=\"25438\"  src=\"https:\/\/cuernavaca.gob.mx\/wp-content\/uploads\/2023\/02\/obras-publicas-cuernavaca-2023-2-1024x682.jpg\" alt=\"\" class=\"wp-image-25438\" srcset=\"https:\/\/cuernavaca.gob.mx\/wp-content\/uploads\/2023\/02\/obras-publicas-cuernavaca-2023-2-1024x682.jpg 1024w, https:\/\/cuernavaca.gob.mx\/wp-content\/uploads\/2023\/02\/obras-publicas-cuernavaca-2023-2-300x200.jpg 300w, https:\/\/cuernavaca.gob.mx\/wp-content\/uploads\/2023\/02\/obras-publicas-cuernavaca-2023-2-768x512.jpg 768w, https:\/\/cuernavaca.gob.mx\/wp-content\/uploads\/2023\/02\/obras-publicas-cuernavaca-2023-2-600x400.jpg 600w, https:\/\/cuernavaca.gob.mx\/wp-content\/uploads\/2023\/02\/obras-publicas-cuernavaca-2023-2-560x373.jpg 560w, https:\/\/cuernavaca.gob.mx\/wp-content\/uploads\/2023\/02\/obras-publicas-cuernavaca-2023-2.jpg 1280w\" sizes=\"(max-width: 1024px) 100vw, 1024px\" \/><\/figure>\n\n\n\n<figure class=\"wp-block-image size-large\"><img loading=\"lazy\" width=\"1024\" height=\"682\" data-id=\"25443\"  src=\"https:\/\/cuernavaca.gob.mx\/wp-content\/uploads\/2023\/02\/obras-publicas-cuernavaca-2023-3-1024x682.jpg\" alt=\"\" class=\"wp-image-25443\" srcset=\"https:\/\/cuernavaca.gob.mx\/wp-content\/uploads\/2023\/02\/obras-publicas-cuernavaca-2023-3-1024x682.jpg 1024w, https:\/\/cuernavaca.gob.mx\/wp-content\/uploads\/2023\/02\/obras-publicas-cuernavaca-2023-3-300x200.jpg 300w, https:\/\/cuernavaca.gob.mx\/wp-content\/uploads\/2023\/02\/obras-publicas-cuernavaca-2023-3-768x512.jpg 768w, https:\/\/cuernavaca.gob.mx\/wp-content\/uploads\/2023\/02\/obras-publicas-cuernavaca-2023-3-1536x1023.jpg 1536w, https:\/\/cuernavaca.gob.mx\/wp-content\/uploads\/2023\/02\/obras-publicas-cuernavaca-2023-3-600x400.jpg 600w, https:\/\/cuernavaca.gob.mx\/wp-content\/uploads\/2023\/02\/obras-publicas-cuernavaca-2023-3-560x373.jpg 560w, https:\/\/cuernavaca.gob.mx\/wp-content\/uploads\/2023\/02\/obras-publicas-cuernavaca-2023-3.jpg 1600w\" sizes=\"(max-width: 1024px) 100vw, 1024px\" \/><\/figure>\n\n\n\n<figure class=\"wp-block-image size-large\"><img loading=\"lazy\" width=\"1024\" height=\"682\" data-id=\"25439\"  src=\"https:\/\/cuernavaca.gob.mx\/wp-content\/uploads\/2023\/02\/obras-publicas-cuernavaca-2023-4-1024x682.jpg\" alt=\"\" class=\"wp-image-25439\" srcset=\"https:\/\/cuernavaca.gob.mx\/wp-content\/uploads\/2023\/02\/obras-publicas-cuernavaca-2023-4-1024x682.jpg 1024w, https:\/\/cuernavaca.gob.mx\/wp-content\/uploads\/2023\/02\/obras-publicas-cuernavaca-2023-4-300x200.jpg 300w, https:\/\/cuernavaca.gob.mx\/wp-content\/uploads\/2023\/02\/obras-publicas-cuernavaca-2023-4-768x512.jpg 768w, https:\/\/cuernavaca.gob.mx\/wp-content\/uploads\/2023\/02\/obras-publicas-cuernavaca-2023-4-1536x1023.jpg 1536w, https:\/\/cuernavaca.gob.mx\/wp-content\/uploads\/2023\/02\/obras-publicas-cuernavaca-2023-4-600x400.jpg 600w, https:\/\/cuernavaca.gob.mx\/wp-content\/uploads\/2023\/02\/obras-publicas-cuernavaca-2023-4-560x373.jpg 560w, https:\/\/cuernavaca.gob.mx\/wp-content\/uploads\/2023\/02\/obras-publicas-cuernavaca-2023-4.jpg 1600w\" sizes=\"(max-width: 1024px) 100vw, 1024px\" \/><\/figure>\n\n\n\n<figure class=\"wp-block-image size-large\"><img loading=\"lazy\" width=\"1024\" height=\"682\" data-id=\"25441\"  src=\"https:\/\/cuernavaca.gob.mx\/wp-content\/uploads\/2023\/02\/obras-publicas-cuernavaca-2023-5-1024x682.jpg\" alt=\"\" class=\"wp-image-25441\" srcset=\"https:\/\/cuernavaca.gob.mx\/wp-content\/uploads\/2023\/02\/obras-publicas-cuernavaca-2023-5-1024x682.jpg 1024w, https:\/\/cuernavaca.gob.mx\/wp-content\/uploads\/2023\/02\/obras-publicas-cuernavaca-2023-5-300x200.jpg 300w, https:\/\/cuernavaca.gob.mx\/wp-content\/uploads\/2023\/02\/obras-publicas-cuernavaca-2023-5-768x512.jpg 768w, https:\/\/cuernavaca.gob.mx\/wp-content\/uploads\/2023\/02\/obras-publicas-cuernavaca-2023-5-1536x1023.jpg 1536w, https:\/\/cuernavaca.gob.mx\/wp-content\/uploads\/2023\/02\/obras-publicas-cuernavaca-2023-5-600x400.jpg 600w, https:\/\/cuernavaca.gob.mx\/wp-content\/uploads\/2023\/02\/obras-publicas-cuernavaca-2023-5-560x373.jpg 560w, https:\/\/cuernavaca.gob.mx\/wp-content\/uploads\/2023\/02\/obras-publicas-cuernavaca-2023-5.jpg 1600w\" sizes=\"(max-width: 1024px) 100vw, 1024px\" \/><\/figure>\n\n\n\n<figure class=\"wp-block-image size-large\"><img loading=\"lazy\" width=\"1024\" height=\"682\" data-id=\"25440\"  src=\"https:\/\/cuernavaca.gob.mx\/wp-content\/uploads\/2023\/02\/obras-publicas-cuernavaca-2023-6-1024x682.jpg\" alt=\"\" class=\"wp-image-25440\" srcset=\"https:\/\/cuernavaca.gob.mx\/wp-content\/uploads\/2023\/02\/obras-publicas-cuernavaca-2023-6-1024x682.jpg 1024w, https:\/\/cuernavaca.gob.mx\/wp-content\/uploads\/2023\/02\/obras-publicas-cuernavaca-2023-6-300x200.jpg 300w, https:\/\/cuernavaca.gob.mx\/wp-content\/uploads\/2023\/02\/obras-publicas-cuernavaca-2023-6-768x512.jpg 768w, https:\/\/cuernavaca.gob.mx\/wp-content\/uploads\/2023\/02\/obras-publicas-cuernavaca-2023-6-1536x1023.jpg 1536w, https:\/\/cuernavaca.gob.mx\/wp-content\/uploads\/2023\/02\/obras-publicas-cuernavaca-2023-6-600x400.jpg 600w, https:\/\/cuernavaca.gob.mx\/wp-content\/uploads\/2023\/02\/obras-publicas-cuernavaca-2023-6-560x373.jpg 560w, https:\/\/cuernavaca.gob.mx\/wp-content\/uploads\/2023\/02\/obras-publicas-cuernavaca-2023-6.jpg 1600w\" sizes=\"(max-width: 1024px) 100vw, 1024px\" \/><\/figure>\n\n\n\n<figure class=\"wp-block-image size-large\"><img loading=\"lazy\" width=\"1024\" height=\"682\" data-id=\"25445\"  src=\"https:\/\/cuernavaca.gob.mx\/wp-content\/uploads\/2023\/02\/obras-publicas-cuernavaca-2023-7-1024x682.jpg\" alt=\"\" class=\"wp-image-25445\" srcset=\"https:\/\/cuernavaca.gob.mx\/wp-content\/uploads\/2023\/02\/obras-publicas-cuernavaca-2023-7-1024x682.jpg 1024w, https:\/\/cuernavaca.gob.mx\/wp-content\/uploads\/2023\/02\/obras-publicas-cuernavaca-2023-7-300x200.jpg 300w, https:\/\/cuernavaca.gob.mx\/wp-content\/uploads\/2023\/02\/obras-publicas-cuernavaca-2023-7-768x512.jpg 768w, https:\/\/cuernavaca.gob.mx\/wp-content\/uploads\/2023\/02\/obras-publicas-cuernavaca-2023-7-1536x1023.jpg 1536w, https:\/\/cuernavaca.gob.mx\/wp-content\/uploads\/2023\/02\/obras-publicas-cuernavaca-2023-7-600x400.jpg 600w, https:\/\/cuernavaca.gob.mx\/wp-content\/uploads\/2023\/02\/obras-publicas-cuernavaca-2023-7-560x373.jpg 560w, https:\/\/cuernavaca.gob.mx\/wp-content\/uploads\/2023\/02\/obras-publicas-cuernavaca-2023-7.jpg 1600w\" sizes=\"(max-width: 1024px) 100vw, 1024px\" \/><\/figure>\n\n\n\n<figure class=\"wp-block-image size-large\"><img loading=\"lazy\" width=\"1024\" height=\"682\" data-id=\"25442\"  src=\"https:\/\/cuernavaca.gob.mx\/wp-content\/uploads\/2023\/02\/obras-publicas-cuernavaca-2023-8-1024x682.jpg\" alt=\"\" class=\"wp-image-25442\" srcset=\"https:\/\/cuernavaca.gob.mx\/wp-content\/uploads\/2023\/02\/obras-publicas-cuernavaca-2023-8-1024x682.jpg 1024w, https:\/\/cuernavaca.gob.mx\/wp-content\/uploads\/2023\/02\/obras-publicas-cuernavaca-2023-8-300x200.jpg 300w, https:\/\/cuernavaca.gob.mx\/wp-content\/uploads\/2023\/02\/obras-publicas-cuernavaca-2023-8-768x512.jpg 768w, https:\/\/cuernavaca.gob.mx\/wp-content\/uploads\/2023\/02\/obras-publicas-cuernavaca-2023-8-1536x1023.jpg 1536w, https:\/\/cuernavaca.gob.mx\/wp-content\/uploads\/2023\/02\/obras-publicas-cuernavaca-2023-8-600x400.jpg 600w, https:\/\/cuernavaca.gob.mx\/wp-content\/uploads\/2023\/02\/obras-publicas-cuernavaca-2023-8-560x373.jpg 560w, https:\/\/cuernavaca.gob.mx\/wp-content\/uploads\/2023\/02\/obras-publicas-cuernavaca-2023-8.jpg 1600w\" sizes=\"(max-width: 1024px) 100vw, 1024px\" \/><\/figure>\n\n\n\n<figure class=\"wp-block-image size-large\"><img loading=\"lazy\" width=\"1024\" height=\"682\" data-id=\"25444\"  src=\"https:\/\/cuernavaca.gob.mx\/wp-content\/uploads\/2023\/02\/obras-publicas-cuernavaca-2023-9-1024x682.jpg\" alt=\"\" class=\"wp-image-25444\" srcset=\"https:\/\/cuernavaca.gob.mx\/wp-content\/uploads\/2023\/02\/obras-publicas-cuernavaca-2023-9-1024x682.jpg 1024w, https:\/\/cuernavaca.gob.mx\/wp-content\/uploads\/2023\/02\/obras-publicas-cuernavaca-2023-9-300x200.jpg 300w, https:\/\/cuernavaca.gob.mx\/wp-content\/uploads\/2023\/02\/obras-publicas-cuernavaca-2023-9-768x512.jpg 768w, https:\/\/cuernavaca.gob.mx\/wp-content\/uploads\/2023\/02\/obras-publicas-cuernavaca-2023-9-1536x1023.jpg 1536w, https:\/\/cuernavaca.gob.mx\/wp-content\/uploads\/2023\/02\/obras-publicas-cuernavaca-2023-9-600x400.jpg 600w, https:\/\/cuernavaca.gob.mx\/wp-content\/uploads\/2023\/02\/obras-publicas-cuernavaca-2023-9-560x373.jpg 560w, https:\/\/cuernavaca.gob.mx\/wp-content\/uploads\/2023\/02\/obras-publicas-cuernavaca-2023-9.jpg 1600w\" sizes=\"(max-width: 1024px) 100vw, 1024px\" \/><\/figure>\n<\/figure>\n","protected":false},"excerpt":{"rendered":"<p>\u2022 Este jueves, el COPLADEMUN present\u00f3 la propuesta preliminar de obras p\u00fablicas para el actual ejercicio fiscal, que consta de 44 proyectos que pretenden beneficiar a un mayor n\u00famero de habitantes \u2022 Las propuestas fueron elaboradas en coordinaci\u00f3n con el presidente municipal, Jos\u00e9 Luis Uri\u00f3stegui y el IMPLAN; adem\u00e1s de que se enriquecer\u00e1n con propuestas [&hellip;]<\/p>\n","protected":false},"author":1,"featured_media":25444,"comment_status":"closed","ping_status":"open","sticky":false,"template":"","format":"standard","meta":[],"categories":[18],"tags":[158,1007,1261,121,120,2288,206,356,232],"aioseo_notices":[],"_links":{"self":[{"href":"https:\/\/cuernavaca.gob.mx\/index.php?rest_route=\/wp\/v2\/posts\/25436"}],"collection":[{"href":"https:\/\/cuernavaca.gob.mx\/index.php?rest_route=\/wp\/v2\/posts"}],"about":[{"href":"https:\/\/cuernavaca.gob.mx\/index.php?rest_route=\/wp\/v2\/types\/post"}],"author":[{"embeddable":true,"href":"https:\/\/cuernavaca.gob.mx\/index.php?rest_route=\/wp\/v2\/users\/1"}],"replies":[{"embeddable":true,"href":"https:\/\/cuernavaca.gob.mx\/index.php?rest_route=%2Fwp%2Fv2%2Fcomments&post=25436"}],"version-history":[{"count":1,"href":"https:\/\/cuernavaca.gob.mx\/index.php?rest_route=\/wp\/v2\/posts\/25436\/revisions"}],"predecessor-version":[{"id":25446,"href":"https:\/\/cuernavaca.gob.mx\/index.php?rest_route=\/wp\/v2\/posts\/25436\/revisions\/25446"}],"wp:featuredmedia":[{"embeddable":true,"href":"https:\/\/cuernavaca.gob.mx\/index.php?rest_route=\/wp\/v2\/media\/25444"}],"wp:attachment":[{"href":"https:\/\/cuernavaca.gob.mx\/index.php?rest_route=%2Fwp%2Fv2%2Fmedia&parent=25436"}],"wp:term":[{"taxonomy":"category","embeddable":true,"href":"https:\/\/cuernavaca.gob.mx\/index.php?rest_route=%2Fwp%2Fv2%2Fcategories&post=25436"},{"taxonomy":"post_tag","embeddable":true,"href":"https:\/\/cuernavaca.gob.mx\/index.php?rest_route=%2Fwp%2Fv2%2Ftags&post=25436"}],"curies":[{"name":"wp","href":"https:\/\/api.w.org\/{rel}","templated":true}]}}