{"id":25447,"date":"2023-02-24T17:55:00","date_gmt":"2023-02-24T23:55:00","guid":{"rendered":"https:\/\/cuernavaca.gob.mx\/?p=25447"},"modified":"2025-05-06T12:33:58","modified_gmt":"2025-05-06T18:33:58","slug":"b802-24-02-23-ayuntamiento-de-cuernavaca-da-resultados-respondiendo-a-las-demandas-ciudadanas","status":"publish","type":"post","link":"https:\/\/cuernavaca.gob.mx\/?p=25447","title":{"rendered":"B802 24\/02\/23 AYUNTAMIENTO DE CUERNAVACA DA RESULTADOS RESPONDIENDO A LAS DEMANDAS CIUDADANAS"},"content":{"rendered":"\n<p><strong>\u2022 Con una gran participaci\u00f3n ciudadana este viernes se llev\u00f3 a cabo la sesi\u00f3n de Cabildo Abierto en el poblado de Tlaltenango<\/strong><\/p>\n\n\n\n<p><strong>\u2022 El presidente municipal, Jos\u00e9 Luis Uri\u00f3stegui, hizo un llamado a trabajar en conjunto para lograr que Cuernavaca salga adelante de las dificultades hist\u00f3ricas que presenta<\/strong><\/p>\n\n\n\n<p>\u201cPara que la ciudad de Cuernavaca renazca saliendo al paso de las dificultades se necesita la suma de la poblaci\u00f3n en cada una de las acciones que efectu\u00e9 el Gobierno Municipal\u201d, expres\u00f3 el Alcalde Jos\u00e9 Luis Uri\u00f3stegui Salgado, en el marco de la sesi\u00f3n de Cabildo Abierto que se desarroll\u00f3 este viernes en el poblado de Tlaltenango, donde reconoci\u00f3 la importante labor que han tenido las regidoras y los regidores para invitar a la poblaci\u00f3n a estos ejercicios de participaci\u00f3n ciudadana.<\/p>\n\n\n\n<p>En esta ocasi\u00f3n la sede fue el Parque Tlaltenango, donde se cont\u00f3 con una gran participaci\u00f3n de vecinos de la zona poniente, centro y norte de la ciudad, lo que mereci\u00f3 el reconocimiento del presidente municipal ante el gran inter\u00e9s de la presente administraci\u00f3n municipal por mantener una comunicaci\u00f3n directa con los cuernavacenses, generando espacios para expresar libremente las necesidades de sus colonias y ser atendidos sin intermediarios, pero tambi\u00e9n logrando su involucramiento de manera proactiva en el renacer de Cuernavaca.<\/p>\n\n\n\n<p>En presencia de la s\u00edndica municipal, Ver\u00f3nica Atenco P\u00e9rez; el secretario del Ayuntamiento, Carlos de la Rosa Segura; y los regidores Paz Hern\u00e1ndez Pardo, Mirna Delgado Romero, Patricia Torres Rosales, Wendi Salinas Ruiz, V\u00edctor Manzo God\u00ednez, Debendrentah Salazar Solorio, Christian Mishell P\u00e9rez Jaimes, Jes\u00fas Rosales Puebla y Adri\u00e1n Mart\u00ednez Terrazas; los colonos solicitaron la atenci\u00f3n a temas variados, entre los que se encontraron obras de bacheo, iluminaci\u00f3n, la revisi\u00f3n de infraestructura hidr\u00e1ulica como drenajes, alcantarillas y fugas de agua; poda de \u00e1rboles, pinta de guarniciones, el ordenamiento del comercio ambulante en el poblado de Tlaltenango, incluir a vecinos de Jardines de la Herradura en las reuniones correspondientes a \u00e1reas naturales protegidas para las delimitaciones geogr\u00e1ficas y el abastecimiento del agua potable.<\/p>\n\n\n\n<p>Como ha ocurrido desde la llegada del actual Ayuntamiento de Cuernavaca que preside Jos\u00e9 Luis Uri\u00f3stegui, cada una de las peticiones fueron atendidas este mismo d\u00eda por las \u00e1reas correspondientes, toda vez que se cont\u00f3 con la asistencia de integrantes del Gabinete, a fin de que las peticiones ciudadanas sean vinculantes.<\/p>\n\n\n\n<p>En este sentido, estuvieron presentes los titulares de las Secretar\u00edas de Desarrollo Humano y Participaci\u00f3n Social, Desarrollo Sustentable y Servicios P\u00fablicos, Desarrollo Econ\u00f3mico y Turismo, Protecci\u00f3n y Auxilio Ciudadano, del Secretariado Ejecutivo de Seguridad P\u00fablica, el coordinador del COMPLADEMUN, las Direcciones Generales del Sistema Municipal DIF, del Sistema de Agua Potable y Alcantarillado de Cuernavaca (SAPAC) y de Servicios P\u00fablicos, el titular del Departamento de Enlace Digital y Consejos Ciudadanos, as\u00ed como la representaci\u00f3n de la Secretar\u00eda de Desarrollo Urbano y Obras P\u00fablicas.<\/p>\n\n\n\n<p>Sin embargo, no solo fueron peticiones las que expresaron los asistentes, tambi\u00e9n hubo agradecimientos hacia el trabajo hecho hasta el momento por el Gobierno de Cuernavaca que ha dado respuesta a la brevedad a las solicitudes expuestas en Cabildos Abiertos anteriores, avalando que son espacios donde realmente pueden ser escuchados y atendidos, y en varios de estas gestiones con la intervenci\u00f3n de Ayudantes y Delegados municipales, que tambi\u00e9n estuvieron presentes.<\/p>\n\n\n\n<p>En sus intervenciones, los regidores Wendi Salinas Ru\u00edz, Patricia Torres Rosales, Paz Hern\u00e1ndez Pardo, V\u00edctor Manzo God\u00ednez y Debendrenath Salazar Solorio, celebraron el inter\u00e9s de la poblaci\u00f3n por participar en estos ejercicios que se llevan a cabo el \u00faltimo viernes de cada mes, siendo la oportunidad para que de manera directa el Cabildo tome nota de las solicitudes y den seguimiento para que las \u00e1reas correspondientes del Gobierno Municipal respondan lo m\u00e1s eficiente posible, inform\u00e1ndoles a la par sobre las acciones que est\u00e1 encabezando el municipio para atender rezagos hist\u00f3ricos que siguen afectando a la comunidad, como el pago mensual a la Comisi\u00f3n Federal de Electricidad (CFE) por consumo de energ\u00eda el\u00e9ctrica, que ha sido solventado y hoy SAPAC se encuentra al corriente, resultado de la mayor\u00eda del Cabildo que voto a favor de esta decisi\u00f3n.<\/p>\n\n\n\n<figure class=\"wp-container-2 wp-block-gallery-1 wp-block-gallery has-nested-images columns-default is-cropped\">\n<figure class=\"wp-block-image size-large\"><img loading=\"lazy\" width=\"1024\" height=\"682\" data-id=\"25466\"  src=\"https:\/\/cuernavaca.gob.mx\/wp-content\/uploads\/2023\/02\/cabildo-abierto-cuernvaca-1-1024x682.jpeg\" alt=\"\" class=\"wp-image-25466\" srcset=\"https:\/\/cuernavaca.gob.mx\/wp-content\/uploads\/2023\/02\/cabildo-abierto-cuernvaca-1-1024x682.jpeg 1024w, https:\/\/cuernavaca.gob.mx\/wp-content\/uploads\/2023\/02\/cabildo-abierto-cuernvaca-1-300x200.jpeg 300w, https:\/\/cuernavaca.gob.mx\/wp-content\/uploads\/2023\/02\/cabildo-abierto-cuernvaca-1-768x512.jpeg 768w, https:\/\/cuernavaca.gob.mx\/wp-content\/uploads\/2023\/02\/cabildo-abierto-cuernvaca-1-1536x1023.jpeg 1536w, https:\/\/cuernavaca.gob.mx\/wp-content\/uploads\/2023\/02\/cabildo-abierto-cuernvaca-1-600x400.jpeg 600w, https:\/\/cuernavaca.gob.mx\/wp-content\/uploads\/2023\/02\/cabildo-abierto-cuernvaca-1-560x373.jpeg 560w, https:\/\/cuernavaca.gob.mx\/wp-content\/uploads\/2023\/02\/cabildo-abierto-cuernvaca-1.jpeg 1600w\" sizes=\"(max-width: 1024px) 100vw, 1024px\" \/><\/figure>\n\n\n\n<figure class=\"wp-block-image size-large\"><img loading=\"lazy\" width=\"1024\" height=\"682\" data-id=\"25452\"  src=\"https:\/\/cuernavaca.gob.mx\/wp-content\/uploads\/2023\/02\/cabildo-abierto-cuernvaca-2-1024x682.jpeg\" alt=\"\" class=\"wp-image-25452\" srcset=\"https:\/\/cuernavaca.gob.mx\/wp-content\/uploads\/2023\/02\/cabildo-abierto-cuernvaca-2-1024x682.jpeg 1024w, https:\/\/cuernavaca.gob.mx\/wp-content\/uploads\/2023\/02\/cabildo-abierto-cuernvaca-2-300x200.jpeg 300w, https:\/\/cuernavaca.gob.mx\/wp-content\/uploads\/2023\/02\/cabildo-abierto-cuernvaca-2-768x512.jpeg 768w, https:\/\/cuernavaca.gob.mx\/wp-content\/uploads\/2023\/02\/cabildo-abierto-cuernvaca-2-1536x1023.jpeg 1536w, https:\/\/cuernavaca.gob.mx\/wp-content\/uploads\/2023\/02\/cabildo-abierto-cuernvaca-2-600x400.jpeg 600w, https:\/\/cuernavaca.gob.mx\/wp-content\/uploads\/2023\/02\/cabildo-abierto-cuernvaca-2-560x373.jpeg 560w, https:\/\/cuernavaca.gob.mx\/wp-content\/uploads\/2023\/02\/cabildo-abierto-cuernvaca-2.jpeg 1600w\" sizes=\"(max-width: 1024px) 100vw, 1024px\" \/><\/figure>\n\n\n\n<figure class=\"wp-block-image size-large\"><img loading=\"lazy\" width=\"1024\" height=\"682\" data-id=\"25471\"  src=\"https:\/\/cuernavaca.gob.mx\/wp-content\/uploads\/2023\/02\/cabildo-abierto-cuernvaca-3-1024x682.jpeg\" alt=\"\" class=\"wp-image-25471\" srcset=\"https:\/\/cuernavaca.gob.mx\/wp-content\/uploads\/2023\/02\/cabildo-abierto-cuernvaca-3-1024x682.jpeg 1024w, https:\/\/cuernavaca.gob.mx\/wp-content\/uploads\/2023\/02\/cabildo-abierto-cuernvaca-3-300x200.jpeg 300w, https:\/\/cuernavaca.gob.mx\/wp-content\/uploads\/2023\/02\/cabildo-abierto-cuernvaca-3-768x512.jpeg 768w, https:\/\/cuernavaca.gob.mx\/wp-content\/uploads\/2023\/02\/cabildo-abierto-cuernvaca-3-1536x1023.jpeg 1536w, https:\/\/cuernavaca.gob.mx\/wp-content\/uploads\/2023\/02\/cabildo-abierto-cuernvaca-3-600x400.jpeg 600w, https:\/\/cuernavaca.gob.mx\/wp-content\/uploads\/2023\/02\/cabildo-abierto-cuernvaca-3-560x373.jpeg 560w, https:\/\/cuernavaca.gob.mx\/wp-content\/uploads\/2023\/02\/cabildo-abierto-cuernvaca-3.jpeg 1600w\" sizes=\"(max-width: 1024px) 100vw, 1024px\" \/><\/figure>\n\n\n\n<figure class=\"wp-block-image size-large\"><img loading=\"lazy\" width=\"1024\" height=\"682\" data-id=\"25455\"  src=\"https:\/\/cuernavaca.gob.mx\/wp-content\/uploads\/2023\/02\/cabildo-abierto-cuernvaca-4-1024x682.jpeg\" alt=\"\" class=\"wp-image-25455\" srcset=\"https:\/\/cuernavaca.gob.mx\/wp-content\/uploads\/2023\/02\/cabildo-abierto-cuernvaca-4-1024x682.jpeg 1024w, https:\/\/cuernavaca.gob.mx\/wp-content\/uploads\/2023\/02\/cabildo-abierto-cuernvaca-4-300x200.jpeg 300w, https:\/\/cuernavaca.gob.mx\/wp-content\/uploads\/2023\/02\/cabildo-abierto-cuernvaca-4-768x512.jpeg 768w, https:\/\/cuernavaca.gob.mx\/wp-content\/uploads\/2023\/02\/cabildo-abierto-cuernvaca-4-1536x1023.jpeg 1536w, https:\/\/cuernavaca.gob.mx\/wp-content\/uploads\/2023\/02\/cabildo-abierto-cuernvaca-4-600x400.jpeg 600w, https:\/\/cuernavaca.gob.mx\/wp-content\/uploads\/2023\/02\/cabildo-abierto-cuernvaca-4-560x373.jpeg 560w, https:\/\/cuernavaca.gob.mx\/wp-content\/uploads\/2023\/02\/cabildo-abierto-cuernvaca-4.jpeg 1600w\" sizes=\"(max-width: 1024px) 100vw, 1024px\" \/><\/figure>\n\n\n\n<figure class=\"wp-block-image size-large\"><img loading=\"lazy\" width=\"1024\" height=\"682\" data-id=\"25454\"  src=\"https:\/\/cuernavaca.gob.mx\/wp-content\/uploads\/2023\/02\/cabildo-abierto-cuernvaca-5-1024x682.jpeg\" alt=\"\" class=\"wp-image-25454\" srcset=\"https:\/\/cuernavaca.gob.mx\/wp-content\/uploads\/2023\/02\/cabildo-abierto-cuernvaca-5-1024x682.jpeg 1024w, https:\/\/cuernavaca.gob.mx\/wp-content\/uploads\/2023\/02\/cabildo-abierto-cuernvaca-5-300x200.jpeg 300w, https:\/\/cuernavaca.gob.mx\/wp-content\/uploads\/2023\/02\/cabildo-abierto-cuernvaca-5-768x512.jpeg 768w, https:\/\/cuernavaca.gob.mx\/wp-content\/uploads\/2023\/02\/cabildo-abierto-cuernvaca-5-1536x1023.jpeg 1536w, https:\/\/cuernavaca.gob.mx\/wp-content\/uploads\/2023\/02\/cabildo-abierto-cuernvaca-5-600x400.jpeg 600w, https:\/\/cuernavaca.gob.mx\/wp-content\/uploads\/2023\/02\/cabildo-abierto-cuernvaca-5-560x373.jpeg 560w, https:\/\/cuernavaca.gob.mx\/wp-content\/uploads\/2023\/02\/cabildo-abierto-cuernvaca-5.jpeg 1600w\" sizes=\"(max-width: 1024px) 100vw, 1024px\" \/><\/figure>\n\n\n\n<figure class=\"wp-block-image size-large\"><img loading=\"lazy\" width=\"1024\" height=\"682\" data-id=\"25459\"  src=\"https:\/\/cuernavaca.gob.mx\/wp-content\/uploads\/2023\/02\/cabildo-abierto-cuernvaca-6-1024x682.jpeg\" alt=\"\" class=\"wp-image-25459\" srcset=\"https:\/\/cuernavaca.gob.mx\/wp-content\/uploads\/2023\/02\/cabildo-abierto-cuernvaca-6-1024x682.jpeg 1024w, https:\/\/cuernavaca.gob.mx\/wp-content\/uploads\/2023\/02\/cabildo-abierto-cuernvaca-6-300x200.jpeg 300w, https:\/\/cuernavaca.gob.mx\/wp-content\/uploads\/2023\/02\/cabildo-abierto-cuernvaca-6-768x512.jpeg 768w, https:\/\/cuernavaca.gob.mx\/wp-content\/uploads\/2023\/02\/cabildo-abierto-cuernvaca-6-1536x1023.jpeg 1536w, https:\/\/cuernavaca.gob.mx\/wp-content\/uploads\/2023\/02\/cabildo-abierto-cuernvaca-6-600x400.jpeg 600w, https:\/\/cuernavaca.gob.mx\/wp-content\/uploads\/2023\/02\/cabildo-abierto-cuernvaca-6-560x373.jpeg 560w, https:\/\/cuernavaca.gob.mx\/wp-content\/uploads\/2023\/02\/cabildo-abierto-cuernvaca-6.jpeg 1600w\" sizes=\"(max-width: 1024px) 100vw, 1024px\" \/><\/figure>\n\n\n\n<figure class=\"wp-block-image size-large\"><img loading=\"lazy\" width=\"1024\" height=\"682\" data-id=\"25465\"  src=\"https:\/\/cuernavaca.gob.mx\/wp-content\/uploads\/2023\/02\/cabildo-abierto-cuernvaca-7-1024x682.jpeg\" alt=\"\" class=\"wp-image-25465\" srcset=\"https:\/\/cuernavaca.gob.mx\/wp-content\/uploads\/2023\/02\/cabildo-abierto-cuernvaca-7-1024x682.jpeg 1024w, https:\/\/cuernavaca.gob.mx\/wp-content\/uploads\/2023\/02\/cabildo-abierto-cuernvaca-7-300x200.jpeg 300w, https:\/\/cuernavaca.gob.mx\/wp-content\/uploads\/2023\/02\/cabildo-abierto-cuernvaca-7-768x512.jpeg 768w, https:\/\/cuernavaca.gob.mx\/wp-content\/uploads\/2023\/02\/cabildo-abierto-cuernvaca-7-1536x1023.jpeg 1536w, https:\/\/cuernavaca.gob.mx\/wp-content\/uploads\/2023\/02\/cabildo-abierto-cuernvaca-7-600x400.jpeg 600w, https:\/\/cuernavaca.gob.mx\/wp-content\/uploads\/2023\/02\/cabildo-abierto-cuernvaca-7-560x373.jpeg 560w, https:\/\/cuernavaca.gob.mx\/wp-content\/uploads\/2023\/02\/cabildo-abierto-cuernvaca-7.jpeg 1600w\" sizes=\"(max-width: 1024px) 100vw, 1024px\" \/><\/figure>\n\n\n\n<figure class=\"wp-block-image size-large\"><img loading=\"lazy\" width=\"1024\" height=\"682\" data-id=\"25453\"  src=\"https:\/\/cuernavaca.gob.mx\/wp-content\/uploads\/2023\/02\/cabildo-abierto-cuernvaca-8-1024x682.jpeg\" alt=\"\" class=\"wp-image-25453\" srcset=\"https:\/\/cuernavaca.gob.mx\/wp-content\/uploads\/2023\/02\/cabildo-abierto-cuernvaca-8-1024x682.jpeg 1024w, https:\/\/cuernavaca.gob.mx\/wp-content\/uploads\/2023\/02\/cabildo-abierto-cuernvaca-8-300x200.jpeg 300w, https:\/\/cuernavaca.gob.mx\/wp-content\/uploads\/2023\/02\/cabildo-abierto-cuernvaca-8-768x512.jpeg 768w, https:\/\/cuernavaca.gob.mx\/wp-content\/uploads\/2023\/02\/cabildo-abierto-cuernvaca-8-1536x1023.jpeg 1536w, https:\/\/cuernavaca.gob.mx\/wp-content\/uploads\/2023\/02\/cabildo-abierto-cuernvaca-8-600x400.jpeg 600w, https:\/\/cuernavaca.gob.mx\/wp-content\/uploads\/2023\/02\/cabildo-abierto-cuernvaca-8-560x373.jpeg 560w, https:\/\/cuernavaca.gob.mx\/wp-content\/uploads\/2023\/02\/cabildo-abierto-cuernvaca-8.jpeg 1600w\" sizes=\"(max-width: 1024px) 100vw, 1024px\" \/><\/figure>\n\n\n\n<figure class=\"wp-block-image size-large\"><img loading=\"lazy\" width=\"1024\" height=\"682\" data-id=\"25463\"  src=\"https:\/\/cuernavaca.gob.mx\/wp-content\/uploads\/2023\/02\/cabildo-abierto-cuernvaca-9-1024x682.jpeg\" alt=\"\" class=\"wp-image-25463\" srcset=\"https:\/\/cuernavaca.gob.mx\/wp-content\/uploads\/2023\/02\/cabildo-abierto-cuernvaca-9-1024x682.jpeg 1024w, https:\/\/cuernavaca.gob.mx\/wp-content\/uploads\/2023\/02\/cabildo-abierto-cuernvaca-9-300x200.jpeg 300w, https:\/\/cuernavaca.gob.mx\/wp-content\/uploads\/2023\/02\/cabildo-abierto-cuernvaca-9-768x512.jpeg 768w, https:\/\/cuernavaca.gob.mx\/wp-content\/uploads\/2023\/02\/cabildo-abierto-cuernvaca-9-1536x1023.jpeg 1536w, https:\/\/cuernavaca.gob.mx\/wp-content\/uploads\/2023\/02\/cabildo-abierto-cuernvaca-9-600x400.jpeg 600w, https:\/\/cuernavaca.gob.mx\/wp-content\/uploads\/2023\/02\/cabildo-abierto-cuernvaca-9-560x373.jpeg 560w, https:\/\/cuernavaca.gob.mx\/wp-content\/uploads\/2023\/02\/cabildo-abierto-cuernvaca-9.jpeg 1600w\" sizes=\"(max-width: 1024px) 100vw, 1024px\" \/><\/figure>\n\n\n\n<figure class=\"wp-block-image size-large\"><img loading=\"lazy\" width=\"1024\" height=\"682\" data-id=\"25460\"  src=\"https:\/\/cuernavaca.gob.mx\/wp-content\/uploads\/2023\/02\/cabildo-abierto-cuernvaca-10-1024x682.jpeg\" alt=\"\" class=\"wp-image-25460\" srcset=\"https:\/\/cuernavaca.gob.mx\/wp-content\/uploads\/2023\/02\/cabildo-abierto-cuernvaca-10-1024x682.jpeg 1024w, https:\/\/cuernavaca.gob.mx\/wp-content\/uploads\/2023\/02\/cabildo-abierto-cuernvaca-10-300x200.jpeg 300w, https:\/\/cuernavaca.gob.mx\/wp-content\/uploads\/2023\/02\/cabildo-abierto-cuernvaca-10-768x512.jpeg 768w, https:\/\/cuernavaca.gob.mx\/wp-content\/uploads\/2023\/02\/cabildo-abierto-cuernvaca-10-1536x1023.jpeg 1536w, https:\/\/cuernavaca.gob.mx\/wp-content\/uploads\/2023\/02\/cabildo-abierto-cuernvaca-10-600x400.jpeg 600w, https:\/\/cuernavaca.gob.mx\/wp-content\/uploads\/2023\/02\/cabildo-abierto-cuernvaca-10-560x373.jpeg 560w, https:\/\/cuernavaca.gob.mx\/wp-content\/uploads\/2023\/02\/cabildo-abierto-cuernvaca-10.jpeg 1600w\" sizes=\"(max-width: 1024px) 100vw, 1024px\" \/><\/figure>\n\n\n\n<figure class=\"wp-block-image size-large\"><img loading=\"lazy\" width=\"1024\" height=\"682\" data-id=\"25468\"  src=\"https:\/\/cuernavaca.gob.mx\/wp-content\/uploads\/2023\/02\/cabildo-abierto-cuernvaca-11-1024x682.jpeg\" alt=\"\" class=\"wp-image-25468\" srcset=\"https:\/\/cuernavaca.gob.mx\/wp-content\/uploads\/2023\/02\/cabildo-abierto-cuernvaca-11-1024x682.jpeg 1024w, https:\/\/cuernavaca.gob.mx\/wp-content\/uploads\/2023\/02\/cabildo-abierto-cuernvaca-11-300x200.jpeg 300w, https:\/\/cuernavaca.gob.mx\/wp-content\/uploads\/2023\/02\/cabildo-abierto-cuernvaca-11-768x512.jpeg 768w, https:\/\/cuernavaca.gob.mx\/wp-content\/uploads\/2023\/02\/cabildo-abierto-cuernvaca-11-1536x1023.jpeg 1536w, https:\/\/cuernavaca.gob.mx\/wp-content\/uploads\/2023\/02\/cabildo-abierto-cuernvaca-11-600x400.jpeg 600w, https:\/\/cuernavaca.gob.mx\/wp-content\/uploads\/2023\/02\/cabildo-abierto-cuernvaca-11-560x373.jpeg 560w, https:\/\/cuernavaca.gob.mx\/wp-content\/uploads\/2023\/02\/cabildo-abierto-cuernvaca-11.jpeg 1600w\" sizes=\"(max-width: 1024px) 100vw, 1024px\" \/><\/figure>\n\n\n\n<figure class=\"wp-block-image size-large\"><img loading=\"lazy\" width=\"1024\" height=\"682\" data-id=\"25458\"  src=\"https:\/\/cuernavaca.gob.mx\/wp-content\/uploads\/2023\/02\/cabildo-abierto-cuernvaca-12-1024x682.jpeg\" alt=\"\" class=\"wp-image-25458\" srcset=\"https:\/\/cuernavaca.gob.mx\/wp-content\/uploads\/2023\/02\/cabildo-abierto-cuernvaca-12-1024x682.jpeg 1024w, https:\/\/cuernavaca.gob.mx\/wp-content\/uploads\/2023\/02\/cabildo-abierto-cuernvaca-12-300x200.jpeg 300w, https:\/\/cuernavaca.gob.mx\/wp-content\/uploads\/2023\/02\/cabildo-abierto-cuernvaca-12-768x512.jpeg 768w, https:\/\/cuernavaca.gob.mx\/wp-content\/uploads\/2023\/02\/cabildo-abierto-cuernvaca-12-1536x1023.jpeg 1536w, https:\/\/cuernavaca.gob.mx\/wp-content\/uploads\/2023\/02\/cabildo-abierto-cuernvaca-12-600x400.jpeg 600w, https:\/\/cuernavaca.gob.mx\/wp-content\/uploads\/2023\/02\/cabildo-abierto-cuernvaca-12-560x373.jpeg 560w, https:\/\/cuernavaca.gob.mx\/wp-content\/uploads\/2023\/02\/cabildo-abierto-cuernvaca-12.jpeg 1600w\" sizes=\"(max-width: 1024px) 100vw, 1024px\" \/><\/figure>\n\n\n\n<figure class=\"wp-block-image size-large\"><img loading=\"lazy\" width=\"1024\" height=\"682\" data-id=\"25472\"  src=\"https:\/\/cuernavaca.gob.mx\/wp-content\/uploads\/2023\/02\/cabildo-abierto-cuernvaca-13-1024x682.jpeg\" alt=\"\" class=\"wp-image-25472\" srcset=\"https:\/\/cuernavaca.gob.mx\/wp-content\/uploads\/2023\/02\/cabildo-abierto-cuernvaca-13-1024x682.jpeg 1024w, https:\/\/cuernavaca.gob.mx\/wp-content\/uploads\/2023\/02\/cabildo-abierto-cuernvaca-13-300x200.jpeg 300w, https:\/\/cuernavaca.gob.mx\/wp-content\/uploads\/2023\/02\/cabildo-abierto-cuernvaca-13-768x512.jpeg 768w, https:\/\/cuernavaca.gob.mx\/wp-content\/uploads\/2023\/02\/cabildo-abierto-cuernvaca-13-1536x1023.jpeg 1536w, https:\/\/cuernavaca.gob.mx\/wp-content\/uploads\/2023\/02\/cabildo-abierto-cuernvaca-13-600x400.jpeg 600w, https:\/\/cuernavaca.gob.mx\/wp-content\/uploads\/2023\/02\/cabildo-abierto-cuernvaca-13-560x373.jpeg 560w, https:\/\/cuernavaca.gob.mx\/wp-content\/uploads\/2023\/02\/cabildo-abierto-cuernvaca-13.jpeg 1600w\" sizes=\"(max-width: 1024px) 100vw, 1024px\" \/><\/figure>\n\n\n\n<figure class=\"wp-block-image size-large\"><img loading=\"lazy\" width=\"1024\" height=\"682\" data-id=\"25467\"  src=\"https:\/\/cuernavaca.gob.mx\/wp-content\/uploads\/2023\/02\/cabildo-abierto-cuernvaca-14-1024x682.jpeg\" alt=\"\" class=\"wp-image-25467\" srcset=\"https:\/\/cuernavaca.gob.mx\/wp-content\/uploads\/2023\/02\/cabildo-abierto-cuernvaca-14-1024x682.jpeg 1024w, https:\/\/cuernavaca.gob.mx\/wp-content\/uploads\/2023\/02\/cabildo-abierto-cuernvaca-14-300x200.jpeg 300w, https:\/\/cuernavaca.gob.mx\/wp-content\/uploads\/2023\/02\/cabildo-abierto-cuernvaca-14-768x512.jpeg 768w, https:\/\/cuernavaca.gob.mx\/wp-content\/uploads\/2023\/02\/cabildo-abierto-cuernvaca-14-1536x1023.jpeg 1536w, https:\/\/cuernavaca.gob.mx\/wp-content\/uploads\/2023\/02\/cabildo-abierto-cuernvaca-14-600x400.jpeg 600w, https:\/\/cuernavaca.gob.mx\/wp-content\/uploads\/2023\/02\/cabildo-abierto-cuernvaca-14-560x373.jpeg 560w, https:\/\/cuernavaca.gob.mx\/wp-content\/uploads\/2023\/02\/cabildo-abierto-cuernvaca-14.jpeg 1600w\" sizes=\"(max-width: 1024px) 100vw, 1024px\" \/><\/figure>\n\n\n\n<figure class=\"wp-block-image size-large\"><img loading=\"lazy\" width=\"1024\" height=\"682\" data-id=\"25456\"  src=\"https:\/\/cuernavaca.gob.mx\/wp-content\/uploads\/2023\/02\/cabildo-abierto-cuernvaca-15-1024x682.jpeg\" alt=\"\" class=\"wp-image-25456\" srcset=\"https:\/\/cuernavaca.gob.mx\/wp-content\/uploads\/2023\/02\/cabildo-abierto-cuernvaca-15-1024x682.jpeg 1024w, https:\/\/cuernavaca.gob.mx\/wp-content\/uploads\/2023\/02\/cabildo-abierto-cuernvaca-15-300x200.jpeg 300w, https:\/\/cuernavaca.gob.mx\/wp-content\/uploads\/2023\/02\/cabildo-abierto-cuernvaca-15-768x512.jpeg 768w, https:\/\/cuernavaca.gob.mx\/wp-content\/uploads\/2023\/02\/cabildo-abierto-cuernvaca-15-1536x1023.jpeg 1536w, https:\/\/cuernavaca.gob.mx\/wp-content\/uploads\/2023\/02\/cabildo-abierto-cuernvaca-15-600x400.jpeg 600w, https:\/\/cuernavaca.gob.mx\/wp-content\/uploads\/2023\/02\/cabildo-abierto-cuernvaca-15-560x373.jpeg 560w, https:\/\/cuernavaca.gob.mx\/wp-content\/uploads\/2023\/02\/cabildo-abierto-cuernvaca-15.jpeg 1600w\" sizes=\"(max-width: 1024px) 100vw, 1024px\" \/><\/figure>\n\n\n\n<figure class=\"wp-block-image size-large\"><img loading=\"lazy\" width=\"1024\" height=\"682\" data-id=\"25461\"  src=\"https:\/\/cuernavaca.gob.mx\/wp-content\/uploads\/2023\/02\/cabildo-abierto-cuernvaca-16-1024x682.jpeg\" alt=\"\" class=\"wp-image-25461\" srcset=\"https:\/\/cuernavaca.gob.mx\/wp-content\/uploads\/2023\/02\/cabildo-abierto-cuernvaca-16-1024x682.jpeg 1024w, https:\/\/cuernavaca.gob.mx\/wp-content\/uploads\/2023\/02\/cabildo-abierto-cuernvaca-16-300x200.jpeg 300w, https:\/\/cuernavaca.gob.mx\/wp-content\/uploads\/2023\/02\/cabildo-abierto-cuernvaca-16-768x512.jpeg 768w, https:\/\/cuernavaca.gob.mx\/wp-content\/uploads\/2023\/02\/cabildo-abierto-cuernvaca-16-1536x1023.jpeg 1536w, https:\/\/cuernavaca.gob.mx\/wp-content\/uploads\/2023\/02\/cabildo-abierto-cuernvaca-16-600x400.jpeg 600w, https:\/\/cuernavaca.gob.mx\/wp-content\/uploads\/2023\/02\/cabildo-abierto-cuernvaca-16-560x373.jpeg 560w, https:\/\/cuernavaca.gob.mx\/wp-content\/uploads\/2023\/02\/cabildo-abierto-cuernvaca-16.jpeg 1600w\" sizes=\"(max-width: 1024px) 100vw, 1024px\" \/><\/figure>\n\n\n\n<figure class=\"wp-block-image size-large\"><img loading=\"lazy\" width=\"1024\" height=\"682\" data-id=\"25462\"  src=\"https:\/\/cuernavaca.gob.mx\/wp-content\/uploads\/2023\/02\/cabildo-abierto-cuernvaca-17-1024x682.jpeg\" alt=\"\" class=\"wp-image-25462\" srcset=\"https:\/\/cuernavaca.gob.mx\/wp-content\/uploads\/2023\/02\/cabildo-abierto-cuernvaca-17-1024x682.jpeg 1024w, https:\/\/cuernavaca.gob.mx\/wp-content\/uploads\/2023\/02\/cabildo-abierto-cuernvaca-17-300x200.jpeg 300w, https:\/\/cuernavaca.gob.mx\/wp-content\/uploads\/2023\/02\/cabildo-abierto-cuernvaca-17-768x512.jpeg 768w, https:\/\/cuernavaca.gob.mx\/wp-content\/uploads\/2023\/02\/cabildo-abierto-cuernvaca-17-1536x1023.jpeg 1536w, https:\/\/cuernavaca.gob.mx\/wp-content\/uploads\/2023\/02\/cabildo-abierto-cuernvaca-17-600x400.jpeg 600w, https:\/\/cuernavaca.gob.mx\/wp-content\/uploads\/2023\/02\/cabildo-abierto-cuernvaca-17-560x373.jpeg 560w, https:\/\/cuernavaca.gob.mx\/wp-content\/uploads\/2023\/02\/cabildo-abierto-cuernvaca-17.jpeg 1600w\" sizes=\"(max-width: 1024px) 100vw, 1024px\" \/><\/figure>\n\n\n\n<figure class=\"wp-block-image size-large\"><img loading=\"lazy\" width=\"1024\" height=\"682\" data-id=\"25464\"  src=\"https:\/\/cuernavaca.gob.mx\/wp-content\/uploads\/2023\/02\/cabildo-abierto-cuernvaca-18-1024x682.jpeg\" alt=\"\" class=\"wp-image-25464\" srcset=\"https:\/\/cuernavaca.gob.mx\/wp-content\/uploads\/2023\/02\/cabildo-abierto-cuernvaca-18-1024x682.jpeg 1024w, https:\/\/cuernavaca.gob.mx\/wp-content\/uploads\/2023\/02\/cabildo-abierto-cuernvaca-18-300x200.jpeg 300w, https:\/\/cuernavaca.gob.mx\/wp-content\/uploads\/2023\/02\/cabildo-abierto-cuernvaca-18-768x512.jpeg 768w, https:\/\/cuernavaca.gob.mx\/wp-content\/uploads\/2023\/02\/cabildo-abierto-cuernvaca-18-1536x1023.jpeg 1536w, https:\/\/cuernavaca.gob.mx\/wp-content\/uploads\/2023\/02\/cabildo-abierto-cuernvaca-18-600x400.jpeg 600w, https:\/\/cuernavaca.gob.mx\/wp-content\/uploads\/2023\/02\/cabildo-abierto-cuernvaca-18-560x373.jpeg 560w, https:\/\/cuernavaca.gob.mx\/wp-content\/uploads\/2023\/02\/cabildo-abierto-cuernvaca-18.jpeg 1600w\" sizes=\"(max-width: 1024px) 100vw, 1024px\" \/><\/figure>\n\n\n\n<figure class=\"wp-block-image size-large\"><img loading=\"lazy\" width=\"1024\" height=\"682\" data-id=\"25457\"  src=\"https:\/\/cuernavaca.gob.mx\/wp-content\/uploads\/2023\/02\/cabildo-abierto-cuernvaca-19-1024x682.jpeg\" alt=\"\" class=\"wp-image-25457\" srcset=\"https:\/\/cuernavaca.gob.mx\/wp-content\/uploads\/2023\/02\/cabildo-abierto-cuernvaca-19-1024x682.jpeg 1024w, https:\/\/cuernavaca.gob.mx\/wp-content\/uploads\/2023\/02\/cabildo-abierto-cuernvaca-19-300x200.jpeg 300w, https:\/\/cuernavaca.gob.mx\/wp-content\/uploads\/2023\/02\/cabildo-abierto-cuernvaca-19-768x512.jpeg 768w, https:\/\/cuernavaca.gob.mx\/wp-content\/uploads\/2023\/02\/cabildo-abierto-cuernvaca-19-1536x1023.jpeg 1536w, https:\/\/cuernavaca.gob.mx\/wp-content\/uploads\/2023\/02\/cabildo-abierto-cuernvaca-19-600x400.jpeg 600w, https:\/\/cuernavaca.gob.mx\/wp-content\/uploads\/2023\/02\/cabildo-abierto-cuernvaca-19-560x373.jpeg 560w, https:\/\/cuernavaca.gob.mx\/wp-content\/uploads\/2023\/02\/cabildo-abierto-cuernvaca-19.jpeg 1600w\" sizes=\"(max-width: 1024px) 100vw, 1024px\" \/><\/figure>\n\n\n\n<figure class=\"wp-block-image size-large\"><img loading=\"lazy\" width=\"1024\" height=\"682\" data-id=\"25470\"  src=\"https:\/\/cuernavaca.gob.mx\/wp-content\/uploads\/2023\/02\/cabildo-abierto-cuernvaca-20-1024x682.jpeg\" alt=\"\" class=\"wp-image-25470\" srcset=\"https:\/\/cuernavaca.gob.mx\/wp-content\/uploads\/2023\/02\/cabildo-abierto-cuernvaca-20-1024x682.jpeg 1024w, https:\/\/cuernavaca.gob.mx\/wp-content\/uploads\/2023\/02\/cabildo-abierto-cuernvaca-20-300x200.jpeg 300w, https:\/\/cuernavaca.gob.mx\/wp-content\/uploads\/2023\/02\/cabildo-abierto-cuernvaca-20-768x512.jpeg 768w, https:\/\/cuernavaca.gob.mx\/wp-content\/uploads\/2023\/02\/cabildo-abierto-cuernvaca-20-1536x1023.jpeg 1536w, https:\/\/cuernavaca.gob.mx\/wp-content\/uploads\/2023\/02\/cabildo-abierto-cuernvaca-20-600x400.jpeg 600w, https:\/\/cuernavaca.gob.mx\/wp-content\/uploads\/2023\/02\/cabildo-abierto-cuernvaca-20-560x373.jpeg 560w, https:\/\/cuernavaca.gob.mx\/wp-content\/uploads\/2023\/02\/cabildo-abierto-cuernvaca-20.jpeg 1600w\" sizes=\"(max-width: 1024px) 100vw, 1024px\" \/><\/figure>\n\n\n\n<figure class=\"wp-block-image size-large\"><img loading=\"lazy\" width=\"1024\" height=\"682\" data-id=\"25451\"  src=\"https:\/\/cuernavaca.gob.mx\/wp-content\/uploads\/2023\/02\/cabildo-abierto-cuernvaca-21-1024x682.jpeg\" alt=\"\" class=\"wp-image-25451\" srcset=\"https:\/\/cuernavaca.gob.mx\/wp-content\/uploads\/2023\/02\/cabildo-abierto-cuernvaca-21-1024x682.jpeg 1024w, https:\/\/cuernavaca.gob.mx\/wp-content\/uploads\/2023\/02\/cabildo-abierto-cuernvaca-21-300x200.jpeg 300w, https:\/\/cuernavaca.gob.mx\/wp-content\/uploads\/2023\/02\/cabildo-abierto-cuernvaca-21-768x512.jpeg 768w, https:\/\/cuernavaca.gob.mx\/wp-content\/uploads\/2023\/02\/cabildo-abierto-cuernvaca-21-1536x1023.jpeg 1536w, https:\/\/cuernavaca.gob.mx\/wp-content\/uploads\/2023\/02\/cabildo-abierto-cuernvaca-21-600x400.jpeg 600w, https:\/\/cuernavaca.gob.mx\/wp-content\/uploads\/2023\/02\/cabildo-abierto-cuernvaca-21-560x373.jpeg 560w, https:\/\/cuernavaca.gob.mx\/wp-content\/uploads\/2023\/02\/cabildo-abierto-cuernvaca-21.jpeg 1600w\" sizes=\"(max-width: 1024px) 100vw, 1024px\" \/><\/figure>\n\n\n\n<figure class=\"wp-block-image size-large\"><img loading=\"lazy\" width=\"1024\" height=\"682\" data-id=\"25469\"  src=\"https:\/\/cuernavaca.gob.mx\/wp-content\/uploads\/2023\/02\/cabildo-abierto-cuernvaca-22-1024x682.jpeg\" alt=\"\" class=\"wp-image-25469\" srcset=\"https:\/\/cuernavaca.gob.mx\/wp-content\/uploads\/2023\/02\/cabildo-abierto-cuernvaca-22-1024x682.jpeg 1024w, https:\/\/cuernavaca.gob.mx\/wp-content\/uploads\/2023\/02\/cabildo-abierto-cuernvaca-22-300x200.jpeg 300w, https:\/\/cuernavaca.gob.mx\/wp-content\/uploads\/2023\/02\/cabildo-abierto-cuernvaca-22-768x512.jpeg 768w, https:\/\/cuernavaca.gob.mx\/wp-content\/uploads\/2023\/02\/cabildo-abierto-cuernvaca-22-1536x1023.jpeg 1536w, https:\/\/cuernavaca.gob.mx\/wp-content\/uploads\/2023\/02\/cabildo-abierto-cuernvaca-22-600x400.jpeg 600w, https:\/\/cuernavaca.gob.mx\/wp-content\/uploads\/2023\/02\/cabildo-abierto-cuernvaca-22-560x373.jpeg 560w, https:\/\/cuernavaca.gob.mx\/wp-content\/uploads\/2023\/02\/cabildo-abierto-cuernvaca-22.jpeg 1600w\" sizes=\"(max-width: 1024px) 100vw, 1024px\" \/><\/figure>\n\n\n\n<figure class=\"wp-block-image size-large\"><img loading=\"lazy\" width=\"1024\" height=\"682\" data-id=\"25448\"  src=\"https:\/\/cuernavaca.gob.mx\/wp-content\/uploads\/2023\/02\/cabildo-abierto-cuernvaca-23-1024x682.jpeg\" alt=\"\" class=\"wp-image-25448\" srcset=\"https:\/\/cuernavaca.gob.mx\/wp-content\/uploads\/2023\/02\/cabildo-abierto-cuernvaca-23-1024x682.jpeg 1024w, https:\/\/cuernavaca.gob.mx\/wp-content\/uploads\/2023\/02\/cabildo-abierto-cuernvaca-23-300x200.jpeg 300w, https:\/\/cuernavaca.gob.mx\/wp-content\/uploads\/2023\/02\/cabildo-abierto-cuernvaca-23-768x512.jpeg 768w, https:\/\/cuernavaca.gob.mx\/wp-content\/uploads\/2023\/02\/cabildo-abierto-cuernvaca-23-600x400.jpeg 600w, https:\/\/cuernavaca.gob.mx\/wp-content\/uploads\/2023\/02\/cabildo-abierto-cuernvaca-23-560x373.jpeg 560w, https:\/\/cuernavaca.gob.mx\/wp-content\/uploads\/2023\/02\/cabildo-abierto-cuernvaca-23.jpeg 1280w\" sizes=\"(max-width: 1024px) 100vw, 1024px\" \/><\/figure>\n\n\n\n<figure class=\"wp-block-image size-large\"><img loading=\"lazy\" width=\"1024\" height=\"682\" data-id=\"25450\"  src=\"https:\/\/cuernavaca.gob.mx\/wp-content\/uploads\/2023\/02\/cabildo-abierto-cuernvaca-24-1024x682.jpeg\" alt=\"\" class=\"wp-image-25450\" srcset=\"https:\/\/cuernavaca.gob.mx\/wp-content\/uploads\/2023\/02\/cabildo-abierto-cuernvaca-24-1024x682.jpeg 1024w, https:\/\/cuernavaca.gob.mx\/wp-content\/uploads\/2023\/02\/cabildo-abierto-cuernvaca-24-300x200.jpeg 300w, https:\/\/cuernavaca.gob.mx\/wp-content\/uploads\/2023\/02\/cabildo-abierto-cuernvaca-24-768x512.jpeg 768w, https:\/\/cuernavaca.gob.mx\/wp-content\/uploads\/2023\/02\/cabildo-abierto-cuernvaca-24-600x400.jpeg 600w, https:\/\/cuernavaca.gob.mx\/wp-content\/uploads\/2023\/02\/cabildo-abierto-cuernvaca-24-560x373.jpeg 560w, https:\/\/cuernavaca.gob.mx\/wp-content\/uploads\/2023\/02\/cabildo-abierto-cuernvaca-24.jpeg 1280w\" sizes=\"(max-width: 1024px) 100vw, 1024px\" \/><\/figure>\n\n\n\n<figure class=\"wp-block-image size-large\"><img loading=\"lazy\" width=\"1024\" height=\"682\" data-id=\"25449\"  src=\"https:\/\/cuernavaca.gob.mx\/wp-content\/uploads\/2023\/02\/cabildo-abierto-cuernvaca-25-1024x682.jpeg\" alt=\"\" class=\"wp-image-25449\" srcset=\"https:\/\/cuernavaca.gob.mx\/wp-content\/uploads\/2023\/02\/cabildo-abierto-cuernvaca-25-1024x682.jpeg 1024w, https:\/\/cuernavaca.gob.mx\/wp-content\/uploads\/2023\/02\/cabildo-abierto-cuernvaca-25-300x200.jpeg 300w, https:\/\/cuernavaca.gob.mx\/wp-content\/uploads\/2023\/02\/cabildo-abierto-cuernvaca-25-768x512.jpeg 768w, https:\/\/cuernavaca.gob.mx\/wp-content\/uploads\/2023\/02\/cabildo-abierto-cuernvaca-25-600x400.jpeg 600w, https:\/\/cuernavaca.gob.mx\/wp-content\/uploads\/2023\/02\/cabildo-abierto-cuernvaca-25-560x373.jpeg 560w, https:\/\/cuernavaca.gob.mx\/wp-content\/uploads\/2023\/02\/cabildo-abierto-cuernvaca-25.jpeg 1280w\" sizes=\"(max-width: 1024px) 100vw, 1024px\" \/><\/figure>\n<\/figure>\n","protected":false},"excerpt":{"rendered":"<p>\u2022 Con una gran participaci\u00f3n ciudadana este viernes se llev\u00f3 a cabo la sesi\u00f3n de Cabildo Abierto en el poblado de Tlaltenango \u2022 El presidente municipal, Jos\u00e9 Luis Uri\u00f3stegui, hizo un llamado a trabajar en conjunto para lograr que Cuernavaca salga adelante de las dificultades hist\u00f3ricas que presenta \u201cPara que la ciudad de Cuernavaca renazca [&hellip;]<\/p>\n","protected":false},"author":1,"featured_media":25469,"comment_status":"closed","ping_status":"open","sticky":false,"template":"","format":"standard","meta":[],"categories":[20],"tags":[158,988,121,120,206,1264],"aioseo_notices":[],"_links":{"self":[{"href":"https:\/\/cuernavaca.gob.mx\/index.php?rest_route=\/wp\/v2\/posts\/25447"}],"collection":[{"href":"https:\/\/cuernavaca.gob.mx\/index.php?rest_route=\/wp\/v2\/posts"}],"about":[{"href":"https:\/\/cuernavaca.gob.mx\/index.php?rest_route=\/wp\/v2\/types\/post"}],"author":[{"embeddable":true,"href":"https:\/\/cuernavaca.gob.mx\/index.php?rest_route=\/wp\/v2\/users\/1"}],"replies":[{"embeddable":true,"href":"https:\/\/cuernavaca.gob.mx\/index.php?rest_route=%2Fwp%2Fv2%2Fcomments&post=25447"}],"version-history":[{"count":1,"href":"https:\/\/cuernavaca.gob.mx\/index.php?rest_route=\/wp\/v2\/posts\/25447\/revisions"}],"predecessor-version":[{"id":25473,"href":"https:\/\/cuernavaca.gob.mx\/index.php?rest_route=\/wp\/v2\/posts\/25447\/revisions\/25473"}],"wp:featuredmedia":[{"embeddable":true,"href":"https:\/\/cuernavaca.gob.mx\/index.php?rest_route=\/wp\/v2\/media\/25469"}],"wp:attachment":[{"href":"https:\/\/cuernavaca.gob.mx\/index.php?rest_route=%2Fwp%2Fv2%2Fmedia&parent=25447"}],"wp:term":[{"taxonomy":"category","embeddable":true,"href":"https:\/\/cuernavaca.gob.mx\/index.php?rest_route=%2Fwp%2Fv2%2Fcategories&post=25447"},{"taxonomy":"post_tag","embeddable":true,"href":"https:\/\/cuernavaca.gob.mx\/index.php?rest_route=%2Fwp%2Fv2%2Ftags&post=25447"}],"curies":[{"name":"wp","href":"https:\/\/api.w.org\/{rel}","templated":true}]}}