{"id":25474,"date":"2023-02-24T18:30:00","date_gmt":"2023-02-25T00:30:00","guid":{"rendered":"https:\/\/cuernavaca.gob.mx\/?p=25474"},"modified":"2025-05-06T12:33:58","modified_gmt":"2025-05-06T18:33:58","slug":"f363-23702-23-instituto-del-deporte-de-cuernavaca-genera-acciones-a-favor-de-la-salud-fisica-y-mental-de-estudiantes-del-conalep","status":"publish","type":"post","link":"https:\/\/cuernavaca.gob.mx\/?p=25474","title":{"rendered":"F363 23702\/23 INSTITUTO DEL DEPORTE DE CUERNAVACA GENERA ACCIONES A FAVOR DE LA SALUD F\u00cdSICA Y MENTAL DE ESTUDIANTES DEL CONALEP"},"content":{"rendered":"\n<p>Como parte de las acciones que ha encabezado el Ayuntamiento de Cuernavaca para mejorar la salud f\u00edsica y mental de la poblaci\u00f3n, logrando generar comunidades m\u00e1s fuertes, el Instituto del Deporte, adscrito a la Secretar\u00eda de Desarrollo Humano y Participaci\u00f3n Social, llev\u00f3 a cabo, a invitaci\u00f3n de UNEME CAPA, una jornada de activaci\u00f3n f\u00edsica a cerca de 600 estudiantes del Conalep Cuernavaca.<\/p>\n\n\n\n<p>El director general del Instituto del Deporte, Gerardo Olvera Moreno, indic\u00f3 que con esta actividad han visitado diferentes institutos educativos integrando a los estudiantes en actividades f\u00edsicas y recreativas que los saquen de su rutina escolar y la monoton\u00eda diaria, mejorando su salud, al mismo tiempo que les ayudan a socializar de mejor manera con sus compa\u00f1eros en un ambiente sano netamente estudiantil y seguro.<\/p>\n\n\n\n<p>\u201cLes brindamos a los j\u00f3venes espacios entre ellos con actividades propias de ellos donde puedan distraerse para que cuando retornen a sus clases est\u00e9n m\u00e1s concentrados, tranquilos y sean m\u00e1s productivos para aprender; adem\u00e1s de que esto sirve mucho para integrarse y conocerse de otra manera\u201d, expres\u00f3 el funcionario municipal.<\/p>\n\n\n\n<p>Para conocer la gama de actividades que est\u00e1 organizando el Instituto del Deporte pueden acceder a las redes sociales del Municipio de Cuernavaca, de la Secretar\u00eda de Desarrollo Humano y Participaci\u00f3n Social 2022- 2024.<\/p>\n","protected":false},"excerpt":{"rendered":"<p>Como parte de las acciones que ha encabezado el Ayuntamiento de Cuernavaca para mejorar la salud f\u00edsica y mental de la poblaci\u00f3n, logrando generar comunidades m\u00e1s fuertes, el Instituto del Deporte, adscrito a la Secretar\u00eda de Desarrollo Humano y Participaci\u00f3n Social, llev\u00f3 a cabo, a invitaci\u00f3n de UNEME CAPA, una jornada de activaci\u00f3n f\u00edsica a [&hellip;]<\/p>\n","protected":false},"author":1,"featured_media":0,"comment_status":"closed","ping_status":"open","sticky":false,"template":"","format":"standard","meta":[],"categories":[314],"tags":[121,120,693,206],"aioseo_notices":[],"_links":{"self":[{"href":"https:\/\/cuernavaca.gob.mx\/index.php?rest_route=\/wp\/v2\/posts\/25474"}],"collection":[{"href":"https:\/\/cuernavaca.gob.mx\/index.php?rest_route=\/wp\/v2\/posts"}],"about":[{"href":"https:\/\/cuernavaca.gob.mx\/index.php?rest_route=\/wp\/v2\/types\/post"}],"author":[{"embeddable":true,"href":"https:\/\/cuernavaca.gob.mx\/index.php?rest_route=\/wp\/v2\/users\/1"}],"replies":[{"embeddable":true,"href":"https:\/\/cuernavaca.gob.mx\/index.php?rest_route=%2Fwp%2Fv2%2Fcomments&post=25474"}],"version-history":[{"count":1,"href":"https:\/\/cuernavaca.gob.mx\/index.php?rest_route=\/wp\/v2\/posts\/25474\/revisions"}],"predecessor-version":[{"id":25475,"href":"https:\/\/cuernavaca.gob.mx\/index.php?rest_route=\/wp\/v2\/posts\/25474\/revisions\/25475"}],"wp:attachment":[{"href":"https:\/\/cuernavaca.gob.mx\/index.php?rest_route=%2Fwp%2Fv2%2Fmedia&parent=25474"}],"wp:term":[{"taxonomy":"category","embeddable":true,"href":"https:\/\/cuernavaca.gob.mx\/index.php?rest_route=%2Fwp%2Fv2%2Fcategories&post=25474"},{"taxonomy":"post_tag","embeddable":true,"href":"https:\/\/cuernavaca.gob.mx\/index.php?rest_route=%2Fwp%2Fv2%2Ftags&post=25474"}],"curies":[{"name":"wp","href":"https:\/\/api.w.org\/{rel}","templated":true}]}}