{"id":25529,"date":"2023-02-26T16:15:00","date_gmt":"2023-02-26T22:15:00","guid":{"rendered":"https:\/\/cuernavaca.gob.mx\/?p=25529"},"modified":"2025-05-06T12:33:57","modified_gmt":"2025-05-06T18:33:57","slug":"b806-26-02-23-cabildo-de-cuernavaca-mantiene-su-compromiso-de-atender-el-rezago-historico-heredado-en-materia-de-pensiones","status":"publish","type":"post","link":"https:\/\/cuernavaca.gob.mx\/?p=25529","title":{"rendered":"B806 26\/02\/23 CABILDO DE CUERNAVACA MANTIENE SU COMPROMISO DE ATENDER EL REZAGO HIST\u00d3RICO HEREDADO EN MATERIA DE PENSIONES"},"content":{"rendered":"\n<p><strong>\u2022 En sesi\u00f3n ordinaria aprobaron ocho tr\u00e1mites de jubilaci\u00f3n m\u00e1s de empleados del Ayuntamiento de Cuernavaca y del Sistema de Agua Potable y Alcantarillado de Cuernavaca (SAPAC)<\/strong><\/p>\n\n\n\n<p><strong>\u2022 Tres fueron emanadas de la Comisi\u00f3n Permanente Dictaminadora de Pensiones y cinco por mandato judicial<\/strong><\/p>\n\n\n\n<p>Para seguir saldando una deuda hist\u00f3rica con la base trabajadora, integrantes del Cabildo de Cuernavaca aprobaron ocho tr\u00e1mites de jubilaci\u00f3n m\u00e1s de empleados del Gobierno Municipal y del Sistema de Agua Potable y Alcantarillado de Cuernavaca (SAPAC), que corresponden a un acto de justicia social y derechos donde se valoran los a\u00f1os dedicados a estas instituciones gubernamentales.<\/p>\n\n\n\n<p>En el marco de la sesi\u00f3n ordinaria de esta semana, el presidente municipal, Jos\u00e9 Luis Uri\u00f3stegui Salgado; la s\u00edndica municipal, Ver\u00f3nica Atenco P\u00e9rez y los regidores Patricia Torres Rosales, Mirna Delgado Romero, Lucero Cuenca Noria, Paz Hern\u00e1ndez Pardo, Wendi Salinas Ruiz, Debendrenath Salazar Solorio, Jes\u00fas Rosales Puebla, V\u00edctor Manzo God\u00ednez, Fernando Carrillo Alvarado, Adri\u00e1n Mart\u00ednez Terrazas y Christian P\u00e9rez Jaimes, aprobaron por unanimidad los dict\u00e1menes emanados de la Comisi\u00f3n Permanente Dictaminadora de Pensiones.<\/p>\n\n\n\n<p>El regidor presidente de la comisi\u00f3n, Debendrenath Salazar Solorio, se\u00f1al\u00f3 que, si bien cinco fueron por resoluci\u00f3n del Tribunal de Justicia Administrativa (TJA) y del Poder Judicial de la Federaci\u00f3n, llevaron a cabo el an\u00e1lisis y revisi\u00f3n previa de los expedientes en mesas de trabajo con integrantes de la Comisi\u00f3n Dictaminadora de Pensiones, de la Secretar\u00eda de Administraci\u00f3n y del SAPAC, esto con la finalidad de garantizar que cumpl\u00edan con todos los requisitos establecidos por la ley.<\/p>\n\n\n\n<p>Se\u00f1al\u00f3 que, de las ocho pensiones aprobadas, tres fueron emanadas de la propia comisi\u00f3n en calidad de viudez, siendo garantes de que las solicitudes son merecidas y fueron presentadas por las c\u00f3nyuges sup\u00e9rstites (sobrevivientes) y en su caso, concubina de los trabajadores municipales finados, las cuales recibieron el cien por ciento de este derecho; dos correspondientes al organismo descentralizado SAPAC y una a la administraci\u00f3n central.<\/p>\n\n\n\n<p>La Comisi\u00f3n Permanente Dictaminadora de Pensiones del Ayuntamiento de Cuernavaca, ha trabajado a marchas forzadas para terminar con el rezago hist\u00f3rico heredado en esta materia, dando prioridad a los dict\u00e1menes de viudez y orfandad, al tratarse de temas vulnerables, pero sin olvidar las solicitudes de pensi\u00f3n por antig\u00fcedad laboral.<\/p>\n\n\n\n<figure class=\"wp-container-2 wp-block-gallery-1 wp-block-gallery has-nested-images columns-default is-cropped\">\n<figure class=\"wp-block-image size-large\"><img loading=\"lazy\" width=\"1024\" height=\"682\" data-id=\"25530\"  src=\"https:\/\/cuernavaca.gob.mx\/wp-content\/uploads\/2023\/02\/pensiones-cuernavaca-2023-1-1024x682.jpeg\" alt=\"\" class=\"wp-image-25530\" srcset=\"https:\/\/cuernavaca.gob.mx\/wp-content\/uploads\/2023\/02\/pensiones-cuernavaca-2023-1-1024x682.jpeg 1024w, https:\/\/cuernavaca.gob.mx\/wp-content\/uploads\/2023\/02\/pensiones-cuernavaca-2023-1-300x200.jpeg 300w, https:\/\/cuernavaca.gob.mx\/wp-content\/uploads\/2023\/02\/pensiones-cuernavaca-2023-1-768x512.jpeg 768w, https:\/\/cuernavaca.gob.mx\/wp-content\/uploads\/2023\/02\/pensiones-cuernavaca-2023-1-1536x1023.jpeg 1536w, https:\/\/cuernavaca.gob.mx\/wp-content\/uploads\/2023\/02\/pensiones-cuernavaca-2023-1-600x400.jpeg 600w, https:\/\/cuernavaca.gob.mx\/wp-content\/uploads\/2023\/02\/pensiones-cuernavaca-2023-1-560x373.jpeg 560w, https:\/\/cuernavaca.gob.mx\/wp-content\/uploads\/2023\/02\/pensiones-cuernavaca-2023-1.jpeg 1600w\" sizes=\"(max-width: 1024px) 100vw, 1024px\" \/><\/figure>\n\n\n\n<figure class=\"wp-block-image size-large\"><img loading=\"lazy\" width=\"1024\" height=\"682\" data-id=\"25532\"  src=\"https:\/\/cuernavaca.gob.mx\/wp-content\/uploads\/2023\/02\/pensiones-cuernavaca-2023-2-1024x682.jpeg\" alt=\"\" class=\"wp-image-25532\" srcset=\"https:\/\/cuernavaca.gob.mx\/wp-content\/uploads\/2023\/02\/pensiones-cuernavaca-2023-2-1024x682.jpeg 1024w, https:\/\/cuernavaca.gob.mx\/wp-content\/uploads\/2023\/02\/pensiones-cuernavaca-2023-2-300x200.jpeg 300w, https:\/\/cuernavaca.gob.mx\/wp-content\/uploads\/2023\/02\/pensiones-cuernavaca-2023-2-768x512.jpeg 768w, https:\/\/cuernavaca.gob.mx\/wp-content\/uploads\/2023\/02\/pensiones-cuernavaca-2023-2-1536x1023.jpeg 1536w, https:\/\/cuernavaca.gob.mx\/wp-content\/uploads\/2023\/02\/pensiones-cuernavaca-2023-2-600x400.jpeg 600w, https:\/\/cuernavaca.gob.mx\/wp-content\/uploads\/2023\/02\/pensiones-cuernavaca-2023-2-560x373.jpeg 560w, https:\/\/cuernavaca.gob.mx\/wp-content\/uploads\/2023\/02\/pensiones-cuernavaca-2023-2.jpeg 1600w\" sizes=\"(max-width: 1024px) 100vw, 1024px\" \/><\/figure>\n\n\n\n<figure class=\"wp-block-image size-large\"><img loading=\"lazy\" width=\"1024\" height=\"682\" data-id=\"25531\"  src=\"https:\/\/cuernavaca.gob.mx\/wp-content\/uploads\/2023\/02\/pensiones-cuernavaca-2023-3-1024x682.jpeg\" alt=\"\" class=\"wp-image-25531\" srcset=\"https:\/\/cuernavaca.gob.mx\/wp-content\/uploads\/2023\/02\/pensiones-cuernavaca-2023-3-1024x682.jpeg 1024w, https:\/\/cuernavaca.gob.mx\/wp-content\/uploads\/2023\/02\/pensiones-cuernavaca-2023-3-300x200.jpeg 300w, https:\/\/cuernavaca.gob.mx\/wp-content\/uploads\/2023\/02\/pensiones-cuernavaca-2023-3-768x512.jpeg 768w, https:\/\/cuernavaca.gob.mx\/wp-content\/uploads\/2023\/02\/pensiones-cuernavaca-2023-3-1536x1023.jpeg 1536w, https:\/\/cuernavaca.gob.mx\/wp-content\/uploads\/2023\/02\/pensiones-cuernavaca-2023-3-600x400.jpeg 600w, https:\/\/cuernavaca.gob.mx\/wp-content\/uploads\/2023\/02\/pensiones-cuernavaca-2023-3-560x373.jpeg 560w, https:\/\/cuernavaca.gob.mx\/wp-content\/uploads\/2023\/02\/pensiones-cuernavaca-2023-3.jpeg 1600w\" sizes=\"(max-width: 1024px) 100vw, 1024px\" \/><\/figure>\n\n\n\n<figure class=\"wp-block-image size-large\"><img loading=\"lazy\" width=\"1024\" height=\"682\" data-id=\"25533\"  src=\"https:\/\/cuernavaca.gob.mx\/wp-content\/uploads\/2023\/02\/pensiones-cuernavaca-2023-4-1024x682.jpeg\" alt=\"\" class=\"wp-image-25533\" srcset=\"https:\/\/cuernavaca.gob.mx\/wp-content\/uploads\/2023\/02\/pensiones-cuernavaca-2023-4-1024x682.jpeg 1024w, https:\/\/cuernavaca.gob.mx\/wp-content\/uploads\/2023\/02\/pensiones-cuernavaca-2023-4-300x200.jpeg 300w, https:\/\/cuernavaca.gob.mx\/wp-content\/uploads\/2023\/02\/pensiones-cuernavaca-2023-4-768x512.jpeg 768w, https:\/\/cuernavaca.gob.mx\/wp-content\/uploads\/2023\/02\/pensiones-cuernavaca-2023-4-1536x1023.jpeg 1536w, https:\/\/cuernavaca.gob.mx\/wp-content\/uploads\/2023\/02\/pensiones-cuernavaca-2023-4-600x400.jpeg 600w, https:\/\/cuernavaca.gob.mx\/wp-content\/uploads\/2023\/02\/pensiones-cuernavaca-2023-4-560x373.jpeg 560w, https:\/\/cuernavaca.gob.mx\/wp-content\/uploads\/2023\/02\/pensiones-cuernavaca-2023-4.jpeg 1600w\" sizes=\"(max-width: 1024px) 100vw, 1024px\" \/><\/figure>\n<\/figure>\n","protected":false},"excerpt":{"rendered":"<p>\u2022 En sesi\u00f3n ordinaria aprobaron ocho tr\u00e1mites de jubilaci\u00f3n m\u00e1s de empleados del Ayuntamiento de Cuernavaca y del Sistema de Agua Potable y Alcantarillado de Cuernavaca (SAPAC) \u2022 Tres fueron emanadas de la Comisi\u00f3n Permanente Dictaminadora de Pensiones y cinco por mandato judicial Para seguir saldando una deuda hist\u00f3rica con la base trabajadora, integrantes del [&hellip;]<\/p>\n","protected":false},"author":1,"featured_media":25530,"comment_status":"closed","ping_status":"open","sticky":false,"template":"","format":"standard","meta":[],"categories":[20],"tags":[158,121,120,206,1928,161],"aioseo_notices":[],"_links":{"self":[{"href":"https:\/\/cuernavaca.gob.mx\/index.php?rest_route=\/wp\/v2\/posts\/25529"}],"collection":[{"href":"https:\/\/cuernavaca.gob.mx\/index.php?rest_route=\/wp\/v2\/posts"}],"about":[{"href":"https:\/\/cuernavaca.gob.mx\/index.php?rest_route=\/wp\/v2\/types\/post"}],"author":[{"embeddable":true,"href":"https:\/\/cuernavaca.gob.mx\/index.php?rest_route=\/wp\/v2\/users\/1"}],"replies":[{"embeddable":true,"href":"https:\/\/cuernavaca.gob.mx\/index.php?rest_route=%2Fwp%2Fv2%2Fcomments&post=25529"}],"version-history":[{"count":1,"href":"https:\/\/cuernavaca.gob.mx\/index.php?rest_route=\/wp\/v2\/posts\/25529\/revisions"}],"predecessor-version":[{"id":25534,"href":"https:\/\/cuernavaca.gob.mx\/index.php?rest_route=\/wp\/v2\/posts\/25529\/revisions\/25534"}],"wp:featuredmedia":[{"embeddable":true,"href":"https:\/\/cuernavaca.gob.mx\/index.php?rest_route=\/wp\/v2\/media\/25530"}],"wp:attachment":[{"href":"https:\/\/cuernavaca.gob.mx\/index.php?rest_route=%2Fwp%2Fv2%2Fmedia&parent=25529"}],"wp:term":[{"taxonomy":"category","embeddable":true,"href":"https:\/\/cuernavaca.gob.mx\/index.php?rest_route=%2Fwp%2Fv2%2Fcategories&post=25529"},{"taxonomy":"post_tag","embeddable":true,"href":"https:\/\/cuernavaca.gob.mx\/index.php?rest_route=%2Fwp%2Fv2%2Ftags&post=25529"}],"curies":[{"name":"wp","href":"https:\/\/api.w.org\/{rel}","templated":true}]}}