{"id":25577,"date":"2023-02-27T19:30:00","date_gmt":"2023-02-28T01:30:00","guid":{"rendered":"https:\/\/cuernavaca.gob.mx\/?p=25577"},"modified":"2025-05-06T12:33:56","modified_gmt":"2025-05-06T18:33:56","slug":"f367-27-02-23-durante-los-meses-de-enero-y-febrero-del-2023-logra-la-seprac-el-aseguramiento-de-27-automotores-con-reporte-de-robo","status":"publish","type":"post","link":"https:\/\/cuernavaca.gob.mx\/?p=25577","title":{"rendered":"F367 27\/02\/23 DURANTE LOS MESES DE ENERO Y FEBRERO DEL 2023 LOGRA LA SEPRAC EL ASEGURAMIENTO DE 27 AUTOMOTORES CON REPORTE DE ROBO"},"content":{"rendered":"\n<p>La secretaria de Protecci\u00f3n y Auxilio Ciudadano (SEPRAC) de Cuernavaca, Alicia V\u00e1zquez Luna, inform\u00f3 que durante los meses de enero y febrero de este 2023, resultado del trabajo permanente por parte la Unidad de Prevenci\u00f3n a Robo de Veh\u00edculo con apoyo de la Unidad de Telemetr\u00eda y otras \u00e1reas de la polic\u00eda preventiva municipal, se logr\u00f3 la recuperaci\u00f3n de 27 automotores que presentaron irregularidades en medios de identificaci\u00f3n y contaban con reportes de robo.<\/p>\n\n\n\n<p>De esta manera, Cuernavaca contin\u00faa estando a la vanguardia a nivel nacional al ser el primer municipio con mayor registro de recuperaci\u00f3n de veh\u00edculos con reporte de robo, destac\u00f3 V\u00e1zquez Luna, una estrategia que se ha reforzado con la colaboraci\u00f3n de organizaciones como OCRA, que colabora con el Gobierno Municipal que encabeza Jos\u00e9 Luis Uri\u00f3stegui Salgado, con la entrega en comodato de una unidad m\u00f3vil equipada con un sistema que permite la identificaci\u00f3n de veh\u00edculos con reportes de robo en el pa\u00eds.<\/p>\n\n\n\n<p>Durante los dos primeros meses del 2023 se ha puesto a disposici\u00f3n del ministerio p\u00fablico a 9 personas que fueron aseguradas, en el momento de que se transportaban en los automotores con irregularidades y asegurados por elemento de la SEPRAC.<\/p>\n\n\n\n<figure class=\"wp-container-2 wp-block-gallery-1 wp-block-gallery has-nested-images columns-default is-cropped\">\n<figure class=\"wp-block-image size-large\"><img loading=\"lazy\" width=\"1024\" height=\"1024\" data-id=\"25593\"  src=\"https:\/\/cuernavaca.gob.mx\/wp-content\/uploads\/2023\/02\/autos-recuperados-cuernavaca-1-1-1024x1024.jpeg\" alt=\"\" class=\"wp-image-25593\" srcset=\"https:\/\/cuernavaca.gob.mx\/wp-content\/uploads\/2023\/02\/autos-recuperados-cuernavaca-1-1-1024x1024.jpeg 1024w, https:\/\/cuernavaca.gob.mx\/wp-content\/uploads\/2023\/02\/autos-recuperados-cuernavaca-1-1-300x300.jpeg 300w, https:\/\/cuernavaca.gob.mx\/wp-content\/uploads\/2023\/02\/autos-recuperados-cuernavaca-1-1-150x150.jpeg 150w, https:\/\/cuernavaca.gob.mx\/wp-content\/uploads\/2023\/02\/autos-recuperados-cuernavaca-1-1-768x768.jpeg 768w, https:\/\/cuernavaca.gob.mx\/wp-content\/uploads\/2023\/02\/autos-recuperados-cuernavaca-1-1-1536x1536.jpeg 1536w, https:\/\/cuernavaca.gob.mx\/wp-content\/uploads\/2023\/02\/autos-recuperados-cuernavaca-1-1-600x600.jpeg 600w, https:\/\/cuernavaca.gob.mx\/wp-content\/uploads\/2023\/02\/autos-recuperados-cuernavaca-1-1-560x560.jpeg 560w, https:\/\/cuernavaca.gob.mx\/wp-content\/uploads\/2023\/02\/autos-recuperados-cuernavaca-1-1.jpeg 1600w\" sizes=\"(max-width: 1024px) 100vw, 1024px\" \/><\/figure>\n\n\n\n<figure class=\"wp-block-image size-large\"><img loading=\"lazy\" width=\"1024\" height=\"1024\" data-id=\"25595\"  src=\"https:\/\/cuernavaca.gob.mx\/wp-content\/uploads\/2023\/02\/autos-recuperados-cuernavaca-2-1-1024x1024.jpeg\" alt=\"\" class=\"wp-image-25595\" srcset=\"https:\/\/cuernavaca.gob.mx\/wp-content\/uploads\/2023\/02\/autos-recuperados-cuernavaca-2-1-1024x1024.jpeg 1024w, https:\/\/cuernavaca.gob.mx\/wp-content\/uploads\/2023\/02\/autos-recuperados-cuernavaca-2-1-300x300.jpeg 300w, https:\/\/cuernavaca.gob.mx\/wp-content\/uploads\/2023\/02\/autos-recuperados-cuernavaca-2-1-150x150.jpeg 150w, https:\/\/cuernavaca.gob.mx\/wp-content\/uploads\/2023\/02\/autos-recuperados-cuernavaca-2-1-768x768.jpeg 768w, https:\/\/cuernavaca.gob.mx\/wp-content\/uploads\/2023\/02\/autos-recuperados-cuernavaca-2-1-1536x1536.jpeg 1536w, https:\/\/cuernavaca.gob.mx\/wp-content\/uploads\/2023\/02\/autos-recuperados-cuernavaca-2-1-600x600.jpeg 600w, https:\/\/cuernavaca.gob.mx\/wp-content\/uploads\/2023\/02\/autos-recuperados-cuernavaca-2-1-560x560.jpeg 560w, https:\/\/cuernavaca.gob.mx\/wp-content\/uploads\/2023\/02\/autos-recuperados-cuernavaca-2-1.jpeg 1600w\" sizes=\"(max-width: 1024px) 100vw, 1024px\" \/><\/figure>\n\n\n\n<figure class=\"wp-block-image size-large\"><img loading=\"lazy\" width=\"1024\" height=\"1024\" data-id=\"25594\"  src=\"https:\/\/cuernavaca.gob.mx\/wp-content\/uploads\/2023\/02\/autos-recuperados-cuernavaca-3-1-1024x1024.jpeg\" alt=\"\" class=\"wp-image-25594\" srcset=\"https:\/\/cuernavaca.gob.mx\/wp-content\/uploads\/2023\/02\/autos-recuperados-cuernavaca-3-1-1024x1024.jpeg 1024w, https:\/\/cuernavaca.gob.mx\/wp-content\/uploads\/2023\/02\/autos-recuperados-cuernavaca-3-1-300x300.jpeg 300w, https:\/\/cuernavaca.gob.mx\/wp-content\/uploads\/2023\/02\/autos-recuperados-cuernavaca-3-1-150x150.jpeg 150w, https:\/\/cuernavaca.gob.mx\/wp-content\/uploads\/2023\/02\/autos-recuperados-cuernavaca-3-1-768x768.jpeg 768w, https:\/\/cuernavaca.gob.mx\/wp-content\/uploads\/2023\/02\/autos-recuperados-cuernavaca-3-1-1536x1536.jpeg 1536w, https:\/\/cuernavaca.gob.mx\/wp-content\/uploads\/2023\/02\/autos-recuperados-cuernavaca-3-1-600x600.jpeg 600w, https:\/\/cuernavaca.gob.mx\/wp-content\/uploads\/2023\/02\/autos-recuperados-cuernavaca-3-1-560x560.jpeg 560w, https:\/\/cuernavaca.gob.mx\/wp-content\/uploads\/2023\/02\/autos-recuperados-cuernavaca-3-1.jpeg 1600w\" sizes=\"(max-width: 1024px) 100vw, 1024px\" \/><\/figure>\n\n\n\n<figure class=\"wp-block-image size-large\"><img loading=\"lazy\" width=\"1024\" height=\"1024\" data-id=\"25597\"  src=\"https:\/\/cuernavaca.gob.mx\/wp-content\/uploads\/2023\/02\/autos-recuperados-cuernavaca-4-1-1024x1024.jpg\" alt=\"\" class=\"wp-image-25597\" srcset=\"https:\/\/cuernavaca.gob.mx\/wp-content\/uploads\/2023\/02\/autos-recuperados-cuernavaca-4-1-1024x1024.jpg 1024w, https:\/\/cuernavaca.gob.mx\/wp-content\/uploads\/2023\/02\/autos-recuperados-cuernavaca-4-1-300x300.jpg 300w, https:\/\/cuernavaca.gob.mx\/wp-content\/uploads\/2023\/02\/autos-recuperados-cuernavaca-4-1-150x150.jpg 150w, https:\/\/cuernavaca.gob.mx\/wp-content\/uploads\/2023\/02\/autos-recuperados-cuernavaca-4-1-768x768.jpg 768w, https:\/\/cuernavaca.gob.mx\/wp-content\/uploads\/2023\/02\/autos-recuperados-cuernavaca-4-1-1536x1536.jpg 1536w, https:\/\/cuernavaca.gob.mx\/wp-content\/uploads\/2023\/02\/autos-recuperados-cuernavaca-4-1-600x600.jpg 600w, https:\/\/cuernavaca.gob.mx\/wp-content\/uploads\/2023\/02\/autos-recuperados-cuernavaca-4-1-560x560.jpg 560w, https:\/\/cuernavaca.gob.mx\/wp-content\/uploads\/2023\/02\/autos-recuperados-cuernavaca-4-1.jpg 2000w\" sizes=\"(max-width: 1024px) 100vw, 1024px\" \/><\/figure>\n\n\n\n<figure class=\"wp-block-image size-large\"><img loading=\"lazy\" width=\"1024\" height=\"1024\" data-id=\"25599\"  src=\"https:\/\/cuernavaca.gob.mx\/wp-content\/uploads\/2023\/02\/autos-recuperados-cuernavaca-5-1-1024x1024.jpg\" alt=\"\" class=\"wp-image-25599\" srcset=\"https:\/\/cuernavaca.gob.mx\/wp-content\/uploads\/2023\/02\/autos-recuperados-cuernavaca-5-1-1024x1024.jpg 1024w, https:\/\/cuernavaca.gob.mx\/wp-content\/uploads\/2023\/02\/autos-recuperados-cuernavaca-5-1-300x300.jpg 300w, https:\/\/cuernavaca.gob.mx\/wp-content\/uploads\/2023\/02\/autos-recuperados-cuernavaca-5-1-150x150.jpg 150w, https:\/\/cuernavaca.gob.mx\/wp-content\/uploads\/2023\/02\/autos-recuperados-cuernavaca-5-1-768x768.jpg 768w, https:\/\/cuernavaca.gob.mx\/wp-content\/uploads\/2023\/02\/autos-recuperados-cuernavaca-5-1-1536x1536.jpg 1536w, https:\/\/cuernavaca.gob.mx\/wp-content\/uploads\/2023\/02\/autos-recuperados-cuernavaca-5-1-600x600.jpg 600w, https:\/\/cuernavaca.gob.mx\/wp-content\/uploads\/2023\/02\/autos-recuperados-cuernavaca-5-1-560x560.jpg 560w, https:\/\/cuernavaca.gob.mx\/wp-content\/uploads\/2023\/02\/autos-recuperados-cuernavaca-5-1.jpg 2000w\" sizes=\"(max-width: 1024px) 100vw, 1024px\" \/><\/figure>\n\n\n\n<figure class=\"wp-block-image size-large\"><img loading=\"lazy\" width=\"1024\" height=\"1024\" data-id=\"25598\"  src=\"https:\/\/cuernavaca.gob.mx\/wp-content\/uploads\/2023\/02\/autos-recuperados-cuernavaca-6-1-1024x1024.jpg\" alt=\"\" class=\"wp-image-25598\" srcset=\"https:\/\/cuernavaca.gob.mx\/wp-content\/uploads\/2023\/02\/autos-recuperados-cuernavaca-6-1-1024x1024.jpg 1024w, https:\/\/cuernavaca.gob.mx\/wp-content\/uploads\/2023\/02\/autos-recuperados-cuernavaca-6-1-300x300.jpg 300w, https:\/\/cuernavaca.gob.mx\/wp-content\/uploads\/2023\/02\/autos-recuperados-cuernavaca-6-1-150x150.jpg 150w, https:\/\/cuernavaca.gob.mx\/wp-content\/uploads\/2023\/02\/autos-recuperados-cuernavaca-6-1-768x768.jpg 768w, https:\/\/cuernavaca.gob.mx\/wp-content\/uploads\/2023\/02\/autos-recuperados-cuernavaca-6-1-1536x1536.jpg 1536w, https:\/\/cuernavaca.gob.mx\/wp-content\/uploads\/2023\/02\/autos-recuperados-cuernavaca-6-1-600x600.jpg 600w, https:\/\/cuernavaca.gob.mx\/wp-content\/uploads\/2023\/02\/autos-recuperados-cuernavaca-6-1-560x560.jpg 560w, https:\/\/cuernavaca.gob.mx\/wp-content\/uploads\/2023\/02\/autos-recuperados-cuernavaca-6-1.jpg 2000w\" sizes=\"(max-width: 1024px) 100vw, 1024px\" \/><\/figure>\n\n\n\n<figure class=\"wp-block-image size-large\"><img loading=\"lazy\" width=\"1024\" height=\"1024\" data-id=\"25601\"  src=\"https:\/\/cuernavaca.gob.mx\/wp-content\/uploads\/2023\/02\/autos-recuperados-cuernavaca-7-1-1024x1024.jpg\" alt=\"\" class=\"wp-image-25601\" srcset=\"https:\/\/cuernavaca.gob.mx\/wp-content\/uploads\/2023\/02\/autos-recuperados-cuernavaca-7-1-1024x1024.jpg 1024w, https:\/\/cuernavaca.gob.mx\/wp-content\/uploads\/2023\/02\/autos-recuperados-cuernavaca-7-1-300x300.jpg 300w, https:\/\/cuernavaca.gob.mx\/wp-content\/uploads\/2023\/02\/autos-recuperados-cuernavaca-7-1-150x150.jpg 150w, https:\/\/cuernavaca.gob.mx\/wp-content\/uploads\/2023\/02\/autos-recuperados-cuernavaca-7-1-768x768.jpg 768w, https:\/\/cuernavaca.gob.mx\/wp-content\/uploads\/2023\/02\/autos-recuperados-cuernavaca-7-1-1536x1536.jpg 1536w, https:\/\/cuernavaca.gob.mx\/wp-content\/uploads\/2023\/02\/autos-recuperados-cuernavaca-7-1-600x600.jpg 600w, https:\/\/cuernavaca.gob.mx\/wp-content\/uploads\/2023\/02\/autos-recuperados-cuernavaca-7-1-560x560.jpg 560w, https:\/\/cuernavaca.gob.mx\/wp-content\/uploads\/2023\/02\/autos-recuperados-cuernavaca-7-1.jpg 2000w\" sizes=\"(max-width: 1024px) 100vw, 1024px\" \/><\/figure>\n\n\n\n<figure class=\"wp-block-image size-large\"><img loading=\"lazy\" width=\"1024\" height=\"1024\" data-id=\"25603\"  src=\"https:\/\/cuernavaca.gob.mx\/wp-content\/uploads\/2023\/02\/autos-recuperados-cuernavaca-8-1-1024x1024.jpg\" alt=\"\" class=\"wp-image-25603\" srcset=\"https:\/\/cuernavaca.gob.mx\/wp-content\/uploads\/2023\/02\/autos-recuperados-cuernavaca-8-1-1024x1024.jpg 1024w, https:\/\/cuernavaca.gob.mx\/wp-content\/uploads\/2023\/02\/autos-recuperados-cuernavaca-8-1-300x300.jpg 300w, https:\/\/cuernavaca.gob.mx\/wp-content\/uploads\/2023\/02\/autos-recuperados-cuernavaca-8-1-150x150.jpg 150w, https:\/\/cuernavaca.gob.mx\/wp-content\/uploads\/2023\/02\/autos-recuperados-cuernavaca-8-1-768x768.jpg 768w, https:\/\/cuernavaca.gob.mx\/wp-content\/uploads\/2023\/02\/autos-recuperados-cuernavaca-8-1-1536x1536.jpg 1536w, https:\/\/cuernavaca.gob.mx\/wp-content\/uploads\/2023\/02\/autos-recuperados-cuernavaca-8-1-600x600.jpg 600w, https:\/\/cuernavaca.gob.mx\/wp-content\/uploads\/2023\/02\/autos-recuperados-cuernavaca-8-1-560x560.jpg 560w, https:\/\/cuernavaca.gob.mx\/wp-content\/uploads\/2023\/02\/autos-recuperados-cuernavaca-8-1.jpg 2000w\" sizes=\"(max-width: 1024px) 100vw, 1024px\" \/><\/figure>\n\n\n\n<figure class=\"wp-block-image size-large\"><img loading=\"lazy\" width=\"1024\" height=\"1024\" data-id=\"25604\"  src=\"https:\/\/cuernavaca.gob.mx\/wp-content\/uploads\/2023\/02\/autos-recuperados-cuernavaca-9-1-1024x1024.jpg\" alt=\"\" class=\"wp-image-25604\" srcset=\"https:\/\/cuernavaca.gob.mx\/wp-content\/uploads\/2023\/02\/autos-recuperados-cuernavaca-9-1-1024x1024.jpg 1024w, https:\/\/cuernavaca.gob.mx\/wp-content\/uploads\/2023\/02\/autos-recuperados-cuernavaca-9-1-300x300.jpg 300w, https:\/\/cuernavaca.gob.mx\/wp-content\/uploads\/2023\/02\/autos-recuperados-cuernavaca-9-1-150x150.jpg 150w, https:\/\/cuernavaca.gob.mx\/wp-content\/uploads\/2023\/02\/autos-recuperados-cuernavaca-9-1-768x768.jpg 768w, https:\/\/cuernavaca.gob.mx\/wp-content\/uploads\/2023\/02\/autos-recuperados-cuernavaca-9-1-1536x1536.jpg 1536w, https:\/\/cuernavaca.gob.mx\/wp-content\/uploads\/2023\/02\/autos-recuperados-cuernavaca-9-1-600x600.jpg 600w, https:\/\/cuernavaca.gob.mx\/wp-content\/uploads\/2023\/02\/autos-recuperados-cuernavaca-9-1-560x560.jpg 560w, https:\/\/cuernavaca.gob.mx\/wp-content\/uploads\/2023\/02\/autos-recuperados-cuernavaca-9-1.jpg 2000w\" sizes=\"(max-width: 1024px) 100vw, 1024px\" \/><\/figure>\n\n\n\n<figure class=\"wp-block-image size-large\"><img loading=\"lazy\" width=\"1024\" height=\"1024\" data-id=\"25602\"  src=\"https:\/\/cuernavaca.gob.mx\/wp-content\/uploads\/2023\/02\/autos-recuperados-cuernavaca-10-1-1024x1024.jpg\" alt=\"\" class=\"wp-image-25602\" srcset=\"https:\/\/cuernavaca.gob.mx\/wp-content\/uploads\/2023\/02\/autos-recuperados-cuernavaca-10-1-1024x1024.jpg 1024w, https:\/\/cuernavaca.gob.mx\/wp-content\/uploads\/2023\/02\/autos-recuperados-cuernavaca-10-1-300x300.jpg 300w, https:\/\/cuernavaca.gob.mx\/wp-content\/uploads\/2023\/02\/autos-recuperados-cuernavaca-10-1-150x150.jpg 150w, https:\/\/cuernavaca.gob.mx\/wp-content\/uploads\/2023\/02\/autos-recuperados-cuernavaca-10-1-768x768.jpg 768w, https:\/\/cuernavaca.gob.mx\/wp-content\/uploads\/2023\/02\/autos-recuperados-cuernavaca-10-1-1536x1536.jpg 1536w, https:\/\/cuernavaca.gob.mx\/wp-content\/uploads\/2023\/02\/autos-recuperados-cuernavaca-10-1-600x600.jpg 600w, https:\/\/cuernavaca.gob.mx\/wp-content\/uploads\/2023\/02\/autos-recuperados-cuernavaca-10-1-560x560.jpg 560w, https:\/\/cuernavaca.gob.mx\/wp-content\/uploads\/2023\/02\/autos-recuperados-cuernavaca-10-1.jpg 2000w\" sizes=\"(max-width: 1024px) 100vw, 1024px\" \/><\/figure>\n\n\n\n<figure class=\"wp-block-image size-large\"><img loading=\"lazy\" width=\"1024\" height=\"1024\" data-id=\"25600\"  src=\"https:\/\/cuernavaca.gob.mx\/wp-content\/uploads\/2023\/02\/autos-recuperados-cuernavaca-11-1-1024x1024.jpg\" alt=\"\" class=\"wp-image-25600\" srcset=\"https:\/\/cuernavaca.gob.mx\/wp-content\/uploads\/2023\/02\/autos-recuperados-cuernavaca-11-1-1024x1024.jpg 1024w, https:\/\/cuernavaca.gob.mx\/wp-content\/uploads\/2023\/02\/autos-recuperados-cuernavaca-11-1-300x300.jpg 300w, https:\/\/cuernavaca.gob.mx\/wp-content\/uploads\/2023\/02\/autos-recuperados-cuernavaca-11-1-150x150.jpg 150w, https:\/\/cuernavaca.gob.mx\/wp-content\/uploads\/2023\/02\/autos-recuperados-cuernavaca-11-1-768x768.jpg 768w, https:\/\/cuernavaca.gob.mx\/wp-content\/uploads\/2023\/02\/autos-recuperados-cuernavaca-11-1-1536x1536.jpg 1536w, https:\/\/cuernavaca.gob.mx\/wp-content\/uploads\/2023\/02\/autos-recuperados-cuernavaca-11-1-600x600.jpg 600w, https:\/\/cuernavaca.gob.mx\/wp-content\/uploads\/2023\/02\/autos-recuperados-cuernavaca-11-1-560x560.jpg 560w, https:\/\/cuernavaca.gob.mx\/wp-content\/uploads\/2023\/02\/autos-recuperados-cuernavaca-11-1.jpg 2000w\" sizes=\"(max-width: 1024px) 100vw, 1024px\" \/><\/figure>\n\n\n\n<figure class=\"wp-block-image size-large\"><img loading=\"lazy\" width=\"1024\" height=\"1024\" data-id=\"25605\"  src=\"https:\/\/cuernavaca.gob.mx\/wp-content\/uploads\/2023\/02\/autos-recuperados-cuernavaca-12-1-1024x1024.jpg\" alt=\"\" class=\"wp-image-25605\" srcset=\"https:\/\/cuernavaca.gob.mx\/wp-content\/uploads\/2023\/02\/autos-recuperados-cuernavaca-12-1-1024x1024.jpg 1024w, https:\/\/cuernavaca.gob.mx\/wp-content\/uploads\/2023\/02\/autos-recuperados-cuernavaca-12-1-300x300.jpg 300w, https:\/\/cuernavaca.gob.mx\/wp-content\/uploads\/2023\/02\/autos-recuperados-cuernavaca-12-1-150x150.jpg 150w, https:\/\/cuernavaca.gob.mx\/wp-content\/uploads\/2023\/02\/autos-recuperados-cuernavaca-12-1-768x768.jpg 768w, https:\/\/cuernavaca.gob.mx\/wp-content\/uploads\/2023\/02\/autos-recuperados-cuernavaca-12-1-1536x1536.jpg 1536w, https:\/\/cuernavaca.gob.mx\/wp-content\/uploads\/2023\/02\/autos-recuperados-cuernavaca-12-1-600x600.jpg 600w, https:\/\/cuernavaca.gob.mx\/wp-content\/uploads\/2023\/02\/autos-recuperados-cuernavaca-12-1-560x560.jpg 560w, https:\/\/cuernavaca.gob.mx\/wp-content\/uploads\/2023\/02\/autos-recuperados-cuernavaca-12-1.jpg 2000w\" sizes=\"(max-width: 1024px) 100vw, 1024px\" \/><\/figure>\n\n\n\n<figure class=\"wp-block-image size-large\"><img loading=\"lazy\" width=\"1024\" height=\"1024\" data-id=\"25606\"  src=\"https:\/\/cuernavaca.gob.mx\/wp-content\/uploads\/2023\/02\/autos-recuperados-cuernavaca-13-1-1024x1024.jpg\" alt=\"\" class=\"wp-image-25606\" srcset=\"https:\/\/cuernavaca.gob.mx\/wp-content\/uploads\/2023\/02\/autos-recuperados-cuernavaca-13-1-1024x1024.jpg 1024w, https:\/\/cuernavaca.gob.mx\/wp-content\/uploads\/2023\/02\/autos-recuperados-cuernavaca-13-1-300x300.jpg 300w, https:\/\/cuernavaca.gob.mx\/wp-content\/uploads\/2023\/02\/autos-recuperados-cuernavaca-13-1-150x150.jpg 150w, https:\/\/cuernavaca.gob.mx\/wp-content\/uploads\/2023\/02\/autos-recuperados-cuernavaca-13-1-768x768.jpg 768w, https:\/\/cuernavaca.gob.mx\/wp-content\/uploads\/2023\/02\/autos-recuperados-cuernavaca-13-1-1536x1536.jpg 1536w, https:\/\/cuernavaca.gob.mx\/wp-content\/uploads\/2023\/02\/autos-recuperados-cuernavaca-13-1-600x600.jpg 600w, https:\/\/cuernavaca.gob.mx\/wp-content\/uploads\/2023\/02\/autos-recuperados-cuernavaca-13-1-560x560.jpg 560w, https:\/\/cuernavaca.gob.mx\/wp-content\/uploads\/2023\/02\/autos-recuperados-cuernavaca-13-1.jpg 2000w\" sizes=\"(max-width: 1024px) 100vw, 1024px\" \/><\/figure>\n\n\n\n<figure class=\"wp-block-image size-large\"><img loading=\"lazy\" width=\"1024\" height=\"1024\" data-id=\"25596\"  src=\"https:\/\/cuernavaca.gob.mx\/wp-content\/uploads\/2023\/02\/autos-recuperados-cuernavaca-14-1-1024x1024.jpeg\" alt=\"\" class=\"wp-image-25596\" srcset=\"https:\/\/cuernavaca.gob.mx\/wp-content\/uploads\/2023\/02\/autos-recuperados-cuernavaca-14-1-1024x1024.jpeg 1024w, https:\/\/cuernavaca.gob.mx\/wp-content\/uploads\/2023\/02\/autos-recuperados-cuernavaca-14-1-300x300.jpeg 300w, https:\/\/cuernavaca.gob.mx\/wp-content\/uploads\/2023\/02\/autos-recuperados-cuernavaca-14-1-150x150.jpeg 150w, https:\/\/cuernavaca.gob.mx\/wp-content\/uploads\/2023\/02\/autos-recuperados-cuernavaca-14-1-768x768.jpeg 768w, https:\/\/cuernavaca.gob.mx\/wp-content\/uploads\/2023\/02\/autos-recuperados-cuernavaca-14-1-1536x1536.jpeg 1536w, https:\/\/cuernavaca.gob.mx\/wp-content\/uploads\/2023\/02\/autos-recuperados-cuernavaca-14-1-600x600.jpeg 600w, https:\/\/cuernavaca.gob.mx\/wp-content\/uploads\/2023\/02\/autos-recuperados-cuernavaca-14-1-560x560.jpeg 560w, https:\/\/cuernavaca.gob.mx\/wp-content\/uploads\/2023\/02\/autos-recuperados-cuernavaca-14-1.jpeg 1600w\" sizes=\"(max-width: 1024px) 100vw, 1024px\" \/><\/figure>\n<\/figure>\n","protected":false},"excerpt":{"rendered":"<p>La secretaria de Protecci\u00f3n y Auxilio Ciudadano (SEPRAC) de Cuernavaca, Alicia V\u00e1zquez Luna, inform\u00f3 que durante los meses de enero y febrero de este 2023, resultado del trabajo permanente por parte la Unidad de Prevenci\u00f3n a Robo de Veh\u00edculo con apoyo de la Unidad de Telemetr\u00eda y otras \u00e1reas de la polic\u00eda preventiva municipal, se [&hellip;]<\/p>\n","protected":false},"author":1,"featured_media":25606,"comment_status":"closed","ping_status":"open","sticky":false,"template":"","format":"standard","meta":[],"categories":[17],"tags":[2843,121,120,206,2719,2811,125,252],"aioseo_notices":[],"_links":{"self":[{"href":"https:\/\/cuernavaca.gob.mx\/index.php?rest_route=\/wp\/v2\/posts\/25577"}],"collection":[{"href":"https:\/\/cuernavaca.gob.mx\/index.php?rest_route=\/wp\/v2\/posts"}],"about":[{"href":"https:\/\/cuernavaca.gob.mx\/index.php?rest_route=\/wp\/v2\/types\/post"}],"author":[{"embeddable":true,"href":"https:\/\/cuernavaca.gob.mx\/index.php?rest_route=\/wp\/v2\/users\/1"}],"replies":[{"embeddable":true,"href":"https:\/\/cuernavaca.gob.mx\/index.php?rest_route=%2Fwp%2Fv2%2Fcomments&post=25577"}],"version-history":[{"count":2,"href":"https:\/\/cuernavaca.gob.mx\/index.php?rest_route=\/wp\/v2\/posts\/25577\/revisions"}],"predecessor-version":[{"id":25607,"href":"https:\/\/cuernavaca.gob.mx\/index.php?rest_route=\/wp\/v2\/posts\/25577\/revisions\/25607"}],"wp:featuredmedia":[{"embeddable":true,"href":"https:\/\/cuernavaca.gob.mx\/index.php?rest_route=\/wp\/v2\/media\/25606"}],"wp:attachment":[{"href":"https:\/\/cuernavaca.gob.mx\/index.php?rest_route=%2Fwp%2Fv2%2Fmedia&parent=25577"}],"wp:term":[{"taxonomy":"category","embeddable":true,"href":"https:\/\/cuernavaca.gob.mx\/index.php?rest_route=%2Fwp%2Fv2%2Fcategories&post=25577"},{"taxonomy":"post_tag","embeddable":true,"href":"https:\/\/cuernavaca.gob.mx\/index.php?rest_route=%2Fwp%2Fv2%2Ftags&post=25577"}],"curies":[{"name":"wp","href":"https:\/\/api.w.org\/{rel}","templated":true}]}}