{"id":25608,"date":"2023-02-27T20:31:00","date_gmt":"2023-02-28T02:31:00","guid":{"rendered":"https:\/\/cuernavaca.gob.mx\/?p=25608"},"modified":"2025-05-06T12:33:56","modified_gmt":"2025-05-06T18:33:56","slug":"f368-27-02-23-durante-el-fin-de-semana-40-vehiculos-fueron-trasladados-al-corralon-en-la-implementacion-del-programa-conduce-sin-alcohol-en-cuernavaca","status":"publish","type":"post","link":"https:\/\/cuernavaca.gob.mx\/?p=25608","title":{"rendered":"F368 27\/02\/23 DURANTE EL FIN DE SEMANA 40 VEH\u00cdCULOS FUERON TRASLADADOS AL CORRAL\u00d3N EN LA IMPLEMENTACI\u00d3N DEL PROGRAMA \u201cCONDUCE SIN ALCOHOL EN CUERNAVACA\u201d"},"content":{"rendered":"\n<p>Durante el fin de semana del 25 al 26 de febrero en la implementaci\u00f3n del programa \u201cConduce Sin Alcohol\u201d, la Secretar\u00eda de Protecci\u00f3n y Auxilio Ciudadana (SEPRAC) del Ayuntamiento de Cuernavaca, report\u00f3 el traslado de 40 veh\u00edculos que fueron trasladados al corral\u00f3n luego de que sus conductores, no tan solo presentaron aliento alcoh\u00f3lico en la prueba, sino que algunos casos los autos circulaban sin documentos o permisos vencidos.<\/p>\n\n\n\n<p>Alicia V\u00e1zquez Luna, titular de la SEPRAC, inform\u00f3 que las personas que registraron positivo tras aplicar la prueba de alcoholemia durante este fin de semana, fueron 8 mujeres y 44 hombres; de estas 7 fueron remitidas al juez c\u00edvico por faltas administrativas; se impusieron 12 infracciones por conducir con grados de alcohol, adem\u00e1s de que en el mismo operativo 7 motocicletas se enviaron al corral\u00f3n por irregularidades para circular.<\/p>\n\n\n\n<p>Durante este operativo se contin\u00faa contando con el apoyo de la Cruz Roja Mexicana, de elementos de la Guardia Nacional y la 24\u00aa Zona Militar, Protecci\u00f3n Civil de Cuernavaca; autoridades del Instituto de la Mujer de Cuernavaca, de la Procuradur\u00eda para la defensa del menor y la familia de Cuernavaca y de la Jefatura de Diversidad Sexual del municipio, as\u00ed como personal de Asuntos Internos de la SEPRAC.<\/p>\n\n\n\n<figure class=\"wp-container-2 wp-block-gallery-1 wp-block-gallery has-nested-images columns-default is-cropped\">\n<figure class=\"wp-block-image size-large\"><img loading=\"lazy\" width=\"1024\" height=\"682\" data-id=\"25611\"  src=\"https:\/\/cuernavaca.gob.mx\/wp-content\/uploads\/2023\/02\/alcoholimetro-cuernavaca-1-1-1024x682.jpeg\" alt=\"\" class=\"wp-image-25611\" srcset=\"https:\/\/cuernavaca.gob.mx\/wp-content\/uploads\/2023\/02\/alcoholimetro-cuernavaca-1-1-1024x682.jpeg 1024w, https:\/\/cuernavaca.gob.mx\/wp-content\/uploads\/2023\/02\/alcoholimetro-cuernavaca-1-1-300x200.jpeg 300w, https:\/\/cuernavaca.gob.mx\/wp-content\/uploads\/2023\/02\/alcoholimetro-cuernavaca-1-1-768x512.jpeg 768w, https:\/\/cuernavaca.gob.mx\/wp-content\/uploads\/2023\/02\/alcoholimetro-cuernavaca-1-1-1536x1023.jpeg 1536w, https:\/\/cuernavaca.gob.mx\/wp-content\/uploads\/2023\/02\/alcoholimetro-cuernavaca-1-1-600x400.jpeg 600w, https:\/\/cuernavaca.gob.mx\/wp-content\/uploads\/2023\/02\/alcoholimetro-cuernavaca-1-1-560x373.jpeg 560w, https:\/\/cuernavaca.gob.mx\/wp-content\/uploads\/2023\/02\/alcoholimetro-cuernavaca-1-1.jpeg 1600w\" sizes=\"(max-width: 1024px) 100vw, 1024px\" \/><\/figure>\n\n\n\n<figure class=\"wp-block-image size-large\"><img loading=\"lazy\" width=\"1024\" height=\"682\" data-id=\"25615\"  src=\"https:\/\/cuernavaca.gob.mx\/wp-content\/uploads\/2023\/02\/alcoholimetro-cuernavaca-2-1-1024x682.jpeg\" alt=\"\" class=\"wp-image-25615\" srcset=\"https:\/\/cuernavaca.gob.mx\/wp-content\/uploads\/2023\/02\/alcoholimetro-cuernavaca-2-1-1024x682.jpeg 1024w, https:\/\/cuernavaca.gob.mx\/wp-content\/uploads\/2023\/02\/alcoholimetro-cuernavaca-2-1-300x200.jpeg 300w, https:\/\/cuernavaca.gob.mx\/wp-content\/uploads\/2023\/02\/alcoholimetro-cuernavaca-2-1-768x512.jpeg 768w, https:\/\/cuernavaca.gob.mx\/wp-content\/uploads\/2023\/02\/alcoholimetro-cuernavaca-2-1-1536x1023.jpeg 1536w, https:\/\/cuernavaca.gob.mx\/wp-content\/uploads\/2023\/02\/alcoholimetro-cuernavaca-2-1-600x400.jpeg 600w, https:\/\/cuernavaca.gob.mx\/wp-content\/uploads\/2023\/02\/alcoholimetro-cuernavaca-2-1-560x373.jpeg 560w, https:\/\/cuernavaca.gob.mx\/wp-content\/uploads\/2023\/02\/alcoholimetro-cuernavaca-2-1.jpeg 1600w\" sizes=\"(max-width: 1024px) 100vw, 1024px\" \/><\/figure>\n\n\n\n<figure class=\"wp-block-image size-large\"><img loading=\"lazy\" width=\"1024\" height=\"682\" data-id=\"25613\"  src=\"https:\/\/cuernavaca.gob.mx\/wp-content\/uploads\/2023\/02\/alcoholimetro-cuernavaca-3-1-1024x682.jpeg\" alt=\"\" class=\"wp-image-25613\" srcset=\"https:\/\/cuernavaca.gob.mx\/wp-content\/uploads\/2023\/02\/alcoholimetro-cuernavaca-3-1-1024x682.jpeg 1024w, https:\/\/cuernavaca.gob.mx\/wp-content\/uploads\/2023\/02\/alcoholimetro-cuernavaca-3-1-300x200.jpeg 300w, https:\/\/cuernavaca.gob.mx\/wp-content\/uploads\/2023\/02\/alcoholimetro-cuernavaca-3-1-768x512.jpeg 768w, https:\/\/cuernavaca.gob.mx\/wp-content\/uploads\/2023\/02\/alcoholimetro-cuernavaca-3-1-1536x1023.jpeg 1536w, https:\/\/cuernavaca.gob.mx\/wp-content\/uploads\/2023\/02\/alcoholimetro-cuernavaca-3-1-600x400.jpeg 600w, https:\/\/cuernavaca.gob.mx\/wp-content\/uploads\/2023\/02\/alcoholimetro-cuernavaca-3-1-560x373.jpeg 560w, https:\/\/cuernavaca.gob.mx\/wp-content\/uploads\/2023\/02\/alcoholimetro-cuernavaca-3-1.jpeg 1600w\" sizes=\"(max-width: 1024px) 100vw, 1024px\" \/><\/figure>\n\n\n\n<figure class=\"wp-block-image size-large\"><img loading=\"lazy\" width=\"1024\" height=\"682\" data-id=\"25614\"  src=\"https:\/\/cuernavaca.gob.mx\/wp-content\/uploads\/2023\/02\/alcoholimetro-cuernavaca-4-1-1024x682.jpeg\" alt=\"\" class=\"wp-image-25614\" srcset=\"https:\/\/cuernavaca.gob.mx\/wp-content\/uploads\/2023\/02\/alcoholimetro-cuernavaca-4-1-1024x682.jpeg 1024w, https:\/\/cuernavaca.gob.mx\/wp-content\/uploads\/2023\/02\/alcoholimetro-cuernavaca-4-1-300x200.jpeg 300w, https:\/\/cuernavaca.gob.mx\/wp-content\/uploads\/2023\/02\/alcoholimetro-cuernavaca-4-1-768x512.jpeg 768w, https:\/\/cuernavaca.gob.mx\/wp-content\/uploads\/2023\/02\/alcoholimetro-cuernavaca-4-1-1536x1023.jpeg 1536w, https:\/\/cuernavaca.gob.mx\/wp-content\/uploads\/2023\/02\/alcoholimetro-cuernavaca-4-1-600x400.jpeg 600w, https:\/\/cuernavaca.gob.mx\/wp-content\/uploads\/2023\/02\/alcoholimetro-cuernavaca-4-1-560x373.jpeg 560w, https:\/\/cuernavaca.gob.mx\/wp-content\/uploads\/2023\/02\/alcoholimetro-cuernavaca-4-1.jpeg 1600w\" sizes=\"(max-width: 1024px) 100vw, 1024px\" \/><\/figure>\n\n\n\n<figure class=\"wp-block-image size-large\"><img loading=\"lazy\" width=\"1024\" height=\"682\" data-id=\"25612\"  src=\"https:\/\/cuernavaca.gob.mx\/wp-content\/uploads\/2023\/02\/alcoholimetro-cuernavaca-5-1-1024x682.jpeg\" alt=\"\" class=\"wp-image-25612\" srcset=\"https:\/\/cuernavaca.gob.mx\/wp-content\/uploads\/2023\/02\/alcoholimetro-cuernavaca-5-1-1024x682.jpeg 1024w, https:\/\/cuernavaca.gob.mx\/wp-content\/uploads\/2023\/02\/alcoholimetro-cuernavaca-5-1-300x200.jpeg 300w, https:\/\/cuernavaca.gob.mx\/wp-content\/uploads\/2023\/02\/alcoholimetro-cuernavaca-5-1-768x512.jpeg 768w, https:\/\/cuernavaca.gob.mx\/wp-content\/uploads\/2023\/02\/alcoholimetro-cuernavaca-5-1-1536x1023.jpeg 1536w, https:\/\/cuernavaca.gob.mx\/wp-content\/uploads\/2023\/02\/alcoholimetro-cuernavaca-5-1-600x400.jpeg 600w, https:\/\/cuernavaca.gob.mx\/wp-content\/uploads\/2023\/02\/alcoholimetro-cuernavaca-5-1-560x373.jpeg 560w, https:\/\/cuernavaca.gob.mx\/wp-content\/uploads\/2023\/02\/alcoholimetro-cuernavaca-5-1.jpeg 1600w\" sizes=\"(max-width: 1024px) 100vw, 1024px\" \/><\/figure>\n\n\n\n<figure class=\"wp-block-image size-large\"><img loading=\"lazy\" width=\"1024\" height=\"682\" data-id=\"25610\"  src=\"https:\/\/cuernavaca.gob.mx\/wp-content\/uploads\/2023\/02\/alcoholimetro-cuernavaca-6-1-1024x682.jpeg\" alt=\"\" class=\"wp-image-25610\" srcset=\"https:\/\/cuernavaca.gob.mx\/wp-content\/uploads\/2023\/02\/alcoholimetro-cuernavaca-6-1-1024x682.jpeg 1024w, https:\/\/cuernavaca.gob.mx\/wp-content\/uploads\/2023\/02\/alcoholimetro-cuernavaca-6-1-300x200.jpeg 300w, https:\/\/cuernavaca.gob.mx\/wp-content\/uploads\/2023\/02\/alcoholimetro-cuernavaca-6-1-768x512.jpeg 768w, https:\/\/cuernavaca.gob.mx\/wp-content\/uploads\/2023\/02\/alcoholimetro-cuernavaca-6-1-1536x1023.jpeg 1536w, https:\/\/cuernavaca.gob.mx\/wp-content\/uploads\/2023\/02\/alcoholimetro-cuernavaca-6-1-600x400.jpeg 600w, https:\/\/cuernavaca.gob.mx\/wp-content\/uploads\/2023\/02\/alcoholimetro-cuernavaca-6-1-560x373.jpeg 560w, https:\/\/cuernavaca.gob.mx\/wp-content\/uploads\/2023\/02\/alcoholimetro-cuernavaca-6-1.jpeg 1600w\" sizes=\"(max-width: 1024px) 100vw, 1024px\" \/><\/figure>\n\n\n\n<figure class=\"wp-block-image size-large\"><img loading=\"lazy\" width=\"1024\" height=\"682\" data-id=\"25609\"  src=\"https:\/\/cuernavaca.gob.mx\/wp-content\/uploads\/2023\/02\/alcoholimetro-cuernavaca-7-1-1024x682.jpeg\" alt=\"\" class=\"wp-image-25609\" srcset=\"https:\/\/cuernavaca.gob.mx\/wp-content\/uploads\/2023\/02\/alcoholimetro-cuernavaca-7-1-1024x682.jpeg 1024w, https:\/\/cuernavaca.gob.mx\/wp-content\/uploads\/2023\/02\/alcoholimetro-cuernavaca-7-1-300x200.jpeg 300w, https:\/\/cuernavaca.gob.mx\/wp-content\/uploads\/2023\/02\/alcoholimetro-cuernavaca-7-1-768x512.jpeg 768w, https:\/\/cuernavaca.gob.mx\/wp-content\/uploads\/2023\/02\/alcoholimetro-cuernavaca-7-1-1536x1023.jpeg 1536w, https:\/\/cuernavaca.gob.mx\/wp-content\/uploads\/2023\/02\/alcoholimetro-cuernavaca-7-1-600x400.jpeg 600w, https:\/\/cuernavaca.gob.mx\/wp-content\/uploads\/2023\/02\/alcoholimetro-cuernavaca-7-1-560x373.jpeg 560w, https:\/\/cuernavaca.gob.mx\/wp-content\/uploads\/2023\/02\/alcoholimetro-cuernavaca-7-1.jpeg 1600w\" sizes=\"(max-width: 1024px) 100vw, 1024px\" \/><\/figure>\n<\/figure>\n","protected":false},"excerpt":{"rendered":"<p>Durante el fin de semana del 25 al 26 de febrero en la implementaci\u00f3n del programa \u201cConduce Sin Alcohol\u201d, la Secretar\u00eda de Protecci\u00f3n y Auxilio Ciudadana (SEPRAC) del Ayuntamiento de Cuernavaca, report\u00f3 el traslado de 40 veh\u00edculos que fueron trasladados al corral\u00f3n luego de que sus conductores, no tan solo presentaron aliento alcoh\u00f3lico en la [&hellip;]<\/p>\n","protected":false},"author":1,"featured_media":25609,"comment_status":"closed","ping_status":"open","sticky":false,"template":"","format":"standard","meta":[],"categories":[17],"tags":[2011,2691,121,120,206,125,252],"aioseo_notices":[],"_links":{"self":[{"href":"https:\/\/cuernavaca.gob.mx\/index.php?rest_route=\/wp\/v2\/posts\/25608"}],"collection":[{"href":"https:\/\/cuernavaca.gob.mx\/index.php?rest_route=\/wp\/v2\/posts"}],"about":[{"href":"https:\/\/cuernavaca.gob.mx\/index.php?rest_route=\/wp\/v2\/types\/post"}],"author":[{"embeddable":true,"href":"https:\/\/cuernavaca.gob.mx\/index.php?rest_route=\/wp\/v2\/users\/1"}],"replies":[{"embeddable":true,"href":"https:\/\/cuernavaca.gob.mx\/index.php?rest_route=%2Fwp%2Fv2%2Fcomments&post=25608"}],"version-history":[{"count":1,"href":"https:\/\/cuernavaca.gob.mx\/index.php?rest_route=\/wp\/v2\/posts\/25608\/revisions"}],"predecessor-version":[{"id":25616,"href":"https:\/\/cuernavaca.gob.mx\/index.php?rest_route=\/wp\/v2\/posts\/25608\/revisions\/25616"}],"wp:featuredmedia":[{"embeddable":true,"href":"https:\/\/cuernavaca.gob.mx\/index.php?rest_route=\/wp\/v2\/media\/25609"}],"wp:attachment":[{"href":"https:\/\/cuernavaca.gob.mx\/index.php?rest_route=%2Fwp%2Fv2%2Fmedia&parent=25608"}],"wp:term":[{"taxonomy":"category","embeddable":true,"href":"https:\/\/cuernavaca.gob.mx\/index.php?rest_route=%2Fwp%2Fv2%2Fcategories&post=25608"},{"taxonomy":"post_tag","embeddable":true,"href":"https:\/\/cuernavaca.gob.mx\/index.php?rest_route=%2Fwp%2Fv2%2Ftags&post=25608"}],"curies":[{"name":"wp","href":"https:\/\/api.w.org\/{rel}","templated":true}]}}