{"id":25710,"date":"2023-03-02T16:33:00","date_gmt":"2023-03-02T22:33:00","guid":{"rendered":"https:\/\/cuernavaca.gob.mx\/?p=25710"},"modified":"2025-05-06T12:33:54","modified_gmt":"2025-05-06T18:33:54","slug":"b816-02-03-23-en-cuernavaca-se-sanciona-la-colocacion-de-publicidad-colocada-en-mobiliario-urbano-sin-autorizacion","status":"publish","type":"post","link":"https:\/\/cuernavaca.gob.mx\/?p=25710","title":{"rendered":"B816 02\/03\/23 EN CUERNAVACA SE SANCIONA LA COLOCACI\u00d3N DE PUBLICIDAD COLOCADA EN MOBILIARIO URBANO SIN AUTORIZACI\u00d3N"},"content":{"rendered":"\n<p><strong>\u2022 La brigada de limpieza especial municipal da parte a la Secretar\u00eda de Ayuntamiento para iniciar procedimientos administrativos en contra de empresas que generan la contaminaci\u00f3n visual en mobiliario urbano<\/strong><\/p>\n\n\n\n<p><strong>\u2022 Este equipo de trabajo cuenta un veh\u00edculo amigable con el medio ambiente, para sus recorridos y acciones de limpieza cotidiana<\/strong><\/p>\n\n\n\n<p>Con el objetivo de concretar un trabajo m\u00e1s eficiente y eficaz que genere una Cuernavaca m\u00e1s limpia y generosa para sus habitantes, la brigada de limpieza especial que ha establecido el Gobierno Municipal sigue fortaleci\u00e9ndose con la recuperaci\u00f3n de un veh\u00edculo amigable con el medio ambiente y el inicio de procedimientos administrativos en contra de empresas que generan una contaminaci\u00f3n visual al colocar publicidad sin autorizaci\u00f3n y en lugares no permitidos del mobiliario urbano.<\/p>\n\n\n\n<p>Tras presentar este veh\u00edculo al presidente municipal, Jos\u00e9 Luis Uri\u00f3stegui Salgado e integrantes del Cabildo, el titular del Departamento de Enlace Digital y Consejos Ciudadanos, as\u00ed como encargado de la brigada de limpieza, Luis Anguiano Torre, inform\u00f3 que en el operativo permanente de retiro de publicidad en la v\u00eda p\u00fablica contin\u00faan observando el desorden en esta materia que ha escalado a tal grado que algunos anuncios llegan a ser colocados con clavos en los propios \u00e1rboles.<\/p>\n\n\n\n<p>Esto, dijo, no solo genera una contaminaci\u00f3n visual, sino que tambi\u00e9n y lo m\u00e1s grave, es que al caer o ser tirado en la calle tapa los drenajes y alcantarillas, ocasionando severos problemas para la ciudadan\u00eda y la propia ciudad, por lo cual est\u00e1n trabajando ya con el \u00e1rea de Verificaci\u00f3n Normativa y la Fiscal\u00eda Ambiental para interponer las sanciones que establece la ley, aunque en una primera instancia fomentan la sensibilizaci\u00f3n entre los establecimientos para evitar colocar esta publicidad.<\/p>\n\n\n\n<p>&#8220;Para ver una Cuernavaca bella, amable y generosa se necesita del apoyo de la poblaci\u00f3n para evitar colocar este tipo de publicidad en la v\u00eda p\u00fablica, la cual adem\u00e1s est\u00e1 prohibida por el reglamento&#8221;, afirm\u00f3.<\/p>\n\n\n\n<p>Anguiano Torre indic\u00f3 que esta brigada de limpieza est\u00e1 integrada por personal de la Secretar\u00eda de Desarrollo Sustentable y Servicios P\u00fablicos, quienes se dividen por grupos para embellecer la ciudad, realizando trabajos de bacheo, poda \u00e1rboles, limpieza de calles y de remover los pendones de anuncios publicitarios, quienes cuentan ya con un veh\u00edculo especial, mismo que rescataron y opera con bater\u00edas de litio que da una autonom\u00eda de 40 kil\u00f3metros y una velocidad de 40 kil\u00f3metros, el cual usan para agilizar las acciones de limpieza e ir supervisando las \u00e1reas que se han limpiado, siendo acompa\u00f1ados por una camioneta de soporte que carga toda la basura que se recolecta.<\/p>\n\n\n\n<p>El retiro de esta publicidad se realiza en postes, bardas, arboles, puentes peatonales, pasos a desnivel, entre otros espacios que son de injerencia municipal, donde no est\u00e1 permitida la colocaci\u00f3n de publicidad o bien se hace sin la autorizaci\u00f3n correspondiente en la Direcci\u00f3n de Verificaci\u00f3n Normativa del Ayuntamiento de Cuernavaca.<\/p>\n\n\n\n<p>Cabe recordar que los reportes, denuncias y solicitudes en materia de servicios p\u00fablicos pueden hacerlos al n\u00famero del Ayuntamiento de Cuernavaca 070 (marcando desde n\u00famero fijo), donde tambi\u00e9n reciben asesor\u00eda, informaci\u00f3n y n\u00famero de folio que es seccionado por colonias y calles para brindar una atenci\u00f3n a la brevedad; en un horario, de atenci\u00f3n de lunes a viernes de 08:00 a 18:00 horas.<\/p>\n\n\n\n<figure class=\"wp-container-2 wp-block-gallery-1 wp-block-gallery has-nested-images columns-default is-cropped\">\n<figure class=\"wp-block-image size-large\"><img loading=\"lazy\" width=\"769\" height=\"1024\" data-id=\"25716\"  src=\"https:\/\/cuernavaca.gob.mx\/wp-content\/uploads\/2023\/03\/brigada-de-limpieza-cuernavaca-1-769x1024.jpg\" alt=\"\" class=\"wp-image-25716\" srcset=\"https:\/\/cuernavaca.gob.mx\/wp-content\/uploads\/2023\/03\/brigada-de-limpieza-cuernavaca-1-769x1024.jpg 769w, https:\/\/cuernavaca.gob.mx\/wp-content\/uploads\/2023\/03\/brigada-de-limpieza-cuernavaca-1-225x300.jpg 225w, https:\/\/cuernavaca.gob.mx\/wp-content\/uploads\/2023\/03\/brigada-de-limpieza-cuernavaca-1-768x1023.jpg 768w, https:\/\/cuernavaca.gob.mx\/wp-content\/uploads\/2023\/03\/brigada-de-limpieza-cuernavaca-1-1153x1536.jpg 1153w, https:\/\/cuernavaca.gob.mx\/wp-content\/uploads\/2023\/03\/brigada-de-limpieza-cuernavaca-1-450x600.jpg 450w, https:\/\/cuernavaca.gob.mx\/wp-content\/uploads\/2023\/03\/brigada-de-limpieza-cuernavaca-1-420x560.jpg 420w, https:\/\/cuernavaca.gob.mx\/wp-content\/uploads\/2023\/03\/brigada-de-limpieza-cuernavaca-1.jpg 1201w\" sizes=\"(max-width: 769px) 100vw, 769px\" \/><\/figure>\n\n\n\n<figure class=\"wp-block-image size-large\"><img loading=\"lazy\" width=\"576\" height=\"1024\" data-id=\"25715\"  src=\"https:\/\/cuernavaca.gob.mx\/wp-content\/uploads\/2023\/03\/brigada-de-limpieza-cuernavaca-2-576x1024.jpg\" alt=\"\" class=\"wp-image-25715\" srcset=\"https:\/\/cuernavaca.gob.mx\/wp-content\/uploads\/2023\/03\/brigada-de-limpieza-cuernavaca-2-576x1024.jpg 576w, https:\/\/cuernavaca.gob.mx\/wp-content\/uploads\/2023\/03\/brigada-de-limpieza-cuernavaca-2-169x300.jpg 169w, https:\/\/cuernavaca.gob.mx\/wp-content\/uploads\/2023\/03\/brigada-de-limpieza-cuernavaca-2-338x600.jpg 338w, https:\/\/cuernavaca.gob.mx\/wp-content\/uploads\/2023\/03\/brigada-de-limpieza-cuernavaca-2-315x560.jpg 315w, https:\/\/cuernavaca.gob.mx\/wp-content\/uploads\/2023\/03\/brigada-de-limpieza-cuernavaca-2.jpg 720w\" sizes=\"(max-width: 576px) 100vw, 576px\" \/><\/figure>\n\n\n\n<figure class=\"wp-block-image size-large\"><img loading=\"lazy\" width=\"1024\" height=\"768\" data-id=\"25714\"  src=\"https:\/\/cuernavaca.gob.mx\/wp-content\/uploads\/2023\/03\/brigada-de-limpieza-cuernavaca-3-1024x768.jpg\" alt=\"\" class=\"wp-image-25714\" srcset=\"https:\/\/cuernavaca.gob.mx\/wp-content\/uploads\/2023\/03\/brigada-de-limpieza-cuernavaca-3-1024x768.jpg 1024w, https:\/\/cuernavaca.gob.mx\/wp-content\/uploads\/2023\/03\/brigada-de-limpieza-cuernavaca-3-300x225.jpg 300w, https:\/\/cuernavaca.gob.mx\/wp-content\/uploads\/2023\/03\/brigada-de-limpieza-cuernavaca-3-768x576.jpg 768w, https:\/\/cuernavaca.gob.mx\/wp-content\/uploads\/2023\/03\/brigada-de-limpieza-cuernavaca-3-1536x1152.jpg 1536w, https:\/\/cuernavaca.gob.mx\/wp-content\/uploads\/2023\/03\/brigada-de-limpieza-cuernavaca-3-600x450.jpg 600w, https:\/\/cuernavaca.gob.mx\/wp-content\/uploads\/2023\/03\/brigada-de-limpieza-cuernavaca-3-560x420.jpg 560w, https:\/\/cuernavaca.gob.mx\/wp-content\/uploads\/2023\/03\/brigada-de-limpieza-cuernavaca-3.jpg 1600w\" sizes=\"(max-width: 1024px) 100vw, 1024px\" \/><\/figure>\n\n\n\n<figure class=\"wp-block-image size-large\"><img loading=\"lazy\" width=\"768\" height=\"1024\" data-id=\"25711\"  src=\"https:\/\/cuernavaca.gob.mx\/wp-content\/uploads\/2023\/03\/brigada-de-limpieza-cuernavaca-4-768x1024.jpg\" alt=\"\" class=\"wp-image-25711\" srcset=\"https:\/\/cuernavaca.gob.mx\/wp-content\/uploads\/2023\/03\/brigada-de-limpieza-cuernavaca-4-768x1024.jpg 768w, https:\/\/cuernavaca.gob.mx\/wp-content\/uploads\/2023\/03\/brigada-de-limpieza-cuernavaca-4-225x300.jpg 225w, https:\/\/cuernavaca.gob.mx\/wp-content\/uploads\/2023\/03\/brigada-de-limpieza-cuernavaca-4-1152x1536.jpg 1152w, https:\/\/cuernavaca.gob.mx\/wp-content\/uploads\/2023\/03\/brigada-de-limpieza-cuernavaca-4-450x600.jpg 450w, https:\/\/cuernavaca.gob.mx\/wp-content\/uploads\/2023\/03\/brigada-de-limpieza-cuernavaca-4-420x560.jpg 420w, https:\/\/cuernavaca.gob.mx\/wp-content\/uploads\/2023\/03\/brigada-de-limpieza-cuernavaca-4.jpg 1200w\" sizes=\"(max-width: 768px) 100vw, 768px\" \/><\/figure>\n\n\n\n<figure class=\"wp-block-image size-large\"><img loading=\"lazy\" width=\"768\" height=\"1024\" data-id=\"25717\"  src=\"https:\/\/cuernavaca.gob.mx\/wp-content\/uploads\/2023\/03\/brigada-de-limpieza-cuernavaca-5-768x1024.jpg\" alt=\"\" class=\"wp-image-25717\" srcset=\"https:\/\/cuernavaca.gob.mx\/wp-content\/uploads\/2023\/03\/brigada-de-limpieza-cuernavaca-5-768x1024.jpg 768w, https:\/\/cuernavaca.gob.mx\/wp-content\/uploads\/2023\/03\/brigada-de-limpieza-cuernavaca-5-225x300.jpg 225w, https:\/\/cuernavaca.gob.mx\/wp-content\/uploads\/2023\/03\/brigada-de-limpieza-cuernavaca-5-450x600.jpg 450w, https:\/\/cuernavaca.gob.mx\/wp-content\/uploads\/2023\/03\/brigada-de-limpieza-cuernavaca-5-420x560.jpg 420w, https:\/\/cuernavaca.gob.mx\/wp-content\/uploads\/2023\/03\/brigada-de-limpieza-cuernavaca-5.jpg 960w\" sizes=\"(max-width: 768px) 100vw, 768px\" \/><\/figure>\n\n\n\n<figure class=\"wp-block-image size-large\"><img loading=\"lazy\" width=\"1024\" height=\"682\" data-id=\"25713\"  src=\"https:\/\/cuernavaca.gob.mx\/wp-content\/uploads\/2023\/03\/brigada-de-limpieza-cuernavaca-6-1024x682.jpg\" alt=\"\" class=\"wp-image-25713\" srcset=\"https:\/\/cuernavaca.gob.mx\/wp-content\/uploads\/2023\/03\/brigada-de-limpieza-cuernavaca-6-1024x682.jpg 1024w, https:\/\/cuernavaca.gob.mx\/wp-content\/uploads\/2023\/03\/brigada-de-limpieza-cuernavaca-6-300x200.jpg 300w, https:\/\/cuernavaca.gob.mx\/wp-content\/uploads\/2023\/03\/brigada-de-limpieza-cuernavaca-6-768x512.jpg 768w, https:\/\/cuernavaca.gob.mx\/wp-content\/uploads\/2023\/03\/brigada-de-limpieza-cuernavaca-6-600x400.jpg 600w, https:\/\/cuernavaca.gob.mx\/wp-content\/uploads\/2023\/03\/brigada-de-limpieza-cuernavaca-6-560x373.jpg 560w, https:\/\/cuernavaca.gob.mx\/wp-content\/uploads\/2023\/03\/brigada-de-limpieza-cuernavaca-6.jpg 1280w\" sizes=\"(max-width: 1024px) 100vw, 1024px\" \/><\/figure>\n\n\n\n<figure class=\"wp-block-image size-large\"><img loading=\"lazy\" width=\"1024\" height=\"682\" data-id=\"25712\"  src=\"https:\/\/cuernavaca.gob.mx\/wp-content\/uploads\/2023\/03\/brigada-de-limpieza-cuernavaca-7-1024x682.jpg\" alt=\"\" class=\"wp-image-25712\" srcset=\"https:\/\/cuernavaca.gob.mx\/wp-content\/uploads\/2023\/03\/brigada-de-limpieza-cuernavaca-7-1024x682.jpg 1024w, https:\/\/cuernavaca.gob.mx\/wp-content\/uploads\/2023\/03\/brigada-de-limpieza-cuernavaca-7-300x200.jpg 300w, https:\/\/cuernavaca.gob.mx\/wp-content\/uploads\/2023\/03\/brigada-de-limpieza-cuernavaca-7-768x512.jpg 768w, https:\/\/cuernavaca.gob.mx\/wp-content\/uploads\/2023\/03\/brigada-de-limpieza-cuernavaca-7-600x400.jpg 600w, https:\/\/cuernavaca.gob.mx\/wp-content\/uploads\/2023\/03\/brigada-de-limpieza-cuernavaca-7-560x373.jpg 560w, https:\/\/cuernavaca.gob.mx\/wp-content\/uploads\/2023\/03\/brigada-de-limpieza-cuernavaca-7.jpg 1280w\" sizes=\"(max-width: 1024px) 100vw, 1024px\" \/><\/figure>\n<\/figure>\n","protected":false},"excerpt":{"rendered":"<p>\u2022 La brigada de limpieza especial municipal da parte a la Secretar\u00eda de Ayuntamiento para iniciar procedimientos administrativos en contra de empresas que generan la contaminaci\u00f3n visual en mobiliario urbano \u2022 Este equipo de trabajo cuenta un veh\u00edculo amigable con el medio ambiente, para sus recorridos y acciones de limpieza cotidiana Con el objetivo de [&hellip;]<\/p>\n","protected":false},"author":1,"featured_media":25711,"comment_status":"closed","ping_status":"open","sticky":false,"template":"","format":"standard","meta":[],"categories":[2271,208],"tags":[2342,121,2376,120,218,206,138],"aioseo_notices":[],"_links":{"self":[{"href":"https:\/\/cuernavaca.gob.mx\/index.php?rest_route=\/wp\/v2\/posts\/25710"}],"collection":[{"href":"https:\/\/cuernavaca.gob.mx\/index.php?rest_route=\/wp\/v2\/posts"}],"about":[{"href":"https:\/\/cuernavaca.gob.mx\/index.php?rest_route=\/wp\/v2\/types\/post"}],"author":[{"embeddable":true,"href":"https:\/\/cuernavaca.gob.mx\/index.php?rest_route=\/wp\/v2\/users\/1"}],"replies":[{"embeddable":true,"href":"https:\/\/cuernavaca.gob.mx\/index.php?rest_route=%2Fwp%2Fv2%2Fcomments&post=25710"}],"version-history":[{"count":1,"href":"https:\/\/cuernavaca.gob.mx\/index.php?rest_route=\/wp\/v2\/posts\/25710\/revisions"}],"predecessor-version":[{"id":25718,"href":"https:\/\/cuernavaca.gob.mx\/index.php?rest_route=\/wp\/v2\/posts\/25710\/revisions\/25718"}],"wp:featuredmedia":[{"embeddable":true,"href":"https:\/\/cuernavaca.gob.mx\/index.php?rest_route=\/wp\/v2\/media\/25711"}],"wp:attachment":[{"href":"https:\/\/cuernavaca.gob.mx\/index.php?rest_route=%2Fwp%2Fv2%2Fmedia&parent=25710"}],"wp:term":[{"taxonomy":"category","embeddable":true,"href":"https:\/\/cuernavaca.gob.mx\/index.php?rest_route=%2Fwp%2Fv2%2Fcategories&post=25710"},{"taxonomy":"post_tag","embeddable":true,"href":"https:\/\/cuernavaca.gob.mx\/index.php?rest_route=%2Fwp%2Fv2%2Ftags&post=25710"}],"curies":[{"name":"wp","href":"https:\/\/api.w.org\/{rel}","templated":true}]}}