{"id":25719,"date":"2023-03-02T20:00:00","date_gmt":"2023-03-03T02:00:00","guid":{"rendered":"https:\/\/cuernavaca.gob.mx\/?p=25719"},"modified":"2025-05-06T12:33:54","modified_gmt":"2025-05-06T18:33:54","slug":"f369-02-03-23-reitera-su-apoyo-y-acompanamiento-jose-luis-uriostegui-a-la-labor-de-fundacion-don-bosco-en-la-celebracion-del-25-aniversario-de-su-creacion","status":"publish","type":"post","link":"https:\/\/cuernavaca.gob.mx\/?p=25719","title":{"rendered":"F369 02\/03\/23 REITERA SU APOYO Y ACOMPA\u00d1AMIENTO JOS\u00c9 LUIS URI\u00d3STEGUI A LA LABOR DE FUNDACI\u00d3N DON BOSCO EN LA CELEBRACI\u00d3N DEL 25 ANIVERSARIO DE SU CREACI\u00d3N"},"content":{"rendered":"\n<p>Un reconocimiento amplio y fraterno hizo de manifiesto el presidente municipal de Cuernavaca, Jos\u00e9 Luis Uri\u00f3stegui Salgado, a la labor que ha realizado por m\u00e1s de dos d\u00e9cadas Fundaci\u00f3n Don Bosco, creado en 1997 con el prop\u00f3sito de generar procesos de transformaci\u00f3n social con y desde los j\u00f3venes, los ni\u00f1os y sus familias a partir de la educaci\u00f3n basada en una cultura de Paz.<\/p>\n\n\n\n<p>Lo anterior en el marco de los festejos por los primeros 25 a\u00f1os de la Fundaci\u00f3n Don Bosco, que motivo la realizaci\u00f3n de la presentaci\u00f3n art\u00edstica y musical \u201cGaia: Un concierto por la tierra dirigido\u201d dirigido por Luis C\u00f3dice, en el Centro Cultural Teopanzolco, donde cientos de personas se dieron cita para refrendar, a trav\u00e9s de sus donativos y apoyos diversos, su compromiso a favor del trabajo que encabeza Antonio Sandoval Tajonar.<\/p>\n\n\n\n<p>El alcalde capitalino junto con la presidenta del Sistema DIF Cuernavaca, Luz Mar\u00eda Zagal Guzm\u00e1n, compartieron junto con los invitados a este recinto cultural, de un espect\u00e1culo que integraron j\u00f3venes estudiantes de las escuelas de Fundaci\u00f3n Don Bosco, de padres de familia y colaboradores, que hicieron posible esta producci\u00f3n art\u00edstica.<\/p>\n\n\n\n<p>Jos\u00e9 Luis Uri\u00f3stegui reiter\u00f3 su compromiso de seguir apoyando al proyecto de Fundaci\u00f3n Don Bosco, como lo ha hecho desde hace varios a\u00f1os atr\u00e1s, al demostrarse con hechos y muchas historias de vida que es posible transformar a las comunidades, erradicar entornos de violencia y desintegraci\u00f3n, y recuperar la esencia de una sociedad con valores, de respeto entre los semejantes, de uni\u00f3n entre las familias y encauzar esfuerzos a favor del bien com\u00fan.<\/p>\n\n\n\n<figure class=\"wp-container-2 wp-block-gallery-1 wp-block-gallery has-nested-images columns-default is-cropped\">\n<figure class=\"wp-block-image size-large\"><img loading=\"lazy\" width=\"1024\" height=\"747\" data-id=\"25720\"  src=\"https:\/\/cuernavaca.gob.mx\/wp-content\/uploads\/2023\/03\/fundacion-don-bosco-1-1024x747.jpeg\" alt=\"\" class=\"wp-image-25720\" srcset=\"https:\/\/cuernavaca.gob.mx\/wp-content\/uploads\/2023\/03\/fundacion-don-bosco-1-1024x747.jpeg 1024w, https:\/\/cuernavaca.gob.mx\/wp-content\/uploads\/2023\/03\/fundacion-don-bosco-1-300x219.jpeg 300w, https:\/\/cuernavaca.gob.mx\/wp-content\/uploads\/2023\/03\/fundacion-don-bosco-1-768x560.jpeg 768w, https:\/\/cuernavaca.gob.mx\/wp-content\/uploads\/2023\/03\/fundacion-don-bosco-1-1536x1120.jpeg 1536w, https:\/\/cuernavaca.gob.mx\/wp-content\/uploads\/2023\/03\/fundacion-don-bosco-1-600x438.jpeg 600w, https:\/\/cuernavaca.gob.mx\/wp-content\/uploads\/2023\/03\/fundacion-don-bosco-1-560x408.jpeg 560w, https:\/\/cuernavaca.gob.mx\/wp-content\/uploads\/2023\/03\/fundacion-don-bosco-1.jpeg 1600w\" sizes=\"(max-width: 1024px) 100vw, 1024px\" \/><\/figure>\n\n\n\n<figure class=\"wp-block-image size-large\"><img loading=\"lazy\" width=\"1024\" height=\"682\" data-id=\"25721\"  src=\"https:\/\/cuernavaca.gob.mx\/wp-content\/uploads\/2023\/03\/fundacion-don-bosco-2-1024x682.jpeg\" alt=\"\" class=\"wp-image-25721\" srcset=\"https:\/\/cuernavaca.gob.mx\/wp-content\/uploads\/2023\/03\/fundacion-don-bosco-2-1024x682.jpeg 1024w, https:\/\/cuernavaca.gob.mx\/wp-content\/uploads\/2023\/03\/fundacion-don-bosco-2-300x200.jpeg 300w, https:\/\/cuernavaca.gob.mx\/wp-content\/uploads\/2023\/03\/fundacion-don-bosco-2-768x512.jpeg 768w, https:\/\/cuernavaca.gob.mx\/wp-content\/uploads\/2023\/03\/fundacion-don-bosco-2-1536x1023.jpeg 1536w, https:\/\/cuernavaca.gob.mx\/wp-content\/uploads\/2023\/03\/fundacion-don-bosco-2-600x400.jpeg 600w, https:\/\/cuernavaca.gob.mx\/wp-content\/uploads\/2023\/03\/fundacion-don-bosco-2-560x373.jpeg 560w, https:\/\/cuernavaca.gob.mx\/wp-content\/uploads\/2023\/03\/fundacion-don-bosco-2.jpeg 1600w\" sizes=\"(max-width: 1024px) 100vw, 1024px\" \/><\/figure>\n\n\n\n<figure class=\"wp-block-image size-large\"><img loading=\"lazy\" width=\"1024\" height=\"776\" data-id=\"25723\"  src=\"https:\/\/cuernavaca.gob.mx\/wp-content\/uploads\/2023\/03\/fundacion-don-bosco-3-1024x776.jpeg\" alt=\"\" class=\"wp-image-25723\" srcset=\"https:\/\/cuernavaca.gob.mx\/wp-content\/uploads\/2023\/03\/fundacion-don-bosco-3-1024x776.jpeg 1024w, https:\/\/cuernavaca.gob.mx\/wp-content\/uploads\/2023\/03\/fundacion-don-bosco-3-300x227.jpeg 300w, https:\/\/cuernavaca.gob.mx\/wp-content\/uploads\/2023\/03\/fundacion-don-bosco-3-768x582.jpeg 768w, https:\/\/cuernavaca.gob.mx\/wp-content\/uploads\/2023\/03\/fundacion-don-bosco-3-1536x1164.jpeg 1536w, https:\/\/cuernavaca.gob.mx\/wp-content\/uploads\/2023\/03\/fundacion-don-bosco-3-600x455.jpeg 600w, https:\/\/cuernavaca.gob.mx\/wp-content\/uploads\/2023\/03\/fundacion-don-bosco-3-560x424.jpeg 560w, https:\/\/cuernavaca.gob.mx\/wp-content\/uploads\/2023\/03\/fundacion-don-bosco-3.jpeg 1600w\" sizes=\"(max-width: 1024px) 100vw, 1024px\" \/><\/figure>\n\n\n\n<figure class=\"wp-block-image size-large\"><img loading=\"lazy\" width=\"1024\" height=\"682\" data-id=\"25722\"  src=\"https:\/\/cuernavaca.gob.mx\/wp-content\/uploads\/2023\/03\/fundacion-don-bosco-4-1024x682.jpeg\" alt=\"\" class=\"wp-image-25722\" srcset=\"https:\/\/cuernavaca.gob.mx\/wp-content\/uploads\/2023\/03\/fundacion-don-bosco-4-1024x682.jpeg 1024w, https:\/\/cuernavaca.gob.mx\/wp-content\/uploads\/2023\/03\/fundacion-don-bosco-4-300x200.jpeg 300w, https:\/\/cuernavaca.gob.mx\/wp-content\/uploads\/2023\/03\/fundacion-don-bosco-4-768x512.jpeg 768w, https:\/\/cuernavaca.gob.mx\/wp-content\/uploads\/2023\/03\/fundacion-don-bosco-4-1536x1023.jpeg 1536w, https:\/\/cuernavaca.gob.mx\/wp-content\/uploads\/2023\/03\/fundacion-don-bosco-4-600x400.jpeg 600w, https:\/\/cuernavaca.gob.mx\/wp-content\/uploads\/2023\/03\/fundacion-don-bosco-4-560x373.jpeg 560w, https:\/\/cuernavaca.gob.mx\/wp-content\/uploads\/2023\/03\/fundacion-don-bosco-4.jpeg 1600w\" sizes=\"(max-width: 1024px) 100vw, 1024px\" \/><\/figure>\n\n\n\n<figure class=\"wp-block-image size-large\"><img loading=\"lazy\" width=\"1024\" height=\"682\" data-id=\"25724\"  src=\"https:\/\/cuernavaca.gob.mx\/wp-content\/uploads\/2023\/03\/fundacion-don-bosco-5-1024x682.jpeg\" alt=\"\" class=\"wp-image-25724\" srcset=\"https:\/\/cuernavaca.gob.mx\/wp-content\/uploads\/2023\/03\/fundacion-don-bosco-5-1024x682.jpeg 1024w, https:\/\/cuernavaca.gob.mx\/wp-content\/uploads\/2023\/03\/fundacion-don-bosco-5-300x200.jpeg 300w, https:\/\/cuernavaca.gob.mx\/wp-content\/uploads\/2023\/03\/fundacion-don-bosco-5-768x512.jpeg 768w, https:\/\/cuernavaca.gob.mx\/wp-content\/uploads\/2023\/03\/fundacion-don-bosco-5-1536x1023.jpeg 1536w, https:\/\/cuernavaca.gob.mx\/wp-content\/uploads\/2023\/03\/fundacion-don-bosco-5-600x400.jpeg 600w, https:\/\/cuernavaca.gob.mx\/wp-content\/uploads\/2023\/03\/fundacion-don-bosco-5-560x373.jpeg 560w, https:\/\/cuernavaca.gob.mx\/wp-content\/uploads\/2023\/03\/fundacion-don-bosco-5.jpeg 1600w\" sizes=\"(max-width: 1024px) 100vw, 1024px\" \/><\/figure>\n\n\n\n<figure class=\"wp-block-image size-large\"><img loading=\"lazy\" width=\"1024\" height=\"682\" data-id=\"25725\"  src=\"https:\/\/cuernavaca.gob.mx\/wp-content\/uploads\/2023\/03\/fundacion-don-bosco-6-1024x682.jpeg\" alt=\"\" class=\"wp-image-25725\" srcset=\"https:\/\/cuernavaca.gob.mx\/wp-content\/uploads\/2023\/03\/fundacion-don-bosco-6-1024x682.jpeg 1024w, https:\/\/cuernavaca.gob.mx\/wp-content\/uploads\/2023\/03\/fundacion-don-bosco-6-300x200.jpeg 300w, https:\/\/cuernavaca.gob.mx\/wp-content\/uploads\/2023\/03\/fundacion-don-bosco-6-768x512.jpeg 768w, https:\/\/cuernavaca.gob.mx\/wp-content\/uploads\/2023\/03\/fundacion-don-bosco-6-1536x1023.jpeg 1536w, https:\/\/cuernavaca.gob.mx\/wp-content\/uploads\/2023\/03\/fundacion-don-bosco-6-600x400.jpeg 600w, https:\/\/cuernavaca.gob.mx\/wp-content\/uploads\/2023\/03\/fundacion-don-bosco-6-560x373.jpeg 560w, https:\/\/cuernavaca.gob.mx\/wp-content\/uploads\/2023\/03\/fundacion-don-bosco-6.jpeg 1600w\" sizes=\"(max-width: 1024px) 100vw, 1024px\" \/><\/figure>\n\n\n\n<figure class=\"wp-block-image size-large\"><img loading=\"lazy\" width=\"1024\" height=\"682\" data-id=\"25726\"  src=\"https:\/\/cuernavaca.gob.mx\/wp-content\/uploads\/2023\/03\/fundacion-don-bosco-7-1024x682.jpeg\" alt=\"\" class=\"wp-image-25726\" srcset=\"https:\/\/cuernavaca.gob.mx\/wp-content\/uploads\/2023\/03\/fundacion-don-bosco-7-1024x682.jpeg 1024w, https:\/\/cuernavaca.gob.mx\/wp-content\/uploads\/2023\/03\/fundacion-don-bosco-7-300x200.jpeg 300w, https:\/\/cuernavaca.gob.mx\/wp-content\/uploads\/2023\/03\/fundacion-don-bosco-7-768x512.jpeg 768w, https:\/\/cuernavaca.gob.mx\/wp-content\/uploads\/2023\/03\/fundacion-don-bosco-7-1536x1023.jpeg 1536w, https:\/\/cuernavaca.gob.mx\/wp-content\/uploads\/2023\/03\/fundacion-don-bosco-7-600x400.jpeg 600w, https:\/\/cuernavaca.gob.mx\/wp-content\/uploads\/2023\/03\/fundacion-don-bosco-7-560x373.jpeg 560w, https:\/\/cuernavaca.gob.mx\/wp-content\/uploads\/2023\/03\/fundacion-don-bosco-7.jpeg 1600w\" sizes=\"(max-width: 1024px) 100vw, 1024px\" \/><\/figure>\n<\/figure>\n","protected":false},"excerpt":{"rendered":"<p>Un reconocimiento amplio y fraterno hizo de manifiesto el presidente municipal de Cuernavaca, Jos\u00e9 Luis Uri\u00f3stegui Salgado, a la labor que ha realizado por m\u00e1s de dos d\u00e9cadas Fundaci\u00f3n Don Bosco, creado en 1997 con el prop\u00f3sito de generar procesos de transformaci\u00f3n social con y desde los j\u00f3venes, los ni\u00f1os y sus familias a partir [&hellip;]<\/p>\n","protected":false},"author":1,"featured_media":25720,"comment_status":"closed","ping_status":"open","sticky":false,"template":"","format":"standard","meta":[],"categories":[862],"tags":[1568,121,833,576,120,206],"aioseo_notices":[],"_links":{"self":[{"href":"https:\/\/cuernavaca.gob.mx\/index.php?rest_route=\/wp\/v2\/posts\/25719"}],"collection":[{"href":"https:\/\/cuernavaca.gob.mx\/index.php?rest_route=\/wp\/v2\/posts"}],"about":[{"href":"https:\/\/cuernavaca.gob.mx\/index.php?rest_route=\/wp\/v2\/types\/post"}],"author":[{"embeddable":true,"href":"https:\/\/cuernavaca.gob.mx\/index.php?rest_route=\/wp\/v2\/users\/1"}],"replies":[{"embeddable":true,"href":"https:\/\/cuernavaca.gob.mx\/index.php?rest_route=%2Fwp%2Fv2%2Fcomments&post=25719"}],"version-history":[{"count":1,"href":"https:\/\/cuernavaca.gob.mx\/index.php?rest_route=\/wp\/v2\/posts\/25719\/revisions"}],"predecessor-version":[{"id":25727,"href":"https:\/\/cuernavaca.gob.mx\/index.php?rest_route=\/wp\/v2\/posts\/25719\/revisions\/25727"}],"wp:featuredmedia":[{"embeddable":true,"href":"https:\/\/cuernavaca.gob.mx\/index.php?rest_route=\/wp\/v2\/media\/25720"}],"wp:attachment":[{"href":"https:\/\/cuernavaca.gob.mx\/index.php?rest_route=%2Fwp%2Fv2%2Fmedia&parent=25719"}],"wp:term":[{"taxonomy":"category","embeddable":true,"href":"https:\/\/cuernavaca.gob.mx\/index.php?rest_route=%2Fwp%2Fv2%2Fcategories&post=25719"},{"taxonomy":"post_tag","embeddable":true,"href":"https:\/\/cuernavaca.gob.mx\/index.php?rest_route=%2Fwp%2Fv2%2Ftags&post=25719"}],"curies":[{"name":"wp","href":"https:\/\/api.w.org\/{rel}","templated":true}]}}