{"id":25728,"date":"2023-03-03T15:30:00","date_gmt":"2023-03-03T21:30:00","guid":{"rendered":"https:\/\/cuernavaca.gob.mx\/?p=25728"},"modified":"2025-05-06T12:33:54","modified_gmt":"2025-05-06T18:33:54","slug":"b817-03-03-23-aclara-alcalde-de-cuernavaca-que-sapac-no-ha-incrementado-tarifas-por-el-suministro-y-saneamiento-del-agua-potable","status":"publish","type":"post","link":"https:\/\/cuernavaca.gob.mx\/?p=25728","title":{"rendered":"B817 03\/03\/23 ACLARA ALCALDE DE CUERNAVACA QUE SAPAC NO HA INCREMENTADO TARIFAS POR EL SUMINISTRO Y SANEAMIENTO DEL AGUA POTABLE"},"content":{"rendered":"\n<p><strong>\u2022 Jos\u00e9 Luis Uri\u00f3stegui asever\u00f3 que se registr\u00f3 una actualizaci\u00f3n en las cantidades fue derivado del valor de la Unidad de Medida y Actualizaci\u00f3n (UMA) que anualmente se modifica y publica el INEGI<\/strong><\/p>\n\n\n\n<p><strong>\u2022 Afirm\u00f3 que actualmente est\u00e1n enfocados en eficientar m\u00e1s los recursos con los que cuenta el organismo, haciendo un esfuerzo para que se normalice el servicio donde ha sido escaso<\/strong><\/p>\n\n\n\n<p>El presidente municipal de Cuernavaca, Jos\u00e9 Luis Uri\u00f3stegui Salgado, aclar\u00f3 que el Sistema de Agua Potable y Alcantarillado de Cuernavaca (SAPAC) no ha incrementado las tarifas por el suministro y saneamiento del agua potable, precisando que a inicios de este a\u00f1o se registr\u00f3 una actualizaci\u00f3n en las cantidades derivado del valor de la Unidad de Medida y Actualizaci\u00f3n (UMA) que anualmente se modifica y que publica el INEGI.<br>https:\/\/www.inegi.org.mx\/contenidos\/saladeprensa\/boletines\/2023\/UMA\/UMA2023.pdf<\/p>\n\n\n\n<p>\u201cHay una modificaci\u00f3n a la tarifa que se tasa en (el valor) de las Unidades de Medida y Actualizaci\u00f3n. Estas cada a\u00f1o se modifican y con base en eso es que se cobra la tarifa de agua, es solo actualizaci\u00f3n, no incremento de tarifas\u201d, afirm\u00f3.<\/p>\n\n\n\n<p>El INEGI se\u00f1ala que la UMA es la referencia econ\u00f3mica en pesos para determinar la cuant\u00eda del pago de las obligaciones y supuestos previstos en las leyes federales, de las entidades federativas, as\u00ed como en las disposiciones jur\u00eddicas que emanen de todas las anteriores, la cual cambia su valor cada 12 meses de acuerdo con el nivel de inflaci\u00f3n y el nuevo costo entra en vigor los primeros d\u00edas de febrero de cada a\u00f1o; las tarifas de SAPAC se encuentran reguladas por dicha unidad de cuenta.<\/p>\n\n\n\n<p>Ante publicaciones y expresiones que afirman que el presidente municipal y el organismo descentralizado SAPAC, de manera discrecional incrementaron las tarifas este a\u00f1o, Jos\u00e9 Luis Uri\u00f3stegui puntualiz\u00f3 que para aplicar un proyecto de actualizaci\u00f3n de tarifas de agua potable se requerir\u00eda iniciar un proceso en el que se somete a consideraci\u00f3n de la Junta de Gobierno para su deliberaci\u00f3n como cuerpo colegiado, para despu\u00e9s enviar al an\u00e1lisis, discusi\u00f3n y aprobaci\u00f3n del Cabildo, y posteriormente remitirlo al an\u00e1lisis, discusi\u00f3n y votaci\u00f3n del Congreso del Estado, tema del cual no se ha considerado.<\/p>\n\n\n\n<p>El alcalde de Cuernavaca subray\u00f3 que actualmente el Cabildo y el SAPAC est\u00e1n enfocados en implementar acciones para transparentar y ejercer con mayor eficiencia los recursos que se recaudan, haciendo un esfuerzo para que se normalice el servicio donde ha sido escaso, priorizando en todo momento el beneficio y las necesidades colectivas.<\/p>\n\n\n\n<p><\/p>\n\n\n\n<figure class=\"wp-container-2 wp-block-gallery-1 wp-block-gallery has-nested-images columns-default is-cropped\">\n<figure class=\"wp-block-image size-large\"><img loading=\"lazy\" width=\"1024\" height=\"682\" data-id=\"25729\"  src=\"https:\/\/cuernavaca.gob.mx\/wp-content\/uploads\/2023\/03\/jose-luis-uriostegui-salgado-1-1024x682.jpg\" alt=\"\" class=\"wp-image-25729\" srcset=\"https:\/\/cuernavaca.gob.mx\/wp-content\/uploads\/2023\/03\/jose-luis-uriostegui-salgado-1-1024x682.jpg 1024w, https:\/\/cuernavaca.gob.mx\/wp-content\/uploads\/2023\/03\/jose-luis-uriostegui-salgado-1-300x200.jpg 300w, https:\/\/cuernavaca.gob.mx\/wp-content\/uploads\/2023\/03\/jose-luis-uriostegui-salgado-1-768x512.jpg 768w, https:\/\/cuernavaca.gob.mx\/wp-content\/uploads\/2023\/03\/jose-luis-uriostegui-salgado-1-1536x1023.jpg 1536w, https:\/\/cuernavaca.gob.mx\/wp-content\/uploads\/2023\/03\/jose-luis-uriostegui-salgado-1-600x400.jpg 600w, https:\/\/cuernavaca.gob.mx\/wp-content\/uploads\/2023\/03\/jose-luis-uriostegui-salgado-1-560x373.jpg 560w, https:\/\/cuernavaca.gob.mx\/wp-content\/uploads\/2023\/03\/jose-luis-uriostegui-salgado-1.jpg 1600w\" sizes=\"(max-width: 1024px) 100vw, 1024px\" \/><\/figure>\n\n\n\n<figure class=\"wp-block-image size-large\"><img loading=\"lazy\" width=\"1024\" height=\"682\" data-id=\"25730\"  src=\"https:\/\/cuernavaca.gob.mx\/wp-content\/uploads\/2023\/03\/jose-luis-uriostegui-salgado-2-1024x682.jpg\" alt=\"\" class=\"wp-image-25730\" srcset=\"https:\/\/cuernavaca.gob.mx\/wp-content\/uploads\/2023\/03\/jose-luis-uriostegui-salgado-2-1024x682.jpg 1024w, https:\/\/cuernavaca.gob.mx\/wp-content\/uploads\/2023\/03\/jose-luis-uriostegui-salgado-2-300x200.jpg 300w, https:\/\/cuernavaca.gob.mx\/wp-content\/uploads\/2023\/03\/jose-luis-uriostegui-salgado-2-768x512.jpg 768w, https:\/\/cuernavaca.gob.mx\/wp-content\/uploads\/2023\/03\/jose-luis-uriostegui-salgado-2-1536x1023.jpg 1536w, https:\/\/cuernavaca.gob.mx\/wp-content\/uploads\/2023\/03\/jose-luis-uriostegui-salgado-2-600x400.jpg 600w, https:\/\/cuernavaca.gob.mx\/wp-content\/uploads\/2023\/03\/jose-luis-uriostegui-salgado-2-560x373.jpg 560w, https:\/\/cuernavaca.gob.mx\/wp-content\/uploads\/2023\/03\/jose-luis-uriostegui-salgado-2.jpg 1600w\" sizes=\"(max-width: 1024px) 100vw, 1024px\" \/><\/figure>\n<\/figure>\n","protected":false},"excerpt":{"rendered":"<p>\u2022 Jos\u00e9 Luis Uri\u00f3stegui asever\u00f3 que se registr\u00f3 una actualizaci\u00f3n en las cantidades fue derivado del valor de la Unidad de Medida y Actualizaci\u00f3n (UMA) que anualmente se modifica y publica el INEGI \u2022 Afirm\u00f3 que actualmente est\u00e1n enfocados en eficientar m\u00e1s los recursos con los que cuenta el organismo, haciendo un esfuerzo para que [&hellip;]<\/p>\n","protected":false},"author":1,"featured_media":25729,"comment_status":"closed","ping_status":"open","sticky":false,"template":"","format":"standard","meta":[],"categories":[145],"tags":[395,2951,121,120,206,124,432,2950],"aioseo_notices":[],"_links":{"self":[{"href":"https:\/\/cuernavaca.gob.mx\/index.php?rest_route=\/wp\/v2\/posts\/25728"}],"collection":[{"href":"https:\/\/cuernavaca.gob.mx\/index.php?rest_route=\/wp\/v2\/posts"}],"about":[{"href":"https:\/\/cuernavaca.gob.mx\/index.php?rest_route=\/wp\/v2\/types\/post"}],"author":[{"embeddable":true,"href":"https:\/\/cuernavaca.gob.mx\/index.php?rest_route=\/wp\/v2\/users\/1"}],"replies":[{"embeddable":true,"href":"https:\/\/cuernavaca.gob.mx\/index.php?rest_route=%2Fwp%2Fv2%2Fcomments&post=25728"}],"version-history":[{"count":1,"href":"https:\/\/cuernavaca.gob.mx\/index.php?rest_route=\/wp\/v2\/posts\/25728\/revisions"}],"predecessor-version":[{"id":25731,"href":"https:\/\/cuernavaca.gob.mx\/index.php?rest_route=\/wp\/v2\/posts\/25728\/revisions\/25731"}],"wp:featuredmedia":[{"embeddable":true,"href":"https:\/\/cuernavaca.gob.mx\/index.php?rest_route=\/wp\/v2\/media\/25729"}],"wp:attachment":[{"href":"https:\/\/cuernavaca.gob.mx\/index.php?rest_route=%2Fwp%2Fv2%2Fmedia&parent=25728"}],"wp:term":[{"taxonomy":"category","embeddable":true,"href":"https:\/\/cuernavaca.gob.mx\/index.php?rest_route=%2Fwp%2Fv2%2Fcategories&post=25728"},{"taxonomy":"post_tag","embeddable":true,"href":"https:\/\/cuernavaca.gob.mx\/index.php?rest_route=%2Fwp%2Fv2%2Ftags&post=25728"}],"curies":[{"name":"wp","href":"https:\/\/api.w.org\/{rel}","templated":true}]}}