{"id":25732,"date":"2023-03-03T16:30:00","date_gmt":"2023-03-03T22:30:00","guid":{"rendered":"https:\/\/cuernavaca.gob.mx\/?p=25732"},"modified":"2025-05-06T12:33:54","modified_gmt":"2025-05-06T18:33:54","slug":"f370-03-03-23-cuernavaca-se-prepara-para-la-mega-jornada-de-limpieza-urbana-que-se-realizara-este-sabado","status":"publish","type":"post","link":"https:\/\/cuernavaca.gob.mx\/?p=25732","title":{"rendered":"F370 03\/03\/23 CUERNAVACA SE PREPARA PARA LA MEGA JORNADA DE LIMPIEZA URBANA QUE SE REALIZAR\u00c1 ESTE S\u00c1BADO"},"content":{"rendered":"\n<p>En el marco de la Mega Jornada de Limpieza Urbana que se llevar\u00e1 a cabo de manera simult\u00e1nea el d\u00eda de ma\u00f1ana 04 de marzo en 10 puntos distintos de Cuernavaca, este viernes a primera hora ciudadanos y personal de la Ayudant\u00eda de Chipitl\u00e1n encabezados por Concepci\u00f3n Valle Rom\u00e1n, realizaron labores previas en la zona ubicada en avenida Morelos Sur.<\/p>\n\n\n\n<p>Desde las siete de la ma\u00f1ana lo participantes se reunieron a la altura de la privada Canc\u00fan en la colonia Quintana Roo para comenzaron la faena previa y de diagn\u00f3stico hasta llegar a la escuela secundaria n\u00famero 4 &#8220;Valent\u00edn G\u00f3mez Far\u00edas&#8221; en la colonia Chipitl\u00e1n, a fin de ubicar los puntos importantes a atender este s\u00e1bado.<\/p>\n\n\n\n<p>La Mega Jornada de Limpieza Urbana dar\u00e1 inicio este s\u00e1bado a partir de las 09:00 horas en la ciclopista Juan Pablo II, a la altura del m\u00f3dulo de seguridad; en avenida Plan de Ayala a la altura de la terminal Pullman de Morelos; en la glorieta La Luna sobre avenida Plan de Ayala; en el t\u00fanel al exterior de la secundaria n\u00famero 1, en la entrada 1 de la UAEM en Chamilpa, a partir de la primera caseta de seguridad en Lomas de Atzingo rumbo a Subida Chalma, desde privada Canc\u00fan sobre avenida Morelos Sur, desde calle Atlixco en avenida Estado de Puebla, en el pante\u00f3n de La Leona en avenida H. Preciado y en el parque lineal de Lomas de Cortes frente al Colegio Morelos.<\/p>\n\n\n\n<p>El Gobierno Municipal hace una invitaci\u00f3n a la ciudadan\u00eda a sumarse a estas acciones de limpieza con el prop\u00f3sito de que entre todos Cuernavaca siga renaciendo m\u00e1s bella y en orden. Se pide que, de acuerdo a sus posibilidades, los asistentes lleven escobas, palas, ara\u00f1as, guantes, brochas, picos y\/o bolsas de basura, trabajando en conjunto vecinos de distintas colonias, que por voluntad propia participen en un af\u00e1n de mejorar la imagen de la capital del Estado de Morelos.<\/p>\n\n\n\n<figure class=\"wp-container-2 wp-block-gallery-1 wp-block-gallery has-nested-images columns-default is-cropped\">\n<figure class=\"wp-block-image size-large\"><img loading=\"lazy\" width=\"1024\" height=\"768\" data-id=\"25733\"  src=\"https:\/\/cuernavaca.gob.mx\/wp-content\/uploads\/2023\/03\/limpieza-cuernavaca-1.jpg\" alt=\"\" class=\"wp-image-25733\" srcset=\"https:\/\/cuernavaca.gob.mx\/wp-content\/uploads\/2023\/03\/limpieza-cuernavaca-1.jpg 1024w, https:\/\/cuernavaca.gob.mx\/wp-content\/uploads\/2023\/03\/limpieza-cuernavaca-1-300x225.jpg 300w, https:\/\/cuernavaca.gob.mx\/wp-content\/uploads\/2023\/03\/limpieza-cuernavaca-1-768x576.jpg 768w, https:\/\/cuernavaca.gob.mx\/wp-content\/uploads\/2023\/03\/limpieza-cuernavaca-1-600x450.jpg 600w, https:\/\/cuernavaca.gob.mx\/wp-content\/uploads\/2023\/03\/limpieza-cuernavaca-1-560x420.jpg 560w\" sizes=\"(max-width: 1024px) 100vw, 1024px\" \/><\/figure>\n\n\n\n<figure class=\"wp-block-image size-large\"><img loading=\"lazy\" width=\"1024\" height=\"768\" data-id=\"25735\"  src=\"https:\/\/cuernavaca.gob.mx\/wp-content\/uploads\/2023\/03\/limpieza-cuernavaca-2.jpg\" alt=\"\" class=\"wp-image-25735\" srcset=\"https:\/\/cuernavaca.gob.mx\/wp-content\/uploads\/2023\/03\/limpieza-cuernavaca-2.jpg 1024w, https:\/\/cuernavaca.gob.mx\/wp-content\/uploads\/2023\/03\/limpieza-cuernavaca-2-300x225.jpg 300w, https:\/\/cuernavaca.gob.mx\/wp-content\/uploads\/2023\/03\/limpieza-cuernavaca-2-768x576.jpg 768w, https:\/\/cuernavaca.gob.mx\/wp-content\/uploads\/2023\/03\/limpieza-cuernavaca-2-600x450.jpg 600w, https:\/\/cuernavaca.gob.mx\/wp-content\/uploads\/2023\/03\/limpieza-cuernavaca-2-560x420.jpg 560w\" sizes=\"(max-width: 1024px) 100vw, 1024px\" \/><\/figure>\n\n\n\n<figure class=\"wp-block-image size-large\"><img loading=\"lazy\" width=\"1024\" height=\"768\" data-id=\"25736\"  src=\"https:\/\/cuernavaca.gob.mx\/wp-content\/uploads\/2023\/03\/limpieza-cuernavaca-3.jpg\" alt=\"\" class=\"wp-image-25736\" srcset=\"https:\/\/cuernavaca.gob.mx\/wp-content\/uploads\/2023\/03\/limpieza-cuernavaca-3.jpg 1024w, https:\/\/cuernavaca.gob.mx\/wp-content\/uploads\/2023\/03\/limpieza-cuernavaca-3-300x225.jpg 300w, https:\/\/cuernavaca.gob.mx\/wp-content\/uploads\/2023\/03\/limpieza-cuernavaca-3-768x576.jpg 768w, https:\/\/cuernavaca.gob.mx\/wp-content\/uploads\/2023\/03\/limpieza-cuernavaca-3-600x450.jpg 600w, https:\/\/cuernavaca.gob.mx\/wp-content\/uploads\/2023\/03\/limpieza-cuernavaca-3-560x420.jpg 560w\" sizes=\"(max-width: 1024px) 100vw, 1024px\" \/><\/figure>\n\n\n\n<figure class=\"wp-block-image size-large\"><img loading=\"lazy\" width=\"1024\" height=\"768\" data-id=\"25734\"  src=\"https:\/\/cuernavaca.gob.mx\/wp-content\/uploads\/2023\/03\/limpieza-cuernavaca-4.jpg\" alt=\"\" class=\"wp-image-25734\" srcset=\"https:\/\/cuernavaca.gob.mx\/wp-content\/uploads\/2023\/03\/limpieza-cuernavaca-4.jpg 1024w, https:\/\/cuernavaca.gob.mx\/wp-content\/uploads\/2023\/03\/limpieza-cuernavaca-4-300x225.jpg 300w, https:\/\/cuernavaca.gob.mx\/wp-content\/uploads\/2023\/03\/limpieza-cuernavaca-4-768x576.jpg 768w, https:\/\/cuernavaca.gob.mx\/wp-content\/uploads\/2023\/03\/limpieza-cuernavaca-4-600x450.jpg 600w, https:\/\/cuernavaca.gob.mx\/wp-content\/uploads\/2023\/03\/limpieza-cuernavaca-4-560x420.jpg 560w\" sizes=\"(max-width: 1024px) 100vw, 1024px\" \/><\/figure>\n<\/figure>\n","protected":false},"excerpt":{"rendered":"<p>En el marco de la Mega Jornada de Limpieza Urbana que se llevar\u00e1 a cabo de manera simult\u00e1nea el d\u00eda de ma\u00f1ana 04 de marzo en 10 puntos distintos de Cuernavaca, este viernes a primera hora ciudadanos y personal de la Ayudant\u00eda de Chipitl\u00e1n encabezados por Concepci\u00f3n Valle Rom\u00e1n, realizaron labores previas en la zona [&hellip;]<\/p>\n","protected":false},"author":1,"featured_media":25733,"comment_status":"closed","ping_status":"open","sticky":false,"template":"","format":"standard","meta":[],"categories":[208],"tags":[2952,120,218,206,138],"aioseo_notices":[],"_links":{"self":[{"href":"https:\/\/cuernavaca.gob.mx\/index.php?rest_route=\/wp\/v2\/posts\/25732"}],"collection":[{"href":"https:\/\/cuernavaca.gob.mx\/index.php?rest_route=\/wp\/v2\/posts"}],"about":[{"href":"https:\/\/cuernavaca.gob.mx\/index.php?rest_route=\/wp\/v2\/types\/post"}],"author":[{"embeddable":true,"href":"https:\/\/cuernavaca.gob.mx\/index.php?rest_route=\/wp\/v2\/users\/1"}],"replies":[{"embeddable":true,"href":"https:\/\/cuernavaca.gob.mx\/index.php?rest_route=%2Fwp%2Fv2%2Fcomments&post=25732"}],"version-history":[{"count":1,"href":"https:\/\/cuernavaca.gob.mx\/index.php?rest_route=\/wp\/v2\/posts\/25732\/revisions"}],"predecessor-version":[{"id":25737,"href":"https:\/\/cuernavaca.gob.mx\/index.php?rest_route=\/wp\/v2\/posts\/25732\/revisions\/25737"}],"wp:featuredmedia":[{"embeddable":true,"href":"https:\/\/cuernavaca.gob.mx\/index.php?rest_route=\/wp\/v2\/media\/25733"}],"wp:attachment":[{"href":"https:\/\/cuernavaca.gob.mx\/index.php?rest_route=%2Fwp%2Fv2%2Fmedia&parent=25732"}],"wp:term":[{"taxonomy":"category","embeddable":true,"href":"https:\/\/cuernavaca.gob.mx\/index.php?rest_route=%2Fwp%2Fv2%2Fcategories&post=25732"},{"taxonomy":"post_tag","embeddable":true,"href":"https:\/\/cuernavaca.gob.mx\/index.php?rest_route=%2Fwp%2Fv2%2Ftags&post=25732"}],"curies":[{"name":"wp","href":"https:\/\/api.w.org\/{rel}","templated":true}]}}