{"id":25778,"date":"2023-03-04T19:30:00","date_gmt":"2023-03-05T01:30:00","guid":{"rendered":"https:\/\/cuernavaca.gob.mx\/?p=25778"},"modified":"2025-05-06T12:34:24","modified_gmt":"2025-05-06T18:34:24","slug":"b819-04-03-23-fortalece-ayuntamiento-el-nucleo-de-la-sociedad-con-el-festival-en-cuernavaca-la-familia-es-la-solucion","status":"publish","type":"post","link":"https:\/\/cuernavaca.gob.mx\/?p=25778","title":{"rendered":"B819 04\/03\/23 FORTALECE AYUNTAMIENTO EL N\u00daCLEO DE LA SOCIEDAD CON EL FESTIVAL &#8220;EN CUERNAVACA LA FAMILIA ES LA SOLUCI\u00d3N&#8221;"},"content":{"rendered":"\n<p><strong>\u2022 Este s\u00e1bado familias disfrutaron del primer d\u00eda del festival, participando en las distintas actividades que organiz\u00f3 el Gobierno de Cuernavaca en coordinaci\u00f3n con la sociedad civil organizada<\/strong><\/p>\n\n\n\n<p><strong>\u2022 Autoridades municipales y representante sociales firmaron la Declaraci\u00f3n de Venecia, comprometi\u00e9ndose a que Cuernavaca sea una ciudad familiarmente sostenible<\/strong><\/p>\n\n\n\n<p>Familias de la ciudad capital del estado de Morelos pasaron este s\u00e1bado momentos de gran alegr\u00eda y diversi\u00f3n mientras conviv\u00edan en el festival &#8220;En Cuernavaca la familia es la soluci\u00f3n&#8221;, encabezado por el Gobierno Municipal, a trav\u00e9s de la Secretar\u00eda de Desarrollo Humano y Participaci\u00f3n Social en el marco de la celebraci\u00f3n del &#8220;D\u00eda Nacional de la Familia&#8221;.<\/p>\n\n\n\n<p>Teniendo como escenario la explanada del parque Alameda Solidaridad, las familias pudieron disfrutar de distintas actividades culturales y deportivas gratuitas, donde el objetivo principal fue que convivieran en un espacio hecho para y por ellos, contando con la presencia de la Secretar\u00eda de Protecci\u00f3n y Auxilio Ciudadano (SEPRAC), el Instituto de la Mujer de Cuernavaca, el Instituto de Cultura, el Instituto del Deporte, el Instituto de la Juventud y organizaciones de la sociedad civil que coadyuvaron en su organizaci\u00f3n.<\/p>\n\n\n\n<p>Previo a inaugurar el festival, la secretaria de Desarrollo Humano y Participaci\u00f3n Social, Laura Hern\u00e1ndez Cruz, manifest\u00f3 el benepl\u00e1cito del Ayuntamiento de Cuernavaca por hacer realidad un compromiso del presidente municipal, Jos\u00e9 Luis Uri\u00f3stegui Salgado, de dar a las familias oportunidades y opciones para que disfruten el espacio p\u00fablico de forma gratuita con eventos de calidad, de cultura, deporte, y activaci\u00f3n, coadyuvando con la sociedad civil que se encarg\u00f3 de ofrecer distintas actividades, como loter\u00eda, saltar la cuerda, entre otras.<\/p>\n\n\n\n<p>&#8220;En este festival nosotros estamos declarando que Cuernavaca sabe que la familia es la soluci\u00f3n y hoy en el Gobierno Municipal nos comprometemos a hacer valer la Declaraci\u00f3n de Venecia, 10 puntos por la familia y a trabajar con todo lo que tenemos para hacer equipo con ustedes, las familias&#8221;, expres\u00f3.<\/p>\n\n\n\n<p>En representaci\u00f3n del Alcalde, Jos\u00e9 Luis Uri\u00f3stegui, la s\u00edndica municipal Ver\u00f3nica Atenco P\u00e9rez, puntualiz\u00f3 que con este gran festival se da respuesta a una de las peticiones que les hizo la ciudadan\u00eda desde el momento de ser autoridades electas y al entrar en funciones reconociendo que deben trabajar por recuperar y mantener los valores, cuidando el desarrollo del ser humano, ya que la familia es el centro de toda la sociedad.<\/p>\n\n\n\n<p>Por su lado, la titular de SEPRAC, Alicia V\u00e1zquez Luna, se\u00f1al\u00f3 que el alcalde tiene muy presente que s\u00ed no se fortalece a las familias, que, si no se vuelven a encontrar entre los miembros que integran esta c\u00e9lula tan importante, va a ser todav\u00eda m\u00e1s complicado recuperar la paz y la tranquilidad, puesto que la familia es la soluci\u00f3n.<\/p>\n\n\n\n<p>Las autoridades municipales, as\u00ed como integrantes de la sociedad civil y familias, firmaron la Declaraci\u00f3n de Venecia a nombre del Ayuntamiento capitalino, comprometi\u00e9ndose a que Cuernavaca sea una ciudad familiarmente sostenible y generar acciones que abonen al cumplimiento de los Objetivos del Desarrollo Sostenible de Naciones Unidas.<\/p>\n\n\n\n<p>En este sentido, el coordinador de Pol\u00edtica P\u00fablica del Instituto de An\u00e1lisis de Pol\u00edtica Familiar, Juan Bosco Caudillo, asumi\u00f3 esta responsabilidad de trabajar en conjunto con el municipio por las familias, formando acciones de pol\u00edtica p\u00fablica a favor de ellas debido a que s\u00ed bien actualmente enfrentan muchas problem\u00e1ticas, tambi\u00e9n son la soluci\u00f3n.<\/p>\n\n\n\n<p>En el primer d\u00eda del festival, las familias pudieron disfrutar de actividades como activaci\u00f3n f\u00edsica, fut para todos, carreras de botargas y costales, la narraci\u00f3n esc\u00e9nica \u201cLas historias del turbante y el tambor\u201d, la obra de teatro \u201cImaginaci\u00f3n\u201d, el circuito vial infantil; adem\u00e1s de distintos juegos organizados por la sociedad civil organizada y el propio Instituto de la Mujer de Cuernavaca (IMC) que instal\u00f3 un m\u00f3dulo para hacer visibles los servicios que ofrece a la sociedad, fomentando entre todos los miembros de la familia la prevenci\u00f3n de la violencia y los entornos de paz.<\/p>\n\n\n\n<p>La directora general del IMC, Lorena Castillo Castillo, destac\u00f3 la importancia de su participaci\u00f3n en este evento, particularmente en este mes de marzo que se conmemora el D\u00eda Internacional de la Mujer, resaltando la importancia que tienen las mujeres en los entornos familiares y de la comunidad.<\/p>\n\n\n\n<p>El d\u00eda ma\u00f1ana, domingo 05 de marzo, el festival contin\u00faa, pero ahora con la \u201cCaminata por la familia\u201d, que partir\u00e1 a las 07:30 horas de la sede Papagayo del Ayuntamiento de Cuernavaca hasta llegar a las letras de Cuernavaca en el z\u00f3calo de la ciudad; evento organizado en coordinaci\u00f3n con el DIF Municipal, el Instituto de la Mujer y la Secretar\u00eda de Protecci\u00f3n y Auxilio Ciudadano (SEPRAC).<\/p>\n\n\n\n<figure class=\"wp-container-2 wp-block-gallery-1 wp-block-gallery has-nested-images columns-default is-cropped\">\n<figure class=\"wp-block-image size-large\"><img loading=\"lazy\" width=\"1024\" height=\"683\" data-id=\"25784\"  src=\"https:\/\/cuernavaca.gob.mx\/wp-content\/uploads\/2023\/03\/dia-de-la-familia-cuernavaca-1-1024x683.jpeg\" alt=\"\" class=\"wp-image-25784\" srcset=\"https:\/\/cuernavaca.gob.mx\/wp-content\/uploads\/2023\/03\/dia-de-la-familia-cuernavaca-1-1024x683.jpeg 1024w, https:\/\/cuernavaca.gob.mx\/wp-content\/uploads\/2023\/03\/dia-de-la-familia-cuernavaca-1-300x200.jpeg 300w, https:\/\/cuernavaca.gob.mx\/wp-content\/uploads\/2023\/03\/dia-de-la-familia-cuernavaca-1-768x512.jpeg 768w, https:\/\/cuernavaca.gob.mx\/wp-content\/uploads\/2023\/03\/dia-de-la-familia-cuernavaca-1-1536x1024.jpeg 1536w, https:\/\/cuernavaca.gob.mx\/wp-content\/uploads\/2023\/03\/dia-de-la-familia-cuernavaca-1-600x400.jpeg 600w, https:\/\/cuernavaca.gob.mx\/wp-content\/uploads\/2023\/03\/dia-de-la-familia-cuernavaca-1-560x373.jpeg 560w, https:\/\/cuernavaca.gob.mx\/wp-content\/uploads\/2023\/03\/dia-de-la-familia-cuernavaca-1.jpeg 1599w\" sizes=\"(max-width: 1024px) 100vw, 1024px\" \/><\/figure>\n\n\n\n<figure class=\"wp-block-image size-large\"><img loading=\"lazy\" width=\"1024\" height=\"682\" data-id=\"25788\"  src=\"https:\/\/cuernavaca.gob.mx\/wp-content\/uploads\/2023\/03\/dia-de-la-familia-cuernavaca-2-1024x682.jpeg\" alt=\"\" class=\"wp-image-25788\" srcset=\"https:\/\/cuernavaca.gob.mx\/wp-content\/uploads\/2023\/03\/dia-de-la-familia-cuernavaca-2-1024x682.jpeg 1024w, https:\/\/cuernavaca.gob.mx\/wp-content\/uploads\/2023\/03\/dia-de-la-familia-cuernavaca-2-300x200.jpeg 300w, https:\/\/cuernavaca.gob.mx\/wp-content\/uploads\/2023\/03\/dia-de-la-familia-cuernavaca-2-768x512.jpeg 768w, https:\/\/cuernavaca.gob.mx\/wp-content\/uploads\/2023\/03\/dia-de-la-familia-cuernavaca-2-600x400.jpeg 600w, https:\/\/cuernavaca.gob.mx\/wp-content\/uploads\/2023\/03\/dia-de-la-familia-cuernavaca-2-560x373.jpeg 560w, https:\/\/cuernavaca.gob.mx\/wp-content\/uploads\/2023\/03\/dia-de-la-familia-cuernavaca-2.jpeg 1280w\" sizes=\"(max-width: 1024px) 100vw, 1024px\" \/><\/figure>\n\n\n\n<figure class=\"wp-block-image size-large\"><img loading=\"lazy\" width=\"1024\" height=\"682\" data-id=\"25793\"  src=\"https:\/\/cuernavaca.gob.mx\/wp-content\/uploads\/2023\/03\/dia-de-la-familia-cuernavaca-3-1024x682.jpeg\" alt=\"\" class=\"wp-image-25793\" srcset=\"https:\/\/cuernavaca.gob.mx\/wp-content\/uploads\/2023\/03\/dia-de-la-familia-cuernavaca-3-1024x682.jpeg 1024w, https:\/\/cuernavaca.gob.mx\/wp-content\/uploads\/2023\/03\/dia-de-la-familia-cuernavaca-3-300x200.jpeg 300w, https:\/\/cuernavaca.gob.mx\/wp-content\/uploads\/2023\/03\/dia-de-la-familia-cuernavaca-3-768x512.jpeg 768w, https:\/\/cuernavaca.gob.mx\/wp-content\/uploads\/2023\/03\/dia-de-la-familia-cuernavaca-3-600x400.jpeg 600w, https:\/\/cuernavaca.gob.mx\/wp-content\/uploads\/2023\/03\/dia-de-la-familia-cuernavaca-3-560x373.jpeg 560w, https:\/\/cuernavaca.gob.mx\/wp-content\/uploads\/2023\/03\/dia-de-la-familia-cuernavaca-3.jpeg 1280w\" sizes=\"(max-width: 1024px) 100vw, 1024px\" \/><\/figure>\n\n\n\n<figure class=\"wp-block-image size-large\"><img loading=\"lazy\" width=\"1024\" height=\"682\" data-id=\"25790\"  src=\"https:\/\/cuernavaca.gob.mx\/wp-content\/uploads\/2023\/03\/dia-de-la-familia-cuernavaca-4-1024x682.jpeg\" alt=\"\" class=\"wp-image-25790\" srcset=\"https:\/\/cuernavaca.gob.mx\/wp-content\/uploads\/2023\/03\/dia-de-la-familia-cuernavaca-4-1024x682.jpeg 1024w, https:\/\/cuernavaca.gob.mx\/wp-content\/uploads\/2023\/03\/dia-de-la-familia-cuernavaca-4-300x200.jpeg 300w, https:\/\/cuernavaca.gob.mx\/wp-content\/uploads\/2023\/03\/dia-de-la-familia-cuernavaca-4-768x512.jpeg 768w, https:\/\/cuernavaca.gob.mx\/wp-content\/uploads\/2023\/03\/dia-de-la-familia-cuernavaca-4-600x400.jpeg 600w, https:\/\/cuernavaca.gob.mx\/wp-content\/uploads\/2023\/03\/dia-de-la-familia-cuernavaca-4-560x373.jpeg 560w, https:\/\/cuernavaca.gob.mx\/wp-content\/uploads\/2023\/03\/dia-de-la-familia-cuernavaca-4.jpeg 1280w\" sizes=\"(max-width: 1024px) 100vw, 1024px\" \/><\/figure>\n\n\n\n<figure class=\"wp-block-image size-large\"><img loading=\"lazy\" width=\"1024\" height=\"682\" data-id=\"25779\"  src=\"https:\/\/cuernavaca.gob.mx\/wp-content\/uploads\/2023\/03\/dia-de-la-familia-cuernavaca-5-1024x682.jpeg\" alt=\"\" class=\"wp-image-25779\" srcset=\"https:\/\/cuernavaca.gob.mx\/wp-content\/uploads\/2023\/03\/dia-de-la-familia-cuernavaca-5-1024x682.jpeg 1024w, https:\/\/cuernavaca.gob.mx\/wp-content\/uploads\/2023\/03\/dia-de-la-familia-cuernavaca-5-300x200.jpeg 300w, https:\/\/cuernavaca.gob.mx\/wp-content\/uploads\/2023\/03\/dia-de-la-familia-cuernavaca-5-768x512.jpeg 768w, https:\/\/cuernavaca.gob.mx\/wp-content\/uploads\/2023\/03\/dia-de-la-familia-cuernavaca-5-600x400.jpeg 600w, https:\/\/cuernavaca.gob.mx\/wp-content\/uploads\/2023\/03\/dia-de-la-familia-cuernavaca-5-560x373.jpeg 560w, https:\/\/cuernavaca.gob.mx\/wp-content\/uploads\/2023\/03\/dia-de-la-familia-cuernavaca-5.jpeg 1280w\" sizes=\"(max-width: 1024px) 100vw, 1024px\" \/><\/figure>\n\n\n\n<figure class=\"wp-block-image size-large\"><img loading=\"lazy\" width=\"1024\" height=\"682\" data-id=\"25781\"  src=\"https:\/\/cuernavaca.gob.mx\/wp-content\/uploads\/2023\/03\/dia-de-la-familia-cuernavaca-6-1024x682.jpeg\" alt=\"\" class=\"wp-image-25781\" srcset=\"https:\/\/cuernavaca.gob.mx\/wp-content\/uploads\/2023\/03\/dia-de-la-familia-cuernavaca-6-1024x682.jpeg 1024w, https:\/\/cuernavaca.gob.mx\/wp-content\/uploads\/2023\/03\/dia-de-la-familia-cuernavaca-6-300x200.jpeg 300w, https:\/\/cuernavaca.gob.mx\/wp-content\/uploads\/2023\/03\/dia-de-la-familia-cuernavaca-6-768x512.jpeg 768w, https:\/\/cuernavaca.gob.mx\/wp-content\/uploads\/2023\/03\/dia-de-la-familia-cuernavaca-6-600x400.jpeg 600w, https:\/\/cuernavaca.gob.mx\/wp-content\/uploads\/2023\/03\/dia-de-la-familia-cuernavaca-6-560x373.jpeg 560w, https:\/\/cuernavaca.gob.mx\/wp-content\/uploads\/2023\/03\/dia-de-la-familia-cuernavaca-6.jpeg 1280w\" sizes=\"(max-width: 1024px) 100vw, 1024px\" \/><\/figure>\n\n\n\n<figure class=\"wp-block-image size-large\"><img loading=\"lazy\" width=\"1024\" height=\"682\" data-id=\"25783\"  src=\"https:\/\/cuernavaca.gob.mx\/wp-content\/uploads\/2023\/03\/dia-de-la-familia-cuernavaca-7-1024x682.jpeg\" alt=\"\" class=\"wp-image-25783\" srcset=\"https:\/\/cuernavaca.gob.mx\/wp-content\/uploads\/2023\/03\/dia-de-la-familia-cuernavaca-7-1024x682.jpeg 1024w, https:\/\/cuernavaca.gob.mx\/wp-content\/uploads\/2023\/03\/dia-de-la-familia-cuernavaca-7-300x200.jpeg 300w, https:\/\/cuernavaca.gob.mx\/wp-content\/uploads\/2023\/03\/dia-de-la-familia-cuernavaca-7-768x512.jpeg 768w, https:\/\/cuernavaca.gob.mx\/wp-content\/uploads\/2023\/03\/dia-de-la-familia-cuernavaca-7-600x400.jpeg 600w, https:\/\/cuernavaca.gob.mx\/wp-content\/uploads\/2023\/03\/dia-de-la-familia-cuernavaca-7-560x373.jpeg 560w, https:\/\/cuernavaca.gob.mx\/wp-content\/uploads\/2023\/03\/dia-de-la-familia-cuernavaca-7.jpeg 1280w\" sizes=\"(max-width: 1024px) 100vw, 1024px\" \/><\/figure>\n\n\n\n<figure class=\"wp-block-image size-large\"><img loading=\"lazy\" width=\"1024\" height=\"682\" data-id=\"25780\"  src=\"https:\/\/cuernavaca.gob.mx\/wp-content\/uploads\/2023\/03\/dia-de-la-familia-cuernavaca-8-1024x682.jpeg\" alt=\"\" class=\"wp-image-25780\" srcset=\"https:\/\/cuernavaca.gob.mx\/wp-content\/uploads\/2023\/03\/dia-de-la-familia-cuernavaca-8-1024x682.jpeg 1024w, https:\/\/cuernavaca.gob.mx\/wp-content\/uploads\/2023\/03\/dia-de-la-familia-cuernavaca-8-300x200.jpeg 300w, https:\/\/cuernavaca.gob.mx\/wp-content\/uploads\/2023\/03\/dia-de-la-familia-cuernavaca-8-768x512.jpeg 768w, https:\/\/cuernavaca.gob.mx\/wp-content\/uploads\/2023\/03\/dia-de-la-familia-cuernavaca-8-600x400.jpeg 600w, https:\/\/cuernavaca.gob.mx\/wp-content\/uploads\/2023\/03\/dia-de-la-familia-cuernavaca-8-560x373.jpeg 560w, https:\/\/cuernavaca.gob.mx\/wp-content\/uploads\/2023\/03\/dia-de-la-familia-cuernavaca-8.jpeg 1280w\" sizes=\"(max-width: 1024px) 100vw, 1024px\" \/><\/figure>\n\n\n\n<figure class=\"wp-block-image size-large\"><img loading=\"lazy\" width=\"1024\" height=\"683\" data-id=\"25789\"  src=\"https:\/\/cuernavaca.gob.mx\/wp-content\/uploads\/2023\/03\/dia-de-la-familia-cuernavaca-9-1024x683.jpeg\" alt=\"\" class=\"wp-image-25789\" srcset=\"https:\/\/cuernavaca.gob.mx\/wp-content\/uploads\/2023\/03\/dia-de-la-familia-cuernavaca-9-1024x683.jpeg 1024w, https:\/\/cuernavaca.gob.mx\/wp-content\/uploads\/2023\/03\/dia-de-la-familia-cuernavaca-9-300x200.jpeg 300w, https:\/\/cuernavaca.gob.mx\/wp-content\/uploads\/2023\/03\/dia-de-la-familia-cuernavaca-9-768x512.jpeg 768w, https:\/\/cuernavaca.gob.mx\/wp-content\/uploads\/2023\/03\/dia-de-la-familia-cuernavaca-9-1536x1024.jpeg 1536w, https:\/\/cuernavaca.gob.mx\/wp-content\/uploads\/2023\/03\/dia-de-la-familia-cuernavaca-9-600x400.jpeg 600w, https:\/\/cuernavaca.gob.mx\/wp-content\/uploads\/2023\/03\/dia-de-la-familia-cuernavaca-9-560x373.jpeg 560w, https:\/\/cuernavaca.gob.mx\/wp-content\/uploads\/2023\/03\/dia-de-la-familia-cuernavaca-9.jpeg 1599w\" sizes=\"(max-width: 1024px) 100vw, 1024px\" \/><\/figure>\n\n\n\n<figure class=\"wp-block-image size-large\"><img loading=\"lazy\" width=\"1024\" height=\"683\" data-id=\"25796\"  src=\"https:\/\/cuernavaca.gob.mx\/wp-content\/uploads\/2023\/03\/dia-de-la-familia-cuernavaca-10-1024x683.jpeg\" alt=\"\" class=\"wp-image-25796\" srcset=\"https:\/\/cuernavaca.gob.mx\/wp-content\/uploads\/2023\/03\/dia-de-la-familia-cuernavaca-10-1024x683.jpeg 1024w, https:\/\/cuernavaca.gob.mx\/wp-content\/uploads\/2023\/03\/dia-de-la-familia-cuernavaca-10-300x200.jpeg 300w, https:\/\/cuernavaca.gob.mx\/wp-content\/uploads\/2023\/03\/dia-de-la-familia-cuernavaca-10-768x512.jpeg 768w, https:\/\/cuernavaca.gob.mx\/wp-content\/uploads\/2023\/03\/dia-de-la-familia-cuernavaca-10-1536x1024.jpeg 1536w, https:\/\/cuernavaca.gob.mx\/wp-content\/uploads\/2023\/03\/dia-de-la-familia-cuernavaca-10-600x400.jpeg 600w, https:\/\/cuernavaca.gob.mx\/wp-content\/uploads\/2023\/03\/dia-de-la-familia-cuernavaca-10-560x373.jpeg 560w, https:\/\/cuernavaca.gob.mx\/wp-content\/uploads\/2023\/03\/dia-de-la-familia-cuernavaca-10.jpeg 1599w\" sizes=\"(max-width: 1024px) 100vw, 1024px\" \/><\/figure>\n\n\n\n<figure class=\"wp-block-image size-large\"><img loading=\"lazy\" width=\"1024\" height=\"683\" data-id=\"25794\"  src=\"https:\/\/cuernavaca.gob.mx\/wp-content\/uploads\/2023\/03\/dia-de-la-familia-cuernavaca-11-1024x683.jpeg\" alt=\"\" class=\"wp-image-25794\" srcset=\"https:\/\/cuernavaca.gob.mx\/wp-content\/uploads\/2023\/03\/dia-de-la-familia-cuernavaca-11-1024x683.jpeg 1024w, https:\/\/cuernavaca.gob.mx\/wp-content\/uploads\/2023\/03\/dia-de-la-familia-cuernavaca-11-300x200.jpeg 300w, https:\/\/cuernavaca.gob.mx\/wp-content\/uploads\/2023\/03\/dia-de-la-familia-cuernavaca-11-768x512.jpeg 768w, https:\/\/cuernavaca.gob.mx\/wp-content\/uploads\/2023\/03\/dia-de-la-familia-cuernavaca-11-1536x1024.jpeg 1536w, https:\/\/cuernavaca.gob.mx\/wp-content\/uploads\/2023\/03\/dia-de-la-familia-cuernavaca-11-600x400.jpeg 600w, https:\/\/cuernavaca.gob.mx\/wp-content\/uploads\/2023\/03\/dia-de-la-familia-cuernavaca-11-560x373.jpeg 560w, https:\/\/cuernavaca.gob.mx\/wp-content\/uploads\/2023\/03\/dia-de-la-familia-cuernavaca-11.jpeg 1599w\" sizes=\"(max-width: 1024px) 100vw, 1024px\" \/><\/figure>\n\n\n\n<figure class=\"wp-block-image size-large\"><img loading=\"lazy\" width=\"1024\" height=\"683\" data-id=\"25792\"  src=\"https:\/\/cuernavaca.gob.mx\/wp-content\/uploads\/2023\/03\/dia-de-la-familia-cuernavaca-12-1024x683.jpeg\" alt=\"\" class=\"wp-image-25792\" srcset=\"https:\/\/cuernavaca.gob.mx\/wp-content\/uploads\/2023\/03\/dia-de-la-familia-cuernavaca-12-1024x683.jpeg 1024w, https:\/\/cuernavaca.gob.mx\/wp-content\/uploads\/2023\/03\/dia-de-la-familia-cuernavaca-12-300x200.jpeg 300w, https:\/\/cuernavaca.gob.mx\/wp-content\/uploads\/2023\/03\/dia-de-la-familia-cuernavaca-12-768x512.jpeg 768w, https:\/\/cuernavaca.gob.mx\/wp-content\/uploads\/2023\/03\/dia-de-la-familia-cuernavaca-12-1536x1024.jpeg 1536w, https:\/\/cuernavaca.gob.mx\/wp-content\/uploads\/2023\/03\/dia-de-la-familia-cuernavaca-12-600x400.jpeg 600w, https:\/\/cuernavaca.gob.mx\/wp-content\/uploads\/2023\/03\/dia-de-la-familia-cuernavaca-12-560x373.jpeg 560w, https:\/\/cuernavaca.gob.mx\/wp-content\/uploads\/2023\/03\/dia-de-la-familia-cuernavaca-12.jpeg 1599w\" sizes=\"(max-width: 1024px) 100vw, 1024px\" \/><\/figure>\n\n\n\n<figure class=\"wp-block-image size-large\"><img loading=\"lazy\" width=\"1024\" height=\"683\" data-id=\"25807\"  src=\"https:\/\/cuernavaca.gob.mx\/wp-content\/uploads\/2023\/03\/dia-de-la-familia-cuernavaca-13-1024x683.jpeg\" alt=\"\" class=\"wp-image-25807\" srcset=\"https:\/\/cuernavaca.gob.mx\/wp-content\/uploads\/2023\/03\/dia-de-la-familia-cuernavaca-13-1024x683.jpeg 1024w, https:\/\/cuernavaca.gob.mx\/wp-content\/uploads\/2023\/03\/dia-de-la-familia-cuernavaca-13-300x200.jpeg 300w, https:\/\/cuernavaca.gob.mx\/wp-content\/uploads\/2023\/03\/dia-de-la-familia-cuernavaca-13-768x512.jpeg 768w, https:\/\/cuernavaca.gob.mx\/wp-content\/uploads\/2023\/03\/dia-de-la-familia-cuernavaca-13-1536x1024.jpeg 1536w, https:\/\/cuernavaca.gob.mx\/wp-content\/uploads\/2023\/03\/dia-de-la-familia-cuernavaca-13-600x400.jpeg 600w, https:\/\/cuernavaca.gob.mx\/wp-content\/uploads\/2023\/03\/dia-de-la-familia-cuernavaca-13-560x373.jpeg 560w, https:\/\/cuernavaca.gob.mx\/wp-content\/uploads\/2023\/03\/dia-de-la-familia-cuernavaca-13.jpeg 1599w\" sizes=\"(max-width: 1024px) 100vw, 1024px\" \/><\/figure>\n\n\n\n<figure class=\"wp-block-image size-large\"><img loading=\"lazy\" width=\"1024\" height=\"683\" data-id=\"25804\"  src=\"https:\/\/cuernavaca.gob.mx\/wp-content\/uploads\/2023\/03\/dia-de-la-familia-cuernavaca-14-1024x683.jpeg\" alt=\"\" class=\"wp-image-25804\" srcset=\"https:\/\/cuernavaca.gob.mx\/wp-content\/uploads\/2023\/03\/dia-de-la-familia-cuernavaca-14-1024x683.jpeg 1024w, https:\/\/cuernavaca.gob.mx\/wp-content\/uploads\/2023\/03\/dia-de-la-familia-cuernavaca-14-300x200.jpeg 300w, https:\/\/cuernavaca.gob.mx\/wp-content\/uploads\/2023\/03\/dia-de-la-familia-cuernavaca-14-768x512.jpeg 768w, https:\/\/cuernavaca.gob.mx\/wp-content\/uploads\/2023\/03\/dia-de-la-familia-cuernavaca-14-1536x1024.jpeg 1536w, https:\/\/cuernavaca.gob.mx\/wp-content\/uploads\/2023\/03\/dia-de-la-familia-cuernavaca-14-600x400.jpeg 600w, https:\/\/cuernavaca.gob.mx\/wp-content\/uploads\/2023\/03\/dia-de-la-familia-cuernavaca-14-560x373.jpeg 560w, https:\/\/cuernavaca.gob.mx\/wp-content\/uploads\/2023\/03\/dia-de-la-familia-cuernavaca-14.jpeg 1599w\" sizes=\"(max-width: 1024px) 100vw, 1024px\" \/><\/figure>\n\n\n\n<figure class=\"wp-block-image size-large\"><img loading=\"lazy\" width=\"1024\" height=\"683\" data-id=\"25806\"  src=\"https:\/\/cuernavaca.gob.mx\/wp-content\/uploads\/2023\/03\/dia-de-la-familia-cuernavaca-15-1024x683.jpeg\" alt=\"\" class=\"wp-image-25806\" srcset=\"https:\/\/cuernavaca.gob.mx\/wp-content\/uploads\/2023\/03\/dia-de-la-familia-cuernavaca-15-1024x683.jpeg 1024w, https:\/\/cuernavaca.gob.mx\/wp-content\/uploads\/2023\/03\/dia-de-la-familia-cuernavaca-15-300x200.jpeg 300w, https:\/\/cuernavaca.gob.mx\/wp-content\/uploads\/2023\/03\/dia-de-la-familia-cuernavaca-15-768x512.jpeg 768w, https:\/\/cuernavaca.gob.mx\/wp-content\/uploads\/2023\/03\/dia-de-la-familia-cuernavaca-15-1536x1024.jpeg 1536w, https:\/\/cuernavaca.gob.mx\/wp-content\/uploads\/2023\/03\/dia-de-la-familia-cuernavaca-15-600x400.jpeg 600w, https:\/\/cuernavaca.gob.mx\/wp-content\/uploads\/2023\/03\/dia-de-la-familia-cuernavaca-15-560x373.jpeg 560w, https:\/\/cuernavaca.gob.mx\/wp-content\/uploads\/2023\/03\/dia-de-la-familia-cuernavaca-15.jpeg 1599w\" sizes=\"(max-width: 1024px) 100vw, 1024px\" \/><\/figure>\n\n\n\n<figure class=\"wp-block-image size-large\"><img loading=\"lazy\" width=\"1024\" height=\"682\" data-id=\"25802\"  src=\"https:\/\/cuernavaca.gob.mx\/wp-content\/uploads\/2023\/03\/dia-de-la-familia-cuernavaca-16-1024x682.jpeg\" alt=\"\" class=\"wp-image-25802\" srcset=\"https:\/\/cuernavaca.gob.mx\/wp-content\/uploads\/2023\/03\/dia-de-la-familia-cuernavaca-16-1024x682.jpeg 1024w, https:\/\/cuernavaca.gob.mx\/wp-content\/uploads\/2023\/03\/dia-de-la-familia-cuernavaca-16-300x200.jpeg 300w, https:\/\/cuernavaca.gob.mx\/wp-content\/uploads\/2023\/03\/dia-de-la-familia-cuernavaca-16-768x512.jpeg 768w, https:\/\/cuernavaca.gob.mx\/wp-content\/uploads\/2023\/03\/dia-de-la-familia-cuernavaca-16-600x400.jpeg 600w, https:\/\/cuernavaca.gob.mx\/wp-content\/uploads\/2023\/03\/dia-de-la-familia-cuernavaca-16-560x373.jpeg 560w, https:\/\/cuernavaca.gob.mx\/wp-content\/uploads\/2023\/03\/dia-de-la-familia-cuernavaca-16.jpeg 1280w\" sizes=\"(max-width: 1024px) 100vw, 1024px\" \/><\/figure>\n\n\n\n<figure class=\"wp-block-image size-large\"><img loading=\"lazy\" width=\"1024\" height=\"682\" data-id=\"25786\"  src=\"https:\/\/cuernavaca.gob.mx\/wp-content\/uploads\/2023\/03\/dia-de-la-familia-cuernavaca-17-1024x682.jpeg\" alt=\"\" class=\"wp-image-25786\" srcset=\"https:\/\/cuernavaca.gob.mx\/wp-content\/uploads\/2023\/03\/dia-de-la-familia-cuernavaca-17-1024x682.jpeg 1024w, https:\/\/cuernavaca.gob.mx\/wp-content\/uploads\/2023\/03\/dia-de-la-familia-cuernavaca-17-300x200.jpeg 300w, https:\/\/cuernavaca.gob.mx\/wp-content\/uploads\/2023\/03\/dia-de-la-familia-cuernavaca-17-768x512.jpeg 768w, https:\/\/cuernavaca.gob.mx\/wp-content\/uploads\/2023\/03\/dia-de-la-familia-cuernavaca-17-600x400.jpeg 600w, https:\/\/cuernavaca.gob.mx\/wp-content\/uploads\/2023\/03\/dia-de-la-familia-cuernavaca-17-560x373.jpeg 560w, https:\/\/cuernavaca.gob.mx\/wp-content\/uploads\/2023\/03\/dia-de-la-familia-cuernavaca-17.jpeg 1280w\" sizes=\"(max-width: 1024px) 100vw, 1024px\" \/><\/figure>\n\n\n\n<figure class=\"wp-block-image size-large\"><img loading=\"lazy\" width=\"1024\" height=\"682\" data-id=\"25805\"  src=\"https:\/\/cuernavaca.gob.mx\/wp-content\/uploads\/2023\/03\/dia-de-la-familia-cuernavaca-18-1024x682.jpeg\" alt=\"\" class=\"wp-image-25805\" srcset=\"https:\/\/cuernavaca.gob.mx\/wp-content\/uploads\/2023\/03\/dia-de-la-familia-cuernavaca-18-1024x682.jpeg 1024w, https:\/\/cuernavaca.gob.mx\/wp-content\/uploads\/2023\/03\/dia-de-la-familia-cuernavaca-18-300x200.jpeg 300w, https:\/\/cuernavaca.gob.mx\/wp-content\/uploads\/2023\/03\/dia-de-la-familia-cuernavaca-18-768x512.jpeg 768w, https:\/\/cuernavaca.gob.mx\/wp-content\/uploads\/2023\/03\/dia-de-la-familia-cuernavaca-18-600x400.jpeg 600w, https:\/\/cuernavaca.gob.mx\/wp-content\/uploads\/2023\/03\/dia-de-la-familia-cuernavaca-18-560x373.jpeg 560w, https:\/\/cuernavaca.gob.mx\/wp-content\/uploads\/2023\/03\/dia-de-la-familia-cuernavaca-18.jpeg 1280w\" sizes=\"(max-width: 1024px) 100vw, 1024px\" \/><\/figure>\n\n\n\n<figure class=\"wp-block-image size-large\"><img loading=\"lazy\" width=\"1024\" height=\"682\" data-id=\"25787\"  src=\"https:\/\/cuernavaca.gob.mx\/wp-content\/uploads\/2023\/03\/dia-de-la-familia-cuernavaca-19-1024x682.jpeg\" alt=\"\" class=\"wp-image-25787\" srcset=\"https:\/\/cuernavaca.gob.mx\/wp-content\/uploads\/2023\/03\/dia-de-la-familia-cuernavaca-19-1024x682.jpeg 1024w, https:\/\/cuernavaca.gob.mx\/wp-content\/uploads\/2023\/03\/dia-de-la-familia-cuernavaca-19-300x200.jpeg 300w, https:\/\/cuernavaca.gob.mx\/wp-content\/uploads\/2023\/03\/dia-de-la-familia-cuernavaca-19-768x512.jpeg 768w, https:\/\/cuernavaca.gob.mx\/wp-content\/uploads\/2023\/03\/dia-de-la-familia-cuernavaca-19-600x400.jpeg 600w, https:\/\/cuernavaca.gob.mx\/wp-content\/uploads\/2023\/03\/dia-de-la-familia-cuernavaca-19-560x373.jpeg 560w, https:\/\/cuernavaca.gob.mx\/wp-content\/uploads\/2023\/03\/dia-de-la-familia-cuernavaca-19.jpeg 1280w\" sizes=\"(max-width: 1024px) 100vw, 1024px\" \/><\/figure>\n\n\n\n<figure class=\"wp-block-image size-large\"><img loading=\"lazy\" width=\"1024\" height=\"682\" data-id=\"25800\"  src=\"https:\/\/cuernavaca.gob.mx\/wp-content\/uploads\/2023\/03\/dia-de-la-familia-cuernavaca-20-1024x682.jpeg\" alt=\"\" class=\"wp-image-25800\" srcset=\"https:\/\/cuernavaca.gob.mx\/wp-content\/uploads\/2023\/03\/dia-de-la-familia-cuernavaca-20-1024x682.jpeg 1024w, https:\/\/cuernavaca.gob.mx\/wp-content\/uploads\/2023\/03\/dia-de-la-familia-cuernavaca-20-300x200.jpeg 300w, https:\/\/cuernavaca.gob.mx\/wp-content\/uploads\/2023\/03\/dia-de-la-familia-cuernavaca-20-768x512.jpeg 768w, https:\/\/cuernavaca.gob.mx\/wp-content\/uploads\/2023\/03\/dia-de-la-familia-cuernavaca-20-600x400.jpeg 600w, https:\/\/cuernavaca.gob.mx\/wp-content\/uploads\/2023\/03\/dia-de-la-familia-cuernavaca-20-560x373.jpeg 560w, https:\/\/cuernavaca.gob.mx\/wp-content\/uploads\/2023\/03\/dia-de-la-familia-cuernavaca-20.jpeg 1280w\" sizes=\"(max-width: 1024px) 100vw, 1024px\" \/><\/figure>\n\n\n\n<figure class=\"wp-block-image size-large\"><img loading=\"lazy\" width=\"1024\" height=\"682\" data-id=\"25795\"  src=\"https:\/\/cuernavaca.gob.mx\/wp-content\/uploads\/2023\/03\/dia-de-la-familia-cuernavaca-21-1024x682.jpeg\" alt=\"\" class=\"wp-image-25795\" srcset=\"https:\/\/cuernavaca.gob.mx\/wp-content\/uploads\/2023\/03\/dia-de-la-familia-cuernavaca-21-1024x682.jpeg 1024w, https:\/\/cuernavaca.gob.mx\/wp-content\/uploads\/2023\/03\/dia-de-la-familia-cuernavaca-21-300x200.jpeg 300w, https:\/\/cuernavaca.gob.mx\/wp-content\/uploads\/2023\/03\/dia-de-la-familia-cuernavaca-21-768x512.jpeg 768w, https:\/\/cuernavaca.gob.mx\/wp-content\/uploads\/2023\/03\/dia-de-la-familia-cuernavaca-21-600x400.jpeg 600w, https:\/\/cuernavaca.gob.mx\/wp-content\/uploads\/2023\/03\/dia-de-la-familia-cuernavaca-21-560x373.jpeg 560w, https:\/\/cuernavaca.gob.mx\/wp-content\/uploads\/2023\/03\/dia-de-la-familia-cuernavaca-21.jpeg 1280w\" sizes=\"(max-width: 1024px) 100vw, 1024px\" \/><\/figure>\n\n\n\n<figure class=\"wp-block-image size-large\"><img loading=\"lazy\" width=\"1024\" height=\"682\" data-id=\"25808\"  src=\"https:\/\/cuernavaca.gob.mx\/wp-content\/uploads\/2023\/03\/dia-de-la-familia-cuernavaca-22-1024x682.jpeg\" alt=\"\" class=\"wp-image-25808\" srcset=\"https:\/\/cuernavaca.gob.mx\/wp-content\/uploads\/2023\/03\/dia-de-la-familia-cuernavaca-22-1024x682.jpeg 1024w, https:\/\/cuernavaca.gob.mx\/wp-content\/uploads\/2023\/03\/dia-de-la-familia-cuernavaca-22-300x200.jpeg 300w, https:\/\/cuernavaca.gob.mx\/wp-content\/uploads\/2023\/03\/dia-de-la-familia-cuernavaca-22-768x512.jpeg 768w, https:\/\/cuernavaca.gob.mx\/wp-content\/uploads\/2023\/03\/dia-de-la-familia-cuernavaca-22-600x400.jpeg 600w, https:\/\/cuernavaca.gob.mx\/wp-content\/uploads\/2023\/03\/dia-de-la-familia-cuernavaca-22-560x373.jpeg 560w, https:\/\/cuernavaca.gob.mx\/wp-content\/uploads\/2023\/03\/dia-de-la-familia-cuernavaca-22.jpeg 1280w\" sizes=\"(max-width: 1024px) 100vw, 1024px\" \/><\/figure>\n\n\n\n<figure class=\"wp-block-image size-large\"><img loading=\"lazy\" width=\"1024\" height=\"682\" data-id=\"25797\"  src=\"https:\/\/cuernavaca.gob.mx\/wp-content\/uploads\/2023\/03\/dia-de-la-familia-cuernavaca-23-1024x682.jpeg\" alt=\"\" class=\"wp-image-25797\" srcset=\"https:\/\/cuernavaca.gob.mx\/wp-content\/uploads\/2023\/03\/dia-de-la-familia-cuernavaca-23-1024x682.jpeg 1024w, https:\/\/cuernavaca.gob.mx\/wp-content\/uploads\/2023\/03\/dia-de-la-familia-cuernavaca-23-300x200.jpeg 300w, https:\/\/cuernavaca.gob.mx\/wp-content\/uploads\/2023\/03\/dia-de-la-familia-cuernavaca-23-768x512.jpeg 768w, https:\/\/cuernavaca.gob.mx\/wp-content\/uploads\/2023\/03\/dia-de-la-familia-cuernavaca-23-600x400.jpeg 600w, https:\/\/cuernavaca.gob.mx\/wp-content\/uploads\/2023\/03\/dia-de-la-familia-cuernavaca-23-560x373.jpeg 560w, https:\/\/cuernavaca.gob.mx\/wp-content\/uploads\/2023\/03\/dia-de-la-familia-cuernavaca-23.jpeg 1280w\" sizes=\"(max-width: 1024px) 100vw, 1024px\" \/><\/figure>\n\n\n\n<figure class=\"wp-block-image size-large\"><img loading=\"lazy\" width=\"1024\" height=\"682\" data-id=\"25799\"  src=\"https:\/\/cuernavaca.gob.mx\/wp-content\/uploads\/2023\/03\/dia-de-la-familia-cuernavaca-24-1024x682.jpeg\" alt=\"\" class=\"wp-image-25799\" srcset=\"https:\/\/cuernavaca.gob.mx\/wp-content\/uploads\/2023\/03\/dia-de-la-familia-cuernavaca-24-1024x682.jpeg 1024w, https:\/\/cuernavaca.gob.mx\/wp-content\/uploads\/2023\/03\/dia-de-la-familia-cuernavaca-24-300x200.jpeg 300w, https:\/\/cuernavaca.gob.mx\/wp-content\/uploads\/2023\/03\/dia-de-la-familia-cuernavaca-24-768x512.jpeg 768w, https:\/\/cuernavaca.gob.mx\/wp-content\/uploads\/2023\/03\/dia-de-la-familia-cuernavaca-24-600x400.jpeg 600w, https:\/\/cuernavaca.gob.mx\/wp-content\/uploads\/2023\/03\/dia-de-la-familia-cuernavaca-24-560x373.jpeg 560w, https:\/\/cuernavaca.gob.mx\/wp-content\/uploads\/2023\/03\/dia-de-la-familia-cuernavaca-24.jpeg 1280w\" sizes=\"(max-width: 1024px) 100vw, 1024px\" \/><\/figure>\n\n\n\n<figure class=\"wp-block-image size-large\"><img loading=\"lazy\" width=\"1024\" height=\"682\" data-id=\"25785\"  src=\"https:\/\/cuernavaca.gob.mx\/wp-content\/uploads\/2023\/03\/dia-de-la-familia-cuernavaca-25-1024x682.jpeg\" alt=\"\" class=\"wp-image-25785\" srcset=\"https:\/\/cuernavaca.gob.mx\/wp-content\/uploads\/2023\/03\/dia-de-la-familia-cuernavaca-25-1024x682.jpeg 1024w, https:\/\/cuernavaca.gob.mx\/wp-content\/uploads\/2023\/03\/dia-de-la-familia-cuernavaca-25-300x200.jpeg 300w, https:\/\/cuernavaca.gob.mx\/wp-content\/uploads\/2023\/03\/dia-de-la-familia-cuernavaca-25-768x512.jpeg 768w, https:\/\/cuernavaca.gob.mx\/wp-content\/uploads\/2023\/03\/dia-de-la-familia-cuernavaca-25-600x400.jpeg 600w, https:\/\/cuernavaca.gob.mx\/wp-content\/uploads\/2023\/03\/dia-de-la-familia-cuernavaca-25-560x373.jpeg 560w, https:\/\/cuernavaca.gob.mx\/wp-content\/uploads\/2023\/03\/dia-de-la-familia-cuernavaca-25.jpeg 1280w\" sizes=\"(max-width: 1024px) 100vw, 1024px\" \/><\/figure>\n\n\n\n<figure class=\"wp-block-image size-large\"><img loading=\"lazy\" width=\"1024\" height=\"682\" data-id=\"25801\"  src=\"https:\/\/cuernavaca.gob.mx\/wp-content\/uploads\/2023\/03\/dia-de-la-familia-cuernavaca-26-1024x682.jpeg\" alt=\"\" class=\"wp-image-25801\" srcset=\"https:\/\/cuernavaca.gob.mx\/wp-content\/uploads\/2023\/03\/dia-de-la-familia-cuernavaca-26-1024x682.jpeg 1024w, https:\/\/cuernavaca.gob.mx\/wp-content\/uploads\/2023\/03\/dia-de-la-familia-cuernavaca-26-300x200.jpeg 300w, https:\/\/cuernavaca.gob.mx\/wp-content\/uploads\/2023\/03\/dia-de-la-familia-cuernavaca-26-768x512.jpeg 768w, https:\/\/cuernavaca.gob.mx\/wp-content\/uploads\/2023\/03\/dia-de-la-familia-cuernavaca-26-600x400.jpeg 600w, https:\/\/cuernavaca.gob.mx\/wp-content\/uploads\/2023\/03\/dia-de-la-familia-cuernavaca-26-560x373.jpeg 560w, https:\/\/cuernavaca.gob.mx\/wp-content\/uploads\/2023\/03\/dia-de-la-familia-cuernavaca-26.jpeg 1280w\" sizes=\"(max-width: 1024px) 100vw, 1024px\" \/><\/figure>\n\n\n\n<figure class=\"wp-block-image size-large\"><img loading=\"lazy\" width=\"1024\" height=\"682\" data-id=\"25791\"  src=\"https:\/\/cuernavaca.gob.mx\/wp-content\/uploads\/2023\/03\/dia-de-la-familia-cuernavaca-28-1024x682.jpeg\" alt=\"\" class=\"wp-image-25791\" srcset=\"https:\/\/cuernavaca.gob.mx\/wp-content\/uploads\/2023\/03\/dia-de-la-familia-cuernavaca-28-1024x682.jpeg 1024w, https:\/\/cuernavaca.gob.mx\/wp-content\/uploads\/2023\/03\/dia-de-la-familia-cuernavaca-28-300x200.jpeg 300w, https:\/\/cuernavaca.gob.mx\/wp-content\/uploads\/2023\/03\/dia-de-la-familia-cuernavaca-28-768x512.jpeg 768w, https:\/\/cuernavaca.gob.mx\/wp-content\/uploads\/2023\/03\/dia-de-la-familia-cuernavaca-28-600x400.jpeg 600w, https:\/\/cuernavaca.gob.mx\/wp-content\/uploads\/2023\/03\/dia-de-la-familia-cuernavaca-28-560x373.jpeg 560w, https:\/\/cuernavaca.gob.mx\/wp-content\/uploads\/2023\/03\/dia-de-la-familia-cuernavaca-28.jpeg 1280w\" sizes=\"(max-width: 1024px) 100vw, 1024px\" \/><\/figure>\n\n\n\n<figure class=\"wp-block-image size-large\"><img loading=\"lazy\" width=\"1024\" height=\"682\" data-id=\"25782\"  src=\"https:\/\/cuernavaca.gob.mx\/wp-content\/uploads\/2023\/03\/dia-de-la-familia-cuernavaca-29-1024x682.jpeg\" alt=\"\" class=\"wp-image-25782\" srcset=\"https:\/\/cuernavaca.gob.mx\/wp-content\/uploads\/2023\/03\/dia-de-la-familia-cuernavaca-29-1024x682.jpeg 1024w, https:\/\/cuernavaca.gob.mx\/wp-content\/uploads\/2023\/03\/dia-de-la-familia-cuernavaca-29-300x200.jpeg 300w, https:\/\/cuernavaca.gob.mx\/wp-content\/uploads\/2023\/03\/dia-de-la-familia-cuernavaca-29-768x512.jpeg 768w, https:\/\/cuernavaca.gob.mx\/wp-content\/uploads\/2023\/03\/dia-de-la-familia-cuernavaca-29-600x400.jpeg 600w, https:\/\/cuernavaca.gob.mx\/wp-content\/uploads\/2023\/03\/dia-de-la-familia-cuernavaca-29-560x373.jpeg 560w, https:\/\/cuernavaca.gob.mx\/wp-content\/uploads\/2023\/03\/dia-de-la-familia-cuernavaca-29.jpeg 1280w\" sizes=\"(max-width: 1024px) 100vw, 1024px\" \/><\/figure>\n\n\n\n<figure class=\"wp-block-image size-large\"><img loading=\"lazy\" width=\"1024\" height=\"683\" data-id=\"25803\"  src=\"https:\/\/cuernavaca.gob.mx\/wp-content\/uploads\/2023\/03\/dia-de-la-familia-cuernavaca-30-1024x683.jpeg\" alt=\"\" class=\"wp-image-25803\" srcset=\"https:\/\/cuernavaca.gob.mx\/wp-content\/uploads\/2023\/03\/dia-de-la-familia-cuernavaca-30-1024x683.jpeg 1024w, https:\/\/cuernavaca.gob.mx\/wp-content\/uploads\/2023\/03\/dia-de-la-familia-cuernavaca-30-300x200.jpeg 300w, https:\/\/cuernavaca.gob.mx\/wp-content\/uploads\/2023\/03\/dia-de-la-familia-cuernavaca-30-768x512.jpeg 768w, https:\/\/cuernavaca.gob.mx\/wp-content\/uploads\/2023\/03\/dia-de-la-familia-cuernavaca-30-1536x1024.jpeg 1536w, https:\/\/cuernavaca.gob.mx\/wp-content\/uploads\/2023\/03\/dia-de-la-familia-cuernavaca-30-600x400.jpeg 600w, https:\/\/cuernavaca.gob.mx\/wp-content\/uploads\/2023\/03\/dia-de-la-familia-cuernavaca-30-560x373.jpeg 560w, https:\/\/cuernavaca.gob.mx\/wp-content\/uploads\/2023\/03\/dia-de-la-familia-cuernavaca-30.jpeg 1599w\" sizes=\"(max-width: 1024px) 100vw, 1024px\" \/><\/figure>\n\n\n\n<figure class=\"wp-block-image size-large\"><img loading=\"lazy\" width=\"1024\" height=\"683\" data-id=\"25798\"  src=\"https:\/\/cuernavaca.gob.mx\/wp-content\/uploads\/2023\/03\/dia-de-la-familia-cuernavaca-31-1024x683.jpeg\" alt=\"\" class=\"wp-image-25798\" srcset=\"https:\/\/cuernavaca.gob.mx\/wp-content\/uploads\/2023\/03\/dia-de-la-familia-cuernavaca-31-1024x683.jpeg 1024w, https:\/\/cuernavaca.gob.mx\/wp-content\/uploads\/2023\/03\/dia-de-la-familia-cuernavaca-31-300x200.jpeg 300w, https:\/\/cuernavaca.gob.mx\/wp-content\/uploads\/2023\/03\/dia-de-la-familia-cuernavaca-31-768x512.jpeg 768w, https:\/\/cuernavaca.gob.mx\/wp-content\/uploads\/2023\/03\/dia-de-la-familia-cuernavaca-31-1536x1024.jpeg 1536w, https:\/\/cuernavaca.gob.mx\/wp-content\/uploads\/2023\/03\/dia-de-la-familia-cuernavaca-31-600x400.jpeg 600w, https:\/\/cuernavaca.gob.mx\/wp-content\/uploads\/2023\/03\/dia-de-la-familia-cuernavaca-31-560x373.jpeg 560w, https:\/\/cuernavaca.gob.mx\/wp-content\/uploads\/2023\/03\/dia-de-la-familia-cuernavaca-31.jpeg 1599w\" sizes=\"(max-width: 1024px) 100vw, 1024px\" \/><\/figure>\n<\/figure>\n","protected":false},"excerpt":{"rendered":"<p>\u2022 Este s\u00e1bado familias disfrutaron del primer d\u00eda del festival, participando en las distintas actividades que organiz\u00f3 el Gobierno de Cuernavaca en coordinaci\u00f3n con la sociedad civil organizada \u2022 Autoridades municipales y representante sociales firmaron la Declaraci\u00f3n de Venecia, comprometi\u00e9ndose a que Cuernavaca sea una ciudad familiarmente sostenible Familias de la ciudad capital del estado [&hellip;]<\/p>\n","protected":false},"author":1,"featured_media":25784,"comment_status":"closed","ping_status":"open","sticky":false,"template":"","format":"standard","meta":[],"categories":[862],"tags":[121,2958,2337,120,206,2285,125,2957],"aioseo_notices":[],"_links":{"self":[{"href":"https:\/\/cuernavaca.gob.mx\/index.php?rest_route=\/wp\/v2\/posts\/25778"}],"collection":[{"href":"https:\/\/cuernavaca.gob.mx\/index.php?rest_route=\/wp\/v2\/posts"}],"about":[{"href":"https:\/\/cuernavaca.gob.mx\/index.php?rest_route=\/wp\/v2\/types\/post"}],"author":[{"embeddable":true,"href":"https:\/\/cuernavaca.gob.mx\/index.php?rest_route=\/wp\/v2\/users\/1"}],"replies":[{"embeddable":true,"href":"https:\/\/cuernavaca.gob.mx\/index.php?rest_route=%2Fwp%2Fv2%2Fcomments&post=25778"}],"version-history":[{"count":1,"href":"https:\/\/cuernavaca.gob.mx\/index.php?rest_route=\/wp\/v2\/posts\/25778\/revisions"}],"predecessor-version":[{"id":25809,"href":"https:\/\/cuernavaca.gob.mx\/index.php?rest_route=\/wp\/v2\/posts\/25778\/revisions\/25809"}],"wp:featuredmedia":[{"embeddable":true,"href":"https:\/\/cuernavaca.gob.mx\/index.php?rest_route=\/wp\/v2\/media\/25784"}],"wp:attachment":[{"href":"https:\/\/cuernavaca.gob.mx\/index.php?rest_route=%2Fwp%2Fv2%2Fmedia&parent=25778"}],"wp:term":[{"taxonomy":"category","embeddable":true,"href":"https:\/\/cuernavaca.gob.mx\/index.php?rest_route=%2Fwp%2Fv2%2Fcategories&post=25778"},{"taxonomy":"post_tag","embeddable":true,"href":"https:\/\/cuernavaca.gob.mx\/index.php?rest_route=%2Fwp%2Fv2%2Ftags&post=25778"}],"curies":[{"name":"wp","href":"https:\/\/api.w.org\/{rel}","templated":true}]}}