{"id":25810,"date":"2023-03-05T13:30:00","date_gmt":"2023-03-05T19:30:00","guid":{"rendered":"https:\/\/cuernavaca.gob.mx\/?p=25810"},"modified":"2025-05-06T12:34:24","modified_gmt":"2025-05-06T18:34:24","slug":"b820-05-03-23-cumple-propositos-la-caminata-convocada-para-celebrar-las-familias-en-cuernavaca-en-el-el-festival-en-cuernavaca-la-familia-es-la-solucion","status":"publish","type":"post","link":"https:\/\/cuernavaca.gob.mx\/?p=25810","title":{"rendered":"B820 05\/03\/23 CUMPLE PROP\u00d3SITOS LA CAMINATA CONVOCADA PARA CELEBRAR LAS FAMILIAS EN CUERNAVACA EN EL EL FESTIVAL &#8220;EN CUERNAVACA, LA FAMILIA ES LA SOLUCI\u00d3N&#8221;"},"content":{"rendered":"\n<ul><li><strong>Este domingo se realiz\u00f3 el 2do d\u00eda del Festival &#8220;En Cuernavaca, la familia es la soluci\u00f3n&#8221;, con la participaci\u00f3n de ni\u00f1as, ni\u00f1os, j\u00f3venes, adultos y abuelos<\/strong><\/li><\/ul>\n\n\n\n<p>El Gobierno Municipal de Cuernavaca cumpli\u00f3 la meta este fin de semana de que las familias se apropiaran de los espacios p\u00fablicos con distintas actividades que integraron el Festival &#8220;En Cuernavaca, la familia es la soluci\u00f3n&#8221;, concluyendo este domingo 11 con una caminata en el Centro Hist\u00f3rico donde una vez m\u00e1s, se logr\u00f3 convivir sanamente en el marco de la celebraci\u00f3n del &#8220;D\u00eda Nacional de la Familia&#8221;.<\/p>\n\n\n\n<p>Desde muy temprana hora, cientos de familias se hicieron presentes en la sede Papagayo del Ayuntamiento, llevando consigo en algunos casos a sus mascotas que forman parte de su din\u00e1mica familiar; el evento fue organizado por el Instituto del Deporte, adscrito a la Secretar\u00eda de Desarrollo Humano y Participaci\u00f3n Social, que encabez\u00f3 una activaci\u00f3n f\u00edsica previa donde chicos y grandes participaron.<\/p>\n\n\n\n<p>La caminata de 2.2 kil\u00f3metros parti\u00f3 rumbo a calle Galeana, hasta los Amates para llegar a avenida Morelos Sur, tomar Miguel Hidalgo y concluir en las letras de Cuernavaca donde los esperaban grandes sorpresas, como un mercadito cultural y los tradicionales chinelos que se sumaron a la alegr\u00eda de las familias participantes. El Instituto del Deporte, encabezado por Gerardo Olvera Moreno, rif\u00f3 distintos regalos donados por patrocinadores que se sumaron a este gran festival por la familia.<\/p>\n\n\n\n<p>La secretaria de Desarrollo Humano y Participaci\u00f3n Social, Laura Hern\u00e1ndez Cruz, puntualiz\u00f3 que la intenci\u00f3n del gobierno es dar opciones a las familias de Cuernavaca para que puedan disfrutar de los espacios p\u00fablicos y acceder a servicios y espect\u00e1culos de calidad de manera gratuita, pero tambi\u00e9n que tengan espacios de convivencia donde no solamente se unan con sus familias, sino construir juntos comunidades de paz.<\/p>\n\n\n\n<p>&#8220;Estamos muy contentos porque es la primera vez que lo organizamos como administraci\u00f3n municipal y queremos que sea un sello de la administraci\u00f3n, que cada actividad, evento e inclusive los servicios que damos tengan la perspectiva de familia as\u00ed como nos lo mandata el Plan Municipal de Desarrollo y estamos muy contentos de la respuesta de la ciudadan\u00eda y sobre todo poder haber cumplido la funci\u00f3n que es establecer juntos que la familia es la soluci\u00f3n&#8221;, acot\u00f3.<\/p>\n\n\n\n<p>En todo momento las familias fueron resguardadas por elementos de la polic\u00eda vial, Protecci\u00f3n Civil y la Cruz Roja Mexicana, recibiendo atenci\u00f3n e hidrataci\u00f3n y manifestando su respaldo a este tipo de actividades gratuitas que se\u00f1alan que en la capital del estado la familia es la soluci\u00f3n.<\/p>\n\n\n\n<figure class=\"wp-container-2 wp-block-gallery-1 wp-block-gallery has-nested-images columns-default is-cropped\">\n<figure class=\"wp-block-image size-large\"><img loading=\"lazy\" width=\"1024\" height=\"682\" data-id=\"25828\"  src=\"https:\/\/cuernavaca.gob.mx\/wp-content\/uploads\/2023\/03\/dia-de-la-familia-cuernavaca-1-1-1024x682.jpeg\" alt=\"\" class=\"wp-image-25828\" srcset=\"https:\/\/cuernavaca.gob.mx\/wp-content\/uploads\/2023\/03\/dia-de-la-familia-cuernavaca-1-1-1024x682.jpeg 1024w, https:\/\/cuernavaca.gob.mx\/wp-content\/uploads\/2023\/03\/dia-de-la-familia-cuernavaca-1-1-300x200.jpeg 300w, https:\/\/cuernavaca.gob.mx\/wp-content\/uploads\/2023\/03\/dia-de-la-familia-cuernavaca-1-1-768x512.jpeg 768w, https:\/\/cuernavaca.gob.mx\/wp-content\/uploads\/2023\/03\/dia-de-la-familia-cuernavaca-1-1-1536x1023.jpeg 1536w, https:\/\/cuernavaca.gob.mx\/wp-content\/uploads\/2023\/03\/dia-de-la-familia-cuernavaca-1-1-600x400.jpeg 600w, https:\/\/cuernavaca.gob.mx\/wp-content\/uploads\/2023\/03\/dia-de-la-familia-cuernavaca-1-1-560x373.jpeg 560w, https:\/\/cuernavaca.gob.mx\/wp-content\/uploads\/2023\/03\/dia-de-la-familia-cuernavaca-1-1.jpeg 1600w\" sizes=\"(max-width: 1024px) 100vw, 1024px\" \/><\/figure>\n\n\n\n<figure class=\"wp-block-image size-large\"><img loading=\"lazy\" width=\"1024\" height=\"682\" data-id=\"25821\"  src=\"https:\/\/cuernavaca.gob.mx\/wp-content\/uploads\/2023\/03\/dia-de-la-familia-cuernavaca-2-1-1024x682.jpeg\" alt=\"\" class=\"wp-image-25821\" srcset=\"https:\/\/cuernavaca.gob.mx\/wp-content\/uploads\/2023\/03\/dia-de-la-familia-cuernavaca-2-1-1024x682.jpeg 1024w, https:\/\/cuernavaca.gob.mx\/wp-content\/uploads\/2023\/03\/dia-de-la-familia-cuernavaca-2-1-300x200.jpeg 300w, https:\/\/cuernavaca.gob.mx\/wp-content\/uploads\/2023\/03\/dia-de-la-familia-cuernavaca-2-1-768x512.jpeg 768w, https:\/\/cuernavaca.gob.mx\/wp-content\/uploads\/2023\/03\/dia-de-la-familia-cuernavaca-2-1-1536x1023.jpeg 1536w, https:\/\/cuernavaca.gob.mx\/wp-content\/uploads\/2023\/03\/dia-de-la-familia-cuernavaca-2-1-600x400.jpeg 600w, https:\/\/cuernavaca.gob.mx\/wp-content\/uploads\/2023\/03\/dia-de-la-familia-cuernavaca-2-1-560x373.jpeg 560w, https:\/\/cuernavaca.gob.mx\/wp-content\/uploads\/2023\/03\/dia-de-la-familia-cuernavaca-2-1.jpeg 1600w\" sizes=\"(max-width: 1024px) 100vw, 1024px\" \/><\/figure>\n\n\n\n<figure class=\"wp-block-image size-large\"><img loading=\"lazy\" width=\"1024\" height=\"682\" data-id=\"25816\"  src=\"https:\/\/cuernavaca.gob.mx\/wp-content\/uploads\/2023\/03\/dia-de-la-familia-cuernavaca-3-1-1024x682.jpeg\" alt=\"\" class=\"wp-image-25816\" srcset=\"https:\/\/cuernavaca.gob.mx\/wp-content\/uploads\/2023\/03\/dia-de-la-familia-cuernavaca-3-1-1024x682.jpeg 1024w, https:\/\/cuernavaca.gob.mx\/wp-content\/uploads\/2023\/03\/dia-de-la-familia-cuernavaca-3-1-300x200.jpeg 300w, https:\/\/cuernavaca.gob.mx\/wp-content\/uploads\/2023\/03\/dia-de-la-familia-cuernavaca-3-1-768x512.jpeg 768w, https:\/\/cuernavaca.gob.mx\/wp-content\/uploads\/2023\/03\/dia-de-la-familia-cuernavaca-3-1-1536x1023.jpeg 1536w, https:\/\/cuernavaca.gob.mx\/wp-content\/uploads\/2023\/03\/dia-de-la-familia-cuernavaca-3-1-600x400.jpeg 600w, https:\/\/cuernavaca.gob.mx\/wp-content\/uploads\/2023\/03\/dia-de-la-familia-cuernavaca-3-1-560x373.jpeg 560w, https:\/\/cuernavaca.gob.mx\/wp-content\/uploads\/2023\/03\/dia-de-la-familia-cuernavaca-3-1.jpeg 1600w\" sizes=\"(max-width: 1024px) 100vw, 1024px\" \/><\/figure>\n\n\n\n<figure class=\"wp-block-image size-large\"><img loading=\"lazy\" width=\"1024\" height=\"682\" data-id=\"25820\"  src=\"https:\/\/cuernavaca.gob.mx\/wp-content\/uploads\/2023\/03\/dia-de-la-familia-cuernavaca-4-1-1024x682.jpeg\" alt=\"\" class=\"wp-image-25820\" srcset=\"https:\/\/cuernavaca.gob.mx\/wp-content\/uploads\/2023\/03\/dia-de-la-familia-cuernavaca-4-1-1024x682.jpeg 1024w, https:\/\/cuernavaca.gob.mx\/wp-content\/uploads\/2023\/03\/dia-de-la-familia-cuernavaca-4-1-300x200.jpeg 300w, https:\/\/cuernavaca.gob.mx\/wp-content\/uploads\/2023\/03\/dia-de-la-familia-cuernavaca-4-1-768x512.jpeg 768w, https:\/\/cuernavaca.gob.mx\/wp-content\/uploads\/2023\/03\/dia-de-la-familia-cuernavaca-4-1-1536x1023.jpeg 1536w, https:\/\/cuernavaca.gob.mx\/wp-content\/uploads\/2023\/03\/dia-de-la-familia-cuernavaca-4-1-600x400.jpeg 600w, https:\/\/cuernavaca.gob.mx\/wp-content\/uploads\/2023\/03\/dia-de-la-familia-cuernavaca-4-1-560x373.jpeg 560w, https:\/\/cuernavaca.gob.mx\/wp-content\/uploads\/2023\/03\/dia-de-la-familia-cuernavaca-4-1.jpeg 1600w\" sizes=\"(max-width: 1024px) 100vw, 1024px\" \/><\/figure>\n\n\n\n<figure class=\"wp-block-image size-large\"><img loading=\"lazy\" width=\"682\" height=\"1024\" data-id=\"25814\"  src=\"https:\/\/cuernavaca.gob.mx\/wp-content\/uploads\/2023\/03\/dia-de-la-familia-cuernavaca-5-1-682x1024.jpeg\" alt=\"\" class=\"wp-image-25814\" srcset=\"https:\/\/cuernavaca.gob.mx\/wp-content\/uploads\/2023\/03\/dia-de-la-familia-cuernavaca-5-1-682x1024.jpeg 682w, https:\/\/cuernavaca.gob.mx\/wp-content\/uploads\/2023\/03\/dia-de-la-familia-cuernavaca-5-1-200x300.jpeg 200w, https:\/\/cuernavaca.gob.mx\/wp-content\/uploads\/2023\/03\/dia-de-la-familia-cuernavaca-5-1-768x1153.jpeg 768w, https:\/\/cuernavaca.gob.mx\/wp-content\/uploads\/2023\/03\/dia-de-la-familia-cuernavaca-5-1-1023x1536.jpeg 1023w, https:\/\/cuernavaca.gob.mx\/wp-content\/uploads\/2023\/03\/dia-de-la-familia-cuernavaca-5-1-400x600.jpeg 400w, https:\/\/cuernavaca.gob.mx\/wp-content\/uploads\/2023\/03\/dia-de-la-familia-cuernavaca-5-1-373x560.jpeg 373w, https:\/\/cuernavaca.gob.mx\/wp-content\/uploads\/2023\/03\/dia-de-la-familia-cuernavaca-5-1.jpeg 1066w\" sizes=\"(max-width: 682px) 100vw, 682px\" \/><\/figure>\n\n\n\n<figure class=\"wp-block-image size-large\"><img loading=\"lazy\" width=\"1024\" height=\"682\" data-id=\"25812\"  src=\"https:\/\/cuernavaca.gob.mx\/wp-content\/uploads\/2023\/03\/dia-de-la-familia-cuernavaca-6-1-1024x682.jpeg\" alt=\"\" class=\"wp-image-25812\" srcset=\"https:\/\/cuernavaca.gob.mx\/wp-content\/uploads\/2023\/03\/dia-de-la-familia-cuernavaca-6-1-1024x682.jpeg 1024w, https:\/\/cuernavaca.gob.mx\/wp-content\/uploads\/2023\/03\/dia-de-la-familia-cuernavaca-6-1-300x200.jpeg 300w, https:\/\/cuernavaca.gob.mx\/wp-content\/uploads\/2023\/03\/dia-de-la-familia-cuernavaca-6-1-768x512.jpeg 768w, https:\/\/cuernavaca.gob.mx\/wp-content\/uploads\/2023\/03\/dia-de-la-familia-cuernavaca-6-1-1536x1023.jpeg 1536w, https:\/\/cuernavaca.gob.mx\/wp-content\/uploads\/2023\/03\/dia-de-la-familia-cuernavaca-6-1-600x400.jpeg 600w, https:\/\/cuernavaca.gob.mx\/wp-content\/uploads\/2023\/03\/dia-de-la-familia-cuernavaca-6-1-560x373.jpeg 560w, https:\/\/cuernavaca.gob.mx\/wp-content\/uploads\/2023\/03\/dia-de-la-familia-cuernavaca-6-1.jpeg 1600w\" sizes=\"(max-width: 1024px) 100vw, 1024px\" \/><\/figure>\n\n\n\n<figure class=\"wp-block-image size-large\"><img loading=\"lazy\" width=\"1024\" height=\"682\" data-id=\"25824\"  src=\"https:\/\/cuernavaca.gob.mx\/wp-content\/uploads\/2023\/03\/dia-de-la-familia-cuernavaca-7-1-1024x682.jpeg\" alt=\"\" class=\"wp-image-25824\" srcset=\"https:\/\/cuernavaca.gob.mx\/wp-content\/uploads\/2023\/03\/dia-de-la-familia-cuernavaca-7-1-1024x682.jpeg 1024w, https:\/\/cuernavaca.gob.mx\/wp-content\/uploads\/2023\/03\/dia-de-la-familia-cuernavaca-7-1-300x200.jpeg 300w, https:\/\/cuernavaca.gob.mx\/wp-content\/uploads\/2023\/03\/dia-de-la-familia-cuernavaca-7-1-768x512.jpeg 768w, https:\/\/cuernavaca.gob.mx\/wp-content\/uploads\/2023\/03\/dia-de-la-familia-cuernavaca-7-1-1536x1023.jpeg 1536w, https:\/\/cuernavaca.gob.mx\/wp-content\/uploads\/2023\/03\/dia-de-la-familia-cuernavaca-7-1-600x400.jpeg 600w, https:\/\/cuernavaca.gob.mx\/wp-content\/uploads\/2023\/03\/dia-de-la-familia-cuernavaca-7-1-560x373.jpeg 560w, https:\/\/cuernavaca.gob.mx\/wp-content\/uploads\/2023\/03\/dia-de-la-familia-cuernavaca-7-1.jpeg 1600w\" sizes=\"(max-width: 1024px) 100vw, 1024px\" \/><\/figure>\n\n\n\n<figure class=\"wp-block-image size-large\"><img loading=\"lazy\" width=\"1024\" height=\"576\" data-id=\"25826\"  src=\"https:\/\/cuernavaca.gob.mx\/wp-content\/uploads\/2023\/03\/dia-de-la-familia-cuernavaca-8-1-1024x576.jpeg\" alt=\"\" class=\"wp-image-25826\" srcset=\"https:\/\/cuernavaca.gob.mx\/wp-content\/uploads\/2023\/03\/dia-de-la-familia-cuernavaca-8-1-1024x576.jpeg 1024w, https:\/\/cuernavaca.gob.mx\/wp-content\/uploads\/2023\/03\/dia-de-la-familia-cuernavaca-8-1-300x169.jpeg 300w, https:\/\/cuernavaca.gob.mx\/wp-content\/uploads\/2023\/03\/dia-de-la-familia-cuernavaca-8-1-768x432.jpeg 768w, https:\/\/cuernavaca.gob.mx\/wp-content\/uploads\/2023\/03\/dia-de-la-familia-cuernavaca-8-1-1536x864.jpeg 1536w, https:\/\/cuernavaca.gob.mx\/wp-content\/uploads\/2023\/03\/dia-de-la-familia-cuernavaca-8-1-600x338.jpeg 600w, https:\/\/cuernavaca.gob.mx\/wp-content\/uploads\/2023\/03\/dia-de-la-familia-cuernavaca-8-1-560x315.jpeg 560w, https:\/\/cuernavaca.gob.mx\/wp-content\/uploads\/2023\/03\/dia-de-la-familia-cuernavaca-8-1.jpeg 1600w\" sizes=\"(max-width: 1024px) 100vw, 1024px\" \/><\/figure>\n\n\n\n<figure class=\"wp-block-image size-large\"><img loading=\"lazy\" width=\"1024\" height=\"682\" data-id=\"25815\"  src=\"https:\/\/cuernavaca.gob.mx\/wp-content\/uploads\/2023\/03\/dia-de-la-familia-cuernavaca-9-1-1024x682.jpeg\" alt=\"\" class=\"wp-image-25815\" srcset=\"https:\/\/cuernavaca.gob.mx\/wp-content\/uploads\/2023\/03\/dia-de-la-familia-cuernavaca-9-1-1024x682.jpeg 1024w, https:\/\/cuernavaca.gob.mx\/wp-content\/uploads\/2023\/03\/dia-de-la-familia-cuernavaca-9-1-300x200.jpeg 300w, https:\/\/cuernavaca.gob.mx\/wp-content\/uploads\/2023\/03\/dia-de-la-familia-cuernavaca-9-1-768x512.jpeg 768w, https:\/\/cuernavaca.gob.mx\/wp-content\/uploads\/2023\/03\/dia-de-la-familia-cuernavaca-9-1-1536x1023.jpeg 1536w, https:\/\/cuernavaca.gob.mx\/wp-content\/uploads\/2023\/03\/dia-de-la-familia-cuernavaca-9-1-600x400.jpeg 600w, https:\/\/cuernavaca.gob.mx\/wp-content\/uploads\/2023\/03\/dia-de-la-familia-cuernavaca-9-1-560x373.jpeg 560w, https:\/\/cuernavaca.gob.mx\/wp-content\/uploads\/2023\/03\/dia-de-la-familia-cuernavaca-9-1.jpeg 1600w\" sizes=\"(max-width: 1024px) 100vw, 1024px\" \/><\/figure>\n\n\n\n<figure class=\"wp-block-image size-large\"><img loading=\"lazy\" width=\"1024\" height=\"682\" data-id=\"25829\"  src=\"https:\/\/cuernavaca.gob.mx\/wp-content\/uploads\/2023\/03\/dia-de-la-familia-cuernavaca-10-1-1024x682.jpeg\" alt=\"\" class=\"wp-image-25829\" srcset=\"https:\/\/cuernavaca.gob.mx\/wp-content\/uploads\/2023\/03\/dia-de-la-familia-cuernavaca-10-1-1024x682.jpeg 1024w, https:\/\/cuernavaca.gob.mx\/wp-content\/uploads\/2023\/03\/dia-de-la-familia-cuernavaca-10-1-300x200.jpeg 300w, https:\/\/cuernavaca.gob.mx\/wp-content\/uploads\/2023\/03\/dia-de-la-familia-cuernavaca-10-1-768x512.jpeg 768w, https:\/\/cuernavaca.gob.mx\/wp-content\/uploads\/2023\/03\/dia-de-la-familia-cuernavaca-10-1-1536x1023.jpeg 1536w, https:\/\/cuernavaca.gob.mx\/wp-content\/uploads\/2023\/03\/dia-de-la-familia-cuernavaca-10-1-600x400.jpeg 600w, https:\/\/cuernavaca.gob.mx\/wp-content\/uploads\/2023\/03\/dia-de-la-familia-cuernavaca-10-1-560x373.jpeg 560w, https:\/\/cuernavaca.gob.mx\/wp-content\/uploads\/2023\/03\/dia-de-la-familia-cuernavaca-10-1.jpeg 1600w\" sizes=\"(max-width: 1024px) 100vw, 1024px\" \/><\/figure>\n\n\n\n<figure class=\"wp-block-image size-large\"><img loading=\"lazy\" width=\"1024\" height=\"682\" data-id=\"25818\"  src=\"https:\/\/cuernavaca.gob.mx\/wp-content\/uploads\/2023\/03\/dia-de-la-familia-cuernavaca-11-1-1024x682.jpeg\" alt=\"\" class=\"wp-image-25818\" srcset=\"https:\/\/cuernavaca.gob.mx\/wp-content\/uploads\/2023\/03\/dia-de-la-familia-cuernavaca-11-1-1024x682.jpeg 1024w, https:\/\/cuernavaca.gob.mx\/wp-content\/uploads\/2023\/03\/dia-de-la-familia-cuernavaca-11-1-300x200.jpeg 300w, https:\/\/cuernavaca.gob.mx\/wp-content\/uploads\/2023\/03\/dia-de-la-familia-cuernavaca-11-1-768x512.jpeg 768w, https:\/\/cuernavaca.gob.mx\/wp-content\/uploads\/2023\/03\/dia-de-la-familia-cuernavaca-11-1-1536x1023.jpeg 1536w, https:\/\/cuernavaca.gob.mx\/wp-content\/uploads\/2023\/03\/dia-de-la-familia-cuernavaca-11-1-600x400.jpeg 600w, https:\/\/cuernavaca.gob.mx\/wp-content\/uploads\/2023\/03\/dia-de-la-familia-cuernavaca-11-1-560x373.jpeg 560w, https:\/\/cuernavaca.gob.mx\/wp-content\/uploads\/2023\/03\/dia-de-la-familia-cuernavaca-11-1.jpeg 1600w\" sizes=\"(max-width: 1024px) 100vw, 1024px\" \/><\/figure>\n\n\n\n<figure class=\"wp-block-image size-large\"><img loading=\"lazy\" width=\"1024\" height=\"682\" data-id=\"25813\"  src=\"https:\/\/cuernavaca.gob.mx\/wp-content\/uploads\/2023\/03\/dia-de-la-familia-cuernavaca-12-1-1024x682.jpeg\" alt=\"\" class=\"wp-image-25813\" srcset=\"https:\/\/cuernavaca.gob.mx\/wp-content\/uploads\/2023\/03\/dia-de-la-familia-cuernavaca-12-1-1024x682.jpeg 1024w, https:\/\/cuernavaca.gob.mx\/wp-content\/uploads\/2023\/03\/dia-de-la-familia-cuernavaca-12-1-300x200.jpeg 300w, https:\/\/cuernavaca.gob.mx\/wp-content\/uploads\/2023\/03\/dia-de-la-familia-cuernavaca-12-1-768x512.jpeg 768w, https:\/\/cuernavaca.gob.mx\/wp-content\/uploads\/2023\/03\/dia-de-la-familia-cuernavaca-12-1-1536x1023.jpeg 1536w, https:\/\/cuernavaca.gob.mx\/wp-content\/uploads\/2023\/03\/dia-de-la-familia-cuernavaca-12-1-600x400.jpeg 600w, https:\/\/cuernavaca.gob.mx\/wp-content\/uploads\/2023\/03\/dia-de-la-familia-cuernavaca-12-1-560x373.jpeg 560w, https:\/\/cuernavaca.gob.mx\/wp-content\/uploads\/2023\/03\/dia-de-la-familia-cuernavaca-12-1.jpeg 1600w\" sizes=\"(max-width: 1024px) 100vw, 1024px\" \/><\/figure>\n\n\n\n<figure class=\"wp-block-image size-large\"><img loading=\"lazy\" width=\"1024\" height=\"682\" data-id=\"25822\"  src=\"https:\/\/cuernavaca.gob.mx\/wp-content\/uploads\/2023\/03\/dia-de-la-familia-cuernavaca-13-1-1024x682.jpeg\" alt=\"\" class=\"wp-image-25822\" srcset=\"https:\/\/cuernavaca.gob.mx\/wp-content\/uploads\/2023\/03\/dia-de-la-familia-cuernavaca-13-1-1024x682.jpeg 1024w, https:\/\/cuernavaca.gob.mx\/wp-content\/uploads\/2023\/03\/dia-de-la-familia-cuernavaca-13-1-300x200.jpeg 300w, https:\/\/cuernavaca.gob.mx\/wp-content\/uploads\/2023\/03\/dia-de-la-familia-cuernavaca-13-1-768x512.jpeg 768w, https:\/\/cuernavaca.gob.mx\/wp-content\/uploads\/2023\/03\/dia-de-la-familia-cuernavaca-13-1-1536x1023.jpeg 1536w, https:\/\/cuernavaca.gob.mx\/wp-content\/uploads\/2023\/03\/dia-de-la-familia-cuernavaca-13-1-600x400.jpeg 600w, https:\/\/cuernavaca.gob.mx\/wp-content\/uploads\/2023\/03\/dia-de-la-familia-cuernavaca-13-1-560x373.jpeg 560w, https:\/\/cuernavaca.gob.mx\/wp-content\/uploads\/2023\/03\/dia-de-la-familia-cuernavaca-13-1.jpeg 1600w\" sizes=\"(max-width: 1024px) 100vw, 1024px\" \/><\/figure>\n\n\n\n<figure class=\"wp-block-image size-large\"><img loading=\"lazy\" width=\"1024\" height=\"682\" data-id=\"25819\"  src=\"https:\/\/cuernavaca.gob.mx\/wp-content\/uploads\/2023\/03\/dia-de-la-familia-cuernavaca-14-1-1024x682.jpeg\" alt=\"\" class=\"wp-image-25819\" srcset=\"https:\/\/cuernavaca.gob.mx\/wp-content\/uploads\/2023\/03\/dia-de-la-familia-cuernavaca-14-1-1024x682.jpeg 1024w, https:\/\/cuernavaca.gob.mx\/wp-content\/uploads\/2023\/03\/dia-de-la-familia-cuernavaca-14-1-300x200.jpeg 300w, https:\/\/cuernavaca.gob.mx\/wp-content\/uploads\/2023\/03\/dia-de-la-familia-cuernavaca-14-1-768x512.jpeg 768w, https:\/\/cuernavaca.gob.mx\/wp-content\/uploads\/2023\/03\/dia-de-la-familia-cuernavaca-14-1-1536x1023.jpeg 1536w, https:\/\/cuernavaca.gob.mx\/wp-content\/uploads\/2023\/03\/dia-de-la-familia-cuernavaca-14-1-600x400.jpeg 600w, https:\/\/cuernavaca.gob.mx\/wp-content\/uploads\/2023\/03\/dia-de-la-familia-cuernavaca-14-1-560x373.jpeg 560w, https:\/\/cuernavaca.gob.mx\/wp-content\/uploads\/2023\/03\/dia-de-la-familia-cuernavaca-14-1.jpeg 1600w\" sizes=\"(max-width: 1024px) 100vw, 1024px\" \/><\/figure>\n\n\n\n<figure class=\"wp-block-image size-large\"><img loading=\"lazy\" width=\"682\" height=\"1024\" data-id=\"25817\"  src=\"https:\/\/cuernavaca.gob.mx\/wp-content\/uploads\/2023\/03\/dia-de-la-familia-cuernavaca-15-1-682x1024.jpeg\" alt=\"\" class=\"wp-image-25817\" srcset=\"https:\/\/cuernavaca.gob.mx\/wp-content\/uploads\/2023\/03\/dia-de-la-familia-cuernavaca-15-1-682x1024.jpeg 682w, https:\/\/cuernavaca.gob.mx\/wp-content\/uploads\/2023\/03\/dia-de-la-familia-cuernavaca-15-1-200x300.jpeg 200w, https:\/\/cuernavaca.gob.mx\/wp-content\/uploads\/2023\/03\/dia-de-la-familia-cuernavaca-15-1-768x1153.jpeg 768w, https:\/\/cuernavaca.gob.mx\/wp-content\/uploads\/2023\/03\/dia-de-la-familia-cuernavaca-15-1-1023x1536.jpeg 1023w, https:\/\/cuernavaca.gob.mx\/wp-content\/uploads\/2023\/03\/dia-de-la-familia-cuernavaca-15-1-400x600.jpeg 400w, https:\/\/cuernavaca.gob.mx\/wp-content\/uploads\/2023\/03\/dia-de-la-familia-cuernavaca-15-1-373x560.jpeg 373w, https:\/\/cuernavaca.gob.mx\/wp-content\/uploads\/2023\/03\/dia-de-la-familia-cuernavaca-15-1.jpeg 1066w\" sizes=\"(max-width: 682px) 100vw, 682px\" \/><\/figure>\n\n\n\n<figure class=\"wp-block-image size-large\"><img loading=\"lazy\" width=\"1024\" height=\"682\" data-id=\"25811\"  src=\"https:\/\/cuernavaca.gob.mx\/wp-content\/uploads\/2023\/03\/dia-de-la-familia-cuernavaca-16-1-1024x682.jpeg\" alt=\"\" class=\"wp-image-25811\" srcset=\"https:\/\/cuernavaca.gob.mx\/wp-content\/uploads\/2023\/03\/dia-de-la-familia-cuernavaca-16-1-1024x682.jpeg 1024w, https:\/\/cuernavaca.gob.mx\/wp-content\/uploads\/2023\/03\/dia-de-la-familia-cuernavaca-16-1-300x200.jpeg 300w, https:\/\/cuernavaca.gob.mx\/wp-content\/uploads\/2023\/03\/dia-de-la-familia-cuernavaca-16-1-768x512.jpeg 768w, https:\/\/cuernavaca.gob.mx\/wp-content\/uploads\/2023\/03\/dia-de-la-familia-cuernavaca-16-1-1536x1023.jpeg 1536w, https:\/\/cuernavaca.gob.mx\/wp-content\/uploads\/2023\/03\/dia-de-la-familia-cuernavaca-16-1-600x400.jpeg 600w, https:\/\/cuernavaca.gob.mx\/wp-content\/uploads\/2023\/03\/dia-de-la-familia-cuernavaca-16-1-560x373.jpeg 560w, https:\/\/cuernavaca.gob.mx\/wp-content\/uploads\/2023\/03\/dia-de-la-familia-cuernavaca-16-1.jpeg 1600w\" sizes=\"(max-width: 1024px) 100vw, 1024px\" \/><\/figure>\n\n\n\n<figure class=\"wp-block-image size-large\"><img loading=\"lazy\" width=\"1024\" height=\"576\" data-id=\"25825\"  src=\"https:\/\/cuernavaca.gob.mx\/wp-content\/uploads\/2023\/03\/dia-de-la-familia-cuernavaca-17-1-1024x576.jpeg\" alt=\"\" class=\"wp-image-25825\" srcset=\"https:\/\/cuernavaca.gob.mx\/wp-content\/uploads\/2023\/03\/dia-de-la-familia-cuernavaca-17-1-1024x576.jpeg 1024w, https:\/\/cuernavaca.gob.mx\/wp-content\/uploads\/2023\/03\/dia-de-la-familia-cuernavaca-17-1-300x169.jpeg 300w, https:\/\/cuernavaca.gob.mx\/wp-content\/uploads\/2023\/03\/dia-de-la-familia-cuernavaca-17-1-768x432.jpeg 768w, https:\/\/cuernavaca.gob.mx\/wp-content\/uploads\/2023\/03\/dia-de-la-familia-cuernavaca-17-1-1536x864.jpeg 1536w, https:\/\/cuernavaca.gob.mx\/wp-content\/uploads\/2023\/03\/dia-de-la-familia-cuernavaca-17-1-600x338.jpeg 600w, https:\/\/cuernavaca.gob.mx\/wp-content\/uploads\/2023\/03\/dia-de-la-familia-cuernavaca-17-1-560x315.jpeg 560w, https:\/\/cuernavaca.gob.mx\/wp-content\/uploads\/2023\/03\/dia-de-la-familia-cuernavaca-17-1.jpeg 1600w\" sizes=\"(max-width: 1024px) 100vw, 1024px\" \/><\/figure>\n\n\n\n<figure class=\"wp-block-image size-large\"><img loading=\"lazy\" width=\"1024\" height=\"682\" data-id=\"25827\"  src=\"https:\/\/cuernavaca.gob.mx\/wp-content\/uploads\/2023\/03\/dia-de-la-familia-cuernavaca-18-1-1024x682.jpeg\" alt=\"\" class=\"wp-image-25827\" srcset=\"https:\/\/cuernavaca.gob.mx\/wp-content\/uploads\/2023\/03\/dia-de-la-familia-cuernavaca-18-1-1024x682.jpeg 1024w, https:\/\/cuernavaca.gob.mx\/wp-content\/uploads\/2023\/03\/dia-de-la-familia-cuernavaca-18-1-300x200.jpeg 300w, https:\/\/cuernavaca.gob.mx\/wp-content\/uploads\/2023\/03\/dia-de-la-familia-cuernavaca-18-1-768x512.jpeg 768w, https:\/\/cuernavaca.gob.mx\/wp-content\/uploads\/2023\/03\/dia-de-la-familia-cuernavaca-18-1-1536x1023.jpeg 1536w, https:\/\/cuernavaca.gob.mx\/wp-content\/uploads\/2023\/03\/dia-de-la-familia-cuernavaca-18-1-600x400.jpeg 600w, https:\/\/cuernavaca.gob.mx\/wp-content\/uploads\/2023\/03\/dia-de-la-familia-cuernavaca-18-1-560x373.jpeg 560w, https:\/\/cuernavaca.gob.mx\/wp-content\/uploads\/2023\/03\/dia-de-la-familia-cuernavaca-18-1.jpeg 1600w\" sizes=\"(max-width: 1024px) 100vw, 1024px\" \/><\/figure>\n\n\n\n<figure class=\"wp-block-image size-large\"><img loading=\"lazy\" width=\"1024\" height=\"682\" data-id=\"25823\"  src=\"https:\/\/cuernavaca.gob.mx\/wp-content\/uploads\/2023\/03\/dia-de-la-familia-cuernavaca-19-1-1024x682.jpeg\" alt=\"\" class=\"wp-image-25823\" srcset=\"https:\/\/cuernavaca.gob.mx\/wp-content\/uploads\/2023\/03\/dia-de-la-familia-cuernavaca-19-1-1024x682.jpeg 1024w, https:\/\/cuernavaca.gob.mx\/wp-content\/uploads\/2023\/03\/dia-de-la-familia-cuernavaca-19-1-300x200.jpeg 300w, https:\/\/cuernavaca.gob.mx\/wp-content\/uploads\/2023\/03\/dia-de-la-familia-cuernavaca-19-1-768x512.jpeg 768w, https:\/\/cuernavaca.gob.mx\/wp-content\/uploads\/2023\/03\/dia-de-la-familia-cuernavaca-19-1-1536x1023.jpeg 1536w, https:\/\/cuernavaca.gob.mx\/wp-content\/uploads\/2023\/03\/dia-de-la-familia-cuernavaca-19-1-600x400.jpeg 600w, https:\/\/cuernavaca.gob.mx\/wp-content\/uploads\/2023\/03\/dia-de-la-familia-cuernavaca-19-1-560x373.jpeg 560w, https:\/\/cuernavaca.gob.mx\/wp-content\/uploads\/2023\/03\/dia-de-la-familia-cuernavaca-19-1.jpeg 1600w\" sizes=\"(max-width: 1024px) 100vw, 1024px\" \/><\/figure>\n<\/figure>\n","protected":false},"excerpt":{"rendered":"<p>Este domingo se realiz\u00f3 el 2do d\u00eda del Festival &#8220;En Cuernavaca, la familia es la soluci\u00f3n&#8221;, con la participaci\u00f3n de ni\u00f1as, ni\u00f1os, j\u00f3venes, adultos y abuelos El Gobierno Municipal de Cuernavaca cumpli\u00f3 la meta este fin de semana de que las familias se apropiaran de los espacios p\u00fablicos con distintas actividades que integraron el Festival [&hellip;]<\/p>\n","protected":false},"author":1,"featured_media":25822,"comment_status":"closed","ping_status":"open","sticky":false,"template":"","format":"standard","meta":[],"categories":[862],"tags":[2397,121,120,206],"aioseo_notices":[],"_links":{"self":[{"href":"https:\/\/cuernavaca.gob.mx\/index.php?rest_route=\/wp\/v2\/posts\/25810"}],"collection":[{"href":"https:\/\/cuernavaca.gob.mx\/index.php?rest_route=\/wp\/v2\/posts"}],"about":[{"href":"https:\/\/cuernavaca.gob.mx\/index.php?rest_route=\/wp\/v2\/types\/post"}],"author":[{"embeddable":true,"href":"https:\/\/cuernavaca.gob.mx\/index.php?rest_route=\/wp\/v2\/users\/1"}],"replies":[{"embeddable":true,"href":"https:\/\/cuernavaca.gob.mx\/index.php?rest_route=%2Fwp%2Fv2%2Fcomments&post=25810"}],"version-history":[{"count":1,"href":"https:\/\/cuernavaca.gob.mx\/index.php?rest_route=\/wp\/v2\/posts\/25810\/revisions"}],"predecessor-version":[{"id":25830,"href":"https:\/\/cuernavaca.gob.mx\/index.php?rest_route=\/wp\/v2\/posts\/25810\/revisions\/25830"}],"wp:featuredmedia":[{"embeddable":true,"href":"https:\/\/cuernavaca.gob.mx\/index.php?rest_route=\/wp\/v2\/media\/25822"}],"wp:attachment":[{"href":"https:\/\/cuernavaca.gob.mx\/index.php?rest_route=%2Fwp%2Fv2%2Fmedia&parent=25810"}],"wp:term":[{"taxonomy":"category","embeddable":true,"href":"https:\/\/cuernavaca.gob.mx\/index.php?rest_route=%2Fwp%2Fv2%2Fcategories&post=25810"},{"taxonomy":"post_tag","embeddable":true,"href":"https:\/\/cuernavaca.gob.mx\/index.php?rest_route=%2Fwp%2Fv2%2Ftags&post=25810"}],"curies":[{"name":"wp","href":"https:\/\/api.w.org\/{rel}","templated":true}]}}