{"id":25831,"date":"2023-03-05T13:46:00","date_gmt":"2023-03-05T19:46:00","guid":{"rendered":"https:\/\/cuernavaca.gob.mx\/?p=25831"},"modified":"2025-05-06T12:34:24","modified_gmt":"2025-05-06T18:34:24","slug":"b821-05-03-23-gobierno-municipal-capacita-a-empresas-para-generar-ambientes-seguros-a-partir-de-la-prevencion","status":"publish","type":"post","link":"https:\/\/cuernavaca.gob.mx\/?p=25831","title":{"rendered":"B821 05\/03\/23 GOBIERNO MUNICIPAL CAPACITA A EMPRESAS PARA GENERAR AMBIENTES SEGUROS A PARTIR DE LA PREVENCI\u00d3N"},"content":{"rendered":"\n<p><strong>\u2022 El Secretariado Ejecutivo del Consejo Municipal de Seguridad P\u00fablica puso en marcha una serie de capacitaciones a fin de que cubrir las necesidades de seguridad en los centros de trabajo y su entorno<\/strong><\/p>\n\n\n\n<p><strong>\u2022 Consta de 10 sesiones que involucran distintas tem\u00e1ticas dirigidas a la prevenci\u00f3n social de las violencias<\/strong><\/p>\n\n\n\n<p>Como parte de las acciones que ha emprendido el Ayuntamiento de Cuernavaca para crear ambientes m\u00e1s seguros en la ciudad, el Secretariado Ejecutivo del Consejo Municipal de Seguridad P\u00fablica ha arrancado una serie de capacitaciones dirigidas a la iniciativa privada, a fin de que cubrir las necesidades de seguridad, tanto al interior de los centros de trabajo como de sus empleados, fomentando la cultura de la prevenci\u00f3n para convertirse en empresas seguras.<\/p>\n\n\n\n<p>El titular del secretariado, Marco Olvera Benedicto, explic\u00f3 que estas capacitaciones constan de 10 sesiones que se dan a los comit\u00e9s que consideran como empresa segura, comit\u00e9 de consulta y participaci\u00f3n ciudadana constituidos dentro de empresas para minimizar riesgos y vulnerabilidades al interior de los centros de trabajo, pero tambi\u00e9n en su entorno personal y en el trayecto a sus empresas.<\/p>\n\n\n\n<p>Las capacitaciones se constituyen de una l\u00ednea federal, iniciando con el uso correcto de los n\u00fameros de emergencias, la prevenci\u00f3n de la extorsi\u00f3n, medidas fundamentales de prevenci\u00f3n y autoprotecci\u00f3n, que hacer en casos de emergencia, acoso laboral, la prevenci\u00f3n de los delitos cibern\u00e9ticos, los tipos y modalidades de violencia de g\u00e9nero, detecci\u00f3n de billetes y monedas falsas, primeros auxilios, as\u00ed como todo lo relacionado con educaci\u00f3n vial, el manejo seguro y preventivo en la ciudad para finalizar con la entrega de una placa, mediante la cual se les considera como empresas seguras.<\/p>\n\n\n\n<p>Sostuvo que a trav\u00e9s de este programa inciden en la disminuci\u00f3n de la violencia en la capital del estado, involucrando a todos los actores y ciudadanos en la prevenci\u00f3n social, \u201cal estar perfectamente bien capacitados cumplimos con una educaci\u00f3n c\u00edvica que todos debemos tener. Fomentamos la buena ciudadan\u00eda, pero al mismo tiempo estamos fomentando la prevenci\u00f3n y con eso eventualmente la disminuci\u00f3n de la violencia y de los \u00edndices delictivos en la ciudad\u201d.<\/p>\n\n\n\n<p>Aquellas empresas interesadas en recibir estas capacitaciones gratuitas pueden solicitarlas directamente en el Secretariado Ejecutivo del Consejo Municipal de Seguridad P\u00fablica o en presidencia del Ayuntamiento de Cuernavaca.<\/p>\n\n\n\n<figure class=\"wp-container-2 wp-block-gallery-1 wp-block-gallery has-nested-images columns-default is-cropped\">\n<figure class=\"wp-block-image size-large\"><img loading=\"lazy\" width=\"1024\" height=\"658\" data-id=\"25833\"  src=\"https:\/\/cuernavaca.gob.mx\/wp-content\/uploads\/2023\/03\/capacitacion-empresarios-cuernavaca-1-1024x658.jpeg\" alt=\"\" class=\"wp-image-25833\" srcset=\"https:\/\/cuernavaca.gob.mx\/wp-content\/uploads\/2023\/03\/capacitacion-empresarios-cuernavaca-1-1024x658.jpeg 1024w, https:\/\/cuernavaca.gob.mx\/wp-content\/uploads\/2023\/03\/capacitacion-empresarios-cuernavaca-1-300x193.jpeg 300w, https:\/\/cuernavaca.gob.mx\/wp-content\/uploads\/2023\/03\/capacitacion-empresarios-cuernavaca-1-768x494.jpeg 768w, https:\/\/cuernavaca.gob.mx\/wp-content\/uploads\/2023\/03\/capacitacion-empresarios-cuernavaca-1-600x386.jpeg 600w, https:\/\/cuernavaca.gob.mx\/wp-content\/uploads\/2023\/03\/capacitacion-empresarios-cuernavaca-1-560x360.jpeg 560w, https:\/\/cuernavaca.gob.mx\/wp-content\/uploads\/2023\/03\/capacitacion-empresarios-cuernavaca-1.jpeg 1170w\" sizes=\"(max-width: 1024px) 100vw, 1024px\" \/><\/figure>\n\n\n\n<figure class=\"wp-block-image size-large\"><img loading=\"lazy\" width=\"1024\" height=\"699\" data-id=\"25834\"  src=\"https:\/\/cuernavaca.gob.mx\/wp-content\/uploads\/2023\/03\/capacitacion-empresarios-cuernavaca-2-1024x699.jpeg\" alt=\"\" class=\"wp-image-25834\" srcset=\"https:\/\/cuernavaca.gob.mx\/wp-content\/uploads\/2023\/03\/capacitacion-empresarios-cuernavaca-2-1024x699.jpeg 1024w, https:\/\/cuernavaca.gob.mx\/wp-content\/uploads\/2023\/03\/capacitacion-empresarios-cuernavaca-2-300x205.jpeg 300w, https:\/\/cuernavaca.gob.mx\/wp-content\/uploads\/2023\/03\/capacitacion-empresarios-cuernavaca-2-768x524.jpeg 768w, https:\/\/cuernavaca.gob.mx\/wp-content\/uploads\/2023\/03\/capacitacion-empresarios-cuernavaca-2-600x410.jpeg 600w, https:\/\/cuernavaca.gob.mx\/wp-content\/uploads\/2023\/03\/capacitacion-empresarios-cuernavaca-2-560x382.jpeg 560w, https:\/\/cuernavaca.gob.mx\/wp-content\/uploads\/2023\/03\/capacitacion-empresarios-cuernavaca-2.jpeg 1194w\" sizes=\"(max-width: 1024px) 100vw, 1024px\" \/><\/figure>\n\n\n\n<figure class=\"wp-block-image size-large\"><img loading=\"lazy\" width=\"1024\" height=\"682\" data-id=\"25835\"  src=\"https:\/\/cuernavaca.gob.mx\/wp-content\/uploads\/2023\/03\/capacitacion-empresarios-cuernavaca-3-1024x682.jpeg\" alt=\"\" class=\"wp-image-25835\" srcset=\"https:\/\/cuernavaca.gob.mx\/wp-content\/uploads\/2023\/03\/capacitacion-empresarios-cuernavaca-3-1024x682.jpeg 1024w, https:\/\/cuernavaca.gob.mx\/wp-content\/uploads\/2023\/03\/capacitacion-empresarios-cuernavaca-3-300x200.jpeg 300w, https:\/\/cuernavaca.gob.mx\/wp-content\/uploads\/2023\/03\/capacitacion-empresarios-cuernavaca-3-768x512.jpeg 768w, https:\/\/cuernavaca.gob.mx\/wp-content\/uploads\/2023\/03\/capacitacion-empresarios-cuernavaca-3-600x400.jpeg 600w, https:\/\/cuernavaca.gob.mx\/wp-content\/uploads\/2023\/03\/capacitacion-empresarios-cuernavaca-3-560x373.jpeg 560w, https:\/\/cuernavaca.gob.mx\/wp-content\/uploads\/2023\/03\/capacitacion-empresarios-cuernavaca-3.jpeg 1280w\" sizes=\"(max-width: 1024px) 100vw, 1024px\" \/><\/figure>\n\n\n\n<figure class=\"wp-block-image size-large\"><img loading=\"lazy\" width=\"1024\" height=\"682\" data-id=\"25832\"  src=\"https:\/\/cuernavaca.gob.mx\/wp-content\/uploads\/2023\/03\/capacitacion-empresarios-cuernavaca-4-1024x682.jpeg\" alt=\"\" class=\"wp-image-25832\" srcset=\"https:\/\/cuernavaca.gob.mx\/wp-content\/uploads\/2023\/03\/capacitacion-empresarios-cuernavaca-4-1024x682.jpeg 1024w, https:\/\/cuernavaca.gob.mx\/wp-content\/uploads\/2023\/03\/capacitacion-empresarios-cuernavaca-4-300x200.jpeg 300w, https:\/\/cuernavaca.gob.mx\/wp-content\/uploads\/2023\/03\/capacitacion-empresarios-cuernavaca-4-768x512.jpeg 768w, https:\/\/cuernavaca.gob.mx\/wp-content\/uploads\/2023\/03\/capacitacion-empresarios-cuernavaca-4-600x400.jpeg 600w, https:\/\/cuernavaca.gob.mx\/wp-content\/uploads\/2023\/03\/capacitacion-empresarios-cuernavaca-4-560x373.jpeg 560w, https:\/\/cuernavaca.gob.mx\/wp-content\/uploads\/2023\/03\/capacitacion-empresarios-cuernavaca-4.jpeg 1280w\" sizes=\"(max-width: 1024px) 100vw, 1024px\" \/><\/figure>\n\n\n\n<figure class=\"wp-block-image size-large\"><img loading=\"lazy\" width=\"1024\" height=\"735\" data-id=\"25836\"  src=\"https:\/\/cuernavaca.gob.mx\/wp-content\/uploads\/2023\/03\/capacitacion-empresarios-cuernavaca-5-1024x735.jpeg\" alt=\"\" class=\"wp-image-25836\" srcset=\"https:\/\/cuernavaca.gob.mx\/wp-content\/uploads\/2023\/03\/capacitacion-empresarios-cuernavaca-5-1024x735.jpeg 1024w, https:\/\/cuernavaca.gob.mx\/wp-content\/uploads\/2023\/03\/capacitacion-empresarios-cuernavaca-5-300x215.jpeg 300w, https:\/\/cuernavaca.gob.mx\/wp-content\/uploads\/2023\/03\/capacitacion-empresarios-cuernavaca-5-768x551.jpeg 768w, https:\/\/cuernavaca.gob.mx\/wp-content\/uploads\/2023\/03\/capacitacion-empresarios-cuernavaca-5-600x431.jpeg 600w, https:\/\/cuernavaca.gob.mx\/wp-content\/uploads\/2023\/03\/capacitacion-empresarios-cuernavaca-5-560x402.jpeg 560w, https:\/\/cuernavaca.gob.mx\/wp-content\/uploads\/2023\/03\/capacitacion-empresarios-cuernavaca-5.jpeg 1045w\" sizes=\"(max-width: 1024px) 100vw, 1024px\" \/><\/figure>\n<\/figure>\n","protected":false},"excerpt":{"rendered":"<p>\u2022 El Secretariado Ejecutivo del Consejo Municipal de Seguridad P\u00fablica puso en marcha una serie de capacitaciones a fin de que cubrir las necesidades de seguridad en los centros de trabajo y su entorno \u2022 Consta de 10 sesiones que involucran distintas tem\u00e1ticas dirigidas a la prevenci\u00f3n social de las violencias Como parte de las [&hellip;]<\/p>\n","protected":false},"author":1,"featured_media":25832,"comment_status":"closed","ping_status":"open","sticky":false,"template":"","format":"standard","meta":[],"categories":[17],"tags":[121,1159,489,120,206,403,414],"aioseo_notices":[],"_links":{"self":[{"href":"https:\/\/cuernavaca.gob.mx\/index.php?rest_route=\/wp\/v2\/posts\/25831"}],"collection":[{"href":"https:\/\/cuernavaca.gob.mx\/index.php?rest_route=\/wp\/v2\/posts"}],"about":[{"href":"https:\/\/cuernavaca.gob.mx\/index.php?rest_route=\/wp\/v2\/types\/post"}],"author":[{"embeddable":true,"href":"https:\/\/cuernavaca.gob.mx\/index.php?rest_route=\/wp\/v2\/users\/1"}],"replies":[{"embeddable":true,"href":"https:\/\/cuernavaca.gob.mx\/index.php?rest_route=%2Fwp%2Fv2%2Fcomments&post=25831"}],"version-history":[{"count":1,"href":"https:\/\/cuernavaca.gob.mx\/index.php?rest_route=\/wp\/v2\/posts\/25831\/revisions"}],"predecessor-version":[{"id":25837,"href":"https:\/\/cuernavaca.gob.mx\/index.php?rest_route=\/wp\/v2\/posts\/25831\/revisions\/25837"}],"wp:featuredmedia":[{"embeddable":true,"href":"https:\/\/cuernavaca.gob.mx\/index.php?rest_route=\/wp\/v2\/media\/25832"}],"wp:attachment":[{"href":"https:\/\/cuernavaca.gob.mx\/index.php?rest_route=%2Fwp%2Fv2%2Fmedia&parent=25831"}],"wp:term":[{"taxonomy":"category","embeddable":true,"href":"https:\/\/cuernavaca.gob.mx\/index.php?rest_route=%2Fwp%2Fv2%2Fcategories&post=25831"},{"taxonomy":"post_tag","embeddable":true,"href":"https:\/\/cuernavaca.gob.mx\/index.php?rest_route=%2Fwp%2Fv2%2Ftags&post=25831"}],"curies":[{"name":"wp","href":"https:\/\/api.w.org\/{rel}","templated":true}]}}