{"id":25858,"date":"2023-03-06T16:45:00","date_gmt":"2023-03-06T22:45:00","guid":{"rendered":"https:\/\/cuernavaca.gob.mx\/?p=25858"},"modified":"2025-05-06T12:34:23","modified_gmt":"2025-05-06T18:34:23","slug":"anticipa-sapac-medidas-para-enfrentar-la-temporada-de-estiaje-de-este-2023","status":"publish","type":"post","link":"https:\/\/cuernavaca.gob.mx\/?p=25858","title":{"rendered":"ANTICIPA SAPAC MEDIDAS PARA ENFRENTAR LA TEMPORADA DE ESTIAJE DE ESTE 2023"},"content":{"rendered":"\n<p>\u2022Se estima una disminuci\u00f3n del caudal en 20 por ciento en las fuentes de abastecimiento, por lo que es necesario un uso racional del recurso h\u00eddrico<\/p>\n\n\n\n<p>El Sistema de Agua Potable y Alcantarillado de Cuernavaca (SAPAC) se prepara para enfrentar la temporada de estiaje en la que disminuye el caudal de las fuentes de abastecimiento del recurso h\u00eddrico, por lo que hace un llamado a la poblaci\u00f3n para que implemente tambi\u00e9n medidas para el uso racional y adecuado.<\/p>\n\n\n\n<p>En conferencia de prensa presidida por la directora general del SAPAC, Evelia Flores Hern\u00e1ndez, acompa\u00f1ada por el director t\u00e9cnico Hector Polanco Ch\u00e1vez, del director de Administracion y Finanzas, Alfredo Silva Valdez, as\u00ed como el director operativo, Dante Figueroa Castelar, quien explic\u00f3 que se trata de un fen\u00f3meno natural que se presenta a nivel mundial y que tiene que ver con el cambio clim\u00e1tico, la deforestaci\u00f3n y el crecimiento de las zonas urbanas que no permite la recarga de los mantos acu\u00edferos.<\/p>\n\n\n\n<p>Dentro de las estrategias para mitigar la problem\u00e1tica de esta temporada est\u00e1 contemplado la rehabilitaci\u00f3n de algunos tanques lo que permitir\u00e1 el almacenamiento seguro del agua para la reparaci\u00f3n de las tuber\u00edas que presenten fugas.<\/p>\n\n\n\n<p>Sin embargo, estas obras de rehabilitaci\u00f3n tendr\u00e1n como consecuencia impactos en el abastecimiento de agua en los pr\u00f3ximos d\u00edas en las colonias del Centro, Norte, Calzada de los Reyes, Bosques de Cuernavaca y ampliaci\u00f3n L\u00e1zaro C\u00e1rdenas, por lo que pidi\u00f3 la comprensi\u00f3n de la ciudadan\u00eda.<\/p>\n\n\n\n<p>Finalmente, el director de Administraci\u00f3n y Finanzas del SAPAC, Alfredo Silva, descart\u00f3 que se contemplen nuevos cortes de energ\u00eda el\u00e9ctrica en los pozos de distribuci\u00f3n, al asegurar que se han tomado las medidas necesarias para regularizar los compromisos financieros con la Comisi\u00f3n Federal de Electricidad (CFE) en las fechas acordadas, y con esto garantizar el cumplimiento de abasto de agua para la ciudad, reiterando el llamado a los usuarios a ponerse al corriente de sus pagos.<\/p>\n\n\n\n<figure class=\"wp-container-2 wp-block-gallery-1 wp-block-gallery has-nested-images columns-default is-cropped\">\n<figure class=\"wp-block-image size-large\"><img loading=\"lazy\" width=\"1024\" height=\"682\" data-id=\"25859\"  src=\"https:\/\/cuernavaca.gob.mx\/wp-content\/uploads\/2023\/03\/temporada-de-estiaje-sapac-cuernavaca-1-1024x682.jpg\" alt=\"\" class=\"wp-image-25859\" srcset=\"https:\/\/cuernavaca.gob.mx\/wp-content\/uploads\/2023\/03\/temporada-de-estiaje-sapac-cuernavaca-1-1024x682.jpg 1024w, https:\/\/cuernavaca.gob.mx\/wp-content\/uploads\/2023\/03\/temporada-de-estiaje-sapac-cuernavaca-1-300x200.jpg 300w, https:\/\/cuernavaca.gob.mx\/wp-content\/uploads\/2023\/03\/temporada-de-estiaje-sapac-cuernavaca-1-768x512.jpg 768w, https:\/\/cuernavaca.gob.mx\/wp-content\/uploads\/2023\/03\/temporada-de-estiaje-sapac-cuernavaca-1-600x400.jpg 600w, https:\/\/cuernavaca.gob.mx\/wp-content\/uploads\/2023\/03\/temporada-de-estiaje-sapac-cuernavaca-1-560x373.jpg 560w, https:\/\/cuernavaca.gob.mx\/wp-content\/uploads\/2023\/03\/temporada-de-estiaje-sapac-cuernavaca-1.jpg 1280w\" sizes=\"(max-width: 1024px) 100vw, 1024px\" \/><\/figure>\n\n\n\n<figure class=\"wp-block-image size-large\"><img loading=\"lazy\" width=\"1024\" height=\"682\" data-id=\"25860\"  src=\"https:\/\/cuernavaca.gob.mx\/wp-content\/uploads\/2023\/03\/temporada-de-estiaje-sapac-cuernavaca-2-1024x682.jpg\" alt=\"\" class=\"wp-image-25860\" srcset=\"https:\/\/cuernavaca.gob.mx\/wp-content\/uploads\/2023\/03\/temporada-de-estiaje-sapac-cuernavaca-2-1024x682.jpg 1024w, https:\/\/cuernavaca.gob.mx\/wp-content\/uploads\/2023\/03\/temporada-de-estiaje-sapac-cuernavaca-2-300x200.jpg 300w, https:\/\/cuernavaca.gob.mx\/wp-content\/uploads\/2023\/03\/temporada-de-estiaje-sapac-cuernavaca-2-768x512.jpg 768w, https:\/\/cuernavaca.gob.mx\/wp-content\/uploads\/2023\/03\/temporada-de-estiaje-sapac-cuernavaca-2-600x400.jpg 600w, https:\/\/cuernavaca.gob.mx\/wp-content\/uploads\/2023\/03\/temporada-de-estiaje-sapac-cuernavaca-2-560x373.jpg 560w, https:\/\/cuernavaca.gob.mx\/wp-content\/uploads\/2023\/03\/temporada-de-estiaje-sapac-cuernavaca-2.jpg 1280w\" sizes=\"(max-width: 1024px) 100vw, 1024px\" \/><\/figure>\n\n\n\n<figure class=\"wp-block-image size-large\"><img loading=\"lazy\" width=\"1024\" height=\"682\" data-id=\"25861\"  src=\"https:\/\/cuernavaca.gob.mx\/wp-content\/uploads\/2023\/03\/temporada-de-estiaje-sapac-cuernavaca-3-1024x682.jpg\" alt=\"\" class=\"wp-image-25861\" srcset=\"https:\/\/cuernavaca.gob.mx\/wp-content\/uploads\/2023\/03\/temporada-de-estiaje-sapac-cuernavaca-3-1024x682.jpg 1024w, https:\/\/cuernavaca.gob.mx\/wp-content\/uploads\/2023\/03\/temporada-de-estiaje-sapac-cuernavaca-3-300x200.jpg 300w, https:\/\/cuernavaca.gob.mx\/wp-content\/uploads\/2023\/03\/temporada-de-estiaje-sapac-cuernavaca-3-768x512.jpg 768w, https:\/\/cuernavaca.gob.mx\/wp-content\/uploads\/2023\/03\/temporada-de-estiaje-sapac-cuernavaca-3-600x400.jpg 600w, https:\/\/cuernavaca.gob.mx\/wp-content\/uploads\/2023\/03\/temporada-de-estiaje-sapac-cuernavaca-3-560x373.jpg 560w, https:\/\/cuernavaca.gob.mx\/wp-content\/uploads\/2023\/03\/temporada-de-estiaje-sapac-cuernavaca-3.jpg 1280w\" sizes=\"(max-width: 1024px) 100vw, 1024px\" \/><\/figure>\n\n\n\n<figure class=\"wp-block-image size-large\"><img loading=\"lazy\" width=\"1024\" height=\"682\" data-id=\"25863\"  src=\"https:\/\/cuernavaca.gob.mx\/wp-content\/uploads\/2023\/03\/temporada-de-estiaje-sapac-cuernavaca-4-1024x682.jpg\" alt=\"\" class=\"wp-image-25863\" srcset=\"https:\/\/cuernavaca.gob.mx\/wp-content\/uploads\/2023\/03\/temporada-de-estiaje-sapac-cuernavaca-4-1024x682.jpg 1024w, https:\/\/cuernavaca.gob.mx\/wp-content\/uploads\/2023\/03\/temporada-de-estiaje-sapac-cuernavaca-4-300x200.jpg 300w, https:\/\/cuernavaca.gob.mx\/wp-content\/uploads\/2023\/03\/temporada-de-estiaje-sapac-cuernavaca-4-768x512.jpg 768w, https:\/\/cuernavaca.gob.mx\/wp-content\/uploads\/2023\/03\/temporada-de-estiaje-sapac-cuernavaca-4-600x400.jpg 600w, https:\/\/cuernavaca.gob.mx\/wp-content\/uploads\/2023\/03\/temporada-de-estiaje-sapac-cuernavaca-4-560x373.jpg 560w, https:\/\/cuernavaca.gob.mx\/wp-content\/uploads\/2023\/03\/temporada-de-estiaje-sapac-cuernavaca-4.jpg 1280w\" sizes=\"(max-width: 1024px) 100vw, 1024px\" \/><\/figure>\n\n\n\n<figure class=\"wp-block-image size-large\"><img loading=\"lazy\" width=\"1024\" height=\"678\" data-id=\"25862\"  src=\"https:\/\/cuernavaca.gob.mx\/wp-content\/uploads\/2023\/03\/temporada-de-estiaje-sapac-cuernavaca-5-1024x678.jpg\" alt=\"\" class=\"wp-image-25862\" srcset=\"https:\/\/cuernavaca.gob.mx\/wp-content\/uploads\/2023\/03\/temporada-de-estiaje-sapac-cuernavaca-5-1024x678.jpg 1024w, https:\/\/cuernavaca.gob.mx\/wp-content\/uploads\/2023\/03\/temporada-de-estiaje-sapac-cuernavaca-5-300x199.jpg 300w, https:\/\/cuernavaca.gob.mx\/wp-content\/uploads\/2023\/03\/temporada-de-estiaje-sapac-cuernavaca-5-768x508.jpg 768w, https:\/\/cuernavaca.gob.mx\/wp-content\/uploads\/2023\/03\/temporada-de-estiaje-sapac-cuernavaca-5-600x397.jpg 600w, https:\/\/cuernavaca.gob.mx\/wp-content\/uploads\/2023\/03\/temporada-de-estiaje-sapac-cuernavaca-5-560x371.jpg 560w, https:\/\/cuernavaca.gob.mx\/wp-content\/uploads\/2023\/03\/temporada-de-estiaje-sapac-cuernavaca-5.jpg 1280w\" sizes=\"(max-width: 1024px) 100vw, 1024px\" \/><\/figure>\n<\/figure>\n","protected":false},"excerpt":{"rendered":"<p>\u2022Se estima una disminuci\u00f3n del caudal en 20 por ciento en las fuentes de abastecimiento, por lo que es necesario un uso racional del recurso h\u00eddrico El Sistema de Agua Potable y Alcantarillado de Cuernavaca (SAPAC) se prepara para enfrentar la temporada de estiaje en la que disminuye el caudal de las fuentes de abastecimiento [&hellip;]<\/p>\n","protected":false},"author":1,"featured_media":25863,"comment_status":"closed","ping_status":"open","sticky":false,"template":"","format":"standard","meta":[],"categories":[1],"tags":[395,615,121,2961,120,206,124],"aioseo_notices":[],"_links":{"self":[{"href":"https:\/\/cuernavaca.gob.mx\/index.php?rest_route=\/wp\/v2\/posts\/25858"}],"collection":[{"href":"https:\/\/cuernavaca.gob.mx\/index.php?rest_route=\/wp\/v2\/posts"}],"about":[{"href":"https:\/\/cuernavaca.gob.mx\/index.php?rest_route=\/wp\/v2\/types\/post"}],"author":[{"embeddable":true,"href":"https:\/\/cuernavaca.gob.mx\/index.php?rest_route=\/wp\/v2\/users\/1"}],"replies":[{"embeddable":true,"href":"https:\/\/cuernavaca.gob.mx\/index.php?rest_route=%2Fwp%2Fv2%2Fcomments&post=25858"}],"version-history":[{"count":1,"href":"https:\/\/cuernavaca.gob.mx\/index.php?rest_route=\/wp\/v2\/posts\/25858\/revisions"}],"predecessor-version":[{"id":25864,"href":"https:\/\/cuernavaca.gob.mx\/index.php?rest_route=\/wp\/v2\/posts\/25858\/revisions\/25864"}],"wp:featuredmedia":[{"embeddable":true,"href":"https:\/\/cuernavaca.gob.mx\/index.php?rest_route=\/wp\/v2\/media\/25863"}],"wp:attachment":[{"href":"https:\/\/cuernavaca.gob.mx\/index.php?rest_route=%2Fwp%2Fv2%2Fmedia&parent=25858"}],"wp:term":[{"taxonomy":"category","embeddable":true,"href":"https:\/\/cuernavaca.gob.mx\/index.php?rest_route=%2Fwp%2Fv2%2Fcategories&post=25858"},{"taxonomy":"post_tag","embeddable":true,"href":"https:\/\/cuernavaca.gob.mx\/index.php?rest_route=%2Fwp%2Fv2%2Ftags&post=25858"}],"curies":[{"name":"wp","href":"https:\/\/api.w.org\/{rel}","templated":true}]}}