{"id":25906,"date":"2023-03-06T19:30:00","date_gmt":"2023-03-07T01:30:00","guid":{"rendered":"https:\/\/cuernavaca.gob.mx\/?p=25906"},"modified":"2025-05-06T12:34:22","modified_gmt":"2025-05-06T18:34:22","slug":"b373-06-03-23-atiende-jose-luis-uriostegui-a-vecinos-de-la-zona-norte-de-cuernavaca","status":"publish","type":"post","link":"https:\/\/cuernavaca.gob.mx\/?p=25906","title":{"rendered":"B373 06\/03\/23 ATIENDE JOS\u00c9 LUIS URI\u00d3STEGUI A VECINOS DE LA ZONA NORTE DE CUERNAVACA"},"content":{"rendered":"\n<p>El presidente municipal de Cuernavaca, Jos\u00e9 Luis Uri\u00f3stegui Salgado, atendi\u00f3 este lunes a vecinos de la zona norte de la ciudad, con quienes refrend\u00f3 su compromiso de mantener una comunicaci\u00f3n permanente para fortalecer a las colonias Buena Vista, Loma Linda, Nacional y el poblado de Santa Mar\u00eda Ahuacatitl\u00e1n en materia de agua potable, seguridad, obras y servicios p\u00fablicos, consolidando reuniones con titulares de las \u00e1reas correspondientes a estas materias.<\/p>\n\n\n\n<p>En presencia de la regidora Lucero Cuenca Noria, quien atendi\u00f3 tambi\u00e9n a los vecinos integrantes del Comit\u00e9 de Defensa de Colonias Unidas, escuch\u00f3 y dio respuesta a su pliego petitorio, que ser\u00e1 objeto de una revisi\u00f3n para determinar su viabilidad en cada dependencia municipal, ya que alguno requieren una intervenci\u00f3n a largo plazo y que corresponden a dependencias federales como obras en la carretera federal M\u00e9xico- Cuernavaca, aunque en este \u00faltimo punto manifest\u00f3 su disposici\u00f3n de acompa\u00f1arlos en los procesos de gesti\u00f3n que sean necesarios.<\/p>\n\n\n\n<p>Jos\u00e9 Luis Uri\u00f3stegui les reiter\u00f3 a los habitantes presentes, que la pol\u00edtica de puertas abiertas que ha implementado desde el primer d\u00eda de la presente administraci\u00f3n en el Ayuntamiento de Cuernavaca, es una pr\u00e1ctica habitual por lo que no es necesario solicitar audiencia con gritos, golpeando objetos o con presiones que suman a mantener un di\u00e1logo con las autoridades, poniendo a disposici\u00f3n de estas personas v\u00edas de contacto directas para pr\u00f3ximas reuniones.<\/p>\n\n\n\n<figure class=\"wp-container-2 wp-block-gallery-1 wp-block-gallery has-nested-images columns-default is-cropped\">\n<figure class=\"wp-block-image size-large\"><img loading=\"lazy\" width=\"1024\" height=\"682\" data-id=\"25908\"  src=\"https:\/\/cuernavaca.gob.mx\/wp-content\/uploads\/2023\/03\/atencion-ciudadana-cuernavaca-1-1024x682.jpeg\" alt=\"\" class=\"wp-image-25908\" srcset=\"https:\/\/cuernavaca.gob.mx\/wp-content\/uploads\/2023\/03\/atencion-ciudadana-cuernavaca-1-1024x682.jpeg 1024w, https:\/\/cuernavaca.gob.mx\/wp-content\/uploads\/2023\/03\/atencion-ciudadana-cuernavaca-1-300x200.jpeg 300w, https:\/\/cuernavaca.gob.mx\/wp-content\/uploads\/2023\/03\/atencion-ciudadana-cuernavaca-1-768x512.jpeg 768w, https:\/\/cuernavaca.gob.mx\/wp-content\/uploads\/2023\/03\/atencion-ciudadana-cuernavaca-1-1536x1023.jpeg 1536w, https:\/\/cuernavaca.gob.mx\/wp-content\/uploads\/2023\/03\/atencion-ciudadana-cuernavaca-1-600x400.jpeg 600w, https:\/\/cuernavaca.gob.mx\/wp-content\/uploads\/2023\/03\/atencion-ciudadana-cuernavaca-1-560x373.jpeg 560w, https:\/\/cuernavaca.gob.mx\/wp-content\/uploads\/2023\/03\/atencion-ciudadana-cuernavaca-1.jpeg 1600w\" sizes=\"(max-width: 1024px) 100vw, 1024px\" \/><\/figure>\n\n\n\n<figure class=\"wp-block-image size-large\"><img loading=\"lazy\" width=\"1024\" height=\"682\" data-id=\"25909\"  src=\"https:\/\/cuernavaca.gob.mx\/wp-content\/uploads\/2023\/03\/atencion-ciudadana-cuernavaca-2-1024x682.jpeg\" alt=\"\" class=\"wp-image-25909\" srcset=\"https:\/\/cuernavaca.gob.mx\/wp-content\/uploads\/2023\/03\/atencion-ciudadana-cuernavaca-2-1024x682.jpeg 1024w, https:\/\/cuernavaca.gob.mx\/wp-content\/uploads\/2023\/03\/atencion-ciudadana-cuernavaca-2-300x200.jpeg 300w, https:\/\/cuernavaca.gob.mx\/wp-content\/uploads\/2023\/03\/atencion-ciudadana-cuernavaca-2-768x512.jpeg 768w, https:\/\/cuernavaca.gob.mx\/wp-content\/uploads\/2023\/03\/atencion-ciudadana-cuernavaca-2-1536x1023.jpeg 1536w, https:\/\/cuernavaca.gob.mx\/wp-content\/uploads\/2023\/03\/atencion-ciudadana-cuernavaca-2-600x400.jpeg 600w, https:\/\/cuernavaca.gob.mx\/wp-content\/uploads\/2023\/03\/atencion-ciudadana-cuernavaca-2-560x373.jpeg 560w, https:\/\/cuernavaca.gob.mx\/wp-content\/uploads\/2023\/03\/atencion-ciudadana-cuernavaca-2.jpeg 1600w\" sizes=\"(max-width: 1024px) 100vw, 1024px\" \/><\/figure>\n\n\n\n<figure class=\"wp-block-image size-large\"><img loading=\"lazy\" width=\"1024\" height=\"682\" data-id=\"25911\"  src=\"https:\/\/cuernavaca.gob.mx\/wp-content\/uploads\/2023\/03\/atencion-ciudadana-cuernavaca-3-1024x682.jpeg\" alt=\"\" class=\"wp-image-25911\" srcset=\"https:\/\/cuernavaca.gob.mx\/wp-content\/uploads\/2023\/03\/atencion-ciudadana-cuernavaca-3-1024x682.jpeg 1024w, https:\/\/cuernavaca.gob.mx\/wp-content\/uploads\/2023\/03\/atencion-ciudadana-cuernavaca-3-300x200.jpeg 300w, https:\/\/cuernavaca.gob.mx\/wp-content\/uploads\/2023\/03\/atencion-ciudadana-cuernavaca-3-768x512.jpeg 768w, https:\/\/cuernavaca.gob.mx\/wp-content\/uploads\/2023\/03\/atencion-ciudadana-cuernavaca-3-1536x1023.jpeg 1536w, https:\/\/cuernavaca.gob.mx\/wp-content\/uploads\/2023\/03\/atencion-ciudadana-cuernavaca-3-600x400.jpeg 600w, https:\/\/cuernavaca.gob.mx\/wp-content\/uploads\/2023\/03\/atencion-ciudadana-cuernavaca-3-560x373.jpeg 560w, https:\/\/cuernavaca.gob.mx\/wp-content\/uploads\/2023\/03\/atencion-ciudadana-cuernavaca-3.jpeg 1600w\" sizes=\"(max-width: 1024px) 100vw, 1024px\" \/><\/figure>\n\n\n\n<figure class=\"wp-block-image size-large\"><img loading=\"lazy\" width=\"1024\" height=\"682\" data-id=\"25910\"  src=\"https:\/\/cuernavaca.gob.mx\/wp-content\/uploads\/2023\/03\/atencion-ciudadana-cuernavaca-4-1024x682.jpeg\" alt=\"\" class=\"wp-image-25910\" srcset=\"https:\/\/cuernavaca.gob.mx\/wp-content\/uploads\/2023\/03\/atencion-ciudadana-cuernavaca-4-1024x682.jpeg 1024w, https:\/\/cuernavaca.gob.mx\/wp-content\/uploads\/2023\/03\/atencion-ciudadana-cuernavaca-4-300x200.jpeg 300w, https:\/\/cuernavaca.gob.mx\/wp-content\/uploads\/2023\/03\/atencion-ciudadana-cuernavaca-4-768x512.jpeg 768w, https:\/\/cuernavaca.gob.mx\/wp-content\/uploads\/2023\/03\/atencion-ciudadana-cuernavaca-4-1536x1023.jpeg 1536w, https:\/\/cuernavaca.gob.mx\/wp-content\/uploads\/2023\/03\/atencion-ciudadana-cuernavaca-4-600x400.jpeg 600w, https:\/\/cuernavaca.gob.mx\/wp-content\/uploads\/2023\/03\/atencion-ciudadana-cuernavaca-4-560x373.jpeg 560w, https:\/\/cuernavaca.gob.mx\/wp-content\/uploads\/2023\/03\/atencion-ciudadana-cuernavaca-4.jpeg 1600w\" sizes=\"(max-width: 1024px) 100vw, 1024px\" \/><\/figure>\n\n\n\n<figure class=\"wp-block-image size-large\"><img loading=\"lazy\" width=\"1024\" height=\"682\" data-id=\"25907\"  src=\"https:\/\/cuernavaca.gob.mx\/wp-content\/uploads\/2023\/03\/atencion-ciudadana-cuernavaca-5-1024x682.jpeg\" alt=\"\" class=\"wp-image-25907\" srcset=\"https:\/\/cuernavaca.gob.mx\/wp-content\/uploads\/2023\/03\/atencion-ciudadana-cuernavaca-5-1024x682.jpeg 1024w, https:\/\/cuernavaca.gob.mx\/wp-content\/uploads\/2023\/03\/atencion-ciudadana-cuernavaca-5-300x200.jpeg 300w, https:\/\/cuernavaca.gob.mx\/wp-content\/uploads\/2023\/03\/atencion-ciudadana-cuernavaca-5-768x512.jpeg 768w, https:\/\/cuernavaca.gob.mx\/wp-content\/uploads\/2023\/03\/atencion-ciudadana-cuernavaca-5-1536x1023.jpeg 1536w, https:\/\/cuernavaca.gob.mx\/wp-content\/uploads\/2023\/03\/atencion-ciudadana-cuernavaca-5-600x400.jpeg 600w, https:\/\/cuernavaca.gob.mx\/wp-content\/uploads\/2023\/03\/atencion-ciudadana-cuernavaca-5-560x373.jpeg 560w, https:\/\/cuernavaca.gob.mx\/wp-content\/uploads\/2023\/03\/atencion-ciudadana-cuernavaca-5.jpeg 1600w\" sizes=\"(max-width: 1024px) 100vw, 1024px\" \/><\/figure>\n<\/figure>\n","protected":false},"excerpt":{"rendered":"<p>El presidente municipal de Cuernavaca, Jos\u00e9 Luis Uri\u00f3stegui Salgado, atendi\u00f3 este lunes a vecinos de la zona norte de la ciudad, con quienes refrend\u00f3 su compromiso de mantener una comunicaci\u00f3n permanente para fortalecer a las colonias Buena Vista, Loma Linda, Nacional y el poblado de Santa Mar\u00eda Ahuacatitl\u00e1n en materia de agua potable, seguridad, obras [&hellip;]<\/p>\n","protected":false},"author":1,"featured_media":25909,"comment_status":"closed","ping_status":"open","sticky":false,"template":"","format":"standard","meta":[],"categories":[20],"tags":[395,121,120,206,356,124],"aioseo_notices":[],"_links":{"self":[{"href":"https:\/\/cuernavaca.gob.mx\/index.php?rest_route=\/wp\/v2\/posts\/25906"}],"collection":[{"href":"https:\/\/cuernavaca.gob.mx\/index.php?rest_route=\/wp\/v2\/posts"}],"about":[{"href":"https:\/\/cuernavaca.gob.mx\/index.php?rest_route=\/wp\/v2\/types\/post"}],"author":[{"embeddable":true,"href":"https:\/\/cuernavaca.gob.mx\/index.php?rest_route=\/wp\/v2\/users\/1"}],"replies":[{"embeddable":true,"href":"https:\/\/cuernavaca.gob.mx\/index.php?rest_route=%2Fwp%2Fv2%2Fcomments&post=25906"}],"version-history":[{"count":1,"href":"https:\/\/cuernavaca.gob.mx\/index.php?rest_route=\/wp\/v2\/posts\/25906\/revisions"}],"predecessor-version":[{"id":25912,"href":"https:\/\/cuernavaca.gob.mx\/index.php?rest_route=\/wp\/v2\/posts\/25906\/revisions\/25912"}],"wp:featuredmedia":[{"embeddable":true,"href":"https:\/\/cuernavaca.gob.mx\/index.php?rest_route=\/wp\/v2\/media\/25909"}],"wp:attachment":[{"href":"https:\/\/cuernavaca.gob.mx\/index.php?rest_route=%2Fwp%2Fv2%2Fmedia&parent=25906"}],"wp:term":[{"taxonomy":"category","embeddable":true,"href":"https:\/\/cuernavaca.gob.mx\/index.php?rest_route=%2Fwp%2Fv2%2Fcategories&post=25906"},{"taxonomy":"post_tag","embeddable":true,"href":"https:\/\/cuernavaca.gob.mx\/index.php?rest_route=%2Fwp%2Fv2%2Ftags&post=25906"}],"curies":[{"name":"wp","href":"https:\/\/api.w.org\/{rel}","templated":true}]}}