{"id":25918,"date":"2023-03-07T15:45:00","date_gmt":"2023-03-07T21:45:00","guid":{"rendered":"https:\/\/cuernavaca.gob.mx\/?p=25918"},"modified":"2025-05-06T12:34:22","modified_gmt":"2025-05-06T18:34:22","slug":"f374-07-03-23-comision-de-hacienda-programacion-y-presupuesto-de-cuernavaca-se-fortalece-con-integracion-de-regidoras-y-regidores","status":"publish","type":"post","link":"https:\/\/cuernavaca.gob.mx\/?p=25918","title":{"rendered":"F374 07\/03\/23 COMISI\u00d3N DE HACIENDA, PROGRAMACI\u00d3N Y PRESUPUESTO DE CUERNAVACA SE FORTALECE CON INTEGRACI\u00d3N DE REGIDORAS Y REGIDORES"},"content":{"rendered":"\n<p>Para darle mayor claridad, responsabilidad y confianza a la ciudadan\u00eda sobre el manejo de los recursos p\u00fablicos que ejerce el Ayuntamiento de Cuernavaca, esta semana las regidoras Wendy Salinas Ruiz, Mirna Delgado Romero, Paz Hern\u00e1ndez Pardo y el regidor Fernando Carrillo Alvarado, se integraron como vocales a la Comisi\u00f3n de Hacienda, Programaci\u00f3n y Presupuesto, tras recibir el aval de la mayor\u00eda en Cabildo.<\/p>\n\n\n\n<p>Ante miembros b\u00e1sicos de la comisi\u00f3n edilicia, como los regidores V\u00edctor Manzo God\u00ednez, Christian P\u00e9rez Jaimes y Jes\u00fas Rosales Puebla, el regidor presidente Adri\u00e1n Mart\u00ednez Terrazas les tom\u00f3 la protesta de ley, reiterando su compromiso para que de manera colegiada se analice y aprueben los temas que son de beneficio para la ciudad.<\/p>\n\n\n\n<p>En esta misma sesi\u00f3n, se llev\u00f3 a cabo la presentaci\u00f3n y el an\u00e1lisis del Corte de Caja correspondiente al mes de enero del presente a\u00f1o presentado por la Tesorer\u00eda Municipal, as\u00ed como diversos proyectos que ser\u00e1n analizados en mesas de trabajo con las \u00e1reas correspondientes.<\/p>\n\n\n\n<p>En presencia tambi\u00e9n de la contralora municipal, Dolores \u00c1lvarez D\u00edaz, el tesorero municipal, Javier Arozarena Salazar, rindi\u00f3 un informe referente a las transferencias aprobadas en sesiones de Cabildo a favor del Sistema de Agua Potable y Alcantarillado de Cuernavaca (SAPAC) a efecto de cubrir el pago de compromisos financieros con la Comisi\u00f3n Nacional del Agua (CONAGUA) y la Comisi\u00f3n Federal de Electricidad (CFE).<\/p>\n\n\n\n<figure class=\"wp-container-2 wp-block-gallery-1 wp-block-gallery has-nested-images columns-default is-cropped\">\n<figure class=\"wp-block-image size-large\"><img loading=\"lazy\" width=\"1024\" height=\"682\" data-id=\"25924\"  src=\"https:\/\/cuernavaca.gob.mx\/wp-content\/uploads\/2023\/03\/comision-de-hacienda-cuernavaca-1-1024x682.jpg\" alt=\"\" class=\"wp-image-25924\" srcset=\"https:\/\/cuernavaca.gob.mx\/wp-content\/uploads\/2023\/03\/comision-de-hacienda-cuernavaca-1-1024x682.jpg 1024w, https:\/\/cuernavaca.gob.mx\/wp-content\/uploads\/2023\/03\/comision-de-hacienda-cuernavaca-1-300x200.jpg 300w, https:\/\/cuernavaca.gob.mx\/wp-content\/uploads\/2023\/03\/comision-de-hacienda-cuernavaca-1-768x512.jpg 768w, https:\/\/cuernavaca.gob.mx\/wp-content\/uploads\/2023\/03\/comision-de-hacienda-cuernavaca-1-1536x1023.jpg 1536w, https:\/\/cuernavaca.gob.mx\/wp-content\/uploads\/2023\/03\/comision-de-hacienda-cuernavaca-1-600x400.jpg 600w, https:\/\/cuernavaca.gob.mx\/wp-content\/uploads\/2023\/03\/comision-de-hacienda-cuernavaca-1-560x373.jpg 560w, https:\/\/cuernavaca.gob.mx\/wp-content\/uploads\/2023\/03\/comision-de-hacienda-cuernavaca-1.jpg 1600w\" sizes=\"(max-width: 1024px) 100vw, 1024px\" \/><\/figure>\n\n\n\n<figure class=\"wp-block-image size-large\"><img loading=\"lazy\" width=\"1024\" height=\"682\" data-id=\"25919\"  src=\"https:\/\/cuernavaca.gob.mx\/wp-content\/uploads\/2023\/03\/comision-de-hacienda-cuernavaca-2-1024x682.jpg\" alt=\"\" class=\"wp-image-25919\" srcset=\"https:\/\/cuernavaca.gob.mx\/wp-content\/uploads\/2023\/03\/comision-de-hacienda-cuernavaca-2-1024x682.jpg 1024w, https:\/\/cuernavaca.gob.mx\/wp-content\/uploads\/2023\/03\/comision-de-hacienda-cuernavaca-2-300x200.jpg 300w, https:\/\/cuernavaca.gob.mx\/wp-content\/uploads\/2023\/03\/comision-de-hacienda-cuernavaca-2-768x512.jpg 768w, https:\/\/cuernavaca.gob.mx\/wp-content\/uploads\/2023\/03\/comision-de-hacienda-cuernavaca-2-1536x1023.jpg 1536w, https:\/\/cuernavaca.gob.mx\/wp-content\/uploads\/2023\/03\/comision-de-hacienda-cuernavaca-2-600x400.jpg 600w, https:\/\/cuernavaca.gob.mx\/wp-content\/uploads\/2023\/03\/comision-de-hacienda-cuernavaca-2-560x373.jpg 560w, https:\/\/cuernavaca.gob.mx\/wp-content\/uploads\/2023\/03\/comision-de-hacienda-cuernavaca-2.jpg 1600w\" sizes=\"(max-width: 1024px) 100vw, 1024px\" \/><\/figure>\n\n\n\n<figure class=\"wp-block-image size-large\"><img loading=\"lazy\" width=\"1024\" height=\"642\" data-id=\"25923\"  src=\"https:\/\/cuernavaca.gob.mx\/wp-content\/uploads\/2023\/03\/comision-de-hacienda-cuernavaca-3-1024x642.jpg\" alt=\"\" class=\"wp-image-25923\" srcset=\"https:\/\/cuernavaca.gob.mx\/wp-content\/uploads\/2023\/03\/comision-de-hacienda-cuernavaca-3-1024x642.jpg 1024w, https:\/\/cuernavaca.gob.mx\/wp-content\/uploads\/2023\/03\/comision-de-hacienda-cuernavaca-3-300x188.jpg 300w, https:\/\/cuernavaca.gob.mx\/wp-content\/uploads\/2023\/03\/comision-de-hacienda-cuernavaca-3-768x481.jpg 768w, https:\/\/cuernavaca.gob.mx\/wp-content\/uploads\/2023\/03\/comision-de-hacienda-cuernavaca-3-600x376.jpg 600w, https:\/\/cuernavaca.gob.mx\/wp-content\/uploads\/2023\/03\/comision-de-hacienda-cuernavaca-3-560x351.jpg 560w, https:\/\/cuernavaca.gob.mx\/wp-content\/uploads\/2023\/03\/comision-de-hacienda-cuernavaca-3.jpg 1157w\" sizes=\"(max-width: 1024px) 100vw, 1024px\" \/><\/figure>\n\n\n\n<figure class=\"wp-block-image size-large\"><img loading=\"lazy\" width=\"1024\" height=\"609\" data-id=\"25921\"  src=\"https:\/\/cuernavaca.gob.mx\/wp-content\/uploads\/2023\/03\/comision-de-hacienda-cuernavaca-4-1024x609.jpg\" alt=\"\" class=\"wp-image-25921\" srcset=\"https:\/\/cuernavaca.gob.mx\/wp-content\/uploads\/2023\/03\/comision-de-hacienda-cuernavaca-4-1024x609.jpg 1024w, https:\/\/cuernavaca.gob.mx\/wp-content\/uploads\/2023\/03\/comision-de-hacienda-cuernavaca-4-300x179.jpg 300w, https:\/\/cuernavaca.gob.mx\/wp-content\/uploads\/2023\/03\/comision-de-hacienda-cuernavaca-4-768x457.jpg 768w, https:\/\/cuernavaca.gob.mx\/wp-content\/uploads\/2023\/03\/comision-de-hacienda-cuernavaca-4-600x357.jpg 600w, https:\/\/cuernavaca.gob.mx\/wp-content\/uploads\/2023\/03\/comision-de-hacienda-cuernavaca-4-560x333.jpg 560w, https:\/\/cuernavaca.gob.mx\/wp-content\/uploads\/2023\/03\/comision-de-hacienda-cuernavaca-4.jpg 1178w\" sizes=\"(max-width: 1024px) 100vw, 1024px\" \/><\/figure>\n\n\n\n<figure class=\"wp-block-image size-large\"><img loading=\"lazy\" width=\"1024\" height=\"682\" data-id=\"25920\"  src=\"https:\/\/cuernavaca.gob.mx\/wp-content\/uploads\/2023\/03\/comision-de-hacienda-cuernavaca-5-1024x682.jpg\" alt=\"\" class=\"wp-image-25920\" srcset=\"https:\/\/cuernavaca.gob.mx\/wp-content\/uploads\/2023\/03\/comision-de-hacienda-cuernavaca-5-1024x682.jpg 1024w, https:\/\/cuernavaca.gob.mx\/wp-content\/uploads\/2023\/03\/comision-de-hacienda-cuernavaca-5-300x200.jpg 300w, https:\/\/cuernavaca.gob.mx\/wp-content\/uploads\/2023\/03\/comision-de-hacienda-cuernavaca-5-768x512.jpg 768w, https:\/\/cuernavaca.gob.mx\/wp-content\/uploads\/2023\/03\/comision-de-hacienda-cuernavaca-5-1536x1023.jpg 1536w, https:\/\/cuernavaca.gob.mx\/wp-content\/uploads\/2023\/03\/comision-de-hacienda-cuernavaca-5-600x400.jpg 600w, https:\/\/cuernavaca.gob.mx\/wp-content\/uploads\/2023\/03\/comision-de-hacienda-cuernavaca-5-560x373.jpg 560w, https:\/\/cuernavaca.gob.mx\/wp-content\/uploads\/2023\/03\/comision-de-hacienda-cuernavaca-5.jpg 1600w\" sizes=\"(max-width: 1024px) 100vw, 1024px\" \/><\/figure>\n\n\n\n<figure class=\"wp-block-image size-large\"><img loading=\"lazy\" width=\"1024\" height=\"682\" data-id=\"25922\"  src=\"https:\/\/cuernavaca.gob.mx\/wp-content\/uploads\/2023\/03\/comision-de-hacienda-cuernavaca-6-1024x682.jpg\" alt=\"\" class=\"wp-image-25922\" srcset=\"https:\/\/cuernavaca.gob.mx\/wp-content\/uploads\/2023\/03\/comision-de-hacienda-cuernavaca-6-1024x682.jpg 1024w, https:\/\/cuernavaca.gob.mx\/wp-content\/uploads\/2023\/03\/comision-de-hacienda-cuernavaca-6-300x200.jpg 300w, https:\/\/cuernavaca.gob.mx\/wp-content\/uploads\/2023\/03\/comision-de-hacienda-cuernavaca-6-768x512.jpg 768w, https:\/\/cuernavaca.gob.mx\/wp-content\/uploads\/2023\/03\/comision-de-hacienda-cuernavaca-6-1536x1023.jpg 1536w, https:\/\/cuernavaca.gob.mx\/wp-content\/uploads\/2023\/03\/comision-de-hacienda-cuernavaca-6-600x400.jpg 600w, https:\/\/cuernavaca.gob.mx\/wp-content\/uploads\/2023\/03\/comision-de-hacienda-cuernavaca-6-560x373.jpg 560w, https:\/\/cuernavaca.gob.mx\/wp-content\/uploads\/2023\/03\/comision-de-hacienda-cuernavaca-6.jpg 1600w\" sizes=\"(max-width: 1024px) 100vw, 1024px\" \/><\/figure>\n<\/figure>\n","protected":false},"excerpt":{"rendered":"<p>Para darle mayor claridad, responsabilidad y confianza a la ciudadan\u00eda sobre el manejo de los recursos p\u00fablicos que ejerce el Ayuntamiento de Cuernavaca, esta semana las regidoras Wendy Salinas Ruiz, Mirna Delgado Romero, Paz Hern\u00e1ndez Pardo y el regidor Fernando Carrillo Alvarado, se integraron como vocales a la Comisi\u00f3n de Hacienda, Programaci\u00f3n y Presupuesto, tras [&hellip;]<\/p>\n","protected":false},"author":1,"featured_media":25922,"comment_status":"closed","ping_status":"open","sticky":false,"template":"","format":"standard","meta":[],"categories":[20],"tags":[158,2941,121,120,372],"aioseo_notices":[],"_links":{"self":[{"href":"https:\/\/cuernavaca.gob.mx\/index.php?rest_route=\/wp\/v2\/posts\/25918"}],"collection":[{"href":"https:\/\/cuernavaca.gob.mx\/index.php?rest_route=\/wp\/v2\/posts"}],"about":[{"href":"https:\/\/cuernavaca.gob.mx\/index.php?rest_route=\/wp\/v2\/types\/post"}],"author":[{"embeddable":true,"href":"https:\/\/cuernavaca.gob.mx\/index.php?rest_route=\/wp\/v2\/users\/1"}],"replies":[{"embeddable":true,"href":"https:\/\/cuernavaca.gob.mx\/index.php?rest_route=%2Fwp%2Fv2%2Fcomments&post=25918"}],"version-history":[{"count":1,"href":"https:\/\/cuernavaca.gob.mx\/index.php?rest_route=\/wp\/v2\/posts\/25918\/revisions"}],"predecessor-version":[{"id":25925,"href":"https:\/\/cuernavaca.gob.mx\/index.php?rest_route=\/wp\/v2\/posts\/25918\/revisions\/25925"}],"wp:featuredmedia":[{"embeddable":true,"href":"https:\/\/cuernavaca.gob.mx\/index.php?rest_route=\/wp\/v2\/media\/25922"}],"wp:attachment":[{"href":"https:\/\/cuernavaca.gob.mx\/index.php?rest_route=%2Fwp%2Fv2%2Fmedia&parent=25918"}],"wp:term":[{"taxonomy":"category","embeddable":true,"href":"https:\/\/cuernavaca.gob.mx\/index.php?rest_route=%2Fwp%2Fv2%2Fcategories&post=25918"},{"taxonomy":"post_tag","embeddable":true,"href":"https:\/\/cuernavaca.gob.mx\/index.php?rest_route=%2Fwp%2Fv2%2Ftags&post=25918"}],"curies":[{"name":"wp","href":"https:\/\/api.w.org\/{rel}","templated":true}]}}