{"id":25929,"date":"2023-03-07T16:15:00","date_gmt":"2023-03-07T22:15:00","guid":{"rendered":"https:\/\/cuernavaca.gob.mx\/?p=25929"},"modified":"2025-05-06T12:34:22","modified_gmt":"2025-05-06T18:34:22","slug":"f375-07-03-23-compareceran-de-manera-trimestral-integrantes-del-gabinete-municipal-de-cuernavaca-para-rendir-cuentas-ante-comisiones","status":"publish","type":"post","link":"https:\/\/cuernavaca.gob.mx\/?p=25929","title":{"rendered":"F375 07\/03\/23 COMPARECERAN DE MANERA TRIMESTRAL INTEGRANTES DEL GABINETE MUNICIPAL DE CUERNAVACA PARA RENDIR CUENTAS ANTE COMISIONES"},"content":{"rendered":"\n<p>A fin de refrendar el compromiso para que el Ayuntamiento de Cuernavaca se distinga por ser transparente y confiable para la ciudadan\u00eda, integrantes del Cabildo aprob\u00f3 que las y los titulares de las dependencias que integran la administraci\u00f3n p\u00fablica deber\u00e1n comparecer y demostrar su trabajo con resultados de manera trimestral en comisiones, a fin de contar con m\u00e1s y mejores ejercicios de rendici\u00f3n de cuentas.<\/p>\n\n\n\n<p>La propuesta fue impulsada por la regidora Wendi Salinas Ruiz, quien asever\u00f3 que promover mejores ejercicios de rendici\u00f3n de cuentas ha demostrado tener gobiernos m\u00e1s transparentes que crean una percepci\u00f3n con la comunidad m\u00e1s confiable, entendiendo que la rendici\u00f3n de cuentas se puede conceptualizar como el deber de las instituciones p\u00fablicas que administran recursos p\u00fablicos de informar, justificar y explicar ante la autoridad y la ciudadan\u00eda sus decisiones, funciones y el uso de los fondos asignados, as\u00ed como los resultados obtenidos.<\/p>\n\n\n\n<p>\u201cEn Cuernavaca estamos ciertos que estos retos fundamentales son parte de la democracia para garantizar a la sociedad un ejercicio eficiente y transparente de actividades por parte del Gobierno Municipal y hacerlo a trav\u00e9s de una clara y permanente rendici\u00f3n de cuentas. Para lograrlo es necesario el sentido de responsabilidad y contar con todos los mecanismos que garanticen la adecuada vigilancia de las acciones gubernamentales respetando la autonom\u00eda de las comisiones\u201d, afirm\u00f3.<\/p>\n\n\n\n<p>La iniciativa fue respaldada por el regidor Adri\u00e1n Mart\u00ednez Terrazas, quien expres\u00f3 que mediante ella podr\u00e1n revisar el trabajo y acciones de cada una y uno de los secretarios con el objetivo de aportar y ayudarles a darle seguimiento al Plan Municipal de Desarrollo 2022- 2024 en beneficio de la poblaci\u00f3n.<\/p>\n\n\n\n<figure class=\"wp-container-2 wp-block-gallery-1 wp-block-gallery has-nested-images columns-default is-cropped\">\n<figure class=\"wp-block-image size-large\"><img loading=\"lazy\" width=\"1024\" height=\"682\" data-id=\"25930\"  src=\"https:\/\/cuernavaca.gob.mx\/wp-content\/uploads\/2023\/03\/comparecencias-trimestrales-cuernavaca-1-1024x682.jpg\" alt=\"\" class=\"wp-image-25930\" srcset=\"https:\/\/cuernavaca.gob.mx\/wp-content\/uploads\/2023\/03\/comparecencias-trimestrales-cuernavaca-1-1024x682.jpg 1024w, https:\/\/cuernavaca.gob.mx\/wp-content\/uploads\/2023\/03\/comparecencias-trimestrales-cuernavaca-1-300x200.jpg 300w, https:\/\/cuernavaca.gob.mx\/wp-content\/uploads\/2023\/03\/comparecencias-trimestrales-cuernavaca-1-768x512.jpg 768w, https:\/\/cuernavaca.gob.mx\/wp-content\/uploads\/2023\/03\/comparecencias-trimestrales-cuernavaca-1-1536x1023.jpg 1536w, https:\/\/cuernavaca.gob.mx\/wp-content\/uploads\/2023\/03\/comparecencias-trimestrales-cuernavaca-1-600x400.jpg 600w, https:\/\/cuernavaca.gob.mx\/wp-content\/uploads\/2023\/03\/comparecencias-trimestrales-cuernavaca-1-560x373.jpg 560w, https:\/\/cuernavaca.gob.mx\/wp-content\/uploads\/2023\/03\/comparecencias-trimestrales-cuernavaca-1.jpg 1600w\" sizes=\"(max-width: 1024px) 100vw, 1024px\" \/><\/figure>\n\n\n\n<figure class=\"wp-block-image size-large\"><img loading=\"lazy\" width=\"1024\" height=\"682\" data-id=\"25933\"  src=\"https:\/\/cuernavaca.gob.mx\/wp-content\/uploads\/2023\/03\/comparecencias-trimestrales-cuernavaca-2-1024x682.jpg\" alt=\"\" class=\"wp-image-25933\" srcset=\"https:\/\/cuernavaca.gob.mx\/wp-content\/uploads\/2023\/03\/comparecencias-trimestrales-cuernavaca-2-1024x682.jpg 1024w, https:\/\/cuernavaca.gob.mx\/wp-content\/uploads\/2023\/03\/comparecencias-trimestrales-cuernavaca-2-300x200.jpg 300w, https:\/\/cuernavaca.gob.mx\/wp-content\/uploads\/2023\/03\/comparecencias-trimestrales-cuernavaca-2-768x512.jpg 768w, https:\/\/cuernavaca.gob.mx\/wp-content\/uploads\/2023\/03\/comparecencias-trimestrales-cuernavaca-2-1536x1023.jpg 1536w, https:\/\/cuernavaca.gob.mx\/wp-content\/uploads\/2023\/03\/comparecencias-trimestrales-cuernavaca-2-600x400.jpg 600w, https:\/\/cuernavaca.gob.mx\/wp-content\/uploads\/2023\/03\/comparecencias-trimestrales-cuernavaca-2-560x373.jpg 560w, https:\/\/cuernavaca.gob.mx\/wp-content\/uploads\/2023\/03\/comparecencias-trimestrales-cuernavaca-2.jpg 1600w\" sizes=\"(max-width: 1024px) 100vw, 1024px\" \/><\/figure>\n\n\n\n<figure class=\"wp-block-image size-large\"><img loading=\"lazy\" width=\"1024\" height=\"682\" data-id=\"25934\"  src=\"https:\/\/cuernavaca.gob.mx\/wp-content\/uploads\/2023\/03\/comparecencias-trimestrales-cuernavaca-3-1024x682.jpg\" alt=\"\" class=\"wp-image-25934\" srcset=\"https:\/\/cuernavaca.gob.mx\/wp-content\/uploads\/2023\/03\/comparecencias-trimestrales-cuernavaca-3-1024x682.jpg 1024w, https:\/\/cuernavaca.gob.mx\/wp-content\/uploads\/2023\/03\/comparecencias-trimestrales-cuernavaca-3-300x200.jpg 300w, https:\/\/cuernavaca.gob.mx\/wp-content\/uploads\/2023\/03\/comparecencias-trimestrales-cuernavaca-3-768x512.jpg 768w, https:\/\/cuernavaca.gob.mx\/wp-content\/uploads\/2023\/03\/comparecencias-trimestrales-cuernavaca-3-1536x1023.jpg 1536w, https:\/\/cuernavaca.gob.mx\/wp-content\/uploads\/2023\/03\/comparecencias-trimestrales-cuernavaca-3-600x400.jpg 600w, https:\/\/cuernavaca.gob.mx\/wp-content\/uploads\/2023\/03\/comparecencias-trimestrales-cuernavaca-3-560x373.jpg 560w, https:\/\/cuernavaca.gob.mx\/wp-content\/uploads\/2023\/03\/comparecencias-trimestrales-cuernavaca-3.jpg 1600w\" sizes=\"(max-width: 1024px) 100vw, 1024px\" \/><\/figure>\n\n\n\n<figure class=\"wp-block-image size-large\"><img loading=\"lazy\" width=\"1024\" height=\"682\" data-id=\"25932\"  src=\"https:\/\/cuernavaca.gob.mx\/wp-content\/uploads\/2023\/03\/comparecencias-trimestrales-cuernavaca-4-1024x682.jpg\" alt=\"\" class=\"wp-image-25932\" srcset=\"https:\/\/cuernavaca.gob.mx\/wp-content\/uploads\/2023\/03\/comparecencias-trimestrales-cuernavaca-4-1024x682.jpg 1024w, https:\/\/cuernavaca.gob.mx\/wp-content\/uploads\/2023\/03\/comparecencias-trimestrales-cuernavaca-4-300x200.jpg 300w, https:\/\/cuernavaca.gob.mx\/wp-content\/uploads\/2023\/03\/comparecencias-trimestrales-cuernavaca-4-768x512.jpg 768w, https:\/\/cuernavaca.gob.mx\/wp-content\/uploads\/2023\/03\/comparecencias-trimestrales-cuernavaca-4-1536x1023.jpg 1536w, https:\/\/cuernavaca.gob.mx\/wp-content\/uploads\/2023\/03\/comparecencias-trimestrales-cuernavaca-4-600x400.jpg 600w, https:\/\/cuernavaca.gob.mx\/wp-content\/uploads\/2023\/03\/comparecencias-trimestrales-cuernavaca-4-560x373.jpg 560w, https:\/\/cuernavaca.gob.mx\/wp-content\/uploads\/2023\/03\/comparecencias-trimestrales-cuernavaca-4.jpg 1600w\" sizes=\"(max-width: 1024px) 100vw, 1024px\" \/><\/figure>\n\n\n\n<figure class=\"wp-block-image size-large\"><img loading=\"lazy\" width=\"1024\" height=\"682\" data-id=\"25931\"  src=\"https:\/\/cuernavaca.gob.mx\/wp-content\/uploads\/2023\/03\/comparecencias-trimestrales-cuernavaca-5-1024x682.jpg\" alt=\"\" class=\"wp-image-25931\" srcset=\"https:\/\/cuernavaca.gob.mx\/wp-content\/uploads\/2023\/03\/comparecencias-trimestrales-cuernavaca-5-1024x682.jpg 1024w, https:\/\/cuernavaca.gob.mx\/wp-content\/uploads\/2023\/03\/comparecencias-trimestrales-cuernavaca-5-300x200.jpg 300w, https:\/\/cuernavaca.gob.mx\/wp-content\/uploads\/2023\/03\/comparecencias-trimestrales-cuernavaca-5-768x512.jpg 768w, https:\/\/cuernavaca.gob.mx\/wp-content\/uploads\/2023\/03\/comparecencias-trimestrales-cuernavaca-5-1536x1023.jpg 1536w, https:\/\/cuernavaca.gob.mx\/wp-content\/uploads\/2023\/03\/comparecencias-trimestrales-cuernavaca-5-600x400.jpg 600w, https:\/\/cuernavaca.gob.mx\/wp-content\/uploads\/2023\/03\/comparecencias-trimestrales-cuernavaca-5-560x373.jpg 560w, https:\/\/cuernavaca.gob.mx\/wp-content\/uploads\/2023\/03\/comparecencias-trimestrales-cuernavaca-5.jpg 1600w\" sizes=\"(max-width: 1024px) 100vw, 1024px\" \/><\/figure>\n<\/figure>\n","protected":false},"excerpt":{"rendered":"<p>A fin de refrendar el compromiso para que el Ayuntamiento de Cuernavaca se distinga por ser transparente y confiable para la ciudadan\u00eda, integrantes del Cabildo aprob\u00f3 que las y los titulares de las dependencias que integran la administraci\u00f3n p\u00fablica deber\u00e1n comparecer y demostrar su trabajo con resultados de manera trimestral en comisiones, a fin de [&hellip;]<\/p>\n","protected":false},"author":1,"featured_media":25933,"comment_status":"closed","ping_status":"open","sticky":false,"template":"","format":"standard","meta":[],"categories":[20],"tags":[158,2964,121,2965,998,120,206,1819,1727],"aioseo_notices":[],"_links":{"self":[{"href":"https:\/\/cuernavaca.gob.mx\/index.php?rest_route=\/wp\/v2\/posts\/25929"}],"collection":[{"href":"https:\/\/cuernavaca.gob.mx\/index.php?rest_route=\/wp\/v2\/posts"}],"about":[{"href":"https:\/\/cuernavaca.gob.mx\/index.php?rest_route=\/wp\/v2\/types\/post"}],"author":[{"embeddable":true,"href":"https:\/\/cuernavaca.gob.mx\/index.php?rest_route=\/wp\/v2\/users\/1"}],"replies":[{"embeddable":true,"href":"https:\/\/cuernavaca.gob.mx\/index.php?rest_route=%2Fwp%2Fv2%2Fcomments&post=25929"}],"version-history":[{"count":1,"href":"https:\/\/cuernavaca.gob.mx\/index.php?rest_route=\/wp\/v2\/posts\/25929\/revisions"}],"predecessor-version":[{"id":25935,"href":"https:\/\/cuernavaca.gob.mx\/index.php?rest_route=\/wp\/v2\/posts\/25929\/revisions\/25935"}],"wp:featuredmedia":[{"embeddable":true,"href":"https:\/\/cuernavaca.gob.mx\/index.php?rest_route=\/wp\/v2\/media\/25933"}],"wp:attachment":[{"href":"https:\/\/cuernavaca.gob.mx\/index.php?rest_route=%2Fwp%2Fv2%2Fmedia&parent=25929"}],"wp:term":[{"taxonomy":"category","embeddable":true,"href":"https:\/\/cuernavaca.gob.mx\/index.php?rest_route=%2Fwp%2Fv2%2Fcategories&post=25929"},{"taxonomy":"post_tag","embeddable":true,"href":"https:\/\/cuernavaca.gob.mx\/index.php?rest_route=%2Fwp%2Fv2%2Ftags&post=25929"}],"curies":[{"name":"wp","href":"https:\/\/api.w.org\/{rel}","templated":true}]}}