{"id":26079,"date":"2023-03-11T17:00:00","date_gmt":"2023-03-11T23:00:00","guid":{"rendered":"https:\/\/cuernavaca.gob.mx\/?p=26079"},"modified":"2025-05-06T12:34:18","modified_gmt":"2025-05-06T18:34:18","slug":"b827-11-03-23-con-apoyo-de-la-comunidad-y-organizaciones-civiles-cuernavaca-continua-rescatando-espacios-publicos","status":"publish","type":"post","link":"https:\/\/cuernavaca.gob.mx\/?p=26079","title":{"rendered":"B827 11\/03\/23 CIUDADAN\u00cdA Y ORGANIZACIONES CIVILES, TRANSFORMANDO ESPACIOS P\u00daBLICOS"},"content":{"rendered":"\n<p>En el marco del D\u00eda Internacional de la Mujer y como parte de los trabajos de transformaci\u00f3n, recuperaci\u00f3n y apropiaci\u00f3n de los espacios p\u00fablicos de la mano con los habitantes, se llev\u00f3 a cabo la inauguraci\u00f3n de la Unidad Deportiva Bernardino Cortez en el poblado de Chamilpa, la cual fue intervenida con apoyo de la iniciativa Legado Innvictus, por las vecinas y vecinos y la artista mexicana, Jan\u00edn Garc\u00edn.<\/p>\n\n\n\n<p>En un ambiente de alegr\u00eda donde familias enteras se reunieron para presenciar y formar parte de este significativo evento para esta comunidad, el alcalde capitalino resalt\u00f3 el impulso del regidor Jes\u00fas Rosales Puebla, promotor de este proyecto y a la directora general del Instituto de la Mujer de Cuernavaca (IMC), Lorena Castillo Castillo, quien form\u00f3 parte del estudio e intervenci\u00f3n de la cancha donde ni\u00f1as y ni\u00f1os, adolescentes y j\u00f3venes mostraron sus mejores jugadas de b\u00e1squetbol.<\/p>\n\n\n\n<p>Tras la presentaci\u00f3n del baile tlahuica realizada por pobladores, Jes\u00fas Rosales Puebla, celebr\u00f3 que a trav\u00e9s de un trabajo coordinado se contin\u00fae fortaleciendo la reconstrucci\u00f3n del tejido social en la ciudad uniendo el arte, la cultura, el deporte y la educaci\u00f3n para activar este espacio p\u00fablico, el cual se eligi\u00f3 por el abandono en que se encontraba y la presencia de personas que no permit\u00edan que la poblaci\u00f3n se adue\u00f1ara de \u00e9l y lo utilizaran para lo que era su origen.<\/p>\n\n\n\n<p>&#8220;Yo solo quiero pedirles a la comunidad de Chamilpa, que no abandonen y no dejen perder este espacio, ya que este es un espacio para ustedes, creado por ustedes y que juntos ciudadan\u00eda, gobierno e iniciativa civil, dejamos un legado por amor a cuernavaca y que sigamos haciendo m\u00e1s legado Innvictus para beneficio de todas y todos&#8221;, expres\u00f3.<\/p>\n\n\n\n<p>El regidor Jes\u00fas Rosales tambi\u00e9n agradeci\u00f3 que Legado by Innvictus voltear a Cuernavaca por primera ocasi\u00f3n para restaurar esta cancha de b\u00e1squetbol al aire libre, que pese a su relevancia por conectar a m\u00e1s de 20 mil estudiantes de la Universidad Aut\u00f3noma del Estado de Morelos (UAEM), con una de las avenidas principales de la colonia Buenavista y pertenecer a uno de los poblados originarios de Cuernavaca, era un espacio destinado a la comisi\u00f3n de delitos.<\/p>\n\n\n\n<p>Por su lado, la directora general del IMC, Lorena Castillo, se\u00f1al\u00f3 que desde hace un tiempo hab\u00edan comenzadi a la identificaci\u00f3n de los nodos m\u00e1s peligrosos en el municipio para las mujeres y ni\u00f1as y en los que ten\u00edan que entrar de manera urgente, por lo cual con esta rehabilitaci\u00f3n el concepto social que ha liderado la presente administraci\u00f3n se llena de colores, demostrando que la uni\u00f3n hace la fuerza y que Cuernavaca cuenta con espacios con caracter\u00edsticas de seguridad para la sociedad.<\/p>\n\n\n\n<p>En representaci\u00f3n de Legado Innvictus, Ricardo Torres, destac\u00f3 que esta transformaci\u00f3n es un regalo que dejan en honor a todas las mujeres y ni\u00f1as del poblado de Chamilpa bajo el lema \u201cSomos Fuego\u201d.<\/p>\n\n\n\n<p>La muralista e ilustradora, Jan\u00edn Nuz, explic\u00f3 que el arte que se plasm\u00f3 en la cancha est\u00e1 pensado en conmemoraci\u00f3n del D\u00eda Internacional de la Mujer, d\u00e1ndole visibilidad en todos los espacios y lugares a d\u00f3nde va; \u201crepresenta la uni\u00f3n de las mujeres, una uni\u00f3n que hace fuerza y logra este fuego que representa a todas desde las trincheras donde van trabajando y construyendo todas juntas. Son mujeres morenas, est\u00e1 piel de fuego, trigue\u00f1a\u201d.<\/p>\n\n\n\n<p>En el evento se desarrollaron diversas actividades gratuitas para toda la familia, contando con la presencia de las regidoras Patricia Torres Rosales y Wendi Salinas Ruiz y los regidores V\u00edctor Manzo God\u00ednez y Christian P\u00e9rez Jaimes, as\u00ed como el secretario de Desarrollo Sustentable y Servicios P\u00fablicos, Omar Albavera V\u00e1zquez y el director general de Servicios P\u00fablicos, Gerardo Abarca Pe\u00f1a.<\/p>\n\n\n\n<p>Adem\u00e1s, asistieron la diputada federal, Juanita Guerra Mena; el diputado federal, Jorge Barrera Toledo y el diputado federal con licencia, Christopher Bargagli Sandoval.<\/p>\n\n\n\n<p>Por parte del poblado de Chamilpa, el ayudante municipal, Miguel David Hern\u00e1ndez Albarr\u00e1n; el comisariado de bienes comunales, Obdulio Rivera Navarro; y el fiscal de la iglesia de San Lorenzo Chamilpa, Ignacio Navarro Barrios.<\/p>\n\n\n\n<p>Asimismo, por Mar\u00eda Elisa Mart\u00ednez, manager de Legado Innvictus; L\u00eda Mu\u00f1iz, Paloma Flores y Elvin Rodr\u00edguez, jugadoras y jugador de b\u00e1squetbol profesional, este \u00faltimo particip\u00f3 tambi\u00e9n en la pel\u00edcula internacional \u201cLa Garra\u201d y la maestra cartonera, fundadora del taller de Cartoner\u00eda Yolotl, Bel\u00e9n S\u00e1nchez.<\/p>\n\n\n\n<p>\u00a1Juntos por amor a Cuernavaca!<\/p>\n\n\n\n<h1>JuntosNosTocaDecidir #JesusRosalesRegidor #JuntosPorAmoraCuernavaca #Innvictus #LegadoInnvictus #RescateDeEspaciosPublicos #Cuernavaca<\/h1>\n\n\n\n<figure class=\"wp-container-2 wp-block-gallery-1 wp-block-gallery has-nested-images columns-default is-cropped\">\n<figure class=\"wp-block-image size-large\"><img loading=\"lazy\" width=\"1024\" height=\"576\" data-id=\"26083\"  src=\"https:\/\/cuernavaca.gob.mx\/wp-content\/uploads\/2023\/03\/rescate-espacio-publcios-cuernavaca-1-1024x576.jpg\" alt=\"\" class=\"wp-image-26083\" srcset=\"https:\/\/cuernavaca.gob.mx\/wp-content\/uploads\/2023\/03\/rescate-espacio-publcios-cuernavaca-1-1024x576.jpg 1024w, https:\/\/cuernavaca.gob.mx\/wp-content\/uploads\/2023\/03\/rescate-espacio-publcios-cuernavaca-1-300x169.jpg 300w, https:\/\/cuernavaca.gob.mx\/wp-content\/uploads\/2023\/03\/rescate-espacio-publcios-cuernavaca-1-768x432.jpg 768w, https:\/\/cuernavaca.gob.mx\/wp-content\/uploads\/2023\/03\/rescate-espacio-publcios-cuernavaca-1-1536x864.jpg 1536w, https:\/\/cuernavaca.gob.mx\/wp-content\/uploads\/2023\/03\/rescate-espacio-publcios-cuernavaca-1-600x338.jpg 600w, https:\/\/cuernavaca.gob.mx\/wp-content\/uploads\/2023\/03\/rescate-espacio-publcios-cuernavaca-1-560x315.jpg 560w, https:\/\/cuernavaca.gob.mx\/wp-content\/uploads\/2023\/03\/rescate-espacio-publcios-cuernavaca-1.jpg 1600w\" sizes=\"(max-width: 1024px) 100vw, 1024px\" \/><\/figure>\n\n\n\n<figure class=\"wp-block-image size-large\"><img loading=\"lazy\" width=\"1024\" height=\"575\" data-id=\"26081\"  src=\"https:\/\/cuernavaca.gob.mx\/wp-content\/uploads\/2023\/03\/rescate-espacio-publcios-cuernavaca-2-1024x575.jpg\" alt=\"\" class=\"wp-image-26081\" srcset=\"https:\/\/cuernavaca.gob.mx\/wp-content\/uploads\/2023\/03\/rescate-espacio-publcios-cuernavaca-2-1024x575.jpg 1024w, https:\/\/cuernavaca.gob.mx\/wp-content\/uploads\/2023\/03\/rescate-espacio-publcios-cuernavaca-2-300x168.jpg 300w, https:\/\/cuernavaca.gob.mx\/wp-content\/uploads\/2023\/03\/rescate-espacio-publcios-cuernavaca-2-768x431.jpg 768w, https:\/\/cuernavaca.gob.mx\/wp-content\/uploads\/2023\/03\/rescate-espacio-publcios-cuernavaca-2-600x337.jpg 600w, https:\/\/cuernavaca.gob.mx\/wp-content\/uploads\/2023\/03\/rescate-espacio-publcios-cuernavaca-2-560x314.jpg 560w, https:\/\/cuernavaca.gob.mx\/wp-content\/uploads\/2023\/03\/rescate-espacio-publcios-cuernavaca-2.jpg 1500w\" sizes=\"(max-width: 1024px) 100vw, 1024px\" \/><\/figure>\n\n\n\n<figure class=\"wp-block-image size-large\"><img loading=\"lazy\" width=\"1024\" height=\"683\" data-id=\"26086\"  src=\"https:\/\/cuernavaca.gob.mx\/wp-content\/uploads\/2023\/03\/rescate-espacio-publcios-cuernavaca-3-1024x683.jpg\" alt=\"\" class=\"wp-image-26086\" srcset=\"https:\/\/cuernavaca.gob.mx\/wp-content\/uploads\/2023\/03\/rescate-espacio-publcios-cuernavaca-3-1024x683.jpg 1024w, https:\/\/cuernavaca.gob.mx\/wp-content\/uploads\/2023\/03\/rescate-espacio-publcios-cuernavaca-3-300x200.jpg 300w, https:\/\/cuernavaca.gob.mx\/wp-content\/uploads\/2023\/03\/rescate-espacio-publcios-cuernavaca-3-768x512.jpg 768w, https:\/\/cuernavaca.gob.mx\/wp-content\/uploads\/2023\/03\/rescate-espacio-publcios-cuernavaca-3-600x400.jpg 600w, https:\/\/cuernavaca.gob.mx\/wp-content\/uploads\/2023\/03\/rescate-espacio-publcios-cuernavaca-3-560x373.jpg 560w, https:\/\/cuernavaca.gob.mx\/wp-content\/uploads\/2023\/03\/rescate-espacio-publcios-cuernavaca-3.jpg 1392w\" sizes=\"(max-width: 1024px) 100vw, 1024px\" \/><\/figure>\n\n\n\n<figure class=\"wp-block-image size-large\"><img loading=\"lazy\" width=\"1024\" height=\"575\" data-id=\"26080\"  src=\"https:\/\/cuernavaca.gob.mx\/wp-content\/uploads\/2023\/03\/rescate-espacio-publcios-cuernavaca-4-1024x575.jpg\" alt=\"\" class=\"wp-image-26080\" srcset=\"https:\/\/cuernavaca.gob.mx\/wp-content\/uploads\/2023\/03\/rescate-espacio-publcios-cuernavaca-4-1024x575.jpg 1024w, https:\/\/cuernavaca.gob.mx\/wp-content\/uploads\/2023\/03\/rescate-espacio-publcios-cuernavaca-4-300x168.jpg 300w, https:\/\/cuernavaca.gob.mx\/wp-content\/uploads\/2023\/03\/rescate-espacio-publcios-cuernavaca-4-768x431.jpg 768w, https:\/\/cuernavaca.gob.mx\/wp-content\/uploads\/2023\/03\/rescate-espacio-publcios-cuernavaca-4-600x337.jpg 600w, https:\/\/cuernavaca.gob.mx\/wp-content\/uploads\/2023\/03\/rescate-espacio-publcios-cuernavaca-4-560x314.jpg 560w, https:\/\/cuernavaca.gob.mx\/wp-content\/uploads\/2023\/03\/rescate-espacio-publcios-cuernavaca-4.jpg 1500w\" sizes=\"(max-width: 1024px) 100vw, 1024px\" \/><\/figure>\n\n\n\n<figure class=\"wp-block-image size-large\"><img loading=\"lazy\" width=\"1024\" height=\"683\" data-id=\"26084\"  src=\"https:\/\/cuernavaca.gob.mx\/wp-content\/uploads\/2023\/03\/rescate-espacio-publcios-cuernavaca-5-1024x683.jpg\" alt=\"\" class=\"wp-image-26084\" srcset=\"https:\/\/cuernavaca.gob.mx\/wp-content\/uploads\/2023\/03\/rescate-espacio-publcios-cuernavaca-5-1024x683.jpg 1024w, https:\/\/cuernavaca.gob.mx\/wp-content\/uploads\/2023\/03\/rescate-espacio-publcios-cuernavaca-5-300x200.jpg 300w, https:\/\/cuernavaca.gob.mx\/wp-content\/uploads\/2023\/03\/rescate-espacio-publcios-cuernavaca-5-768x512.jpg 768w, https:\/\/cuernavaca.gob.mx\/wp-content\/uploads\/2023\/03\/rescate-espacio-publcios-cuernavaca-5-1536x1024.jpg 1536w, https:\/\/cuernavaca.gob.mx\/wp-content\/uploads\/2023\/03\/rescate-espacio-publcios-cuernavaca-5-600x400.jpg 600w, https:\/\/cuernavaca.gob.mx\/wp-content\/uploads\/2023\/03\/rescate-espacio-publcios-cuernavaca-5-560x373.jpg 560w, https:\/\/cuernavaca.gob.mx\/wp-content\/uploads\/2023\/03\/rescate-espacio-publcios-cuernavaca-5.jpg 1599w\" sizes=\"(max-width: 1024px) 100vw, 1024px\" \/><\/figure>\n\n\n\n<figure class=\"wp-block-image size-large\"><img loading=\"lazy\" width=\"1024\" height=\"683\" data-id=\"26087\"  src=\"https:\/\/cuernavaca.gob.mx\/wp-content\/uploads\/2023\/03\/rescate-espacio-publcios-cuernavaca-6-1024x683.jpg\" alt=\"\" class=\"wp-image-26087\" srcset=\"https:\/\/cuernavaca.gob.mx\/wp-content\/uploads\/2023\/03\/rescate-espacio-publcios-cuernavaca-6-1024x683.jpg 1024w, https:\/\/cuernavaca.gob.mx\/wp-content\/uploads\/2023\/03\/rescate-espacio-publcios-cuernavaca-6-300x200.jpg 300w, https:\/\/cuernavaca.gob.mx\/wp-content\/uploads\/2023\/03\/rescate-espacio-publcios-cuernavaca-6-768x512.jpg 768w, https:\/\/cuernavaca.gob.mx\/wp-content\/uploads\/2023\/03\/rescate-espacio-publcios-cuernavaca-6-1536x1024.jpg 1536w, https:\/\/cuernavaca.gob.mx\/wp-content\/uploads\/2023\/03\/rescate-espacio-publcios-cuernavaca-6-600x400.jpg 600w, https:\/\/cuernavaca.gob.mx\/wp-content\/uploads\/2023\/03\/rescate-espacio-publcios-cuernavaca-6-560x373.jpg 560w, https:\/\/cuernavaca.gob.mx\/wp-content\/uploads\/2023\/03\/rescate-espacio-publcios-cuernavaca-6.jpg 1599w\" sizes=\"(max-width: 1024px) 100vw, 1024px\" \/><\/figure>\n\n\n\n<figure class=\"wp-block-image size-large\"><img loading=\"lazy\" width=\"1024\" height=\"683\" data-id=\"26088\"  src=\"https:\/\/cuernavaca.gob.mx\/wp-content\/uploads\/2023\/03\/rescate-espacio-publcios-cuernavaca-7-1024x683.jpg\" alt=\"\" class=\"wp-image-26088\" srcset=\"https:\/\/cuernavaca.gob.mx\/wp-content\/uploads\/2023\/03\/rescate-espacio-publcios-cuernavaca-7-1024x683.jpg 1024w, https:\/\/cuernavaca.gob.mx\/wp-content\/uploads\/2023\/03\/rescate-espacio-publcios-cuernavaca-7-300x200.jpg 300w, https:\/\/cuernavaca.gob.mx\/wp-content\/uploads\/2023\/03\/rescate-espacio-publcios-cuernavaca-7-768x512.jpg 768w, https:\/\/cuernavaca.gob.mx\/wp-content\/uploads\/2023\/03\/rescate-espacio-publcios-cuernavaca-7-1536x1024.jpg 1536w, https:\/\/cuernavaca.gob.mx\/wp-content\/uploads\/2023\/03\/rescate-espacio-publcios-cuernavaca-7-600x400.jpg 600w, https:\/\/cuernavaca.gob.mx\/wp-content\/uploads\/2023\/03\/rescate-espacio-publcios-cuernavaca-7-560x373.jpg 560w, https:\/\/cuernavaca.gob.mx\/wp-content\/uploads\/2023\/03\/rescate-espacio-publcios-cuernavaca-7.jpg 1599w\" sizes=\"(max-width: 1024px) 100vw, 1024px\" \/><\/figure>\n\n\n\n<figure class=\"wp-block-image size-large\"><img loading=\"lazy\" width=\"1024\" height=\"683\" data-id=\"26082\"  src=\"https:\/\/cuernavaca.gob.mx\/wp-content\/uploads\/2023\/03\/rescate-espacio-publcios-cuernavaca-8-1024x683.jpg\" alt=\"\" class=\"wp-image-26082\" srcset=\"https:\/\/cuernavaca.gob.mx\/wp-content\/uploads\/2023\/03\/rescate-espacio-publcios-cuernavaca-8-1024x683.jpg 1024w, https:\/\/cuernavaca.gob.mx\/wp-content\/uploads\/2023\/03\/rescate-espacio-publcios-cuernavaca-8-300x200.jpg 300w, https:\/\/cuernavaca.gob.mx\/wp-content\/uploads\/2023\/03\/rescate-espacio-publcios-cuernavaca-8-768x512.jpg 768w, https:\/\/cuernavaca.gob.mx\/wp-content\/uploads\/2023\/03\/rescate-espacio-publcios-cuernavaca-8-1536x1024.jpg 1536w, https:\/\/cuernavaca.gob.mx\/wp-content\/uploads\/2023\/03\/rescate-espacio-publcios-cuernavaca-8-600x400.jpg 600w, https:\/\/cuernavaca.gob.mx\/wp-content\/uploads\/2023\/03\/rescate-espacio-publcios-cuernavaca-8-560x373.jpg 560w, https:\/\/cuernavaca.gob.mx\/wp-content\/uploads\/2023\/03\/rescate-espacio-publcios-cuernavaca-8.jpg 1599w\" sizes=\"(max-width: 1024px) 100vw, 1024px\" \/><\/figure>\n\n\n\n<figure class=\"wp-block-image size-large\"><img loading=\"lazy\" width=\"1024\" height=\"683\" data-id=\"26085\"  src=\"https:\/\/cuernavaca.gob.mx\/wp-content\/uploads\/2023\/03\/rescate-espacio-publcios-cuernavaca-9-1024x683.jpg\" alt=\"\" class=\"wp-image-26085\" srcset=\"https:\/\/cuernavaca.gob.mx\/wp-content\/uploads\/2023\/03\/rescate-espacio-publcios-cuernavaca-9-1024x683.jpg 1024w, https:\/\/cuernavaca.gob.mx\/wp-content\/uploads\/2023\/03\/rescate-espacio-publcios-cuernavaca-9-300x200.jpg 300w, https:\/\/cuernavaca.gob.mx\/wp-content\/uploads\/2023\/03\/rescate-espacio-publcios-cuernavaca-9-768x512.jpg 768w, https:\/\/cuernavaca.gob.mx\/wp-content\/uploads\/2023\/03\/rescate-espacio-publcios-cuernavaca-9-1536x1024.jpg 1536w, https:\/\/cuernavaca.gob.mx\/wp-content\/uploads\/2023\/03\/rescate-espacio-publcios-cuernavaca-9-600x400.jpg 600w, https:\/\/cuernavaca.gob.mx\/wp-content\/uploads\/2023\/03\/rescate-espacio-publcios-cuernavaca-9-560x373.jpg 560w, https:\/\/cuernavaca.gob.mx\/wp-content\/uploads\/2023\/03\/rescate-espacio-publcios-cuernavaca-9.jpg 1599w\" sizes=\"(max-width: 1024px) 100vw, 1024px\" \/><\/figure>\n\n\n\n<figure class=\"wp-block-image size-large\"><img loading=\"lazy\" width=\"1024\" height=\"683\" data-id=\"26089\"  src=\"https:\/\/cuernavaca.gob.mx\/wp-content\/uploads\/2023\/03\/rescate-espacio-publcios-cuernavaca-10-1024x683.jpg\" alt=\"\" class=\"wp-image-26089\" srcset=\"https:\/\/cuernavaca.gob.mx\/wp-content\/uploads\/2023\/03\/rescate-espacio-publcios-cuernavaca-10-1024x683.jpg 1024w, https:\/\/cuernavaca.gob.mx\/wp-content\/uploads\/2023\/03\/rescate-espacio-publcios-cuernavaca-10-300x200.jpg 300w, https:\/\/cuernavaca.gob.mx\/wp-content\/uploads\/2023\/03\/rescate-espacio-publcios-cuernavaca-10-768x512.jpg 768w, https:\/\/cuernavaca.gob.mx\/wp-content\/uploads\/2023\/03\/rescate-espacio-publcios-cuernavaca-10-1536x1024.jpg 1536w, https:\/\/cuernavaca.gob.mx\/wp-content\/uploads\/2023\/03\/rescate-espacio-publcios-cuernavaca-10-600x400.jpg 600w, https:\/\/cuernavaca.gob.mx\/wp-content\/uploads\/2023\/03\/rescate-espacio-publcios-cuernavaca-10-560x373.jpg 560w, https:\/\/cuernavaca.gob.mx\/wp-content\/uploads\/2023\/03\/rescate-espacio-publcios-cuernavaca-10.jpg 1599w\" sizes=\"(max-width: 1024px) 100vw, 1024px\" \/><\/figure>\n\n\n\n<figure class=\"wp-block-image size-large\"><img loading=\"lazy\" width=\"1024\" height=\"683\" data-id=\"26090\"  src=\"https:\/\/cuernavaca.gob.mx\/wp-content\/uploads\/2023\/03\/rescate-espacio-publcios-cuernavaca-11-1024x683.jpg\" alt=\"\" class=\"wp-image-26090\" srcset=\"https:\/\/cuernavaca.gob.mx\/wp-content\/uploads\/2023\/03\/rescate-espacio-publcios-cuernavaca-11-1024x683.jpg 1024w, https:\/\/cuernavaca.gob.mx\/wp-content\/uploads\/2023\/03\/rescate-espacio-publcios-cuernavaca-11-300x200.jpg 300w, https:\/\/cuernavaca.gob.mx\/wp-content\/uploads\/2023\/03\/rescate-espacio-publcios-cuernavaca-11-768x512.jpg 768w, https:\/\/cuernavaca.gob.mx\/wp-content\/uploads\/2023\/03\/rescate-espacio-publcios-cuernavaca-11-1536x1024.jpg 1536w, https:\/\/cuernavaca.gob.mx\/wp-content\/uploads\/2023\/03\/rescate-espacio-publcios-cuernavaca-11-600x400.jpg 600w, https:\/\/cuernavaca.gob.mx\/wp-content\/uploads\/2023\/03\/rescate-espacio-publcios-cuernavaca-11-560x373.jpg 560w, https:\/\/cuernavaca.gob.mx\/wp-content\/uploads\/2023\/03\/rescate-espacio-publcios-cuernavaca-11.jpg 1599w\" sizes=\"(max-width: 1024px) 100vw, 1024px\" \/><\/figure>\n\n\n\n<figure class=\"wp-block-image size-large\"><img loading=\"lazy\" width=\"1024\" height=\"683\" data-id=\"26091\"  src=\"https:\/\/cuernavaca.gob.mx\/wp-content\/uploads\/2023\/03\/rescate-espacio-publcios-cuernavaca-12-1024x683.jpg\" alt=\"\" class=\"wp-image-26091\" srcset=\"https:\/\/cuernavaca.gob.mx\/wp-content\/uploads\/2023\/03\/rescate-espacio-publcios-cuernavaca-12-1024x683.jpg 1024w, https:\/\/cuernavaca.gob.mx\/wp-content\/uploads\/2023\/03\/rescate-espacio-publcios-cuernavaca-12-300x200.jpg 300w, https:\/\/cuernavaca.gob.mx\/wp-content\/uploads\/2023\/03\/rescate-espacio-publcios-cuernavaca-12-768x512.jpg 768w, https:\/\/cuernavaca.gob.mx\/wp-content\/uploads\/2023\/03\/rescate-espacio-publcios-cuernavaca-12-1536x1024.jpg 1536w, https:\/\/cuernavaca.gob.mx\/wp-content\/uploads\/2023\/03\/rescate-espacio-publcios-cuernavaca-12-600x400.jpg 600w, https:\/\/cuernavaca.gob.mx\/wp-content\/uploads\/2023\/03\/rescate-espacio-publcios-cuernavaca-12-560x373.jpg 560w, https:\/\/cuernavaca.gob.mx\/wp-content\/uploads\/2023\/03\/rescate-espacio-publcios-cuernavaca-12.jpg 1599w\" sizes=\"(max-width: 1024px) 100vw, 1024px\" \/><\/figure>\n\n\n\n<figure class=\"wp-block-image size-large\"><img loading=\"lazy\" width=\"1024\" height=\"683\" data-id=\"26092\"  src=\"https:\/\/cuernavaca.gob.mx\/wp-content\/uploads\/2023\/03\/rescate-espacio-publcios-cuernavaca-13-1024x683.jpg\" alt=\"\" class=\"wp-image-26092\" srcset=\"https:\/\/cuernavaca.gob.mx\/wp-content\/uploads\/2023\/03\/rescate-espacio-publcios-cuernavaca-13-1024x683.jpg 1024w, https:\/\/cuernavaca.gob.mx\/wp-content\/uploads\/2023\/03\/rescate-espacio-publcios-cuernavaca-13-300x200.jpg 300w, https:\/\/cuernavaca.gob.mx\/wp-content\/uploads\/2023\/03\/rescate-espacio-publcios-cuernavaca-13-768x512.jpg 768w, https:\/\/cuernavaca.gob.mx\/wp-content\/uploads\/2023\/03\/rescate-espacio-publcios-cuernavaca-13-1536x1024.jpg 1536w, https:\/\/cuernavaca.gob.mx\/wp-content\/uploads\/2023\/03\/rescate-espacio-publcios-cuernavaca-13-600x400.jpg 600w, https:\/\/cuernavaca.gob.mx\/wp-content\/uploads\/2023\/03\/rescate-espacio-publcios-cuernavaca-13-560x373.jpg 560w, https:\/\/cuernavaca.gob.mx\/wp-content\/uploads\/2023\/03\/rescate-espacio-publcios-cuernavaca-13.jpg 1599w\" sizes=\"(max-width: 1024px) 100vw, 1024px\" \/><\/figure>\n\n\n\n<figure class=\"wp-block-image size-large\"><img loading=\"lazy\" width=\"1024\" height=\"676\" data-id=\"26095\"  src=\"https:\/\/cuernavaca.gob.mx\/wp-content\/uploads\/2023\/03\/rescate-espacio-publcios-cuernavaca-14-1024x676.jpg\" alt=\"\" class=\"wp-image-26095\" srcset=\"https:\/\/cuernavaca.gob.mx\/wp-content\/uploads\/2023\/03\/rescate-espacio-publcios-cuernavaca-14-1024x676.jpg 1024w, https:\/\/cuernavaca.gob.mx\/wp-content\/uploads\/2023\/03\/rescate-espacio-publcios-cuernavaca-14-300x198.jpg 300w, https:\/\/cuernavaca.gob.mx\/wp-content\/uploads\/2023\/03\/rescate-espacio-publcios-cuernavaca-14-768x507.jpg 768w, https:\/\/cuernavaca.gob.mx\/wp-content\/uploads\/2023\/03\/rescate-espacio-publcios-cuernavaca-14-600x396.jpg 600w, https:\/\/cuernavaca.gob.mx\/wp-content\/uploads\/2023\/03\/rescate-espacio-publcios-cuernavaca-14-560x370.jpg 560w, https:\/\/cuernavaca.gob.mx\/wp-content\/uploads\/2023\/03\/rescate-espacio-publcios-cuernavaca-14.jpg 1280w\" sizes=\"(max-width: 1024px) 100vw, 1024px\" \/><\/figure>\n\n\n\n<figure class=\"wp-block-image size-large\"><img loading=\"lazy\" width=\"1024\" height=\"682\" data-id=\"26093\"  src=\"https:\/\/cuernavaca.gob.mx\/wp-content\/uploads\/2023\/03\/rescate-espacio-publcios-cuernavaca-15-1024x682.jpg\" alt=\"\" class=\"wp-image-26093\" srcset=\"https:\/\/cuernavaca.gob.mx\/wp-content\/uploads\/2023\/03\/rescate-espacio-publcios-cuernavaca-15-1024x682.jpg 1024w, https:\/\/cuernavaca.gob.mx\/wp-content\/uploads\/2023\/03\/rescate-espacio-publcios-cuernavaca-15-300x200.jpg 300w, https:\/\/cuernavaca.gob.mx\/wp-content\/uploads\/2023\/03\/rescate-espacio-publcios-cuernavaca-15-768x512.jpg 768w, https:\/\/cuernavaca.gob.mx\/wp-content\/uploads\/2023\/03\/rescate-espacio-publcios-cuernavaca-15-600x400.jpg 600w, https:\/\/cuernavaca.gob.mx\/wp-content\/uploads\/2023\/03\/rescate-espacio-publcios-cuernavaca-15-560x373.jpg 560w, https:\/\/cuernavaca.gob.mx\/wp-content\/uploads\/2023\/03\/rescate-espacio-publcios-cuernavaca-15.jpg 1280w\" sizes=\"(max-width: 1024px) 100vw, 1024px\" \/><\/figure>\n\n\n\n<figure class=\"wp-block-image size-large\"><img loading=\"lazy\" width=\"1024\" height=\"682\" data-id=\"26094\"  src=\"https:\/\/cuernavaca.gob.mx\/wp-content\/uploads\/2023\/03\/rescate-espacio-publcios-cuernavaca-16-1024x682.jpg\" alt=\"\" class=\"wp-image-26094\" srcset=\"https:\/\/cuernavaca.gob.mx\/wp-content\/uploads\/2023\/03\/rescate-espacio-publcios-cuernavaca-16-1024x682.jpg 1024w, https:\/\/cuernavaca.gob.mx\/wp-content\/uploads\/2023\/03\/rescate-espacio-publcios-cuernavaca-16-300x200.jpg 300w, https:\/\/cuernavaca.gob.mx\/wp-content\/uploads\/2023\/03\/rescate-espacio-publcios-cuernavaca-16-768x512.jpg 768w, https:\/\/cuernavaca.gob.mx\/wp-content\/uploads\/2023\/03\/rescate-espacio-publcios-cuernavaca-16-600x400.jpg 600w, https:\/\/cuernavaca.gob.mx\/wp-content\/uploads\/2023\/03\/rescate-espacio-publcios-cuernavaca-16-560x373.jpg 560w, https:\/\/cuernavaca.gob.mx\/wp-content\/uploads\/2023\/03\/rescate-espacio-publcios-cuernavaca-16.jpg 1280w\" sizes=\"(max-width: 1024px) 100vw, 1024px\" \/><\/figure>\n\n\n\n<figure class=\"wp-block-image size-large\"><img loading=\"lazy\" width=\"1024\" height=\"682\" data-id=\"26096\"  src=\"https:\/\/cuernavaca.gob.mx\/wp-content\/uploads\/2023\/03\/rescate-espacio-publcios-cuernavaca-17-1024x682.jpg\" alt=\"\" class=\"wp-image-26096\" srcset=\"https:\/\/cuernavaca.gob.mx\/wp-content\/uploads\/2023\/03\/rescate-espacio-publcios-cuernavaca-17-1024x682.jpg 1024w, https:\/\/cuernavaca.gob.mx\/wp-content\/uploads\/2023\/03\/rescate-espacio-publcios-cuernavaca-17-300x200.jpg 300w, https:\/\/cuernavaca.gob.mx\/wp-content\/uploads\/2023\/03\/rescate-espacio-publcios-cuernavaca-17-768x512.jpg 768w, https:\/\/cuernavaca.gob.mx\/wp-content\/uploads\/2023\/03\/rescate-espacio-publcios-cuernavaca-17-600x400.jpg 600w, https:\/\/cuernavaca.gob.mx\/wp-content\/uploads\/2023\/03\/rescate-espacio-publcios-cuernavaca-17-560x373.jpg 560w, https:\/\/cuernavaca.gob.mx\/wp-content\/uploads\/2023\/03\/rescate-espacio-publcios-cuernavaca-17.jpg 1280w\" sizes=\"(max-width: 1024px) 100vw, 1024px\" \/><\/figure>\n\n\n\n<figure class=\"wp-block-image size-large\"><img loading=\"lazy\" width=\"1024\" height=\"682\" data-id=\"26099\"  src=\"https:\/\/cuernavaca.gob.mx\/wp-content\/uploads\/2023\/03\/rescate-espacio-publcios-cuernavaca-18-1024x682.jpg\" alt=\"\" class=\"wp-image-26099\" srcset=\"https:\/\/cuernavaca.gob.mx\/wp-content\/uploads\/2023\/03\/rescate-espacio-publcios-cuernavaca-18-1024x682.jpg 1024w, https:\/\/cuernavaca.gob.mx\/wp-content\/uploads\/2023\/03\/rescate-espacio-publcios-cuernavaca-18-300x200.jpg 300w, https:\/\/cuernavaca.gob.mx\/wp-content\/uploads\/2023\/03\/rescate-espacio-publcios-cuernavaca-18-768x512.jpg 768w, https:\/\/cuernavaca.gob.mx\/wp-content\/uploads\/2023\/03\/rescate-espacio-publcios-cuernavaca-18-600x400.jpg 600w, https:\/\/cuernavaca.gob.mx\/wp-content\/uploads\/2023\/03\/rescate-espacio-publcios-cuernavaca-18-560x373.jpg 560w, https:\/\/cuernavaca.gob.mx\/wp-content\/uploads\/2023\/03\/rescate-espacio-publcios-cuernavaca-18.jpg 1280w\" sizes=\"(max-width: 1024px) 100vw, 1024px\" \/><\/figure>\n\n\n\n<figure class=\"wp-block-image size-large\"><img loading=\"lazy\" width=\"1024\" height=\"682\" data-id=\"26100\"  src=\"https:\/\/cuernavaca.gob.mx\/wp-content\/uploads\/2023\/03\/rescate-espacio-publcios-cuernavaca-19-1024x682.jpg\" alt=\"\" class=\"wp-image-26100\" srcset=\"https:\/\/cuernavaca.gob.mx\/wp-content\/uploads\/2023\/03\/rescate-espacio-publcios-cuernavaca-19-1024x682.jpg 1024w, https:\/\/cuernavaca.gob.mx\/wp-content\/uploads\/2023\/03\/rescate-espacio-publcios-cuernavaca-19-300x200.jpg 300w, https:\/\/cuernavaca.gob.mx\/wp-content\/uploads\/2023\/03\/rescate-espacio-publcios-cuernavaca-19-768x512.jpg 768w, https:\/\/cuernavaca.gob.mx\/wp-content\/uploads\/2023\/03\/rescate-espacio-publcios-cuernavaca-19-600x400.jpg 600w, https:\/\/cuernavaca.gob.mx\/wp-content\/uploads\/2023\/03\/rescate-espacio-publcios-cuernavaca-19-560x373.jpg 560w, https:\/\/cuernavaca.gob.mx\/wp-content\/uploads\/2023\/03\/rescate-espacio-publcios-cuernavaca-19.jpg 1280w\" sizes=\"(max-width: 1024px) 100vw, 1024px\" \/><\/figure>\n\n\n\n<figure class=\"wp-block-image size-large\"><img loading=\"lazy\" width=\"1024\" height=\"682\" data-id=\"26101\"  src=\"https:\/\/cuernavaca.gob.mx\/wp-content\/uploads\/2023\/03\/rescate-espacio-publcios-cuernavaca-20-1024x682.jpg\" alt=\"\" class=\"wp-image-26101\" srcset=\"https:\/\/cuernavaca.gob.mx\/wp-content\/uploads\/2023\/03\/rescate-espacio-publcios-cuernavaca-20-1024x682.jpg 1024w, https:\/\/cuernavaca.gob.mx\/wp-content\/uploads\/2023\/03\/rescate-espacio-publcios-cuernavaca-20-300x200.jpg 300w, https:\/\/cuernavaca.gob.mx\/wp-content\/uploads\/2023\/03\/rescate-espacio-publcios-cuernavaca-20-768x512.jpg 768w, https:\/\/cuernavaca.gob.mx\/wp-content\/uploads\/2023\/03\/rescate-espacio-publcios-cuernavaca-20-600x400.jpg 600w, https:\/\/cuernavaca.gob.mx\/wp-content\/uploads\/2023\/03\/rescate-espacio-publcios-cuernavaca-20-560x373.jpg 560w, https:\/\/cuernavaca.gob.mx\/wp-content\/uploads\/2023\/03\/rescate-espacio-publcios-cuernavaca-20.jpg 1280w\" sizes=\"(max-width: 1024px) 100vw, 1024px\" \/><\/figure>\n\n\n\n<figure class=\"wp-block-image size-large\"><img loading=\"lazy\" width=\"1024\" height=\"682\" data-id=\"26097\"  src=\"https:\/\/cuernavaca.gob.mx\/wp-content\/uploads\/2023\/03\/rescate-espacio-publcios-cuernavaca-21-1024x682.jpg\" alt=\"\" class=\"wp-image-26097\" srcset=\"https:\/\/cuernavaca.gob.mx\/wp-content\/uploads\/2023\/03\/rescate-espacio-publcios-cuernavaca-21-1024x682.jpg 1024w, https:\/\/cuernavaca.gob.mx\/wp-content\/uploads\/2023\/03\/rescate-espacio-publcios-cuernavaca-21-300x200.jpg 300w, https:\/\/cuernavaca.gob.mx\/wp-content\/uploads\/2023\/03\/rescate-espacio-publcios-cuernavaca-21-768x512.jpg 768w, https:\/\/cuernavaca.gob.mx\/wp-content\/uploads\/2023\/03\/rescate-espacio-publcios-cuernavaca-21-600x400.jpg 600w, https:\/\/cuernavaca.gob.mx\/wp-content\/uploads\/2023\/03\/rescate-espacio-publcios-cuernavaca-21-560x373.jpg 560w, https:\/\/cuernavaca.gob.mx\/wp-content\/uploads\/2023\/03\/rescate-espacio-publcios-cuernavaca-21.jpg 1280w\" sizes=\"(max-width: 1024px) 100vw, 1024px\" \/><\/figure>\n\n\n\n<figure class=\"wp-block-image size-large\"><img loading=\"lazy\" width=\"1024\" height=\"682\" data-id=\"26103\"  src=\"https:\/\/cuernavaca.gob.mx\/wp-content\/uploads\/2023\/03\/rescate-espacio-publcios-cuernavaca-22-1024x682.jpg\" alt=\"\" class=\"wp-image-26103\" srcset=\"https:\/\/cuernavaca.gob.mx\/wp-content\/uploads\/2023\/03\/rescate-espacio-publcios-cuernavaca-22-1024x682.jpg 1024w, https:\/\/cuernavaca.gob.mx\/wp-content\/uploads\/2023\/03\/rescate-espacio-publcios-cuernavaca-22-300x200.jpg 300w, https:\/\/cuernavaca.gob.mx\/wp-content\/uploads\/2023\/03\/rescate-espacio-publcios-cuernavaca-22-768x512.jpg 768w, https:\/\/cuernavaca.gob.mx\/wp-content\/uploads\/2023\/03\/rescate-espacio-publcios-cuernavaca-22-600x400.jpg 600w, https:\/\/cuernavaca.gob.mx\/wp-content\/uploads\/2023\/03\/rescate-espacio-publcios-cuernavaca-22-560x373.jpg 560w, https:\/\/cuernavaca.gob.mx\/wp-content\/uploads\/2023\/03\/rescate-espacio-publcios-cuernavaca-22.jpg 1280w\" sizes=\"(max-width: 1024px) 100vw, 1024px\" \/><\/figure>\n\n\n\n<figure class=\"wp-block-image size-large\"><img loading=\"lazy\" width=\"1024\" height=\"682\" data-id=\"26098\"  src=\"https:\/\/cuernavaca.gob.mx\/wp-content\/uploads\/2023\/03\/rescate-espacio-publcios-cuernavaca-23-1024x682.jpg\" alt=\"\" class=\"wp-image-26098\" srcset=\"https:\/\/cuernavaca.gob.mx\/wp-content\/uploads\/2023\/03\/rescate-espacio-publcios-cuernavaca-23-1024x682.jpg 1024w, https:\/\/cuernavaca.gob.mx\/wp-content\/uploads\/2023\/03\/rescate-espacio-publcios-cuernavaca-23-300x200.jpg 300w, https:\/\/cuernavaca.gob.mx\/wp-content\/uploads\/2023\/03\/rescate-espacio-publcios-cuernavaca-23-768x512.jpg 768w, https:\/\/cuernavaca.gob.mx\/wp-content\/uploads\/2023\/03\/rescate-espacio-publcios-cuernavaca-23-600x400.jpg 600w, https:\/\/cuernavaca.gob.mx\/wp-content\/uploads\/2023\/03\/rescate-espacio-publcios-cuernavaca-23-560x373.jpg 560w, https:\/\/cuernavaca.gob.mx\/wp-content\/uploads\/2023\/03\/rescate-espacio-publcios-cuernavaca-23.jpg 1280w\" sizes=\"(max-width: 1024px) 100vw, 1024px\" \/><\/figure>\n\n\n\n<figure class=\"wp-block-image size-large\"><img loading=\"lazy\" width=\"1024\" height=\"682\" data-id=\"26102\"  src=\"https:\/\/cuernavaca.gob.mx\/wp-content\/uploads\/2023\/03\/rescate-espacio-publcios-cuernavaca-24-1024x682.jpg\" alt=\"\" class=\"wp-image-26102\" srcset=\"https:\/\/cuernavaca.gob.mx\/wp-content\/uploads\/2023\/03\/rescate-espacio-publcios-cuernavaca-24-1024x682.jpg 1024w, https:\/\/cuernavaca.gob.mx\/wp-content\/uploads\/2023\/03\/rescate-espacio-publcios-cuernavaca-24-300x200.jpg 300w, https:\/\/cuernavaca.gob.mx\/wp-content\/uploads\/2023\/03\/rescate-espacio-publcios-cuernavaca-24-768x512.jpg 768w, https:\/\/cuernavaca.gob.mx\/wp-content\/uploads\/2023\/03\/rescate-espacio-publcios-cuernavaca-24-600x400.jpg 600w, https:\/\/cuernavaca.gob.mx\/wp-content\/uploads\/2023\/03\/rescate-espacio-publcios-cuernavaca-24-560x373.jpg 560w, https:\/\/cuernavaca.gob.mx\/wp-content\/uploads\/2023\/03\/rescate-espacio-publcios-cuernavaca-24.jpg 1280w\" sizes=\"(max-width: 1024px) 100vw, 1024px\" \/><\/figure>\n<\/figure>\n","protected":false},"excerpt":{"rendered":"<p>En el marco del D\u00eda Internacional de la Mujer y como parte de los trabajos de transformaci\u00f3n, recuperaci\u00f3n y apropiaci\u00f3n de los espacios p\u00fablicos de la mano con los habitantes, se llev\u00f3 a cabo la inauguraci\u00f3n de la Unidad Deportiva Bernardino Cortez en el poblado de Chamilpa, la cual fue intervenida con apoyo de la [&hellip;]<\/p>\n","protected":false},"author":1,"featured_media":26083,"comment_status":"closed","ping_status":"open","sticky":false,"template":"","format":"standard","meta":[],"categories":[2414],"tags":[121,2376,120,2288,206,356],"aioseo_notices":[],"_links":{"self":[{"href":"https:\/\/cuernavaca.gob.mx\/index.php?rest_route=\/wp\/v2\/posts\/26079"}],"collection":[{"href":"https:\/\/cuernavaca.gob.mx\/index.php?rest_route=\/wp\/v2\/posts"}],"about":[{"href":"https:\/\/cuernavaca.gob.mx\/index.php?rest_route=\/wp\/v2\/types\/post"}],"author":[{"embeddable":true,"href":"https:\/\/cuernavaca.gob.mx\/index.php?rest_route=\/wp\/v2\/users\/1"}],"replies":[{"embeddable":true,"href":"https:\/\/cuernavaca.gob.mx\/index.php?rest_route=%2Fwp%2Fv2%2Fcomments&post=26079"}],"version-history":[{"count":2,"href":"https:\/\/cuernavaca.gob.mx\/index.php?rest_route=\/wp\/v2\/posts\/26079\/revisions"}],"predecessor-version":[{"id":26136,"href":"https:\/\/cuernavaca.gob.mx\/index.php?rest_route=\/wp\/v2\/posts\/26079\/revisions\/26136"}],"wp:featuredmedia":[{"embeddable":true,"href":"https:\/\/cuernavaca.gob.mx\/index.php?rest_route=\/wp\/v2\/media\/26083"}],"wp:attachment":[{"href":"https:\/\/cuernavaca.gob.mx\/index.php?rest_route=%2Fwp%2Fv2%2Fmedia&parent=26079"}],"wp:term":[{"taxonomy":"category","embeddable":true,"href":"https:\/\/cuernavaca.gob.mx\/index.php?rest_route=%2Fwp%2Fv2%2Fcategories&post=26079"},{"taxonomy":"post_tag","embeddable":true,"href":"https:\/\/cuernavaca.gob.mx\/index.php?rest_route=%2Fwp%2Fv2%2Ftags&post=26079"}],"curies":[{"name":"wp","href":"https:\/\/api.w.org\/{rel}","templated":true}]}}