{"id":26105,"date":"2023-03-12T16:15:00","date_gmt":"2023-03-12T22:15:00","guid":{"rendered":"https:\/\/cuernavaca.gob.mx\/?p=26105"},"modified":"2025-05-06T12:34:52","modified_gmt":"2025-05-06T18:34:52","slug":"b838-12-03-23-cuernavaca-fortalecera-su-riqueza-cultural-con-la-colocacion-de-placas-conmemorativas-en-edificios-historicos","status":"publish","type":"post","link":"https:\/\/cuernavaca.gob.mx\/?p=26105","title":{"rendered":"B838 12\/03\/23 CUERNAVACA FORTALECER\u00c1 SU RIQUEZA CULTURAL CON LA COLOCACI\u00d3N DE PLACAS CONMEMORATIVAS EN EDIFICIOS HIST\u00d3RICOS"},"content":{"rendered":"\n<p><strong>\u2022 El Consejo de Cronistas del Municipio de Cuernavaca aprob\u00f3 por mayor\u00eda colocar en los edificios hist\u00f3ricos de la ciudad placas que cuenten la historia de hechos que sucedieron en esos inmuebles<\/strong><\/p>\n\n\n\n<p><strong>\u2022 El presidente municipal, Jos\u00e9 Luis Uri\u00f3stegui, en su calidad de presidente honorario del Consejo, manifest\u00f3 su respaldo a la iniciativa, se\u00f1alando que las placas son vitales para que la gente sepa qu\u00e9 sucedi\u00f3 en esos sitios<\/strong><\/p>\n\n\n\n<p>Para fortalecer la identidad y memoria hist\u00f3rica de Cuernavaca, el Consejo de Cronistas del Municipio aprob\u00f3 por mayor\u00eda colocar en los edificios hist\u00f3ricos de la ciudad placas que cuenten la historia de hechos que sucedieron en esos inmuebles, a fin de que turistas y residentes conozcan la riqueza cultural que guarda la Eterna Primavera.<\/p>\n\n\n\n<p>En sesi\u00f3n del consejo, se inform\u00f3 que este anteproyecto emana de la asociaci\u00f3n civil Consejo de Cronistas, al reconocer que la capital morelense cuenta con mucha historia, desde sus casas, hasta sus calles, parajes, entre otros, que en muchas ocasiones se olvidan o se desconocen, por lo cual es de suma importancia presentar su historia a trav\u00e9s de placas conmemorativas de personajes, hechos hist\u00f3ricos y registros de su historia.<\/p>\n\n\n\n<p>Su objetivo propone la valoraci\u00f3n y revaloraci\u00f3n de personajes y\/o sitios que han sido parte del desarrollo de la ciudad a trav\u00e9s de efectos muy cortos y sustantivos, colaborando con s\u00edntesis hist\u00f3ricas ubicadas en edificios y espacios de la ciudad con especial contribuci\u00f3n de los cronistas de Cuernavaca para situar la historicidad de la capital morelense.<\/p>\n\n\n\n<p>Al respecto, el presidente municipal, Jos\u00e9 Luis Uri\u00f3stegui, en su calidad de presidente honorario del Consejo, manifest\u00f3 su respaldo a la iniciativa, se\u00f1alando que las placas son vitales para que la gente sepa qu\u00e9 sucedi\u00f3, en qu\u00e9 lugar y en qu\u00e9 \u00e9poca en cada sitio emblem\u00e1tico de Cuernavaca.<\/p>\n\n\n\n<p>&#8220;Me interesa que dejemos plasmado en las paredes de los inmuebles parte de la historia que para nosotros es conocida y que para mucha gente no. En otras ciudades uno ve una placa y dice que padre y aqu\u00ed rara vez vemos una placa que nos diga qu\u00e9 sucedi\u00f3&#8221;, refiri\u00f3.<\/p>\n\n\n\n<p>La propuesta fue autorizada por mayor\u00eda, la cual ser\u00e1 turnada al presidente municipal de Cuernavaca para que valore el presupuesto y se empiecen a determinar los lugares y el contenido de cada placa.<\/p>\n\n\n\n<p>En esta misma sesi\u00f3n, se tom\u00f3 propuesta a V\u00edctor Hugo Valencia Valera, delegado del Centro INAH-Morelos como integrante del Consejo de Cronistas del Municipio de Cuernavaca, lo cual fue atestiguado por el coordinador, Jos\u00e9 Teodoro Lav\u00edn Le\u00f3n; el subcoordinador, Valent\u00edn L\u00f3pez Gonz\u00e1lez Aranda; y el secretario del cuerpo colegiado, Luis Anguiano Torre, director de Relaciones P\u00fablicas de la Presidencia Municipal.<\/p>\n\n\n\n<figure class=\"wp-container-2 wp-block-gallery-1 wp-block-gallery has-nested-images columns-default is-cropped\">\n<figure class=\"wp-block-image size-large\"><img loading=\"lazy\" width=\"1024\" height=\"682\" data-id=\"26115\"  src=\"https:\/\/cuernavaca.gob.mx\/wp-content\/uploads\/2023\/03\/consejo-de-cronistas-cuernavaca-1-1024x682.jpeg\" alt=\"\" class=\"wp-image-26115\" srcset=\"https:\/\/cuernavaca.gob.mx\/wp-content\/uploads\/2023\/03\/consejo-de-cronistas-cuernavaca-1-1024x682.jpeg 1024w, https:\/\/cuernavaca.gob.mx\/wp-content\/uploads\/2023\/03\/consejo-de-cronistas-cuernavaca-1-300x200.jpeg 300w, https:\/\/cuernavaca.gob.mx\/wp-content\/uploads\/2023\/03\/consejo-de-cronistas-cuernavaca-1-768x512.jpeg 768w, https:\/\/cuernavaca.gob.mx\/wp-content\/uploads\/2023\/03\/consejo-de-cronistas-cuernavaca-1-1536x1023.jpeg 1536w, https:\/\/cuernavaca.gob.mx\/wp-content\/uploads\/2023\/03\/consejo-de-cronistas-cuernavaca-1-600x400.jpeg 600w, https:\/\/cuernavaca.gob.mx\/wp-content\/uploads\/2023\/03\/consejo-de-cronistas-cuernavaca-1-560x373.jpeg 560w, https:\/\/cuernavaca.gob.mx\/wp-content\/uploads\/2023\/03\/consejo-de-cronistas-cuernavaca-1.jpeg 1600w\" sizes=\"(max-width: 1024px) 100vw, 1024px\" \/><\/figure>\n\n\n\n<figure class=\"wp-block-image size-large\"><img loading=\"lazy\" width=\"1024\" height=\"682\" data-id=\"26106\"  src=\"https:\/\/cuernavaca.gob.mx\/wp-content\/uploads\/2023\/03\/consejo-de-cronistas-cuernavaca-2-1024x682.jpeg\" alt=\"\" class=\"wp-image-26106\" srcset=\"https:\/\/cuernavaca.gob.mx\/wp-content\/uploads\/2023\/03\/consejo-de-cronistas-cuernavaca-2-1024x682.jpeg 1024w, https:\/\/cuernavaca.gob.mx\/wp-content\/uploads\/2023\/03\/consejo-de-cronistas-cuernavaca-2-300x200.jpeg 300w, https:\/\/cuernavaca.gob.mx\/wp-content\/uploads\/2023\/03\/consejo-de-cronistas-cuernavaca-2-768x512.jpeg 768w, https:\/\/cuernavaca.gob.mx\/wp-content\/uploads\/2023\/03\/consejo-de-cronistas-cuernavaca-2-1536x1023.jpeg 1536w, https:\/\/cuernavaca.gob.mx\/wp-content\/uploads\/2023\/03\/consejo-de-cronistas-cuernavaca-2-600x400.jpeg 600w, https:\/\/cuernavaca.gob.mx\/wp-content\/uploads\/2023\/03\/consejo-de-cronistas-cuernavaca-2-560x373.jpeg 560w, https:\/\/cuernavaca.gob.mx\/wp-content\/uploads\/2023\/03\/consejo-de-cronistas-cuernavaca-2.jpeg 1600w\" sizes=\"(max-width: 1024px) 100vw, 1024px\" \/><\/figure>\n\n\n\n<figure class=\"wp-block-image size-large\"><img loading=\"lazy\" width=\"1024\" height=\"682\" data-id=\"26112\"  src=\"https:\/\/cuernavaca.gob.mx\/wp-content\/uploads\/2023\/03\/consejo-de-cronistas-cuernavaca-3-1024x682.jpeg\" alt=\"\" class=\"wp-image-26112\" srcset=\"https:\/\/cuernavaca.gob.mx\/wp-content\/uploads\/2023\/03\/consejo-de-cronistas-cuernavaca-3-1024x682.jpeg 1024w, https:\/\/cuernavaca.gob.mx\/wp-content\/uploads\/2023\/03\/consejo-de-cronistas-cuernavaca-3-300x200.jpeg 300w, https:\/\/cuernavaca.gob.mx\/wp-content\/uploads\/2023\/03\/consejo-de-cronistas-cuernavaca-3-768x512.jpeg 768w, https:\/\/cuernavaca.gob.mx\/wp-content\/uploads\/2023\/03\/consejo-de-cronistas-cuernavaca-3-1536x1023.jpeg 1536w, https:\/\/cuernavaca.gob.mx\/wp-content\/uploads\/2023\/03\/consejo-de-cronistas-cuernavaca-3-600x400.jpeg 600w, https:\/\/cuernavaca.gob.mx\/wp-content\/uploads\/2023\/03\/consejo-de-cronistas-cuernavaca-3-560x373.jpeg 560w, https:\/\/cuernavaca.gob.mx\/wp-content\/uploads\/2023\/03\/consejo-de-cronistas-cuernavaca-3.jpeg 1600w\" sizes=\"(max-width: 1024px) 100vw, 1024px\" \/><\/figure>\n\n\n\n<figure class=\"wp-block-image size-large\"><img loading=\"lazy\" width=\"1024\" height=\"682\" data-id=\"26113\"  src=\"https:\/\/cuernavaca.gob.mx\/wp-content\/uploads\/2023\/03\/consejo-de-cronistas-cuernavaca-4-1024x682.jpeg\" alt=\"\" class=\"wp-image-26113\" srcset=\"https:\/\/cuernavaca.gob.mx\/wp-content\/uploads\/2023\/03\/consejo-de-cronistas-cuernavaca-4-1024x682.jpeg 1024w, https:\/\/cuernavaca.gob.mx\/wp-content\/uploads\/2023\/03\/consejo-de-cronistas-cuernavaca-4-300x200.jpeg 300w, https:\/\/cuernavaca.gob.mx\/wp-content\/uploads\/2023\/03\/consejo-de-cronistas-cuernavaca-4-768x512.jpeg 768w, https:\/\/cuernavaca.gob.mx\/wp-content\/uploads\/2023\/03\/consejo-de-cronistas-cuernavaca-4-1536x1023.jpeg 1536w, https:\/\/cuernavaca.gob.mx\/wp-content\/uploads\/2023\/03\/consejo-de-cronistas-cuernavaca-4-600x400.jpeg 600w, https:\/\/cuernavaca.gob.mx\/wp-content\/uploads\/2023\/03\/consejo-de-cronistas-cuernavaca-4-560x373.jpeg 560w, https:\/\/cuernavaca.gob.mx\/wp-content\/uploads\/2023\/03\/consejo-de-cronistas-cuernavaca-4.jpeg 1600w\" sizes=\"(max-width: 1024px) 100vw, 1024px\" \/><\/figure>\n\n\n\n<figure class=\"wp-block-image size-large\"><img loading=\"lazy\" width=\"1024\" height=\"682\" data-id=\"26116\"  src=\"https:\/\/cuernavaca.gob.mx\/wp-content\/uploads\/2023\/03\/consejo-de-cronistas-cuernavaca-5-1024x682.jpeg\" alt=\"\" class=\"wp-image-26116\" srcset=\"https:\/\/cuernavaca.gob.mx\/wp-content\/uploads\/2023\/03\/consejo-de-cronistas-cuernavaca-5-1024x682.jpeg 1024w, https:\/\/cuernavaca.gob.mx\/wp-content\/uploads\/2023\/03\/consejo-de-cronistas-cuernavaca-5-300x200.jpeg 300w, https:\/\/cuernavaca.gob.mx\/wp-content\/uploads\/2023\/03\/consejo-de-cronistas-cuernavaca-5-768x512.jpeg 768w, https:\/\/cuernavaca.gob.mx\/wp-content\/uploads\/2023\/03\/consejo-de-cronistas-cuernavaca-5-1536x1023.jpeg 1536w, https:\/\/cuernavaca.gob.mx\/wp-content\/uploads\/2023\/03\/consejo-de-cronistas-cuernavaca-5-600x400.jpeg 600w, https:\/\/cuernavaca.gob.mx\/wp-content\/uploads\/2023\/03\/consejo-de-cronistas-cuernavaca-5-560x373.jpeg 560w, https:\/\/cuernavaca.gob.mx\/wp-content\/uploads\/2023\/03\/consejo-de-cronistas-cuernavaca-5.jpeg 1600w\" sizes=\"(max-width: 1024px) 100vw, 1024px\" \/><\/figure>\n\n\n\n<figure class=\"wp-block-image size-large\"><img loading=\"lazy\" width=\"1024\" height=\"682\" data-id=\"26109\"  src=\"https:\/\/cuernavaca.gob.mx\/wp-content\/uploads\/2023\/03\/consejo-de-cronistas-cuernavaca-6-1024x682.jpeg\" alt=\"\" class=\"wp-image-26109\" srcset=\"https:\/\/cuernavaca.gob.mx\/wp-content\/uploads\/2023\/03\/consejo-de-cronistas-cuernavaca-6-1024x682.jpeg 1024w, https:\/\/cuernavaca.gob.mx\/wp-content\/uploads\/2023\/03\/consejo-de-cronistas-cuernavaca-6-300x200.jpeg 300w, https:\/\/cuernavaca.gob.mx\/wp-content\/uploads\/2023\/03\/consejo-de-cronistas-cuernavaca-6-768x512.jpeg 768w, https:\/\/cuernavaca.gob.mx\/wp-content\/uploads\/2023\/03\/consejo-de-cronistas-cuernavaca-6-1536x1023.jpeg 1536w, https:\/\/cuernavaca.gob.mx\/wp-content\/uploads\/2023\/03\/consejo-de-cronistas-cuernavaca-6-600x400.jpeg 600w, https:\/\/cuernavaca.gob.mx\/wp-content\/uploads\/2023\/03\/consejo-de-cronistas-cuernavaca-6-560x373.jpeg 560w, https:\/\/cuernavaca.gob.mx\/wp-content\/uploads\/2023\/03\/consejo-de-cronistas-cuernavaca-6.jpeg 1600w\" sizes=\"(max-width: 1024px) 100vw, 1024px\" \/><\/figure>\n\n\n\n<figure class=\"wp-block-image size-large\"><img loading=\"lazy\" width=\"1024\" height=\"682\" data-id=\"26107\"  src=\"https:\/\/cuernavaca.gob.mx\/wp-content\/uploads\/2023\/03\/consejo-de-cronistas-cuernavaca-7-1024x682.jpeg\" alt=\"\" class=\"wp-image-26107\" srcset=\"https:\/\/cuernavaca.gob.mx\/wp-content\/uploads\/2023\/03\/consejo-de-cronistas-cuernavaca-7-1024x682.jpeg 1024w, https:\/\/cuernavaca.gob.mx\/wp-content\/uploads\/2023\/03\/consejo-de-cronistas-cuernavaca-7-300x200.jpeg 300w, https:\/\/cuernavaca.gob.mx\/wp-content\/uploads\/2023\/03\/consejo-de-cronistas-cuernavaca-7-768x512.jpeg 768w, https:\/\/cuernavaca.gob.mx\/wp-content\/uploads\/2023\/03\/consejo-de-cronistas-cuernavaca-7-1536x1023.jpeg 1536w, https:\/\/cuernavaca.gob.mx\/wp-content\/uploads\/2023\/03\/consejo-de-cronistas-cuernavaca-7-600x400.jpeg 600w, https:\/\/cuernavaca.gob.mx\/wp-content\/uploads\/2023\/03\/consejo-de-cronistas-cuernavaca-7-560x373.jpeg 560w, https:\/\/cuernavaca.gob.mx\/wp-content\/uploads\/2023\/03\/consejo-de-cronistas-cuernavaca-7.jpeg 1600w\" sizes=\"(max-width: 1024px) 100vw, 1024px\" \/><\/figure>\n\n\n\n<figure class=\"wp-block-image size-large\"><img loading=\"lazy\" width=\"1024\" height=\"682\" data-id=\"26108\"  src=\"https:\/\/cuernavaca.gob.mx\/wp-content\/uploads\/2023\/03\/consejo-de-cronistas-cuernavaca-8-1024x682.jpeg\" alt=\"\" class=\"wp-image-26108\" srcset=\"https:\/\/cuernavaca.gob.mx\/wp-content\/uploads\/2023\/03\/consejo-de-cronistas-cuernavaca-8-1024x682.jpeg 1024w, https:\/\/cuernavaca.gob.mx\/wp-content\/uploads\/2023\/03\/consejo-de-cronistas-cuernavaca-8-300x200.jpeg 300w, https:\/\/cuernavaca.gob.mx\/wp-content\/uploads\/2023\/03\/consejo-de-cronistas-cuernavaca-8-768x512.jpeg 768w, https:\/\/cuernavaca.gob.mx\/wp-content\/uploads\/2023\/03\/consejo-de-cronistas-cuernavaca-8-1536x1023.jpeg 1536w, https:\/\/cuernavaca.gob.mx\/wp-content\/uploads\/2023\/03\/consejo-de-cronistas-cuernavaca-8-600x400.jpeg 600w, https:\/\/cuernavaca.gob.mx\/wp-content\/uploads\/2023\/03\/consejo-de-cronistas-cuernavaca-8-560x373.jpeg 560w, https:\/\/cuernavaca.gob.mx\/wp-content\/uploads\/2023\/03\/consejo-de-cronistas-cuernavaca-8.jpeg 1600w\" sizes=\"(max-width: 1024px) 100vw, 1024px\" \/><\/figure>\n\n\n\n<figure class=\"wp-block-image size-large\"><img loading=\"lazy\" width=\"1024\" height=\"682\" data-id=\"26114\"  src=\"https:\/\/cuernavaca.gob.mx\/wp-content\/uploads\/2023\/03\/consejo-de-cronistas-cuernavaca-9-1024x682.jpeg\" alt=\"\" class=\"wp-image-26114\" srcset=\"https:\/\/cuernavaca.gob.mx\/wp-content\/uploads\/2023\/03\/consejo-de-cronistas-cuernavaca-9-1024x682.jpeg 1024w, https:\/\/cuernavaca.gob.mx\/wp-content\/uploads\/2023\/03\/consejo-de-cronistas-cuernavaca-9-300x200.jpeg 300w, https:\/\/cuernavaca.gob.mx\/wp-content\/uploads\/2023\/03\/consejo-de-cronistas-cuernavaca-9-768x512.jpeg 768w, https:\/\/cuernavaca.gob.mx\/wp-content\/uploads\/2023\/03\/consejo-de-cronistas-cuernavaca-9-1536x1023.jpeg 1536w, https:\/\/cuernavaca.gob.mx\/wp-content\/uploads\/2023\/03\/consejo-de-cronistas-cuernavaca-9-600x400.jpeg 600w, https:\/\/cuernavaca.gob.mx\/wp-content\/uploads\/2023\/03\/consejo-de-cronistas-cuernavaca-9-560x373.jpeg 560w, https:\/\/cuernavaca.gob.mx\/wp-content\/uploads\/2023\/03\/consejo-de-cronistas-cuernavaca-9.jpeg 1600w\" sizes=\"(max-width: 1024px) 100vw, 1024px\" \/><\/figure>\n\n\n\n<figure class=\"wp-block-image size-large\"><img loading=\"lazy\" width=\"1024\" height=\"682\" data-id=\"26110\"  src=\"https:\/\/cuernavaca.gob.mx\/wp-content\/uploads\/2023\/03\/consejo-de-cronistas-cuernavaca-10-1024x682.jpeg\" alt=\"\" class=\"wp-image-26110\" srcset=\"https:\/\/cuernavaca.gob.mx\/wp-content\/uploads\/2023\/03\/consejo-de-cronistas-cuernavaca-10-1024x682.jpeg 1024w, https:\/\/cuernavaca.gob.mx\/wp-content\/uploads\/2023\/03\/consejo-de-cronistas-cuernavaca-10-300x200.jpeg 300w, https:\/\/cuernavaca.gob.mx\/wp-content\/uploads\/2023\/03\/consejo-de-cronistas-cuernavaca-10-768x512.jpeg 768w, https:\/\/cuernavaca.gob.mx\/wp-content\/uploads\/2023\/03\/consejo-de-cronistas-cuernavaca-10-1536x1023.jpeg 1536w, https:\/\/cuernavaca.gob.mx\/wp-content\/uploads\/2023\/03\/consejo-de-cronistas-cuernavaca-10-600x400.jpeg 600w, https:\/\/cuernavaca.gob.mx\/wp-content\/uploads\/2023\/03\/consejo-de-cronistas-cuernavaca-10-560x373.jpeg 560w, https:\/\/cuernavaca.gob.mx\/wp-content\/uploads\/2023\/03\/consejo-de-cronistas-cuernavaca-10.jpeg 1600w\" sizes=\"(max-width: 1024px) 100vw, 1024px\" \/><\/figure>\n\n\n\n<figure class=\"wp-block-image size-large\"><img loading=\"lazy\" width=\"1024\" height=\"682\" data-id=\"26111\"  src=\"https:\/\/cuernavaca.gob.mx\/wp-content\/uploads\/2023\/03\/consejo-de-cronistas-cuernavaca-11-1024x682.jpeg\" alt=\"\" class=\"wp-image-26111\" srcset=\"https:\/\/cuernavaca.gob.mx\/wp-content\/uploads\/2023\/03\/consejo-de-cronistas-cuernavaca-11-1024x682.jpeg 1024w, https:\/\/cuernavaca.gob.mx\/wp-content\/uploads\/2023\/03\/consejo-de-cronistas-cuernavaca-11-300x200.jpeg 300w, https:\/\/cuernavaca.gob.mx\/wp-content\/uploads\/2023\/03\/consejo-de-cronistas-cuernavaca-11-768x512.jpeg 768w, https:\/\/cuernavaca.gob.mx\/wp-content\/uploads\/2023\/03\/consejo-de-cronistas-cuernavaca-11-1536x1023.jpeg 1536w, https:\/\/cuernavaca.gob.mx\/wp-content\/uploads\/2023\/03\/consejo-de-cronistas-cuernavaca-11-600x400.jpeg 600w, https:\/\/cuernavaca.gob.mx\/wp-content\/uploads\/2023\/03\/consejo-de-cronistas-cuernavaca-11-560x373.jpeg 560w, https:\/\/cuernavaca.gob.mx\/wp-content\/uploads\/2023\/03\/consejo-de-cronistas-cuernavaca-11.jpeg 1600w\" sizes=\"(max-width: 1024px) 100vw, 1024px\" \/><\/figure>\n<\/figure>\n","protected":false},"excerpt":{"rendered":"<p>\u2022 El Consejo de Cronistas del Municipio de Cuernavaca aprob\u00f3 por mayor\u00eda colocar en los edificios hist\u00f3ricos de la ciudad placas que cuenten la historia de hechos que sucedieron en esos inmuebles \u2022 El presidente municipal, Jos\u00e9 Luis Uri\u00f3stegui, en su calidad de presidente honorario del Consejo, manifest\u00f3 su respaldo a la iniciativa, se\u00f1alando que [&hellip;]<\/p>\n","protected":false},"author":1,"featured_media":26112,"comment_status":"closed","ping_status":"open","sticky":false,"template":"","format":"standard","meta":[],"categories":[2292],"tags":[2515,121,190,1071,120,206],"aioseo_notices":[],"_links":{"self":[{"href":"https:\/\/cuernavaca.gob.mx\/index.php?rest_route=\/wp\/v2\/posts\/26105"}],"collection":[{"href":"https:\/\/cuernavaca.gob.mx\/index.php?rest_route=\/wp\/v2\/posts"}],"about":[{"href":"https:\/\/cuernavaca.gob.mx\/index.php?rest_route=\/wp\/v2\/types\/post"}],"author":[{"embeddable":true,"href":"https:\/\/cuernavaca.gob.mx\/index.php?rest_route=\/wp\/v2\/users\/1"}],"replies":[{"embeddable":true,"href":"https:\/\/cuernavaca.gob.mx\/index.php?rest_route=%2Fwp%2Fv2%2Fcomments&post=26105"}],"version-history":[{"count":1,"href":"https:\/\/cuernavaca.gob.mx\/index.php?rest_route=\/wp\/v2\/posts\/26105\/revisions"}],"predecessor-version":[{"id":26117,"href":"https:\/\/cuernavaca.gob.mx\/index.php?rest_route=\/wp\/v2\/posts\/26105\/revisions\/26117"}],"wp:featuredmedia":[{"embeddable":true,"href":"https:\/\/cuernavaca.gob.mx\/index.php?rest_route=\/wp\/v2\/media\/26112"}],"wp:attachment":[{"href":"https:\/\/cuernavaca.gob.mx\/index.php?rest_route=%2Fwp%2Fv2%2Fmedia&parent=26105"}],"wp:term":[{"taxonomy":"category","embeddable":true,"href":"https:\/\/cuernavaca.gob.mx\/index.php?rest_route=%2Fwp%2Fv2%2Fcategories&post=26105"},{"taxonomy":"post_tag","embeddable":true,"href":"https:\/\/cuernavaca.gob.mx\/index.php?rest_route=%2Fwp%2Fv2%2Ftags&post=26105"}],"curies":[{"name":"wp","href":"https:\/\/api.w.org\/{rel}","templated":true}]}}