{"id":26118,"date":"2023-03-12T04:45:00","date_gmt":"2023-03-12T10:45:00","guid":{"rendered":"https:\/\/cuernavaca.gob.mx\/?p=26118"},"modified":"2025-05-06T12:34:18","modified_gmt":"2025-05-06T18:34:18","slug":"b839-12-03-23-implementara-en-cuernavaca-escuela-para-padres-como-parte-de-la-estrategia-para-disminuir-la-violencia","status":"publish","type":"post","link":"https:\/\/cuernavaca.gob.mx\/?p=26118","title":{"rendered":"B839 12\/03\/23 IMPLEMENTAR\u00c1 EN CUERNAVACA ESCUELA PARA PADRES COMO PARTE DE LA ESTRATEGIA PARA DISMINUIR LA VIOLENCIA"},"content":{"rendered":"\n<ul><li><strong>La Secretar\u00eda de Desarrollo Humano y Participaci\u00f3n Social brindar\u00e1 a madres y padres de familia las herramientas necesarias para prevenir y reconstruir el tejido social desde casa<\/strong><\/li><\/ul>\n\n\n\n<p>En cumplimiento al eje transversal de perspectiva de familia, el Ayuntamiento de Cuernavaca, a trav\u00e9s de la Secretar\u00eda de Desarrollo Humano y Participaci\u00f3n Social, arrancar\u00e1 la estrategia de Escuela para Padres, mediante el cual les brindar\u00e1n a las madres y padres de familia herramientas necesarias para prevenir las violencias y reconstruir el tejido social desde casa.<\/p>\n\n\n\n<p>La secretaria de Desarrollo Humano y Participaci\u00f3n Social, Laura Hern\u00e1ndez Cruz, se\u00f1al\u00f3 que por instrucciones del presidente municipal, Jos\u00e9 Luis Uri\u00f3stegui Salgado, en esta administraci\u00f3n se han abordado los programas de prevenci\u00f3n del delito de forma integral por medio del n\u00facleo familiar, trabajando con las familias desde su din\u00e1mica familiar, comunitaria y en t\u00e9rminos de la ciudad.<\/p>\n\n\n\n<p>Por ello, la Direcci\u00f3n de Educaci\u00f3n y Salud estar\u00e1 operando este programa, ofreciendo distintos talleres a las madres y padres de familia de educaci\u00f3n b\u00e1sica de acuerdo con sus propias necesidades, ofreciendo herramientas de inteligencia emocional, contenci\u00f3n, manejo del estr\u00e9s y la ansiedad, temas de crianza positiva, entre otros; adem\u00e1s habr\u00e1 sesiones especializadas en prevenci\u00f3n de la violencia.<\/p>\n\n\n\n<p>En esta estrategia estar\u00e1n coadyuvando el Sistema Municipal DIF Cuernavaca, el Instituto de la Mujer de Cuernavaca (IMC) y la Secretar\u00eda de Protecci\u00f3n y Auxilio Ciudadano (SEPRAC), teniendo como objetivo que en Cuernavaca las personas vivan de manera arm\u00f3nica, en paz, en orden y con valores, evitando la violencia en el n\u00facleo social.<\/p>\n\n\n\n<p>Se plantea que el programa piloto abarque 20 escuelas con sesiones de 45 minutos quincenales para madres y padres de los \u00faltimos grados de primaria y secundaria.<\/p>\n\n\n\n<figure class=\"wp-container-2 wp-block-gallery-1 wp-block-gallery has-nested-images columns-default is-cropped\">\n<figure class=\"wp-block-image size-large\"><img loading=\"lazy\" width=\"1024\" height=\"682\" data-id=\"26119\"  src=\"https:\/\/cuernavaca.gob.mx\/wp-content\/uploads\/2023\/03\/escuela-para-padres-cuernavaca-1-1024x682.jpeg\" alt=\"\" class=\"wp-image-26119\" srcset=\"https:\/\/cuernavaca.gob.mx\/wp-content\/uploads\/2023\/03\/escuela-para-padres-cuernavaca-1-1024x682.jpeg 1024w, https:\/\/cuernavaca.gob.mx\/wp-content\/uploads\/2023\/03\/escuela-para-padres-cuernavaca-1-300x200.jpeg 300w, https:\/\/cuernavaca.gob.mx\/wp-content\/uploads\/2023\/03\/escuela-para-padres-cuernavaca-1-768x512.jpeg 768w, https:\/\/cuernavaca.gob.mx\/wp-content\/uploads\/2023\/03\/escuela-para-padres-cuernavaca-1-1536x1023.jpeg 1536w, https:\/\/cuernavaca.gob.mx\/wp-content\/uploads\/2023\/03\/escuela-para-padres-cuernavaca-1-600x400.jpeg 600w, https:\/\/cuernavaca.gob.mx\/wp-content\/uploads\/2023\/03\/escuela-para-padres-cuernavaca-1-560x373.jpeg 560w, https:\/\/cuernavaca.gob.mx\/wp-content\/uploads\/2023\/03\/escuela-para-padres-cuernavaca-1.jpeg 1600w\" sizes=\"(max-width: 1024px) 100vw, 1024px\" \/><\/figure>\n\n\n\n<figure class=\"wp-block-image size-large\"><img loading=\"lazy\" width=\"1024\" height=\"682\" data-id=\"26120\"  src=\"https:\/\/cuernavaca.gob.mx\/wp-content\/uploads\/2023\/03\/escuela-para-padres-cuernavaca-2-1024x682.jpeg\" alt=\"\" class=\"wp-image-26120\" srcset=\"https:\/\/cuernavaca.gob.mx\/wp-content\/uploads\/2023\/03\/escuela-para-padres-cuernavaca-2-1024x682.jpeg 1024w, https:\/\/cuernavaca.gob.mx\/wp-content\/uploads\/2023\/03\/escuela-para-padres-cuernavaca-2-300x200.jpeg 300w, https:\/\/cuernavaca.gob.mx\/wp-content\/uploads\/2023\/03\/escuela-para-padres-cuernavaca-2-768x512.jpeg 768w, https:\/\/cuernavaca.gob.mx\/wp-content\/uploads\/2023\/03\/escuela-para-padres-cuernavaca-2-1536x1023.jpeg 1536w, https:\/\/cuernavaca.gob.mx\/wp-content\/uploads\/2023\/03\/escuela-para-padres-cuernavaca-2-600x400.jpeg 600w, https:\/\/cuernavaca.gob.mx\/wp-content\/uploads\/2023\/03\/escuela-para-padres-cuernavaca-2-560x373.jpeg 560w, https:\/\/cuernavaca.gob.mx\/wp-content\/uploads\/2023\/03\/escuela-para-padres-cuernavaca-2.jpeg 1600w\" sizes=\"(max-width: 1024px) 100vw, 1024px\" \/><\/figure>\n<\/figure>\n","protected":false},"excerpt":{"rendered":"<p>La Secretar\u00eda de Desarrollo Humano y Participaci\u00f3n Social brindar\u00e1 a madres y padres de familia las herramientas necesarias para prevenir y reconstruir el tejido social desde casa En cumplimiento al eje transversal de perspectiva de familia, el Ayuntamiento de Cuernavaca, a trav\u00e9s de la Secretar\u00eda de Desarrollo Humano y Participaci\u00f3n Social, arrancar\u00e1 la estrategia de [&hellip;]<\/p>\n","protected":false},"author":1,"featured_media":26120,"comment_status":"closed","ping_status":"open","sticky":false,"template":"","format":"standard","meta":[],"categories":[862],"tags":[121,2975,120,206,2976,414,125,1910],"aioseo_notices":[],"_links":{"self":[{"href":"https:\/\/cuernavaca.gob.mx\/index.php?rest_route=\/wp\/v2\/posts\/26118"}],"collection":[{"href":"https:\/\/cuernavaca.gob.mx\/index.php?rest_route=\/wp\/v2\/posts"}],"about":[{"href":"https:\/\/cuernavaca.gob.mx\/index.php?rest_route=\/wp\/v2\/types\/post"}],"author":[{"embeddable":true,"href":"https:\/\/cuernavaca.gob.mx\/index.php?rest_route=\/wp\/v2\/users\/1"}],"replies":[{"embeddable":true,"href":"https:\/\/cuernavaca.gob.mx\/index.php?rest_route=%2Fwp%2Fv2%2Fcomments&post=26118"}],"version-history":[{"count":1,"href":"https:\/\/cuernavaca.gob.mx\/index.php?rest_route=\/wp\/v2\/posts\/26118\/revisions"}],"predecessor-version":[{"id":26121,"href":"https:\/\/cuernavaca.gob.mx\/index.php?rest_route=\/wp\/v2\/posts\/26118\/revisions\/26121"}],"wp:featuredmedia":[{"embeddable":true,"href":"https:\/\/cuernavaca.gob.mx\/index.php?rest_route=\/wp\/v2\/media\/26120"}],"wp:attachment":[{"href":"https:\/\/cuernavaca.gob.mx\/index.php?rest_route=%2Fwp%2Fv2%2Fmedia&parent=26118"}],"wp:term":[{"taxonomy":"category","embeddable":true,"href":"https:\/\/cuernavaca.gob.mx\/index.php?rest_route=%2Fwp%2Fv2%2Fcategories&post=26118"},{"taxonomy":"post_tag","embeddable":true,"href":"https:\/\/cuernavaca.gob.mx\/index.php?rest_route=%2Fwp%2Fv2%2Ftags&post=26118"}],"curies":[{"name":"wp","href":"https:\/\/api.w.org\/{rel}","templated":true}]}}