{"id":26122,"date":"2023-03-12T05:15:00","date_gmt":"2023-03-12T11:15:00","guid":{"rendered":"https:\/\/cuernavaca.gob.mx\/?p=26122"},"modified":"2025-05-06T12:34:52","modified_gmt":"2025-05-06T18:34:52","slug":"b840-12-03-23-cumple-ayuntamiento-con-productores-del-campo-que-preserva-cuernavaca","status":"publish","type":"post","link":"https:\/\/cuernavaca.gob.mx\/?p=26122","title":{"rendered":"B840 12\/03\/23 CUMPLE AYUNTAMIENTO CON PRODUCTORES DEL CAMPO QUE PRESERVA CUERNAVACA"},"content":{"rendered":"\n<p><strong>*En tiempo y forma se hizo entrega de apoyos del FAEDE 2022 y se atendi\u00f3 el rezago con productores que desde el 2021 no hab\u00edan recibido recursos<\/strong><\/p>\n\n\n\n<ul><li><strong>En sesi\u00f3n del COMUNDERS se acord\u00f3 apoyar tambi\u00e9n a productores de caf\u00e9 y nopal de la ciudad capital<\/strong><\/li><\/ul>\n\n\n\n<p>En sesi\u00f3n del Consejo Municipal de Desarrollo Rural Sustentable (COMUNDERS) del Ayuntamiento de Cuernavaca se aprob\u00f3 la distribuci\u00f3n del Fondo de Aportaciones Estatales para el Desarrollo Econ\u00f3mico (FAEDE) 2023 y se acord\u00f3 otorgar un apoyo a los productores de caf\u00e9 para la compra de planta y a los productores de nopal para la adquisici\u00f3n de abono org\u00e1nico, con el objetivo de fortalecer su producci\u00f3n en la ciudad capital, pese a no estar incluidos en el padr\u00f3n de productores del municipio.<\/p>\n\n\n\n<p>Ante representantes de las distintas ramas productivas de la ciudad, el director de Fomento Agropecuario, Daniel Monta\u00f1o Mondrag\u00f3n, confirm\u00f3 que este a\u00f1o habr\u00e1 incrementos para granos b\u00e1sicos, ornamental, aguacateros, ganaderos, pan artesanal y hortalizas en raz\u00f3n de que pretenden atender solicitudes rezagadas de ingresos por productores de estos sectores, priorizando que dicha modificaci\u00f3n no afecte el apoyo que se le da a cada productor, buscando que sea un monto similar.<\/p>\n\n\n\n<p>En el caso de aguacateros se tiene un mayor incremento debido a 40 propuestas nuevas de productores, mientras que en el caso de ornamentales se debe a que es una de las ramas con m\u00e1s productores, por lo que este a\u00f1o ser\u00e1n m\u00e1s de 350 productores, distribuyendo de manera equitativa 250 mil pesos; adem\u00e1s habr\u00e1 un aumento de recursos para los caminos de saca, ya que, tanto los comisariados como los productores de aguacate y de granos b\u00e1sicos, lo han solicitado como un tema de suma importancia, destinando 400 mil pesos.<\/p>\n\n\n\n<p>En cuanto al rubro de proyectos productivos, se entregar\u00e1n a granos b\u00e1sicos 50 mil pesos que el a\u00f1o pasado no se incluy\u00f3, a aguacateros 260 mil pesos, a ganaderos 180 mil pesos, en tanto para ap\u00edcolas, f\u00fangicos, acu\u00edcolas, pan artesanal y hortalizas se mantendr\u00e1n los mismos montos que el a\u00f1o, puesto que por el n\u00famero de productores naturalmente reciben m\u00e1s recursos.<\/p>\n\n\n\n<p>En presencia de la regidora presidenta de la Comisi\u00f3n de Desarrollo Agropecuario, Paz Hern\u00e1ndez Pardo y el secretario de Desarrollo Econ\u00f3mico y Turismo, Humberto Paladino Valdovinos; el director de Fomento Agropecuario, precis\u00f3 que para el caso del sistema producto del nopal, les dar\u00e1n un apoyo de 85 mil pesos a 23 productores y para los productores de caf\u00e9 ser\u00e1n 24 mil 345 pesos a ocho postulados de acuerdo al n\u00famero que present\u00f3 ante la direcci\u00f3n a su cargo. &nbsp;<\/p>\n\n\n\n<p>En esta misma sesi\u00f3n, se avalaron los referendos al FAEDE 2021, para el cual se ten\u00edan pendientes por entregar siete mil 200 pesos correspondientes a la rama ganadera, que decidi\u00f3 utilizarlos para antiparasitaria y mil 448.86 pesos que se generaron por estar dos a\u00f1os detenido el recurso sin utilizarse, los propusieron para proyectos productivos, espec\u00edficamente en material vegetativo.<\/p>\n\n\n\n<p>Asimismo, autorizaron el refrendo del FAEDE 2022, que ser\u00e1 encaminado a proyectos productivos.<\/p>\n\n\n\n<p>El funcionario municipal afirm\u00f3 que el a\u00f1o pasado cumplieron en tiempo y forma con la entrega de los recursos que se ten\u00edan que ejercer para el 2022, entregando m\u00e1s del 90 por ciento del recurso en este mismo periodo.<\/p>\n\n\n\n<p>Los refrendos 2021 y 2022 por intereses generados ser\u00e1n turnados a Cabildo para su valoraci\u00f3n y votaci\u00f3n en las pr\u00f3ximas sesiones.<\/p>\n\n\n\n<figure class=\"wp-container-2 wp-block-gallery-1 wp-block-gallery has-nested-images columns-default is-cropped\">\n<figure class=\"wp-block-image size-large\"><img loading=\"lazy\" width=\"1024\" height=\"683\" data-id=\"26125\"  src=\"https:\/\/cuernavaca.gob.mx\/wp-content\/uploads\/2023\/03\/comunders-cuernavaca-1-1024x683.jpeg\" alt=\"\" class=\"wp-image-26125\" srcset=\"https:\/\/cuernavaca.gob.mx\/wp-content\/uploads\/2023\/03\/comunders-cuernavaca-1-1024x683.jpeg 1024w, https:\/\/cuernavaca.gob.mx\/wp-content\/uploads\/2023\/03\/comunders-cuernavaca-1-300x200.jpeg 300w, https:\/\/cuernavaca.gob.mx\/wp-content\/uploads\/2023\/03\/comunders-cuernavaca-1-768x512.jpeg 768w, https:\/\/cuernavaca.gob.mx\/wp-content\/uploads\/2023\/03\/comunders-cuernavaca-1-1536x1024.jpeg 1536w, https:\/\/cuernavaca.gob.mx\/wp-content\/uploads\/2023\/03\/comunders-cuernavaca-1-600x400.jpeg 600w, https:\/\/cuernavaca.gob.mx\/wp-content\/uploads\/2023\/03\/comunders-cuernavaca-1-560x373.jpeg 560w, https:\/\/cuernavaca.gob.mx\/wp-content\/uploads\/2023\/03\/comunders-cuernavaca-1.jpeg 1554w\" sizes=\"(max-width: 1024px) 100vw, 1024px\" \/><\/figure>\n\n\n\n<figure class=\"wp-block-image size-large\"><img loading=\"lazy\" width=\"1024\" height=\"682\" data-id=\"26126\"  src=\"https:\/\/cuernavaca.gob.mx\/wp-content\/uploads\/2023\/03\/comunders-cuernavaca-2-1024x682.jpeg\" alt=\"\" class=\"wp-image-26126\" srcset=\"https:\/\/cuernavaca.gob.mx\/wp-content\/uploads\/2023\/03\/comunders-cuernavaca-2-1024x682.jpeg 1024w, https:\/\/cuernavaca.gob.mx\/wp-content\/uploads\/2023\/03\/comunders-cuernavaca-2-300x200.jpeg 300w, https:\/\/cuernavaca.gob.mx\/wp-content\/uploads\/2023\/03\/comunders-cuernavaca-2-768x512.jpeg 768w, https:\/\/cuernavaca.gob.mx\/wp-content\/uploads\/2023\/03\/comunders-cuernavaca-2-1536x1023.jpeg 1536w, https:\/\/cuernavaca.gob.mx\/wp-content\/uploads\/2023\/03\/comunders-cuernavaca-2-600x400.jpeg 600w, https:\/\/cuernavaca.gob.mx\/wp-content\/uploads\/2023\/03\/comunders-cuernavaca-2-560x373.jpeg 560w, https:\/\/cuernavaca.gob.mx\/wp-content\/uploads\/2023\/03\/comunders-cuernavaca-2.jpeg 1600w\" sizes=\"(max-width: 1024px) 100vw, 1024px\" \/><\/figure>\n\n\n\n<figure class=\"wp-block-image size-large\"><img loading=\"lazy\" width=\"1024\" height=\"682\" data-id=\"26131\"  src=\"https:\/\/cuernavaca.gob.mx\/wp-content\/uploads\/2023\/03\/comunders-cuernavaca-3-1024x682.jpeg\" alt=\"\" class=\"wp-image-26131\" srcset=\"https:\/\/cuernavaca.gob.mx\/wp-content\/uploads\/2023\/03\/comunders-cuernavaca-3-1024x682.jpeg 1024w, https:\/\/cuernavaca.gob.mx\/wp-content\/uploads\/2023\/03\/comunders-cuernavaca-3-300x200.jpeg 300w, https:\/\/cuernavaca.gob.mx\/wp-content\/uploads\/2023\/03\/comunders-cuernavaca-3-768x512.jpeg 768w, https:\/\/cuernavaca.gob.mx\/wp-content\/uploads\/2023\/03\/comunders-cuernavaca-3-1536x1023.jpeg 1536w, https:\/\/cuernavaca.gob.mx\/wp-content\/uploads\/2023\/03\/comunders-cuernavaca-3-600x400.jpeg 600w, https:\/\/cuernavaca.gob.mx\/wp-content\/uploads\/2023\/03\/comunders-cuernavaca-3-560x373.jpeg 560w, https:\/\/cuernavaca.gob.mx\/wp-content\/uploads\/2023\/03\/comunders-cuernavaca-3.jpeg 1600w\" sizes=\"(max-width: 1024px) 100vw, 1024px\" \/><\/figure>\n\n\n\n<figure class=\"wp-block-image size-large\"><img loading=\"lazy\" width=\"1024\" height=\"682\" data-id=\"26127\"  src=\"https:\/\/cuernavaca.gob.mx\/wp-content\/uploads\/2023\/03\/comunders-cuernavaca-4-1024x682.jpeg\" alt=\"\" class=\"wp-image-26127\" srcset=\"https:\/\/cuernavaca.gob.mx\/wp-content\/uploads\/2023\/03\/comunders-cuernavaca-4-1024x682.jpeg 1024w, https:\/\/cuernavaca.gob.mx\/wp-content\/uploads\/2023\/03\/comunders-cuernavaca-4-300x200.jpeg 300w, https:\/\/cuernavaca.gob.mx\/wp-content\/uploads\/2023\/03\/comunders-cuernavaca-4-768x512.jpeg 768w, https:\/\/cuernavaca.gob.mx\/wp-content\/uploads\/2023\/03\/comunders-cuernavaca-4-1536x1023.jpeg 1536w, https:\/\/cuernavaca.gob.mx\/wp-content\/uploads\/2023\/03\/comunders-cuernavaca-4-600x400.jpeg 600w, https:\/\/cuernavaca.gob.mx\/wp-content\/uploads\/2023\/03\/comunders-cuernavaca-4-560x373.jpeg 560w, https:\/\/cuernavaca.gob.mx\/wp-content\/uploads\/2023\/03\/comunders-cuernavaca-4.jpeg 1600w\" sizes=\"(max-width: 1024px) 100vw, 1024px\" \/><\/figure>\n\n\n\n<figure class=\"wp-block-image size-large\"><img loading=\"lazy\" width=\"1024\" height=\"682\" data-id=\"26128\"  src=\"https:\/\/cuernavaca.gob.mx\/wp-content\/uploads\/2023\/03\/comunders-cuernavaca-5-1024x682.jpeg\" alt=\"\" class=\"wp-image-26128\" srcset=\"https:\/\/cuernavaca.gob.mx\/wp-content\/uploads\/2023\/03\/comunders-cuernavaca-5-1024x682.jpeg 1024w, https:\/\/cuernavaca.gob.mx\/wp-content\/uploads\/2023\/03\/comunders-cuernavaca-5-300x200.jpeg 300w, https:\/\/cuernavaca.gob.mx\/wp-content\/uploads\/2023\/03\/comunders-cuernavaca-5-768x512.jpeg 768w, https:\/\/cuernavaca.gob.mx\/wp-content\/uploads\/2023\/03\/comunders-cuernavaca-5-1536x1023.jpeg 1536w, https:\/\/cuernavaca.gob.mx\/wp-content\/uploads\/2023\/03\/comunders-cuernavaca-5-600x400.jpeg 600w, https:\/\/cuernavaca.gob.mx\/wp-content\/uploads\/2023\/03\/comunders-cuernavaca-5-560x373.jpeg 560w, https:\/\/cuernavaca.gob.mx\/wp-content\/uploads\/2023\/03\/comunders-cuernavaca-5.jpeg 1600w\" sizes=\"(max-width: 1024px) 100vw, 1024px\" \/><\/figure>\n\n\n\n<figure class=\"wp-block-image size-large\"><img loading=\"lazy\" width=\"1024\" height=\"682\" data-id=\"26124\"  src=\"https:\/\/cuernavaca.gob.mx\/wp-content\/uploads\/2023\/03\/comunders-cuernavaca-6-1024x682.jpeg\" alt=\"\" class=\"wp-image-26124\" srcset=\"https:\/\/cuernavaca.gob.mx\/wp-content\/uploads\/2023\/03\/comunders-cuernavaca-6-1024x682.jpeg 1024w, https:\/\/cuernavaca.gob.mx\/wp-content\/uploads\/2023\/03\/comunders-cuernavaca-6-300x200.jpeg 300w, https:\/\/cuernavaca.gob.mx\/wp-content\/uploads\/2023\/03\/comunders-cuernavaca-6-768x512.jpeg 768w, https:\/\/cuernavaca.gob.mx\/wp-content\/uploads\/2023\/03\/comunders-cuernavaca-6-1536x1023.jpeg 1536w, https:\/\/cuernavaca.gob.mx\/wp-content\/uploads\/2023\/03\/comunders-cuernavaca-6-600x400.jpeg 600w, https:\/\/cuernavaca.gob.mx\/wp-content\/uploads\/2023\/03\/comunders-cuernavaca-6-560x373.jpeg 560w, https:\/\/cuernavaca.gob.mx\/wp-content\/uploads\/2023\/03\/comunders-cuernavaca-6.jpeg 1600w\" sizes=\"(max-width: 1024px) 100vw, 1024px\" \/><\/figure>\n\n\n\n<figure class=\"wp-block-image size-large\"><img loading=\"lazy\" width=\"1024\" height=\"682\" data-id=\"26123\"  src=\"https:\/\/cuernavaca.gob.mx\/wp-content\/uploads\/2023\/03\/comunders-cuernavaca-7-1024x682.jpeg\" alt=\"\" class=\"wp-image-26123\" srcset=\"https:\/\/cuernavaca.gob.mx\/wp-content\/uploads\/2023\/03\/comunders-cuernavaca-7-1024x682.jpeg 1024w, https:\/\/cuernavaca.gob.mx\/wp-content\/uploads\/2023\/03\/comunders-cuernavaca-7-300x200.jpeg 300w, https:\/\/cuernavaca.gob.mx\/wp-content\/uploads\/2023\/03\/comunders-cuernavaca-7-768x512.jpeg 768w, https:\/\/cuernavaca.gob.mx\/wp-content\/uploads\/2023\/03\/comunders-cuernavaca-7-1536x1023.jpeg 1536w, https:\/\/cuernavaca.gob.mx\/wp-content\/uploads\/2023\/03\/comunders-cuernavaca-7-600x400.jpeg 600w, https:\/\/cuernavaca.gob.mx\/wp-content\/uploads\/2023\/03\/comunders-cuernavaca-7-560x373.jpeg 560w, https:\/\/cuernavaca.gob.mx\/wp-content\/uploads\/2023\/03\/comunders-cuernavaca-7.jpeg 1600w\" sizes=\"(max-width: 1024px) 100vw, 1024px\" \/><\/figure>\n\n\n\n<figure class=\"wp-block-image size-large\"><img loading=\"lazy\" width=\"1024\" height=\"682\" data-id=\"26130\"  src=\"https:\/\/cuernavaca.gob.mx\/wp-content\/uploads\/2023\/03\/comunders-cuernavaca-8-1024x682.jpeg\" alt=\"\" class=\"wp-image-26130\" srcset=\"https:\/\/cuernavaca.gob.mx\/wp-content\/uploads\/2023\/03\/comunders-cuernavaca-8-1024x682.jpeg 1024w, https:\/\/cuernavaca.gob.mx\/wp-content\/uploads\/2023\/03\/comunders-cuernavaca-8-300x200.jpeg 300w, https:\/\/cuernavaca.gob.mx\/wp-content\/uploads\/2023\/03\/comunders-cuernavaca-8-768x512.jpeg 768w, https:\/\/cuernavaca.gob.mx\/wp-content\/uploads\/2023\/03\/comunders-cuernavaca-8-1536x1023.jpeg 1536w, https:\/\/cuernavaca.gob.mx\/wp-content\/uploads\/2023\/03\/comunders-cuernavaca-8-600x400.jpeg 600w, https:\/\/cuernavaca.gob.mx\/wp-content\/uploads\/2023\/03\/comunders-cuernavaca-8-560x373.jpeg 560w, https:\/\/cuernavaca.gob.mx\/wp-content\/uploads\/2023\/03\/comunders-cuernavaca-8.jpeg 1600w\" sizes=\"(max-width: 1024px) 100vw, 1024px\" \/><\/figure>\n\n\n\n<figure class=\"wp-block-image size-large\"><img loading=\"lazy\" width=\"1024\" height=\"682\" data-id=\"26129\"  src=\"https:\/\/cuernavaca.gob.mx\/wp-content\/uploads\/2023\/03\/comunders-cuernavaca-9-1024x682.jpeg\" alt=\"\" class=\"wp-image-26129\" srcset=\"https:\/\/cuernavaca.gob.mx\/wp-content\/uploads\/2023\/03\/comunders-cuernavaca-9-1024x682.jpeg 1024w, https:\/\/cuernavaca.gob.mx\/wp-content\/uploads\/2023\/03\/comunders-cuernavaca-9-300x200.jpeg 300w, https:\/\/cuernavaca.gob.mx\/wp-content\/uploads\/2023\/03\/comunders-cuernavaca-9-768x512.jpeg 768w, https:\/\/cuernavaca.gob.mx\/wp-content\/uploads\/2023\/03\/comunders-cuernavaca-9-1536x1023.jpeg 1536w, https:\/\/cuernavaca.gob.mx\/wp-content\/uploads\/2023\/03\/comunders-cuernavaca-9-600x400.jpeg 600w, https:\/\/cuernavaca.gob.mx\/wp-content\/uploads\/2023\/03\/comunders-cuernavaca-9-560x373.jpeg 560w, https:\/\/cuernavaca.gob.mx\/wp-content\/uploads\/2023\/03\/comunders-cuernavaca-9.jpeg 1600w\" sizes=\"(max-width: 1024px) 100vw, 1024px\" \/><\/figure>\n\n\n\n<figure class=\"wp-block-image size-large\"><img loading=\"lazy\" width=\"1024\" height=\"682\" data-id=\"26133\"  src=\"https:\/\/cuernavaca.gob.mx\/wp-content\/uploads\/2023\/03\/comunders-cuernavaca-10-1024x682.jpeg\" alt=\"\" class=\"wp-image-26133\" srcset=\"https:\/\/cuernavaca.gob.mx\/wp-content\/uploads\/2023\/03\/comunders-cuernavaca-10-1024x682.jpeg 1024w, https:\/\/cuernavaca.gob.mx\/wp-content\/uploads\/2023\/03\/comunders-cuernavaca-10-300x200.jpeg 300w, https:\/\/cuernavaca.gob.mx\/wp-content\/uploads\/2023\/03\/comunders-cuernavaca-10-768x512.jpeg 768w, https:\/\/cuernavaca.gob.mx\/wp-content\/uploads\/2023\/03\/comunders-cuernavaca-10-1536x1023.jpeg 1536w, https:\/\/cuernavaca.gob.mx\/wp-content\/uploads\/2023\/03\/comunders-cuernavaca-10-600x400.jpeg 600w, https:\/\/cuernavaca.gob.mx\/wp-content\/uploads\/2023\/03\/comunders-cuernavaca-10-560x373.jpeg 560w, https:\/\/cuernavaca.gob.mx\/wp-content\/uploads\/2023\/03\/comunders-cuernavaca-10.jpeg 1600w\" sizes=\"(max-width: 1024px) 100vw, 1024px\" \/><\/figure>\n\n\n\n<figure class=\"wp-block-image size-large\"><img loading=\"lazy\" width=\"1024\" height=\"682\" data-id=\"26132\"  src=\"https:\/\/cuernavaca.gob.mx\/wp-content\/uploads\/2023\/03\/comunders-cuernavaca-11-1024x682.jpeg\" alt=\"\" class=\"wp-image-26132\" srcset=\"https:\/\/cuernavaca.gob.mx\/wp-content\/uploads\/2023\/03\/comunders-cuernavaca-11-1024x682.jpeg 1024w, https:\/\/cuernavaca.gob.mx\/wp-content\/uploads\/2023\/03\/comunders-cuernavaca-11-300x200.jpeg 300w, https:\/\/cuernavaca.gob.mx\/wp-content\/uploads\/2023\/03\/comunders-cuernavaca-11-768x512.jpeg 768w, https:\/\/cuernavaca.gob.mx\/wp-content\/uploads\/2023\/03\/comunders-cuernavaca-11-1536x1023.jpeg 1536w, https:\/\/cuernavaca.gob.mx\/wp-content\/uploads\/2023\/03\/comunders-cuernavaca-11-600x400.jpeg 600w, https:\/\/cuernavaca.gob.mx\/wp-content\/uploads\/2023\/03\/comunders-cuernavaca-11-560x373.jpeg 560w, https:\/\/cuernavaca.gob.mx\/wp-content\/uploads\/2023\/03\/comunders-cuernavaca-11.jpeg 1600w\" sizes=\"(max-width: 1024px) 100vw, 1024px\" \/><\/figure>\n<\/figure>\n","protected":false},"excerpt":{"rendered":"<p>*En tiempo y forma se hizo entrega de apoyos del FAEDE 2022 y se atendi\u00f3 el rezago con productores que desde el 2021 no hab\u00edan recibido recursos En sesi\u00f3n del COMUNDERS se acord\u00f3 apoyar tambi\u00e9n a productores de caf\u00e9 y nopal de la ciudad capital En sesi\u00f3n del Consejo Municipal de Desarrollo Rural Sustentable (COMUNDERS) [&hellip;]<\/p>\n","protected":false},"author":1,"featured_media":26132,"comment_status":"closed","ping_status":"open","sticky":false,"template":"","format":"standard","meta":[],"categories":[2294],"tags":[2297,2457,1384,121,2127,120,206,490],"aioseo_notices":[],"_links":{"self":[{"href":"https:\/\/cuernavaca.gob.mx\/index.php?rest_route=\/wp\/v2\/posts\/26122"}],"collection":[{"href":"https:\/\/cuernavaca.gob.mx\/index.php?rest_route=\/wp\/v2\/posts"}],"about":[{"href":"https:\/\/cuernavaca.gob.mx\/index.php?rest_route=\/wp\/v2\/types\/post"}],"author":[{"embeddable":true,"href":"https:\/\/cuernavaca.gob.mx\/index.php?rest_route=\/wp\/v2\/users\/1"}],"replies":[{"embeddable":true,"href":"https:\/\/cuernavaca.gob.mx\/index.php?rest_route=%2Fwp%2Fv2%2Fcomments&post=26122"}],"version-history":[{"count":1,"href":"https:\/\/cuernavaca.gob.mx\/index.php?rest_route=\/wp\/v2\/posts\/26122\/revisions"}],"predecessor-version":[{"id":26134,"href":"https:\/\/cuernavaca.gob.mx\/index.php?rest_route=\/wp\/v2\/posts\/26122\/revisions\/26134"}],"wp:featuredmedia":[{"embeddable":true,"href":"https:\/\/cuernavaca.gob.mx\/index.php?rest_route=\/wp\/v2\/media\/26132"}],"wp:attachment":[{"href":"https:\/\/cuernavaca.gob.mx\/index.php?rest_route=%2Fwp%2Fv2%2Fmedia&parent=26122"}],"wp:term":[{"taxonomy":"category","embeddable":true,"href":"https:\/\/cuernavaca.gob.mx\/index.php?rest_route=%2Fwp%2Fv2%2Fcategories&post=26122"},{"taxonomy":"post_tag","embeddable":true,"href":"https:\/\/cuernavaca.gob.mx\/index.php?rest_route=%2Fwp%2Fv2%2Ftags&post=26122"}],"curies":[{"name":"wp","href":"https:\/\/api.w.org\/{rel}","templated":true}]}}