{"id":26229,"date":"2023-03-14T17:35:00","date_gmt":"2023-03-14T23:35:00","guid":{"rendered":"https:\/\/cuernavaca.gob.mx\/?p=26229"},"modified":"2025-05-06T12:34:50","modified_gmt":"2025-05-06T18:34:50","slug":"b843-14-03-23-activa-cuernavaca-el-programa-puntos-celeste-para-generar-espacios-seguros-para-mujeres-que-se-sientan-en-una-situacion-de-riesgo","status":"publish","type":"post","link":"https:\/\/cuernavaca.gob.mx\/?p=26229","title":{"rendered":"B843 14\/03\/23 ACTIVA CUERNAVACA EL PROGRAMA PUNTOS CELESTE PARA GENERAR ESPACIOS SEGUROS PARA MUJERES QUE SE SIENTAN EN UNA SITUACI\u00d3N DE RIESGO"},"content":{"rendered":"\n<p><strong>\u2022 La iniciativa se implementar por la Sindicatura Municipal en un trabajo coordinado con la SEPRAC, el Instituto de la Mujer de Cuernavaca, la sociedad civil organizada y la iniciativa privada<\/strong><\/p>\n\n\n\n<p><strong>\u2022 De inicio 22 establecimientos comerciales tendr\u00e1n distintivos para ser identificados por mujeres que podr\u00e1n refugiarse y recibir ayuda en casos donde se sienta en peligro al transitar en la calle<\/strong><\/p>\n\n\n\n<p>Como parte de las acciones que ha emprendido el Ayuntamiento de Cuernavaca para prevenir, disminuir y erradicar los \u00edndices de violencia contra las mujeres, el presidente municipal, Jos\u00e9 Luis Uri\u00f3stegui Salgado, encabez\u00f3 este martes la implementaci\u00f3n del programa Puntos Celeste, impulsado por la Sindicatura Municipal, mediante el cual se busca generar espacios seguros en donde las mujeres que se encuentren en una situaci\u00f3n de vulnerabilidad cuando transitan en la v\u00eda p\u00fablica puedan refugiarse y acceder a una atenci\u00f3n oportuna.<\/p>\n\n\n\n<p>Teniendo como escenario el Museo de la Ciudad, la s\u00edndica municipal, Ver\u00f3nica Atenco P\u00e9rez, explic\u00f3 que el programa Puntos Celeste naci\u00f3 a partir de la sociedad civil organizada a trav\u00e9s de la iniciativa de Daniela Garc\u00eda P\u00e9rez, propietaria de un negocio de tatuajes, y que en un trabajo coordinado con la Secretar\u00eda de Protecci\u00f3n y Auxilio Ciudadano (SEPRAC), el Instituto de la Mujer de Cuernavaca (IMC), despu\u00e9s de varias semanas para encontrar consensos y aliados se logra poner en marcha puesto que para su elaboraci\u00f3n se efectuaron 10 reuniones con empresarias y empresarios, servidores p\u00fablicos, el Colegio Jurista, instituciones educativas y directores de medios de comunicaci\u00f3n, quienes se unieron a la sensibilizaci\u00f3n de las y los participantes.<\/p>\n\n\n\n<p>Los primeros 22 establecimientos comerciales que se identificaran como Puntos Celeste mediante placas alusivas en sus entradas, cuentan con un c\u00f3digo QR del Manual de Actuaci\u00f3n para Mujeres V\u00edctimas de Violencia elaborado por la SEPRAC y los n\u00fameros de la Central de Emergencias de Cuernavaca 777 312 1274; adem\u00e1s de que los propietarios y trabajadores de estos negocios fueron capacitados en distintas tem\u00e1ticas, entre ellas Primeros Auxilios Psicol\u00f3gicos por parte del Instituto de la Mujer del municipio.<\/p>\n\n\n\n<p>Como invitada especial a la actividad, se cont\u00f3 con la asistencia de la diputada federal, Joanna Alejandra Felipe Torres, fundadora y presidenta de la Comisi\u00f3n Nacional de Defensa de los Derechos Pol\u00edticos de las Mujeres A.C., quien se\u00f1al\u00f3 que toda pol\u00edtica p\u00fablica tiene que ser medible, organizada y debe contar con metas y objetivos, por lo cual manifest\u00f3 su respaldo a esta iniciativa que une esfuerzos con activistas y sectores de la sociedad civil, integrando distintas l\u00edneas de acci\u00f3n, como la sensibilizaci\u00f3n, capacitaci\u00f3n y la prevenci\u00f3n para ir disminuyendo los \u00edndices de violencia que se han convertido en un problema social, de salud p\u00fablica y mundial.<\/p>\n\n\n\n<p>En el marco de entrega de la se\u00f1alizaci\u00f3n como Puntos Celeste a 22 negocios entre ellos, empresas, instituciones educativas y \u00e1reas de la administraci\u00f3n p\u00fablica municipal; el alcalde hizo un reconocimiento a la s\u00edndica municipal, Ver\u00f3nica Atenco, por este esfuerzo que no solo es una marca, sino una invitaci\u00f3n a que quien se siente en riesgo, pueda entrar y ser recibida con amabilidad, pero tambi\u00e9n con deseos de proteger y ayudarle a que ese momento de angustia se convierta en un momento de calidez y de refugio.<\/p>\n\n\n\n<p>Ante integrantes del Cabildo y Gabinete, representantes de la sociedad civil y de la iniciativa privada, hizo \u00e9nfasis en el inter\u00e9s de empresarios a quienes hoy est\u00e1n inscritas e inscritos en los Puntos Celestes, resaltando que es necesario que esta estrategia se replique en todo el municipio, desde las oficinas p\u00fablicas hasta instituciones educativas y empresas, solicitando a delegadas y delegados, as\u00ed como a ayudantes municipales puedan socializarla en sus demarcaciones para que m\u00e1s negocios abran sus puertas a quienes se sientan en riesgo.<\/p>\n\n\n\n<p>En su mensaje, la secretaria de Protecci\u00f3n y Auxilio Ciudadano, Alicia V\u00e1zquez Luna, indic\u00f3 que para garantizar la eficiencia del programa se cont\u00f3 con cuatro l\u00edneas de acci\u00f3n, la primera en materia de capacitaci\u00f3n que ser\u00e1 de manera permanente en un esfuerzo de la Direcci\u00f3n de Prevenci\u00f3n Social de la Violencia de la SEPRAC y el Instituto de la Mujer, que no solo fue para las empresarias y empresarios, sino tambi\u00e9n para los elementos policiacos; otro punto es la colaboraci\u00f3n con los negocios, la tercera l\u00ednea es la coordinaci\u00f3n de esfuerzos entre la Sindicatura, que lleva el liderazgo con los negocios, el IMC y la Unidad de G\u00e9nero y por \u00faltimo la reacci\u00f3n de la polic\u00eda que tiene toda la disposici\u00f3n de seguir protegiendo a la poblaci\u00f3n las 24 horas del d\u00eda, los 365 d\u00edas del a\u00f1o.<\/p>\n\n\n\n<p>A su vez, la directora general del IMC, Lorena Castillo Castillo, destac\u00f3 el inter\u00e9s de diferentes sectores de Cuernavaca por organizarse con el municipio para la integraci\u00f3n del programa, contando en la capacitaci\u00f3n con alrededor de 30 personas donde les dieron herramientas en primeros auxilios psicol\u00f3gicos, ya que los Puntos Celeste tienen la finalidad de ser un punto de llegada donde las mujeres puedan sentirse seguras en un momento que tienen miedo derivado de una agresi\u00f3n directa e incluso de un escenario donde sienten riesgo, que generosamente las y los empresarios les permiten.<\/p>\n\n\n\n<p>Finalmente, Daniela Garc\u00eda, impulsora de la iniciativa extern\u00f3 su agradecimiento al Gobierno Municipal y en especial a la S\u00edndica Municipal, quien brind\u00f3 su apoyo incondicional para generar estas mejoras en la sociedad, toda vez que en Morelos la prevalencia de violencia total contra las mujeres mayores de 15 a\u00f1os es del 69.6 por ciento, por lo que surgi\u00f3 este programa con el objetivo de prevenir y disminuir este tipo de incidentes a los cuales y lamentablemente las mujeres est\u00e1n expuestas cotidianamente.<\/p>\n\n\n\n<figure class=\"wp-container-2 wp-block-gallery-1 wp-block-gallery has-nested-images columns-default is-cropped\">\n<figure class=\"wp-block-image size-large\"><img loading=\"lazy\" width=\"1024\" height=\"682\" data-id=\"26230\"  src=\"https:\/\/cuernavaca.gob.mx\/wp-content\/uploads\/2023\/03\/puntos-celeste-cuernavaca-1-1024x682.jpg\" alt=\"\" class=\"wp-image-26230\" srcset=\"https:\/\/cuernavaca.gob.mx\/wp-content\/uploads\/2023\/03\/puntos-celeste-cuernavaca-1-1024x682.jpg 1024w, https:\/\/cuernavaca.gob.mx\/wp-content\/uploads\/2023\/03\/puntos-celeste-cuernavaca-1-300x200.jpg 300w, https:\/\/cuernavaca.gob.mx\/wp-content\/uploads\/2023\/03\/puntos-celeste-cuernavaca-1-768x512.jpg 768w, https:\/\/cuernavaca.gob.mx\/wp-content\/uploads\/2023\/03\/puntos-celeste-cuernavaca-1-600x400.jpg 600w, https:\/\/cuernavaca.gob.mx\/wp-content\/uploads\/2023\/03\/puntos-celeste-cuernavaca-1-560x373.jpg 560w, https:\/\/cuernavaca.gob.mx\/wp-content\/uploads\/2023\/03\/puntos-celeste-cuernavaca-1.jpg 1280w\" sizes=\"(max-width: 1024px) 100vw, 1024px\" \/><\/figure>\n\n\n\n<figure class=\"wp-block-image size-large\"><img loading=\"lazy\" width=\"1024\" height=\"682\" data-id=\"26231\"  src=\"https:\/\/cuernavaca.gob.mx\/wp-content\/uploads\/2023\/03\/puntos-celeste-cuernavaca-2-1024x682.jpg\" alt=\"\" class=\"wp-image-26231\" srcset=\"https:\/\/cuernavaca.gob.mx\/wp-content\/uploads\/2023\/03\/puntos-celeste-cuernavaca-2-1024x682.jpg 1024w, https:\/\/cuernavaca.gob.mx\/wp-content\/uploads\/2023\/03\/puntos-celeste-cuernavaca-2-300x200.jpg 300w, https:\/\/cuernavaca.gob.mx\/wp-content\/uploads\/2023\/03\/puntos-celeste-cuernavaca-2-768x512.jpg 768w, https:\/\/cuernavaca.gob.mx\/wp-content\/uploads\/2023\/03\/puntos-celeste-cuernavaca-2-600x400.jpg 600w, https:\/\/cuernavaca.gob.mx\/wp-content\/uploads\/2023\/03\/puntos-celeste-cuernavaca-2-560x373.jpg 560w, https:\/\/cuernavaca.gob.mx\/wp-content\/uploads\/2023\/03\/puntos-celeste-cuernavaca-2.jpg 1280w\" sizes=\"(max-width: 1024px) 100vw, 1024px\" \/><\/figure>\n\n\n\n<figure class=\"wp-block-image size-large\"><img loading=\"lazy\" width=\"1024\" height=\"682\" data-id=\"26239\"  src=\"https:\/\/cuernavaca.gob.mx\/wp-content\/uploads\/2023\/03\/puntos-celeste-cuernavaca-3-1024x682.jpg\" alt=\"\" class=\"wp-image-26239\" srcset=\"https:\/\/cuernavaca.gob.mx\/wp-content\/uploads\/2023\/03\/puntos-celeste-cuernavaca-3-1024x682.jpg 1024w, https:\/\/cuernavaca.gob.mx\/wp-content\/uploads\/2023\/03\/puntos-celeste-cuernavaca-3-300x200.jpg 300w, https:\/\/cuernavaca.gob.mx\/wp-content\/uploads\/2023\/03\/puntos-celeste-cuernavaca-3-768x512.jpg 768w, https:\/\/cuernavaca.gob.mx\/wp-content\/uploads\/2023\/03\/puntos-celeste-cuernavaca-3-1536x1023.jpg 1536w, https:\/\/cuernavaca.gob.mx\/wp-content\/uploads\/2023\/03\/puntos-celeste-cuernavaca-3-600x400.jpg 600w, https:\/\/cuernavaca.gob.mx\/wp-content\/uploads\/2023\/03\/puntos-celeste-cuernavaca-3-560x373.jpg 560w, https:\/\/cuernavaca.gob.mx\/wp-content\/uploads\/2023\/03\/puntos-celeste-cuernavaca-3.jpg 1600w\" sizes=\"(max-width: 1024px) 100vw, 1024px\" \/><\/figure>\n\n\n\n<figure class=\"wp-block-image size-large\"><img loading=\"lazy\" width=\"1024\" height=\"756\" data-id=\"26240\"  src=\"https:\/\/cuernavaca.gob.mx\/wp-content\/uploads\/2023\/03\/puntos-celeste-cuernavaca-4-1024x756.jpg\" alt=\"\" class=\"wp-image-26240\" srcset=\"https:\/\/cuernavaca.gob.mx\/wp-content\/uploads\/2023\/03\/puntos-celeste-cuernavaca-4-1024x756.jpg 1024w, https:\/\/cuernavaca.gob.mx\/wp-content\/uploads\/2023\/03\/puntos-celeste-cuernavaca-4-300x222.jpg 300w, https:\/\/cuernavaca.gob.mx\/wp-content\/uploads\/2023\/03\/puntos-celeste-cuernavaca-4-768x567.jpg 768w, https:\/\/cuernavaca.gob.mx\/wp-content\/uploads\/2023\/03\/puntos-celeste-cuernavaca-4-1536x1135.jpg 1536w, https:\/\/cuernavaca.gob.mx\/wp-content\/uploads\/2023\/03\/puntos-celeste-cuernavaca-4-600x443.jpg 600w, https:\/\/cuernavaca.gob.mx\/wp-content\/uploads\/2023\/03\/puntos-celeste-cuernavaca-4-560x414.jpg 560w, https:\/\/cuernavaca.gob.mx\/wp-content\/uploads\/2023\/03\/puntos-celeste-cuernavaca-4.jpg 1600w\" sizes=\"(max-width: 1024px) 100vw, 1024px\" \/><\/figure>\n\n\n\n<figure class=\"wp-block-image size-large\"><img loading=\"lazy\" width=\"1024\" height=\"682\" data-id=\"26232\"  src=\"https:\/\/cuernavaca.gob.mx\/wp-content\/uploads\/2023\/03\/puntos-celeste-cuernavaca-5-1024x682.jpg\" alt=\"\" class=\"wp-image-26232\" srcset=\"https:\/\/cuernavaca.gob.mx\/wp-content\/uploads\/2023\/03\/puntos-celeste-cuernavaca-5-1024x682.jpg 1024w, https:\/\/cuernavaca.gob.mx\/wp-content\/uploads\/2023\/03\/puntos-celeste-cuernavaca-5-300x200.jpg 300w, https:\/\/cuernavaca.gob.mx\/wp-content\/uploads\/2023\/03\/puntos-celeste-cuernavaca-5-768x512.jpg 768w, https:\/\/cuernavaca.gob.mx\/wp-content\/uploads\/2023\/03\/puntos-celeste-cuernavaca-5-1536x1023.jpg 1536w, https:\/\/cuernavaca.gob.mx\/wp-content\/uploads\/2023\/03\/puntos-celeste-cuernavaca-5-600x400.jpg 600w, https:\/\/cuernavaca.gob.mx\/wp-content\/uploads\/2023\/03\/puntos-celeste-cuernavaca-5-560x373.jpg 560w, https:\/\/cuernavaca.gob.mx\/wp-content\/uploads\/2023\/03\/puntos-celeste-cuernavaca-5.jpg 1600w\" sizes=\"(max-width: 1024px) 100vw, 1024px\" \/><\/figure>\n\n\n\n<figure class=\"wp-block-image size-large\"><img loading=\"lazy\" width=\"1024\" height=\"682\" data-id=\"26237\"  src=\"https:\/\/cuernavaca.gob.mx\/wp-content\/uploads\/2023\/03\/puntos-celeste-cuernavaca-6-1024x682.jpg\" alt=\"\" class=\"wp-image-26237\" srcset=\"https:\/\/cuernavaca.gob.mx\/wp-content\/uploads\/2023\/03\/puntos-celeste-cuernavaca-6-1024x682.jpg 1024w, https:\/\/cuernavaca.gob.mx\/wp-content\/uploads\/2023\/03\/puntos-celeste-cuernavaca-6-300x200.jpg 300w, https:\/\/cuernavaca.gob.mx\/wp-content\/uploads\/2023\/03\/puntos-celeste-cuernavaca-6-768x512.jpg 768w, https:\/\/cuernavaca.gob.mx\/wp-content\/uploads\/2023\/03\/puntos-celeste-cuernavaca-6-1536x1023.jpg 1536w, https:\/\/cuernavaca.gob.mx\/wp-content\/uploads\/2023\/03\/puntos-celeste-cuernavaca-6-600x400.jpg 600w, https:\/\/cuernavaca.gob.mx\/wp-content\/uploads\/2023\/03\/puntos-celeste-cuernavaca-6-560x373.jpg 560w, https:\/\/cuernavaca.gob.mx\/wp-content\/uploads\/2023\/03\/puntos-celeste-cuernavaca-6.jpg 1600w\" sizes=\"(max-width: 1024px) 100vw, 1024px\" \/><\/figure>\n\n\n\n<figure class=\"wp-block-image size-large\"><img loading=\"lazy\" width=\"1024\" height=\"682\" data-id=\"26243\"  src=\"https:\/\/cuernavaca.gob.mx\/wp-content\/uploads\/2023\/03\/puntos-celeste-cuernavaca-7-1024x682.jpg\" alt=\"\" class=\"wp-image-26243\" srcset=\"https:\/\/cuernavaca.gob.mx\/wp-content\/uploads\/2023\/03\/puntos-celeste-cuernavaca-7-1024x682.jpg 1024w, https:\/\/cuernavaca.gob.mx\/wp-content\/uploads\/2023\/03\/puntos-celeste-cuernavaca-7-300x200.jpg 300w, https:\/\/cuernavaca.gob.mx\/wp-content\/uploads\/2023\/03\/puntos-celeste-cuernavaca-7-768x512.jpg 768w, https:\/\/cuernavaca.gob.mx\/wp-content\/uploads\/2023\/03\/puntos-celeste-cuernavaca-7-1536x1023.jpg 1536w, https:\/\/cuernavaca.gob.mx\/wp-content\/uploads\/2023\/03\/puntos-celeste-cuernavaca-7-600x400.jpg 600w, https:\/\/cuernavaca.gob.mx\/wp-content\/uploads\/2023\/03\/puntos-celeste-cuernavaca-7-560x373.jpg 560w, https:\/\/cuernavaca.gob.mx\/wp-content\/uploads\/2023\/03\/puntos-celeste-cuernavaca-7.jpg 1600w\" sizes=\"(max-width: 1024px) 100vw, 1024px\" \/><\/figure>\n\n\n\n<figure class=\"wp-block-image size-large\"><img loading=\"lazy\" width=\"1024\" height=\"682\" data-id=\"26238\"  src=\"https:\/\/cuernavaca.gob.mx\/wp-content\/uploads\/2023\/03\/puntos-celeste-cuernavaca-8-1024x682.jpg\" alt=\"\" class=\"wp-image-26238\" srcset=\"https:\/\/cuernavaca.gob.mx\/wp-content\/uploads\/2023\/03\/puntos-celeste-cuernavaca-8-1024x682.jpg 1024w, https:\/\/cuernavaca.gob.mx\/wp-content\/uploads\/2023\/03\/puntos-celeste-cuernavaca-8-300x200.jpg 300w, https:\/\/cuernavaca.gob.mx\/wp-content\/uploads\/2023\/03\/puntos-celeste-cuernavaca-8-768x512.jpg 768w, https:\/\/cuernavaca.gob.mx\/wp-content\/uploads\/2023\/03\/puntos-celeste-cuernavaca-8-1536x1023.jpg 1536w, https:\/\/cuernavaca.gob.mx\/wp-content\/uploads\/2023\/03\/puntos-celeste-cuernavaca-8-600x400.jpg 600w, https:\/\/cuernavaca.gob.mx\/wp-content\/uploads\/2023\/03\/puntos-celeste-cuernavaca-8-560x373.jpg 560w, https:\/\/cuernavaca.gob.mx\/wp-content\/uploads\/2023\/03\/puntos-celeste-cuernavaca-8.jpg 1600w\" sizes=\"(max-width: 1024px) 100vw, 1024px\" \/><\/figure>\n\n\n\n<figure class=\"wp-block-image size-large\"><img loading=\"lazy\" width=\"1024\" height=\"682\" data-id=\"26247\"  src=\"https:\/\/cuernavaca.gob.mx\/wp-content\/uploads\/2023\/03\/puntos-celeste-cuernavaca-9-1024x682.jpg\" alt=\"\" class=\"wp-image-26247\" srcset=\"https:\/\/cuernavaca.gob.mx\/wp-content\/uploads\/2023\/03\/puntos-celeste-cuernavaca-9-1024x682.jpg 1024w, https:\/\/cuernavaca.gob.mx\/wp-content\/uploads\/2023\/03\/puntos-celeste-cuernavaca-9-300x200.jpg 300w, https:\/\/cuernavaca.gob.mx\/wp-content\/uploads\/2023\/03\/puntos-celeste-cuernavaca-9-768x512.jpg 768w, https:\/\/cuernavaca.gob.mx\/wp-content\/uploads\/2023\/03\/puntos-celeste-cuernavaca-9-1536x1023.jpg 1536w, https:\/\/cuernavaca.gob.mx\/wp-content\/uploads\/2023\/03\/puntos-celeste-cuernavaca-9-600x400.jpg 600w, https:\/\/cuernavaca.gob.mx\/wp-content\/uploads\/2023\/03\/puntos-celeste-cuernavaca-9-560x373.jpg 560w, https:\/\/cuernavaca.gob.mx\/wp-content\/uploads\/2023\/03\/puntos-celeste-cuernavaca-9.jpg 1600w\" sizes=\"(max-width: 1024px) 100vw, 1024px\" \/><\/figure>\n\n\n\n<figure class=\"wp-block-image size-large\"><img loading=\"lazy\" width=\"1024\" height=\"682\" data-id=\"26241\"  src=\"https:\/\/cuernavaca.gob.mx\/wp-content\/uploads\/2023\/03\/puntos-celeste-cuernavaca-10-1024x682.jpg\" alt=\"\" class=\"wp-image-26241\" srcset=\"https:\/\/cuernavaca.gob.mx\/wp-content\/uploads\/2023\/03\/puntos-celeste-cuernavaca-10-1024x682.jpg 1024w, https:\/\/cuernavaca.gob.mx\/wp-content\/uploads\/2023\/03\/puntos-celeste-cuernavaca-10-300x200.jpg 300w, https:\/\/cuernavaca.gob.mx\/wp-content\/uploads\/2023\/03\/puntos-celeste-cuernavaca-10-768x512.jpg 768w, https:\/\/cuernavaca.gob.mx\/wp-content\/uploads\/2023\/03\/puntos-celeste-cuernavaca-10-1536x1023.jpg 1536w, https:\/\/cuernavaca.gob.mx\/wp-content\/uploads\/2023\/03\/puntos-celeste-cuernavaca-10-600x400.jpg 600w, https:\/\/cuernavaca.gob.mx\/wp-content\/uploads\/2023\/03\/puntos-celeste-cuernavaca-10-560x373.jpg 560w, https:\/\/cuernavaca.gob.mx\/wp-content\/uploads\/2023\/03\/puntos-celeste-cuernavaca-10.jpg 1600w\" sizes=\"(max-width: 1024px) 100vw, 1024px\" \/><\/figure>\n\n\n\n<figure class=\"wp-block-image size-large\"><img loading=\"lazy\" width=\"1024\" height=\"682\" data-id=\"26233\"  src=\"https:\/\/cuernavaca.gob.mx\/wp-content\/uploads\/2023\/03\/puntos-celeste-cuernavaca-11-1024x682.jpg\" alt=\"\" class=\"wp-image-26233\" srcset=\"https:\/\/cuernavaca.gob.mx\/wp-content\/uploads\/2023\/03\/puntos-celeste-cuernavaca-11-1024x682.jpg 1024w, https:\/\/cuernavaca.gob.mx\/wp-content\/uploads\/2023\/03\/puntos-celeste-cuernavaca-11-300x200.jpg 300w, https:\/\/cuernavaca.gob.mx\/wp-content\/uploads\/2023\/03\/puntos-celeste-cuernavaca-11-768x512.jpg 768w, https:\/\/cuernavaca.gob.mx\/wp-content\/uploads\/2023\/03\/puntos-celeste-cuernavaca-11-1536x1023.jpg 1536w, https:\/\/cuernavaca.gob.mx\/wp-content\/uploads\/2023\/03\/puntos-celeste-cuernavaca-11-600x400.jpg 600w, https:\/\/cuernavaca.gob.mx\/wp-content\/uploads\/2023\/03\/puntos-celeste-cuernavaca-11-560x373.jpg 560w, https:\/\/cuernavaca.gob.mx\/wp-content\/uploads\/2023\/03\/puntos-celeste-cuernavaca-11.jpg 1600w\" sizes=\"(max-width: 1024px) 100vw, 1024px\" \/><\/figure>\n\n\n\n<figure class=\"wp-block-image size-large\"><img loading=\"lazy\" width=\"1024\" height=\"682\" data-id=\"26244\"  src=\"https:\/\/cuernavaca.gob.mx\/wp-content\/uploads\/2023\/03\/puntos-celeste-cuernavaca-12-1024x682.jpg\" alt=\"\" class=\"wp-image-26244\" srcset=\"https:\/\/cuernavaca.gob.mx\/wp-content\/uploads\/2023\/03\/puntos-celeste-cuernavaca-12-1024x682.jpg 1024w, https:\/\/cuernavaca.gob.mx\/wp-content\/uploads\/2023\/03\/puntos-celeste-cuernavaca-12-300x200.jpg 300w, https:\/\/cuernavaca.gob.mx\/wp-content\/uploads\/2023\/03\/puntos-celeste-cuernavaca-12-768x512.jpg 768w, https:\/\/cuernavaca.gob.mx\/wp-content\/uploads\/2023\/03\/puntos-celeste-cuernavaca-12-1536x1023.jpg 1536w, https:\/\/cuernavaca.gob.mx\/wp-content\/uploads\/2023\/03\/puntos-celeste-cuernavaca-12-600x400.jpg 600w, https:\/\/cuernavaca.gob.mx\/wp-content\/uploads\/2023\/03\/puntos-celeste-cuernavaca-12-560x373.jpg 560w, https:\/\/cuernavaca.gob.mx\/wp-content\/uploads\/2023\/03\/puntos-celeste-cuernavaca-12.jpg 1600w\" sizes=\"(max-width: 1024px) 100vw, 1024px\" \/><\/figure>\n\n\n\n<figure class=\"wp-block-image size-large\"><img loading=\"lazy\" width=\"1024\" height=\"682\" data-id=\"26234\"  src=\"https:\/\/cuernavaca.gob.mx\/wp-content\/uploads\/2023\/03\/puntos-celeste-cuernavaca-13-1024x682.jpg\" alt=\"\" class=\"wp-image-26234\" srcset=\"https:\/\/cuernavaca.gob.mx\/wp-content\/uploads\/2023\/03\/puntos-celeste-cuernavaca-13-1024x682.jpg 1024w, https:\/\/cuernavaca.gob.mx\/wp-content\/uploads\/2023\/03\/puntos-celeste-cuernavaca-13-300x200.jpg 300w, https:\/\/cuernavaca.gob.mx\/wp-content\/uploads\/2023\/03\/puntos-celeste-cuernavaca-13-768x512.jpg 768w, https:\/\/cuernavaca.gob.mx\/wp-content\/uploads\/2023\/03\/puntos-celeste-cuernavaca-13-1536x1023.jpg 1536w, https:\/\/cuernavaca.gob.mx\/wp-content\/uploads\/2023\/03\/puntos-celeste-cuernavaca-13-600x400.jpg 600w, https:\/\/cuernavaca.gob.mx\/wp-content\/uploads\/2023\/03\/puntos-celeste-cuernavaca-13-560x373.jpg 560w, https:\/\/cuernavaca.gob.mx\/wp-content\/uploads\/2023\/03\/puntos-celeste-cuernavaca-13.jpg 1600w\" sizes=\"(max-width: 1024px) 100vw, 1024px\" \/><\/figure>\n\n\n\n<figure class=\"wp-block-image size-large\"><img loading=\"lazy\" width=\"1024\" height=\"682\" data-id=\"26245\"  src=\"https:\/\/cuernavaca.gob.mx\/wp-content\/uploads\/2023\/03\/puntos-celeste-cuernavaca-14-1024x682.jpg\" alt=\"\" class=\"wp-image-26245\" srcset=\"https:\/\/cuernavaca.gob.mx\/wp-content\/uploads\/2023\/03\/puntos-celeste-cuernavaca-14-1024x682.jpg 1024w, https:\/\/cuernavaca.gob.mx\/wp-content\/uploads\/2023\/03\/puntos-celeste-cuernavaca-14-300x200.jpg 300w, https:\/\/cuernavaca.gob.mx\/wp-content\/uploads\/2023\/03\/puntos-celeste-cuernavaca-14-768x512.jpg 768w, https:\/\/cuernavaca.gob.mx\/wp-content\/uploads\/2023\/03\/puntos-celeste-cuernavaca-14-1536x1023.jpg 1536w, https:\/\/cuernavaca.gob.mx\/wp-content\/uploads\/2023\/03\/puntos-celeste-cuernavaca-14-600x400.jpg 600w, https:\/\/cuernavaca.gob.mx\/wp-content\/uploads\/2023\/03\/puntos-celeste-cuernavaca-14-560x373.jpg 560w, https:\/\/cuernavaca.gob.mx\/wp-content\/uploads\/2023\/03\/puntos-celeste-cuernavaca-14.jpg 1600w\" sizes=\"(max-width: 1024px) 100vw, 1024px\" \/><\/figure>\n\n\n\n<figure class=\"wp-block-image size-large\"><img loading=\"lazy\" width=\"1024\" height=\"682\" data-id=\"26236\"  src=\"https:\/\/cuernavaca.gob.mx\/wp-content\/uploads\/2023\/03\/puntos-celeste-cuernavaca-15-1024x682.jpg\" alt=\"\" class=\"wp-image-26236\" srcset=\"https:\/\/cuernavaca.gob.mx\/wp-content\/uploads\/2023\/03\/puntos-celeste-cuernavaca-15-1024x682.jpg 1024w, https:\/\/cuernavaca.gob.mx\/wp-content\/uploads\/2023\/03\/puntos-celeste-cuernavaca-15-300x200.jpg 300w, https:\/\/cuernavaca.gob.mx\/wp-content\/uploads\/2023\/03\/puntos-celeste-cuernavaca-15-768x512.jpg 768w, https:\/\/cuernavaca.gob.mx\/wp-content\/uploads\/2023\/03\/puntos-celeste-cuernavaca-15-1536x1023.jpg 1536w, https:\/\/cuernavaca.gob.mx\/wp-content\/uploads\/2023\/03\/puntos-celeste-cuernavaca-15-600x400.jpg 600w, https:\/\/cuernavaca.gob.mx\/wp-content\/uploads\/2023\/03\/puntos-celeste-cuernavaca-15-560x373.jpg 560w, https:\/\/cuernavaca.gob.mx\/wp-content\/uploads\/2023\/03\/puntos-celeste-cuernavaca-15.jpg 1600w\" sizes=\"(max-width: 1024px) 100vw, 1024px\" \/><\/figure>\n\n\n\n<figure class=\"wp-block-image size-large\"><img loading=\"lazy\" width=\"1024\" height=\"682\" data-id=\"26246\"  src=\"https:\/\/cuernavaca.gob.mx\/wp-content\/uploads\/2023\/03\/puntos-celeste-cuernavaca-16-1024x682.jpg\" alt=\"\" class=\"wp-image-26246\" srcset=\"https:\/\/cuernavaca.gob.mx\/wp-content\/uploads\/2023\/03\/puntos-celeste-cuernavaca-16-1024x682.jpg 1024w, https:\/\/cuernavaca.gob.mx\/wp-content\/uploads\/2023\/03\/puntos-celeste-cuernavaca-16-300x200.jpg 300w, https:\/\/cuernavaca.gob.mx\/wp-content\/uploads\/2023\/03\/puntos-celeste-cuernavaca-16-768x512.jpg 768w, https:\/\/cuernavaca.gob.mx\/wp-content\/uploads\/2023\/03\/puntos-celeste-cuernavaca-16-1536x1023.jpg 1536w, https:\/\/cuernavaca.gob.mx\/wp-content\/uploads\/2023\/03\/puntos-celeste-cuernavaca-16-600x400.jpg 600w, https:\/\/cuernavaca.gob.mx\/wp-content\/uploads\/2023\/03\/puntos-celeste-cuernavaca-16-560x373.jpg 560w, https:\/\/cuernavaca.gob.mx\/wp-content\/uploads\/2023\/03\/puntos-celeste-cuernavaca-16.jpg 1600w\" sizes=\"(max-width: 1024px) 100vw, 1024px\" \/><\/figure>\n\n\n\n<figure class=\"wp-block-image size-large\"><img loading=\"lazy\" width=\"1024\" height=\"682\" data-id=\"26235\"  src=\"https:\/\/cuernavaca.gob.mx\/wp-content\/uploads\/2023\/03\/puntos-celeste-cuernavaca-17-1024x682.jpg\" alt=\"\" class=\"wp-image-26235\" srcset=\"https:\/\/cuernavaca.gob.mx\/wp-content\/uploads\/2023\/03\/puntos-celeste-cuernavaca-17-1024x682.jpg 1024w, https:\/\/cuernavaca.gob.mx\/wp-content\/uploads\/2023\/03\/puntos-celeste-cuernavaca-17-300x200.jpg 300w, https:\/\/cuernavaca.gob.mx\/wp-content\/uploads\/2023\/03\/puntos-celeste-cuernavaca-17-768x512.jpg 768w, https:\/\/cuernavaca.gob.mx\/wp-content\/uploads\/2023\/03\/puntos-celeste-cuernavaca-17-1536x1023.jpg 1536w, https:\/\/cuernavaca.gob.mx\/wp-content\/uploads\/2023\/03\/puntos-celeste-cuernavaca-17-600x400.jpg 600w, https:\/\/cuernavaca.gob.mx\/wp-content\/uploads\/2023\/03\/puntos-celeste-cuernavaca-17-560x373.jpg 560w, https:\/\/cuernavaca.gob.mx\/wp-content\/uploads\/2023\/03\/puntos-celeste-cuernavaca-17.jpg 1600w\" sizes=\"(max-width: 1024px) 100vw, 1024px\" \/><\/figure>\n\n\n\n<figure class=\"wp-block-image size-large\"><img loading=\"lazy\" width=\"1024\" height=\"682\" data-id=\"26242\"  src=\"https:\/\/cuernavaca.gob.mx\/wp-content\/uploads\/2023\/03\/puntos-celeste-cuernavaca-18-1024x682.jpg\" alt=\"\" class=\"wp-image-26242\" srcset=\"https:\/\/cuernavaca.gob.mx\/wp-content\/uploads\/2023\/03\/puntos-celeste-cuernavaca-18-1024x682.jpg 1024w, https:\/\/cuernavaca.gob.mx\/wp-content\/uploads\/2023\/03\/puntos-celeste-cuernavaca-18-300x200.jpg 300w, https:\/\/cuernavaca.gob.mx\/wp-content\/uploads\/2023\/03\/puntos-celeste-cuernavaca-18-768x512.jpg 768w, https:\/\/cuernavaca.gob.mx\/wp-content\/uploads\/2023\/03\/puntos-celeste-cuernavaca-18-1536x1023.jpg 1536w, https:\/\/cuernavaca.gob.mx\/wp-content\/uploads\/2023\/03\/puntos-celeste-cuernavaca-18-600x400.jpg 600w, https:\/\/cuernavaca.gob.mx\/wp-content\/uploads\/2023\/03\/puntos-celeste-cuernavaca-18-560x373.jpg 560w, https:\/\/cuernavaca.gob.mx\/wp-content\/uploads\/2023\/03\/puntos-celeste-cuernavaca-18.jpg 1600w\" sizes=\"(max-width: 1024px) 100vw, 1024px\" \/><\/figure>\n\n\n\n<figure class=\"wp-block-image size-large\"><img loading=\"lazy\" width=\"1024\" height=\"682\" data-id=\"26248\"  src=\"https:\/\/cuernavaca.gob.mx\/wp-content\/uploads\/2023\/03\/puntos-celeste-cuernavaca-19-1024x682.jpg\" alt=\"\" class=\"wp-image-26248\" srcset=\"https:\/\/cuernavaca.gob.mx\/wp-content\/uploads\/2023\/03\/puntos-celeste-cuernavaca-19-1024x682.jpg 1024w, https:\/\/cuernavaca.gob.mx\/wp-content\/uploads\/2023\/03\/puntos-celeste-cuernavaca-19-300x200.jpg 300w, https:\/\/cuernavaca.gob.mx\/wp-content\/uploads\/2023\/03\/puntos-celeste-cuernavaca-19-768x512.jpg 768w, https:\/\/cuernavaca.gob.mx\/wp-content\/uploads\/2023\/03\/puntos-celeste-cuernavaca-19-1536x1023.jpg 1536w, https:\/\/cuernavaca.gob.mx\/wp-content\/uploads\/2023\/03\/puntos-celeste-cuernavaca-19-600x400.jpg 600w, https:\/\/cuernavaca.gob.mx\/wp-content\/uploads\/2023\/03\/puntos-celeste-cuernavaca-19-560x373.jpg 560w, https:\/\/cuernavaca.gob.mx\/wp-content\/uploads\/2023\/03\/puntos-celeste-cuernavaca-19.jpg 1600w\" sizes=\"(max-width: 1024px) 100vw, 1024px\" \/><\/figure>\n<\/figure>\n","protected":false},"excerpt":{"rendered":"<p>\u2022 La iniciativa se implementar por la Sindicatura Municipal en un trabajo coordinado con la SEPRAC, el Instituto de la Mujer de Cuernavaca, la sociedad civil organizada y la iniciativa privada \u2022 De inicio 22 establecimientos comerciales tendr\u00e1n distintivos para ser identificados por mujeres que podr\u00e1n refugiarse y recibir ayuda en casos donde se sienta [&hellip;]<\/p>\n","protected":false},"author":1,"featured_media":26240,"comment_status":"closed","ping_status":"open","sticky":false,"template":"","format":"standard","meta":[],"categories":[280],"tags":[2669,121,120,206,388,202,414,125],"aioseo_notices":[],"_links":{"self":[{"href":"https:\/\/cuernavaca.gob.mx\/index.php?rest_route=\/wp\/v2\/posts\/26229"}],"collection":[{"href":"https:\/\/cuernavaca.gob.mx\/index.php?rest_route=\/wp\/v2\/posts"}],"about":[{"href":"https:\/\/cuernavaca.gob.mx\/index.php?rest_route=\/wp\/v2\/types\/post"}],"author":[{"embeddable":true,"href":"https:\/\/cuernavaca.gob.mx\/index.php?rest_route=\/wp\/v2\/users\/1"}],"replies":[{"embeddable":true,"href":"https:\/\/cuernavaca.gob.mx\/index.php?rest_route=%2Fwp%2Fv2%2Fcomments&post=26229"}],"version-history":[{"count":1,"href":"https:\/\/cuernavaca.gob.mx\/index.php?rest_route=\/wp\/v2\/posts\/26229\/revisions"}],"predecessor-version":[{"id":26249,"href":"https:\/\/cuernavaca.gob.mx\/index.php?rest_route=\/wp\/v2\/posts\/26229\/revisions\/26249"}],"wp:featuredmedia":[{"embeddable":true,"href":"https:\/\/cuernavaca.gob.mx\/index.php?rest_route=\/wp\/v2\/media\/26240"}],"wp:attachment":[{"href":"https:\/\/cuernavaca.gob.mx\/index.php?rest_route=%2Fwp%2Fv2%2Fmedia&parent=26229"}],"wp:term":[{"taxonomy":"category","embeddable":true,"href":"https:\/\/cuernavaca.gob.mx\/index.php?rest_route=%2Fwp%2Fv2%2Fcategories&post=26229"},{"taxonomy":"post_tag","embeddable":true,"href":"https:\/\/cuernavaca.gob.mx\/index.php?rest_route=%2Fwp%2Fv2%2Ftags&post=26229"}],"curies":[{"name":"wp","href":"https:\/\/api.w.org\/{rel}","templated":true}]}}