{"id":26253,"date":"2023-03-14T19:00:00","date_gmt":"2023-03-15T01:00:00","guid":{"rendered":"https:\/\/cuernavaca.gob.mx\/?p=26253"},"modified":"2025-05-06T12:34:50","modified_gmt":"2025-05-06T18:34:50","slug":"f384-14-03-23-comite-de-obras-publicas-de-cuernavaca-autoriza-listado-de-obras-etiquetadas-por-el-congreso-de-morelos","status":"publish","type":"post","link":"https:\/\/cuernavaca.gob.mx\/?p=26253","title":{"rendered":"F384 14\/03\/23 COMIT\u00c9 DE OBRAS P\u00daBLICAS DE CUERNAVACA AUTORIZA LISTADO DE OBRAS ETIQUETADAS POR EL CONGRESO DE MORELOS"},"content":{"rendered":"\n<p>El Comit\u00e9 de Obras P\u00fablicas del Ayuntamiento de Cuernavaca aprob\u00f3 por mayor\u00eda este martes el listado de las 41 obras p\u00fablicas que fueron etiquetadas por el Congreso del Estado de Morelos en el Presupuesto de Egresos del Gobierno del Estado 2023, mediante las cuales se est\u00e1 destinando un monto aproximado de 138 millones de pesos para el desarrollo de la ciudad capital.<\/p>\n\n\n\n<p>En el marco de la primera sesi\u00f3n extraordinaria correspondiente al 2023, autorizaron tambi\u00e9n el razonamiento t\u00e9cnico de cada una de las obras enlistadas, punto donde el secretario de Desarrollo Urbano y Obras P\u00fablicas, Demetrio Chavira de la Torre, inform\u00f3 sobre algunas obras que no son factibles a realizar debido a que el a\u00f1o pasado las realizaron, por falta de certeza jur\u00eddica respecto del predio donde se pretende llevar a cabo o porque el recurso econ\u00f3mico es insuficiente.<\/p>\n\n\n\n<p>Al uso de la palabra, el presidente municipal, Jos\u00e9 Luis Uri\u00f3stegui Salgado, se\u00f1al\u00f3 que, si bien algunas no tienen observaciones, ya que el monto puede ser suficiente para ejecutarlas, en ciertos casos es necesario modificar la denominaci\u00f3n para incluir lo que se tiene que llevar a cabo; sin embargo, todo esto se someter\u00e1 a discusi\u00f3n y aprobaci\u00f3n del Cabildo este jueves 15 de marzo para que se cumpla con el procedimiento y hacer valer al Congreso del Estado de Morelos dichas determinaciones.<\/p>\n\n\n\n<p>La regidora Wendi Salinas Ruiz, el regidor Adri\u00e1n Mart\u00ednez Terrazas y el representante de la regidora Patricia Torres Rosales, hicieron precisiones sobre dicho listado, a favor y en contra, pero coincidiendo en la necesidad de priorizar la transparencia y rendici\u00f3n de cuentas en todo este proceso que implicar\u00e1 aplicar este nuevo Fondo de Infraestructura Regional Municipal creado por el Poder Legislativo.<\/p>\n\n\n\n<p>En esta sesi\u00f3n se tomaron en cuenta los comentarios de la Contralora Municipal Dolores \u00c1lvarez D\u00edaz, en referencia a los procesos de transparencia que se estar\u00e1n aplicando en licitaciones y el ejercicio de recursos p\u00fablicos etiquetados por el Congreso del Estado, as\u00ed como los recursos propios que destine el Ayuntamiento de Cuernavaca para el programa de Obras considerado para el 2023.<\/p>\n\n\n\n<figure class=\"wp-container-2 wp-block-gallery-1 wp-block-gallery has-nested-images columns-default is-cropped\">\n<figure class=\"wp-block-image size-large\"><img loading=\"lazy\" width=\"1024\" height=\"682\" data-id=\"26255\"  src=\"https:\/\/cuernavaca.gob.mx\/wp-content\/uploads\/2023\/03\/comite-obras-cuernavaca-1-1024x682.jpg\" alt=\"\" class=\"wp-image-26255\" srcset=\"https:\/\/cuernavaca.gob.mx\/wp-content\/uploads\/2023\/03\/comite-obras-cuernavaca-1-1024x682.jpg 1024w, https:\/\/cuernavaca.gob.mx\/wp-content\/uploads\/2023\/03\/comite-obras-cuernavaca-1-300x200.jpg 300w, https:\/\/cuernavaca.gob.mx\/wp-content\/uploads\/2023\/03\/comite-obras-cuernavaca-1-768x512.jpg 768w, https:\/\/cuernavaca.gob.mx\/wp-content\/uploads\/2023\/03\/comite-obras-cuernavaca-1-1536x1023.jpg 1536w, https:\/\/cuernavaca.gob.mx\/wp-content\/uploads\/2023\/03\/comite-obras-cuernavaca-1-600x400.jpg 600w, https:\/\/cuernavaca.gob.mx\/wp-content\/uploads\/2023\/03\/comite-obras-cuernavaca-1-560x373.jpg 560w, https:\/\/cuernavaca.gob.mx\/wp-content\/uploads\/2023\/03\/comite-obras-cuernavaca-1.jpg 1600w\" sizes=\"(max-width: 1024px) 100vw, 1024px\" \/><\/figure>\n\n\n\n<figure class=\"wp-block-image size-large\"><img loading=\"lazy\" width=\"1024\" height=\"682\" data-id=\"26254\"  src=\"https:\/\/cuernavaca.gob.mx\/wp-content\/uploads\/2023\/03\/comite-obras-cuernavaca-2-1024x682.jpg\" alt=\"\" class=\"wp-image-26254\" srcset=\"https:\/\/cuernavaca.gob.mx\/wp-content\/uploads\/2023\/03\/comite-obras-cuernavaca-2-1024x682.jpg 1024w, https:\/\/cuernavaca.gob.mx\/wp-content\/uploads\/2023\/03\/comite-obras-cuernavaca-2-300x200.jpg 300w, https:\/\/cuernavaca.gob.mx\/wp-content\/uploads\/2023\/03\/comite-obras-cuernavaca-2-768x512.jpg 768w, https:\/\/cuernavaca.gob.mx\/wp-content\/uploads\/2023\/03\/comite-obras-cuernavaca-2-1536x1023.jpg 1536w, https:\/\/cuernavaca.gob.mx\/wp-content\/uploads\/2023\/03\/comite-obras-cuernavaca-2-600x400.jpg 600w, https:\/\/cuernavaca.gob.mx\/wp-content\/uploads\/2023\/03\/comite-obras-cuernavaca-2-560x373.jpg 560w, https:\/\/cuernavaca.gob.mx\/wp-content\/uploads\/2023\/03\/comite-obras-cuernavaca-2.jpg 1600w\" sizes=\"(max-width: 1024px) 100vw, 1024px\" \/><\/figure>\n\n\n\n<figure class=\"wp-block-image size-large\"><img loading=\"lazy\" width=\"1024\" height=\"682\" data-id=\"26259\"  src=\"https:\/\/cuernavaca.gob.mx\/wp-content\/uploads\/2023\/03\/comite-obras-cuernavaca-3-1024x682.jpg\" alt=\"\" class=\"wp-image-26259\" srcset=\"https:\/\/cuernavaca.gob.mx\/wp-content\/uploads\/2023\/03\/comite-obras-cuernavaca-3-1024x682.jpg 1024w, https:\/\/cuernavaca.gob.mx\/wp-content\/uploads\/2023\/03\/comite-obras-cuernavaca-3-300x200.jpg 300w, https:\/\/cuernavaca.gob.mx\/wp-content\/uploads\/2023\/03\/comite-obras-cuernavaca-3-768x512.jpg 768w, https:\/\/cuernavaca.gob.mx\/wp-content\/uploads\/2023\/03\/comite-obras-cuernavaca-3-1536x1023.jpg 1536w, https:\/\/cuernavaca.gob.mx\/wp-content\/uploads\/2023\/03\/comite-obras-cuernavaca-3-600x400.jpg 600w, https:\/\/cuernavaca.gob.mx\/wp-content\/uploads\/2023\/03\/comite-obras-cuernavaca-3-560x373.jpg 560w, https:\/\/cuernavaca.gob.mx\/wp-content\/uploads\/2023\/03\/comite-obras-cuernavaca-3.jpg 1600w\" sizes=\"(max-width: 1024px) 100vw, 1024px\" \/><\/figure>\n\n\n\n<figure class=\"wp-block-image size-large\"><img loading=\"lazy\" width=\"1024\" height=\"682\" data-id=\"26258\"  src=\"https:\/\/cuernavaca.gob.mx\/wp-content\/uploads\/2023\/03\/comite-obras-cuernavaca-4-1024x682.jpg\" alt=\"\" class=\"wp-image-26258\" srcset=\"https:\/\/cuernavaca.gob.mx\/wp-content\/uploads\/2023\/03\/comite-obras-cuernavaca-4-1024x682.jpg 1024w, https:\/\/cuernavaca.gob.mx\/wp-content\/uploads\/2023\/03\/comite-obras-cuernavaca-4-300x200.jpg 300w, https:\/\/cuernavaca.gob.mx\/wp-content\/uploads\/2023\/03\/comite-obras-cuernavaca-4-768x512.jpg 768w, https:\/\/cuernavaca.gob.mx\/wp-content\/uploads\/2023\/03\/comite-obras-cuernavaca-4-1536x1023.jpg 1536w, https:\/\/cuernavaca.gob.mx\/wp-content\/uploads\/2023\/03\/comite-obras-cuernavaca-4-600x400.jpg 600w, https:\/\/cuernavaca.gob.mx\/wp-content\/uploads\/2023\/03\/comite-obras-cuernavaca-4-560x373.jpg 560w, https:\/\/cuernavaca.gob.mx\/wp-content\/uploads\/2023\/03\/comite-obras-cuernavaca-4.jpg 1600w\" sizes=\"(max-width: 1024px) 100vw, 1024px\" \/><\/figure>\n\n\n\n<figure class=\"wp-block-image size-large\"><img loading=\"lazy\" width=\"1024\" height=\"682\" data-id=\"26257\"  src=\"https:\/\/cuernavaca.gob.mx\/wp-content\/uploads\/2023\/03\/comite-obras-cuernavaca-5-1024x682.jpg\" alt=\"\" class=\"wp-image-26257\" srcset=\"https:\/\/cuernavaca.gob.mx\/wp-content\/uploads\/2023\/03\/comite-obras-cuernavaca-5-1024x682.jpg 1024w, https:\/\/cuernavaca.gob.mx\/wp-content\/uploads\/2023\/03\/comite-obras-cuernavaca-5-300x200.jpg 300w, https:\/\/cuernavaca.gob.mx\/wp-content\/uploads\/2023\/03\/comite-obras-cuernavaca-5-768x512.jpg 768w, https:\/\/cuernavaca.gob.mx\/wp-content\/uploads\/2023\/03\/comite-obras-cuernavaca-5-1536x1023.jpg 1536w, https:\/\/cuernavaca.gob.mx\/wp-content\/uploads\/2023\/03\/comite-obras-cuernavaca-5-600x400.jpg 600w, https:\/\/cuernavaca.gob.mx\/wp-content\/uploads\/2023\/03\/comite-obras-cuernavaca-5-560x373.jpg 560w, https:\/\/cuernavaca.gob.mx\/wp-content\/uploads\/2023\/03\/comite-obras-cuernavaca-5.jpg 1600w\" sizes=\"(max-width: 1024px) 100vw, 1024px\" \/><\/figure>\n\n\n\n<figure class=\"wp-block-image size-large\"><img loading=\"lazy\" width=\"1024\" height=\"682\" data-id=\"26256\"  src=\"https:\/\/cuernavaca.gob.mx\/wp-content\/uploads\/2023\/03\/comite-obras-cuernavaca-6-1024x682.jpg\" alt=\"\" class=\"wp-image-26256\" srcset=\"https:\/\/cuernavaca.gob.mx\/wp-content\/uploads\/2023\/03\/comite-obras-cuernavaca-6-1024x682.jpg 1024w, https:\/\/cuernavaca.gob.mx\/wp-content\/uploads\/2023\/03\/comite-obras-cuernavaca-6-300x200.jpg 300w, https:\/\/cuernavaca.gob.mx\/wp-content\/uploads\/2023\/03\/comite-obras-cuernavaca-6-768x512.jpg 768w, https:\/\/cuernavaca.gob.mx\/wp-content\/uploads\/2023\/03\/comite-obras-cuernavaca-6-1536x1023.jpg 1536w, https:\/\/cuernavaca.gob.mx\/wp-content\/uploads\/2023\/03\/comite-obras-cuernavaca-6-600x400.jpg 600w, https:\/\/cuernavaca.gob.mx\/wp-content\/uploads\/2023\/03\/comite-obras-cuernavaca-6-560x373.jpg 560w, https:\/\/cuernavaca.gob.mx\/wp-content\/uploads\/2023\/03\/comite-obras-cuernavaca-6.jpg 1600w\" sizes=\"(max-width: 1024px) 100vw, 1024px\" \/><\/figure>\n<\/figure>\n","protected":false},"excerpt":{"rendered":"<p>El Comit\u00e9 de Obras P\u00fablicas del Ayuntamiento de Cuernavaca aprob\u00f3 por mayor\u00eda este martes el listado de las 41 obras p\u00fablicas que fueron etiquetadas por el Congreso del Estado de Morelos en el Presupuesto de Egresos del Gobierno del Estado 2023, mediante las cuales se est\u00e1 destinando un monto aproximado de 138 millones de pesos [&hellip;]<\/p>\n","protected":false},"author":1,"featured_media":26257,"comment_status":"closed","ping_status":"open","sticky":false,"template":"","format":"standard","meta":[],"categories":[18],"tags":[2097,2342,121,120,356],"aioseo_notices":[],"_links":{"self":[{"href":"https:\/\/cuernavaca.gob.mx\/index.php?rest_route=\/wp\/v2\/posts\/26253"}],"collection":[{"href":"https:\/\/cuernavaca.gob.mx\/index.php?rest_route=\/wp\/v2\/posts"}],"about":[{"href":"https:\/\/cuernavaca.gob.mx\/index.php?rest_route=\/wp\/v2\/types\/post"}],"author":[{"embeddable":true,"href":"https:\/\/cuernavaca.gob.mx\/index.php?rest_route=\/wp\/v2\/users\/1"}],"replies":[{"embeddable":true,"href":"https:\/\/cuernavaca.gob.mx\/index.php?rest_route=%2Fwp%2Fv2%2Fcomments&post=26253"}],"version-history":[{"count":1,"href":"https:\/\/cuernavaca.gob.mx\/index.php?rest_route=\/wp\/v2\/posts\/26253\/revisions"}],"predecessor-version":[{"id":26260,"href":"https:\/\/cuernavaca.gob.mx\/index.php?rest_route=\/wp\/v2\/posts\/26253\/revisions\/26260"}],"wp:featuredmedia":[{"embeddable":true,"href":"https:\/\/cuernavaca.gob.mx\/index.php?rest_route=\/wp\/v2\/media\/26257"}],"wp:attachment":[{"href":"https:\/\/cuernavaca.gob.mx\/index.php?rest_route=%2Fwp%2Fv2%2Fmedia&parent=26253"}],"wp:term":[{"taxonomy":"category","embeddable":true,"href":"https:\/\/cuernavaca.gob.mx\/index.php?rest_route=%2Fwp%2Fv2%2Fcategories&post=26253"},{"taxonomy":"post_tag","embeddable":true,"href":"https:\/\/cuernavaca.gob.mx\/index.php?rest_route=%2Fwp%2Fv2%2Ftags&post=26253"}],"curies":[{"name":"wp","href":"https:\/\/api.w.org\/{rel}","templated":true}]}}