{"id":26287,"date":"2023-03-15T16:45:00","date_gmt":"2023-03-15T22:45:00","guid":{"rendered":"https:\/\/cuernavaca.gob.mx\/?p=26287"},"modified":"2025-05-06T12:34:49","modified_gmt":"2025-05-06T18:34:49","slug":"f385-15-03-23-instala-cabildo-de-cuernavaca-junta-electoral-municipal-para-la-eleccion-de-la-ayudantia-del-poblado-de-ahuatepec","status":"publish","type":"post","link":"https:\/\/cuernavaca.gob.mx\/?p=26287","title":{"rendered":"F385 15\/03\/23 INSTALA CABILDO DE CUERNAVACA JUNTA ELECTORAL MUNICIPAL PARA LA ELECCI\u00d3N DE LA AYUDANT\u00cdA DEL POBLADO DE AHUATEPEC"},"content":{"rendered":"\n<p>Con el objetivo de cumplir con la ley y respetar el derecho democr\u00e1tico de la ciudadan\u00eda para elegir a sus autoridades auxiliares, este mi\u00e9rcoles integrantes del Cabildo del Ayuntamiento de Cuernavaca aprobaron e instalaron la Junta Electoral Municipal para la Elecci\u00f3n del Ayudante Municipal del poblado de Ahuatepec, con fundamento en lo dispuesto por el art\u00edculo 106 de la Ley Org\u00e1nica Municipal del Estado de Morelos y 9 del Reglamento para la Elecci\u00f3n de las Autoridades Auxiliares Municipales.<\/p>\n\n\n\n<p>En sesi\u00f3n extraordinaria, el secretario del Ayuntamiento, Carlos de la Rosa Segura, explic\u00f3 que si bien la Ley Org\u00e1nica Municipal establece que las y los ayudantes deber\u00e1n ser sometidos a una elecci\u00f3n directa por parte de la poblaci\u00f3n y asumir\u00e1n el cargo el d\u00eda 01 de abril inmediato a la elecci\u00f3n, en el poblado de Ahuatepec por cuesti\u00f3n de recursos que se interpusieron en contra del resultado electoral, el Ayudante Ricardo Moreno Javier asumi\u00f3 el cargo hasta el 06 de agosto del 2020, por lo que en funci\u00f3n a ello, en base al calendario y al reglamento, estaban en la tesitura de nombrar a los integrantes de la Junta para en su momento elaborar y emitir la convocatoria de elecci\u00f3n.<\/p>\n\n\n\n<p>La Junta Electoral est\u00e1 constituida por el presidente municipal de Cuernavaca, Jos\u00e9 Luis Uri\u00f3stegui Salgado; el regidor Jes\u00fas Rosales Puebla, designado por la primera minor\u00eda del Cabildo y un representante del Instituto Morelense de Procesos Electorales y Participaci\u00f3n Ciudadana (IMPEPAC), a quien se le tomar\u00e1 protesta al momento de acudir a la primera sesi\u00f3n de trabajo, toda vez que a la fecha el \u00f3rgano electoral local no ha definido a la persona que participar\u00e1 en la calificaci\u00f3n de los comicios.<\/p>\n\n\n\n<p>En este sentido, el alcalde de Cuernavaca resalt\u00f3 que a pesar de que la normativa les impone la obligaci\u00f3n de realizar el proceso electoral en este mes de marzo, la toma de protesta de quien resulte ganadora o ganador ser\u00e1 hasta el mes de agosto para respetar el periodo en funciones del actual Ayudante Municipal.<\/p>\n\n\n\n<figure class=\"wp-container-2 wp-block-gallery-1 wp-block-gallery has-nested-images columns-default is-cropped\">\n<figure class=\"wp-block-image size-large\"><img loading=\"lazy\" width=\"1024\" height=\"682\" data-id=\"26289\"  src=\"https:\/\/cuernavaca.gob.mx\/wp-content\/uploads\/2023\/03\/eleccion-ayudante-municipal-ahuatepec-cuernavaca-1-1024x682.jpg\" alt=\"\" class=\"wp-image-26289\" srcset=\"https:\/\/cuernavaca.gob.mx\/wp-content\/uploads\/2023\/03\/eleccion-ayudante-municipal-ahuatepec-cuernavaca-1-1024x682.jpg 1024w, https:\/\/cuernavaca.gob.mx\/wp-content\/uploads\/2023\/03\/eleccion-ayudante-municipal-ahuatepec-cuernavaca-1-300x200.jpg 300w, https:\/\/cuernavaca.gob.mx\/wp-content\/uploads\/2023\/03\/eleccion-ayudante-municipal-ahuatepec-cuernavaca-1-768x512.jpg 768w, https:\/\/cuernavaca.gob.mx\/wp-content\/uploads\/2023\/03\/eleccion-ayudante-municipal-ahuatepec-cuernavaca-1-1536x1023.jpg 1536w, https:\/\/cuernavaca.gob.mx\/wp-content\/uploads\/2023\/03\/eleccion-ayudante-municipal-ahuatepec-cuernavaca-1-600x400.jpg 600w, https:\/\/cuernavaca.gob.mx\/wp-content\/uploads\/2023\/03\/eleccion-ayudante-municipal-ahuatepec-cuernavaca-1-560x373.jpg 560w, https:\/\/cuernavaca.gob.mx\/wp-content\/uploads\/2023\/03\/eleccion-ayudante-municipal-ahuatepec-cuernavaca-1.jpg 1600w\" sizes=\"(max-width: 1024px) 100vw, 1024px\" \/><\/figure>\n\n\n\n<figure class=\"wp-block-image size-large\"><img loading=\"lazy\" width=\"1024\" height=\"682\" data-id=\"26290\"  src=\"https:\/\/cuernavaca.gob.mx\/wp-content\/uploads\/2023\/03\/eleccion-ayudante-municipal-ahuatepec-cuernavaca-2-1024x682.jpg\" alt=\"\" class=\"wp-image-26290\" srcset=\"https:\/\/cuernavaca.gob.mx\/wp-content\/uploads\/2023\/03\/eleccion-ayudante-municipal-ahuatepec-cuernavaca-2-1024x682.jpg 1024w, https:\/\/cuernavaca.gob.mx\/wp-content\/uploads\/2023\/03\/eleccion-ayudante-municipal-ahuatepec-cuernavaca-2-300x200.jpg 300w, https:\/\/cuernavaca.gob.mx\/wp-content\/uploads\/2023\/03\/eleccion-ayudante-municipal-ahuatepec-cuernavaca-2-768x512.jpg 768w, https:\/\/cuernavaca.gob.mx\/wp-content\/uploads\/2023\/03\/eleccion-ayudante-municipal-ahuatepec-cuernavaca-2-1536x1023.jpg 1536w, https:\/\/cuernavaca.gob.mx\/wp-content\/uploads\/2023\/03\/eleccion-ayudante-municipal-ahuatepec-cuernavaca-2-600x400.jpg 600w, https:\/\/cuernavaca.gob.mx\/wp-content\/uploads\/2023\/03\/eleccion-ayudante-municipal-ahuatepec-cuernavaca-2-560x373.jpg 560w, https:\/\/cuernavaca.gob.mx\/wp-content\/uploads\/2023\/03\/eleccion-ayudante-municipal-ahuatepec-cuernavaca-2.jpg 1600w\" sizes=\"(max-width: 1024px) 100vw, 1024px\" \/><\/figure>\n\n\n\n<figure class=\"wp-block-image size-large\"><img loading=\"lazy\" width=\"1024\" height=\"682\" data-id=\"26288\"  src=\"https:\/\/cuernavaca.gob.mx\/wp-content\/uploads\/2023\/03\/eleccion-ayudante-municipal-ahuatepec-cuernavaca-3-1024x682.jpg\" alt=\"\" class=\"wp-image-26288\" srcset=\"https:\/\/cuernavaca.gob.mx\/wp-content\/uploads\/2023\/03\/eleccion-ayudante-municipal-ahuatepec-cuernavaca-3-1024x682.jpg 1024w, https:\/\/cuernavaca.gob.mx\/wp-content\/uploads\/2023\/03\/eleccion-ayudante-municipal-ahuatepec-cuernavaca-3-300x200.jpg 300w, https:\/\/cuernavaca.gob.mx\/wp-content\/uploads\/2023\/03\/eleccion-ayudante-municipal-ahuatepec-cuernavaca-3-768x512.jpg 768w, https:\/\/cuernavaca.gob.mx\/wp-content\/uploads\/2023\/03\/eleccion-ayudante-municipal-ahuatepec-cuernavaca-3-600x400.jpg 600w, https:\/\/cuernavaca.gob.mx\/wp-content\/uploads\/2023\/03\/eleccion-ayudante-municipal-ahuatepec-cuernavaca-3-560x373.jpg 560w, https:\/\/cuernavaca.gob.mx\/wp-content\/uploads\/2023\/03\/eleccion-ayudante-municipal-ahuatepec-cuernavaca-3.jpg 1280w\" sizes=\"(max-width: 1024px) 100vw, 1024px\" \/><\/figure>\n\n\n\n<figure class=\"wp-block-image size-large\"><img loading=\"lazy\" width=\"1024\" height=\"682\" data-id=\"26291\"  src=\"https:\/\/cuernavaca.gob.mx\/wp-content\/uploads\/2023\/03\/eleccion-ayudante-municipal-ahuatepec-cuernavaca-4-1024x682.jpg\" alt=\"\" class=\"wp-image-26291\" srcset=\"https:\/\/cuernavaca.gob.mx\/wp-content\/uploads\/2023\/03\/eleccion-ayudante-municipal-ahuatepec-cuernavaca-4-1024x682.jpg 1024w, https:\/\/cuernavaca.gob.mx\/wp-content\/uploads\/2023\/03\/eleccion-ayudante-municipal-ahuatepec-cuernavaca-4-300x200.jpg 300w, https:\/\/cuernavaca.gob.mx\/wp-content\/uploads\/2023\/03\/eleccion-ayudante-municipal-ahuatepec-cuernavaca-4-768x512.jpg 768w, https:\/\/cuernavaca.gob.mx\/wp-content\/uploads\/2023\/03\/eleccion-ayudante-municipal-ahuatepec-cuernavaca-4-1536x1023.jpg 1536w, https:\/\/cuernavaca.gob.mx\/wp-content\/uploads\/2023\/03\/eleccion-ayudante-municipal-ahuatepec-cuernavaca-4-600x400.jpg 600w, https:\/\/cuernavaca.gob.mx\/wp-content\/uploads\/2023\/03\/eleccion-ayudante-municipal-ahuatepec-cuernavaca-4-560x373.jpg 560w, https:\/\/cuernavaca.gob.mx\/wp-content\/uploads\/2023\/03\/eleccion-ayudante-municipal-ahuatepec-cuernavaca-4.jpg 1600w\" sizes=\"(max-width: 1024px) 100vw, 1024px\" \/><\/figure>\n\n\n\n<figure class=\"wp-block-image size-large\"><img loading=\"lazy\" width=\"1024\" height=\"682\" data-id=\"26292\"  src=\"https:\/\/cuernavaca.gob.mx\/wp-content\/uploads\/2023\/03\/eleccion-ayudante-municipal-ahuatepec-cuernavaca-5-1024x682.jpg\" alt=\"\" class=\"wp-image-26292\" srcset=\"https:\/\/cuernavaca.gob.mx\/wp-content\/uploads\/2023\/03\/eleccion-ayudante-municipal-ahuatepec-cuernavaca-5-1024x682.jpg 1024w, https:\/\/cuernavaca.gob.mx\/wp-content\/uploads\/2023\/03\/eleccion-ayudante-municipal-ahuatepec-cuernavaca-5-300x200.jpg 300w, https:\/\/cuernavaca.gob.mx\/wp-content\/uploads\/2023\/03\/eleccion-ayudante-municipal-ahuatepec-cuernavaca-5-768x512.jpg 768w, https:\/\/cuernavaca.gob.mx\/wp-content\/uploads\/2023\/03\/eleccion-ayudante-municipal-ahuatepec-cuernavaca-5-1536x1023.jpg 1536w, https:\/\/cuernavaca.gob.mx\/wp-content\/uploads\/2023\/03\/eleccion-ayudante-municipal-ahuatepec-cuernavaca-5-600x400.jpg 600w, https:\/\/cuernavaca.gob.mx\/wp-content\/uploads\/2023\/03\/eleccion-ayudante-municipal-ahuatepec-cuernavaca-5-560x373.jpg 560w, https:\/\/cuernavaca.gob.mx\/wp-content\/uploads\/2023\/03\/eleccion-ayudante-municipal-ahuatepec-cuernavaca-5.jpg 1600w\" sizes=\"(max-width: 1024px) 100vw, 1024px\" \/><\/figure>\n<\/figure>\n","protected":false},"excerpt":{"rendered":"<p>Con el objetivo de cumplir con la ley y respetar el derecho democr\u00e1tico de la ciudadan\u00eda para elegir a sus autoridades auxiliares, este mi\u00e9rcoles integrantes del Cabildo del Ayuntamiento de Cuernavaca aprobaron e instalaron la Junta Electoral Municipal para la Elecci\u00f3n del Ayudante Municipal del poblado de Ahuatepec, con fundamento en lo dispuesto por el [&hellip;]<\/p>\n","protected":false},"author":1,"featured_media":26290,"comment_status":"closed","ping_status":"open","sticky":false,"template":"","format":"standard","meta":[],"categories":[20],"tags":[158,121,321,120,206],"aioseo_notices":[],"_links":{"self":[{"href":"https:\/\/cuernavaca.gob.mx\/index.php?rest_route=\/wp\/v2\/posts\/26287"}],"collection":[{"href":"https:\/\/cuernavaca.gob.mx\/index.php?rest_route=\/wp\/v2\/posts"}],"about":[{"href":"https:\/\/cuernavaca.gob.mx\/index.php?rest_route=\/wp\/v2\/types\/post"}],"author":[{"embeddable":true,"href":"https:\/\/cuernavaca.gob.mx\/index.php?rest_route=\/wp\/v2\/users\/1"}],"replies":[{"embeddable":true,"href":"https:\/\/cuernavaca.gob.mx\/index.php?rest_route=%2Fwp%2Fv2%2Fcomments&post=26287"}],"version-history":[{"count":1,"href":"https:\/\/cuernavaca.gob.mx\/index.php?rest_route=\/wp\/v2\/posts\/26287\/revisions"}],"predecessor-version":[{"id":26293,"href":"https:\/\/cuernavaca.gob.mx\/index.php?rest_route=\/wp\/v2\/posts\/26287\/revisions\/26293"}],"wp:featuredmedia":[{"embeddable":true,"href":"https:\/\/cuernavaca.gob.mx\/index.php?rest_route=\/wp\/v2\/media\/26290"}],"wp:attachment":[{"href":"https:\/\/cuernavaca.gob.mx\/index.php?rest_route=%2Fwp%2Fv2%2Fmedia&parent=26287"}],"wp:term":[{"taxonomy":"category","embeddable":true,"href":"https:\/\/cuernavaca.gob.mx\/index.php?rest_route=%2Fwp%2Fv2%2Fcategories&post=26287"},{"taxonomy":"post_tag","embeddable":true,"href":"https:\/\/cuernavaca.gob.mx\/index.php?rest_route=%2Fwp%2Fv2%2Ftags&post=26287"}],"curies":[{"name":"wp","href":"https:\/\/api.w.org\/{rel}","templated":true}]}}