{"id":26305,"date":"2023-03-15T13:00:00","date_gmt":"2023-03-15T19:00:00","guid":{"rendered":"https:\/\/cuernavaca.gob.mx\/?p=26305"},"modified":"2025-05-06T12:34:50","modified_gmt":"2025-05-06T18:34:50","slug":"b845-15-03-23-jose-luis-uriostegui-refrenda-trabajo-con-cmic-morelos-para-acompanar-las-obras-publicas-proyectadas-para-cuernavaca","status":"publish","type":"post","link":"https:\/\/cuernavaca.gob.mx\/?p=26305","title":{"rendered":"B845 15\/03\/23 JOS\u00c9 LUIS URI\u00d3STEGUI REFRENDA TRABAJO CON CMIC MORELOS PARA ACOMPA\u00d1AR LAS OBRAS P\u00daBLICAS PROYECTADAS PARA CUERNAVACA"},"content":{"rendered":"\n<p><strong>-El presidente municipal atestigu\u00f3 la toma de protesta del Comit\u00e9 Directivo 2023- 2025 de la C\u00e1mara Mexicana de la Industria de la Construcci\u00f3n (CMIC), delegaci\u00f3n Morelos<\/strong><\/p>\n\n\n\n<p><strong>-Se\u00f1al\u00f3 que para el 2023 la ciudad capital tendr\u00e1 una inversi\u00f3n hist\u00f3rica aproximada de 300 millones de pesos en obras diversas<\/strong><\/p>\n\n\n\n<p>&nbsp;<br>En su calidad de anfitri\u00f3n, el presidente municipal de Cuernavaca, Jos\u00e9 Luis Uri\u00f3stegui Salgado, atestigu\u00f3 este mi\u00e9rcoles la toma de protesta del Comit\u00e9 Directivo 2023- 2025 de la C\u00e1mara Mexicana de la Industria de la Construcci\u00f3n (CMIC), delegaci\u00f3n Morelos, a quienes les refrend\u00f3 la apertura por parte del Ayuntamiento para seguir colaborando en proyectos de infraestructura que mejoren las condiciones de vida de la poblaci\u00f3n, siendo una prioridad coadyuvar con constructores locales en obras que tengan una duraci\u00f3n de vida a largo plazo.<\/p>\n\n\n\n<p>Ante empresarias y empresarios de la construcci\u00f3n de todo el estado, el alcalde de Cuernavaca, quien estuvo acompa\u00f1ado de la regidora presidenta de la Comisi\u00f3n de Desarrollo Urbano, Vivienda y Obras P\u00fablicas, Patricia Torres Rosales y el secretario de Desarrollo Urbano y Obras P\u00fablicas, Demetrio Chavira de la Torre, felicit\u00f3 y deseo \u00e9xito a este nuevo \u00f3rgano directivo que est\u00e1 presidido por el Ingeniero Armando N\u00fa\u00f1ez Iragorri.<\/p>\n\n\n\n<p>Se\u00f1al\u00f3 que para este a\u00f1o Cuernavaca tendr\u00e1 una inversi\u00f3n hist\u00f3rica aproximada de 300 millones de pesos en obra p\u00fablica que seguramente permitir\u00e1n que quienes forman parte de esta CMIC, con reconocimiento a nivel nacional y estatal, tambi\u00e9n participen en los procesos para prestar servicios al municipio en esta materia.<\/p>\n\n\n\n<p>En su mensaje, el nuevo delegado de la CMIC Morelos, Armando N\u00fa\u00f1ez Iragorri, refiri\u00f3 que si bien el sector de la construcci\u00f3n ha experimentado en los \u00faltimos a\u00f1os una severa crisis sin precedentes acentuada por la reciente de pandemia, lo que ha implicado la perdida de empresas y empleos en el sector, es fundamental la participaci\u00f3n en conjunto del gobierno, empresarios y sociedad en general para trabajar en la rehabilitaci\u00f3n de este importante sector generador de bienestar e indicador irrefutable de buena salud econ\u00f3mica en la comunidad y del pa\u00eds.<\/p>\n\n\n\n<p>Tras encabezar la toma de protesta, el presidente nacional de la CMIC, el Ingeniero Francisco J. Solares Alem\u00e1n, indic\u00f3 que el principal objetivo de la CMIC es representar los intereses de las empresas constructoras como un \u00f3rgano de consulta del gobierno en sus tres instancias, federal, estatal y municipal, pero sobre todo ofrecer bienestar a la poblaci\u00f3n a partir de la infraestructura, por lo cual, resalt\u00f3, que para generar un futuro mejor para M\u00e9xico y Morelos es necesario seguir trabajando siempre en conjunto con las autoridades gubernamentales.<\/p>\n\n\n\n<p>En el evento se cont\u00f3 con la asistencia en el pres\u00eddium de la secretaria de Desarrollo Econ\u00f3mico y del Trabajo de Morelos, Ana Cecilia Rodr\u00edguez Gonz\u00e1lez; del general de Brigada Diplomado Estado Mayor, Antonio Ram\u00edrez Escobedo, Comandante de la 24\/a Zona Militar; el presidente del Consejo Consultivo CMIC Morelos, Celso Ram\u00edrez Serrano y el presidente saliente de la Delegaci\u00f3n Morelos CMIC, Jos\u00e9 Ignacio Dom\u00ednguez Ant\u00fanez, a quien le dieron un reconocimiento su trabajo frente a la c\u00e1mara.<\/p>\n\n\n\n<p>Adem\u00e1s, estuvieron presentes presidentes de c\u00e1maras empresariales y comerciales, representantes de la iniciativa privada, de organizaciones civiles, dirigentes sindicales, diputadas y diputados locales y federales, as\u00ed como presidentes municipales.<\/p>\n\n\n\n<figure class=\"wp-container-2 wp-block-gallery-1 wp-block-gallery has-nested-images columns-default is-cropped\">\n<figure class=\"wp-block-image size-large\"><img loading=\"lazy\" width=\"1024\" height=\"682\" data-id=\"26308\"  src=\"https:\/\/cuernavaca.gob.mx\/wp-content\/uploads\/2023\/03\/CMIC-Cuernavaca-1-1024x682.jpg\" alt=\"\" class=\"wp-image-26308\" srcset=\"https:\/\/cuernavaca.gob.mx\/wp-content\/uploads\/2023\/03\/CMIC-Cuernavaca-1-1024x682.jpg 1024w, https:\/\/cuernavaca.gob.mx\/wp-content\/uploads\/2023\/03\/CMIC-Cuernavaca-1-300x200.jpg 300w, https:\/\/cuernavaca.gob.mx\/wp-content\/uploads\/2023\/03\/CMIC-Cuernavaca-1-768x512.jpg 768w, https:\/\/cuernavaca.gob.mx\/wp-content\/uploads\/2023\/03\/CMIC-Cuernavaca-1-600x400.jpg 600w, https:\/\/cuernavaca.gob.mx\/wp-content\/uploads\/2023\/03\/CMIC-Cuernavaca-1-560x373.jpg 560w, https:\/\/cuernavaca.gob.mx\/wp-content\/uploads\/2023\/03\/CMIC-Cuernavaca-1.jpg 1280w\" sizes=\"(max-width: 1024px) 100vw, 1024px\" \/><\/figure>\n\n\n\n<figure class=\"wp-block-image size-large\"><img loading=\"lazy\" width=\"1024\" height=\"682\" data-id=\"26306\"  src=\"https:\/\/cuernavaca.gob.mx\/wp-content\/uploads\/2023\/03\/CMIC-Cuernavaca-2-1024x682.jpg\" alt=\"\" class=\"wp-image-26306\" srcset=\"https:\/\/cuernavaca.gob.mx\/wp-content\/uploads\/2023\/03\/CMIC-Cuernavaca-2-1024x682.jpg 1024w, https:\/\/cuernavaca.gob.mx\/wp-content\/uploads\/2023\/03\/CMIC-Cuernavaca-2-300x200.jpg 300w, https:\/\/cuernavaca.gob.mx\/wp-content\/uploads\/2023\/03\/CMIC-Cuernavaca-2-768x512.jpg 768w, https:\/\/cuernavaca.gob.mx\/wp-content\/uploads\/2023\/03\/CMIC-Cuernavaca-2-600x400.jpg 600w, https:\/\/cuernavaca.gob.mx\/wp-content\/uploads\/2023\/03\/CMIC-Cuernavaca-2-560x373.jpg 560w, https:\/\/cuernavaca.gob.mx\/wp-content\/uploads\/2023\/03\/CMIC-Cuernavaca-2.jpg 1280w\" sizes=\"(max-width: 1024px) 100vw, 1024px\" \/><\/figure>\n\n\n\n<figure class=\"wp-block-image size-large\"><img loading=\"lazy\" width=\"1024\" height=\"682\" data-id=\"26307\"  src=\"https:\/\/cuernavaca.gob.mx\/wp-content\/uploads\/2023\/03\/CMIC-Cuernavaca-3-1024x682.jpg\" alt=\"\" class=\"wp-image-26307\" srcset=\"https:\/\/cuernavaca.gob.mx\/wp-content\/uploads\/2023\/03\/CMIC-Cuernavaca-3-1024x682.jpg 1024w, https:\/\/cuernavaca.gob.mx\/wp-content\/uploads\/2023\/03\/CMIC-Cuernavaca-3-300x200.jpg 300w, https:\/\/cuernavaca.gob.mx\/wp-content\/uploads\/2023\/03\/CMIC-Cuernavaca-3-768x512.jpg 768w, https:\/\/cuernavaca.gob.mx\/wp-content\/uploads\/2023\/03\/CMIC-Cuernavaca-3-600x400.jpg 600w, https:\/\/cuernavaca.gob.mx\/wp-content\/uploads\/2023\/03\/CMIC-Cuernavaca-3-560x373.jpg 560w, https:\/\/cuernavaca.gob.mx\/wp-content\/uploads\/2023\/03\/CMIC-Cuernavaca-3.jpg 1280w\" sizes=\"(max-width: 1024px) 100vw, 1024px\" \/><\/figure>\n\n\n\n<figure class=\"wp-block-image size-large\"><img loading=\"lazy\" width=\"1024\" height=\"678\" data-id=\"26309\"  src=\"https:\/\/cuernavaca.gob.mx\/wp-content\/uploads\/2023\/03\/CMIC-Cuernavaca-4-1024x678.jpg\" alt=\"\" class=\"wp-image-26309\" srcset=\"https:\/\/cuernavaca.gob.mx\/wp-content\/uploads\/2023\/03\/CMIC-Cuernavaca-4-1024x678.jpg 1024w, https:\/\/cuernavaca.gob.mx\/wp-content\/uploads\/2023\/03\/CMIC-Cuernavaca-4-300x199.jpg 300w, https:\/\/cuernavaca.gob.mx\/wp-content\/uploads\/2023\/03\/CMIC-Cuernavaca-4-768x509.jpg 768w, https:\/\/cuernavaca.gob.mx\/wp-content\/uploads\/2023\/03\/CMIC-Cuernavaca-4-600x398.jpg 600w, https:\/\/cuernavaca.gob.mx\/wp-content\/uploads\/2023\/03\/CMIC-Cuernavaca-4-560x371.jpg 560w, https:\/\/cuernavaca.gob.mx\/wp-content\/uploads\/2023\/03\/CMIC-Cuernavaca-4.jpg 1280w\" sizes=\"(max-width: 1024px) 100vw, 1024px\" \/><\/figure>\n\n\n\n<figure class=\"wp-block-image size-large\"><img loading=\"lazy\" width=\"1024\" height=\"682\" data-id=\"26311\"  src=\"https:\/\/cuernavaca.gob.mx\/wp-content\/uploads\/2023\/03\/CMIC-Cuernavaca-5-1024x682.jpg\" alt=\"\" class=\"wp-image-26311\" srcset=\"https:\/\/cuernavaca.gob.mx\/wp-content\/uploads\/2023\/03\/CMIC-Cuernavaca-5-1024x682.jpg 1024w, https:\/\/cuernavaca.gob.mx\/wp-content\/uploads\/2023\/03\/CMIC-Cuernavaca-5-300x200.jpg 300w, https:\/\/cuernavaca.gob.mx\/wp-content\/uploads\/2023\/03\/CMIC-Cuernavaca-5-768x512.jpg 768w, https:\/\/cuernavaca.gob.mx\/wp-content\/uploads\/2023\/03\/CMIC-Cuernavaca-5-600x400.jpg 600w, https:\/\/cuernavaca.gob.mx\/wp-content\/uploads\/2023\/03\/CMIC-Cuernavaca-5-560x373.jpg 560w, https:\/\/cuernavaca.gob.mx\/wp-content\/uploads\/2023\/03\/CMIC-Cuernavaca-5.jpg 1280w\" sizes=\"(max-width: 1024px) 100vw, 1024px\" \/><\/figure>\n\n\n\n<figure class=\"wp-block-image size-large\"><img loading=\"lazy\" width=\"1024\" height=\"682\" data-id=\"26310\"  src=\"https:\/\/cuernavaca.gob.mx\/wp-content\/uploads\/2023\/03\/CMIC-Cuernavaca-6-1024x682.jpg\" alt=\"\" class=\"wp-image-26310\" srcset=\"https:\/\/cuernavaca.gob.mx\/wp-content\/uploads\/2023\/03\/CMIC-Cuernavaca-6-1024x682.jpg 1024w, https:\/\/cuernavaca.gob.mx\/wp-content\/uploads\/2023\/03\/CMIC-Cuernavaca-6-300x200.jpg 300w, https:\/\/cuernavaca.gob.mx\/wp-content\/uploads\/2023\/03\/CMIC-Cuernavaca-6-768x512.jpg 768w, https:\/\/cuernavaca.gob.mx\/wp-content\/uploads\/2023\/03\/CMIC-Cuernavaca-6-600x400.jpg 600w, https:\/\/cuernavaca.gob.mx\/wp-content\/uploads\/2023\/03\/CMIC-Cuernavaca-6-560x373.jpg 560w, https:\/\/cuernavaca.gob.mx\/wp-content\/uploads\/2023\/03\/CMIC-Cuernavaca-6.jpg 1280w\" sizes=\"(max-width: 1024px) 100vw, 1024px\" \/><\/figure>\n<\/figure>\n","protected":false},"excerpt":{"rendered":"<p>-El presidente municipal atestigu\u00f3 la toma de protesta del Comit\u00e9 Directivo 2023- 2025 de la C\u00e1mara Mexicana de la Industria de la Construcci\u00f3n (CMIC), delegaci\u00f3n Morelos -Se\u00f1al\u00f3 que para el 2023 la ciudad capital tendr\u00e1 una inversi\u00f3n hist\u00f3rica aproximada de 300 millones de pesos en obras diversas &nbsp;En su calidad de anfitri\u00f3n, el presidente municipal [&hellip;]<\/p>\n","protected":false},"author":1,"featured_media":26311,"comment_status":"closed","ping_status":"open","sticky":false,"template":"","format":"standard","meta":[],"categories":[20],"tags":[121,489,120,206,356],"aioseo_notices":[],"_links":{"self":[{"href":"https:\/\/cuernavaca.gob.mx\/index.php?rest_route=\/wp\/v2\/posts\/26305"}],"collection":[{"href":"https:\/\/cuernavaca.gob.mx\/index.php?rest_route=\/wp\/v2\/posts"}],"about":[{"href":"https:\/\/cuernavaca.gob.mx\/index.php?rest_route=\/wp\/v2\/types\/post"}],"author":[{"embeddable":true,"href":"https:\/\/cuernavaca.gob.mx\/index.php?rest_route=\/wp\/v2\/users\/1"}],"replies":[{"embeddable":true,"href":"https:\/\/cuernavaca.gob.mx\/index.php?rest_route=%2Fwp%2Fv2%2Fcomments&post=26305"}],"version-history":[{"count":1,"href":"https:\/\/cuernavaca.gob.mx\/index.php?rest_route=\/wp\/v2\/posts\/26305\/revisions"}],"predecessor-version":[{"id":26312,"href":"https:\/\/cuernavaca.gob.mx\/index.php?rest_route=\/wp\/v2\/posts\/26305\/revisions\/26312"}],"wp:featuredmedia":[{"embeddable":true,"href":"https:\/\/cuernavaca.gob.mx\/index.php?rest_route=\/wp\/v2\/media\/26311"}],"wp:attachment":[{"href":"https:\/\/cuernavaca.gob.mx\/index.php?rest_route=%2Fwp%2Fv2%2Fmedia&parent=26305"}],"wp:term":[{"taxonomy":"category","embeddable":true,"href":"https:\/\/cuernavaca.gob.mx\/index.php?rest_route=%2Fwp%2Fv2%2Fcategories&post=26305"},{"taxonomy":"post_tag","embeddable":true,"href":"https:\/\/cuernavaca.gob.mx\/index.php?rest_route=%2Fwp%2Fv2%2Ftags&post=26305"}],"curies":[{"name":"wp","href":"https:\/\/api.w.org\/{rel}","templated":true}]}}